{"id":37436,"date":"2025-09-11T17:26:55","date_gmt":"2025-09-11T21:26:55","guid":{"rendered":"https:\/\/blogdalucianaoliveira.com.br\/blog\/?p=37436"},"modified":"2025-09-11T17:26:55","modified_gmt":"2025-09-11T21:26:55","slug":"stf-faz-historia-e-condena-bolsonaro","status":"publish","type":"post","link":"http:\/\/blogdalucianaoliveira.com.br\/blog\/2025\/09\/11\/stf-faz-historia-e-condena-bolsonaro\/","title":{"rendered":"STF FAZ HIST\u00d3RIA E CONDENA BOLSONARO"},"content":{"rendered":"<p><img data-recalc-dims=\"1\" loading=\"lazy\" decoding=\"async\" data-attachment-id=\"37437\" data-permalink=\"http:\/\/blogdalucianaoliveira.com.br\/blog\/2025\/09\/11\/stf-faz-historia-e-condena-bolsonaro\/img_6965\/\" data-orig-file=\"https:\/\/i0.wp.com\/blogdalucianaoliveira.com.br\/blog\/wp-content\/uploads\/2025\/09\/IMG_6965.webp?fit=500%2C240\" data-orig-size=\"500,240\" data-comments-opened=\"0\" data-image-meta=\"{&quot;aperture&quot;:&quot;0&quot;,&quot;credit&quot;:&quot;&quot;,&quot;camera&quot;:&quot;&quot;,&quot;caption&quot;:&quot;&quot;,&quot;created_timestamp&quot;:&quot;0&quot;,&quot;copyright&quot;:&quot;&quot;,&quot;focal_length&quot;:&quot;0&quot;,&quot;iso&quot;:&quot;0&quot;,&quot;shutter_speed&quot;:&quot;0&quot;,&quot;title&quot;:&quot;&quot;,&quot;orientation&quot;:&quot;0&quot;}\" data-image-title=\"IMG_6965\" data-image-description=\"\" data-image-caption=\"\" data-medium-file=\"https:\/\/i0.wp.com\/blogdalucianaoliveira.com.br\/blog\/wp-content\/uploads\/2025\/09\/IMG_6965.webp?fit=300%2C144\" data-large-file=\"https:\/\/i0.wp.com\/blogdalucianaoliveira.com.br\/blog\/wp-content\/uploads\/2025\/09\/IMG_6965.webp?fit=500%2C240\" class=\"alignnone size-medium wp-image-37437\" src=\"https:\/\/i0.wp.com\/blogdalucianaoliveira.com.br\/blog\/wp-content\/uploads\/2025\/09\/IMG_6965.webp?resize=300%2C144\" alt=\"\" width=\"300\" height=\"144\" srcset=\"https:\/\/i0.wp.com\/blogdalucianaoliveira.com.br\/blog\/wp-content\/uploads\/2025\/09\/IMG_6965.webp?resize=300%2C144 300w, https:\/\/i0.wp.com\/blogdalucianaoliveira.com.br\/blog\/wp-content\/uploads\/2025\/09\/IMG_6965.webp?w=500 500w\" sizes=\"auto, (max-width: 300px) 100vw, 300px\" \/><\/p>\n<h2 class=\"article__lead\">Voto da ministra C\u00e1rmen L\u00facia, do STF, sacramentou o destino de Bolsonaro. Resta estabelecer o tamanho da pena e o voto de Zanin<\/h2>\n<p><!--more--><\/p>\n<p><b>Andr\u00e9 Richter &#8211; Rep\u00f3rter da Ag\u00eancia Brasil &#8211; <\/b>A Primeira Turma do Supremo Tribunal Federal (STF) formou nesta quinta-feira (11) maioria de votos para condenar o ex-presidente Jair Bolsonaro e mais sete aliados na a\u00e7\u00e3o penal da trama golpista.<\/p>\n<p>A maioria foi formada com o voto da ministra C\u00e1rmen L\u00facia. Com o entendimento da ministra, o placar pela condena\u00e7\u00e3o de todos os r\u00e9us est\u00e1 em 3 votos a 1. Falta o \u00faltimo voto, que ser\u00e1 proferido em seguida pelo ministro Cristiano Zanin, presidente do colegiado.<\/p>\n<p>Nas duas sess\u00f5es anteriores, Alexandre de Moraes e Fl\u00e1vio Dino se manifestaram pela condena\u00e7\u00e3o de todos os r\u00e9us. Luiz Fux absolveu Bolsonaro e mais cinco aliados e votou pela condena\u00e7\u00e3o de Mauro Cid e o general Braga Netto pelo crime de aboli\u00e7\u00e3o do Estado Democr\u00e1tico de Direito.<\/p>\n<p>O tempo de pena ainda n\u00e3o foi anunciado e ser\u00e1 definido somente ao final dos votos dos cinco ministros, quando \u00e9 feita a chamada dosimetria. Em caso de condena\u00e7\u00e3o, as penas podem chegar a 30 anos de pris\u00e3o em regime fechado.<\/p>\n<h2>Voto<\/h2>\n<p>Em sua manifesta\u00e7\u00e3o, a ministra disse que o julgamento da trama golpista remete ao passado do Brasil, com rupturas institucionais.<\/p>\n<p>&#8220;O que h\u00e1 de in\u00e9dito nesta a\u00e7\u00e3o penal \u00e9 que nela pulsa o Brasil que me d\u00f3i. A presente a\u00e7\u00e3o penal \u00e9 quase um encontro do Brasil com seu passado, com seu presente e com seu futuro na \u00e1rea das pol\u00edticas p\u00fablicas dos \u00f3rg\u00e3os de Estado&#8221;, afirmou.<\/p>\n<p>C\u00e1rmen L\u00facia tamb\u00e9m destacou que Bolsonaro e os demais r\u00e9us n\u00e3o podem questionar a legitimidade da Lei 14.197\/21, norma que definiu os crimes contra a democracia e que foi usada pela Procuradoria-Geral da Rep\u00fablica (PGR) para basear a acusa\u00e7\u00e3o.<\/p>\n<p>A norma foi sancionada pelo ex-presidente e pelos r\u00e9us Anderson Torres, Braga Netto e Augusto Heleno, ex-integrantes do governo.<\/p>\n<p>\u201cN\u00e3o \u00e9 apenas legitima [a lei], como ainda n\u00e3o se pode dizer que se desconhecia que tentaram atentar contra a democracia. Quatro dos oito r\u00e9us s\u00e3o exatamente os autores, os que t\u00eam a autoria do aut\u00f3grafo&#8221;, disse.<\/p>\n<h2>8 de janeiro<\/h2>\n<p>A ministra tamb\u00e9m disse que os atos golpistas foram fruto de um &#8220;conjunto de acontecimentos&#8221; contra a democracia.<\/p>\n<p>&#8220;O 8 de janeiro de 2023 n\u00e3o foi um acontecimento banal, depois de um almo\u00e7o de domingo, quando as pessoas sa\u00edram a passear&#8221;, completou.<\/p>\n<h2>&#8220;Prova cabal&#8221;<\/h2>\n<p>A ministra afirmou que h\u00e1 &#8220;prova cabal&#8221; da participa\u00e7\u00e3o do ex-presidente Bolsonaro e dos demais acusados em uma &#8220;empreitada criminosa&#8221;.<br \/>\n&#8220;A procuradoria fez prova cabal de que o grupo liderado por Jair Messias Bolsonaro, composto por figuras chave do governo, das For\u00e7as Armadas e de \u00f3rg\u00e3os de intelig\u00eancia, desenvolveu e implementou um plano progressivo e sistem\u00e1tico de ataque \u00e0s institui\u00e7\u00f5es democr\u00e1ticas com a finalidade de prejudicar a altern\u00e2ncia legitima de poder nas elei\u00e7\u00f5es de 2022, minar o exerc\u00edcio dos demais poderes constitu\u00eddos, especialmente o Poder Judici\u00e1rio&#8221;, disse.<\/p>\n","protected":false},"excerpt":{"rendered":"<p>Voto da ministra C\u00e1rmen L\u00facia, do STF, sacramentou o destino de Bolsonaro. Resta estabelecer o tamanho da pena e o voto de Zanin<\/p>\n","protected":false},"author":1,"featured_media":0,"comment_status":"closed","ping_status":"open","sticky":false,"template":"","format":"standard","meta":{"_exactmetrics_skip_tracking":false,"_exactmetrics_sitenote_active":false,"_exactmetrics_sitenote_note":"","_exactmetrics_sitenote_category":0,"jetpack_post_was_ever_published":false,"_jetpack_newsletter_access":"","_jetpack_dont_email_post_to_subs":false,"_jetpack_newsletter_tier_id":0,"_jetpack_memberships_contains_paywalled_content":false,"_jetpack_memberships_contains_paid_content":false,"footnotes":"","jetpack_publicize_message":"","jetpack_publicize_feature_enabled":true,"jetpack_social_post_already_shared":true,"jetpack_social_options":{"image_generator_settings":{"template":"highway","enabled":false},"version":2}},"categories":[1],"tags":[53,909,39,1481],"class_list":["post-37436","post","type-post","status-publish","format-standard","hentry","category-notas","tag-bolsonaro","tag-condenacao","tag-golpe","tag-trama"],"jetpack_publicize_connections":[],"jetpack_sharing_enabled":true,"jetpack_featured_media_url":"","jetpack_shortlink":"https:\/\/wp.me\/p7wKYW-9JO","jetpack-related-posts":[],"_links":{"self":[{"href":"http:\/\/blogdalucianaoliveira.com.br\/blog\/wp-json\/wp\/v2\/posts\/37436","targetHints":{"allow":["GET"]}}],"collection":[{"href":"http:\/\/blogdalucianaoliveira.com.br\/blog\/wp-json\/wp\/v2\/posts"}],"about":[{"href":"http:\/\/blogdalucianaoliveira.com.br\/blog\/wp-json\/wp\/v2\/types\/post"}],"author":[{"embeddable":true,"href":"http:\/\/blogdalucianaoliveira.com.br\/blog\/wp-json\/wp\/v2\/users\/1"}],"replies":[{"embeddable":true,"href":"http:\/\/blogdalucianaoliveira.com.br\/blog\/wp-json\/wp\/v2\/comments?post=37436"}],"version-history":[{"count":1,"href":"http:\/\/blogdalucianaoliveira.com.br\/blog\/wp-json\/wp\/v2\/posts\/37436\/revisions"}],"predecessor-version":[{"id":37438,"href":"http:\/\/blogdalucianaoliveira.com.br\/blog\/wp-json\/wp\/v2\/posts\/37436\/revisions\/37438"}],"wp:attachment":[{"href":"http:\/\/blogdalucianaoliveira.com.br\/blog\/wp-json\/wp\/v2\/media?parent=37436"}],"wp:term":[{"taxonomy":"category","embeddable":true,"href":"http:\/\/blogdalucianaoliveira.com.br\/blog\/wp-json\/wp\/v2\/categories?post=37436"},{"taxonomy":"post_tag","embeddable":true,"href":"http:\/\/blogdalucianaoliveira.com.br\/blog\/wp-json\/wp\/v2\/tags?post=37436"}],"curies":[{"name":"wp","href":"https:\/\/api.w.org\/{rel}","templated":true}]}}