{"id":37439,"date":"2025-09-11T17:41:44","date_gmt":"2025-09-11T21:41:44","guid":{"rendered":"https:\/\/blogdalucianaoliveira.com.br\/blog\/?p=37439"},"modified":"2025-09-11T17:41:44","modified_gmt":"2025-09-11T21:41:44","slug":"stf-condena-bolsonaro-por-trama-golpista-veja-a-repercussao-na-imprensa-internacional","status":"publish","type":"post","link":"http:\/\/blogdalucianaoliveira.com.br\/blog\/2025\/09\/11\/stf-condena-bolsonaro-por-trama-golpista-veja-a-repercussao-na-imprensa-internacional\/","title":{"rendered":"STF condena Bolsonaro por trama golpista; veja a repercuss\u00e3o na imprensa internacional"},"content":{"rendered":"<p><img data-recalc-dims=\"1\" loading=\"lazy\" decoding=\"async\" data-attachment-id=\"37441\" data-permalink=\"http:\/\/blogdalucianaoliveira.com.br\/blog\/2025\/09\/11\/stf-condena-bolsonaro-por-trama-golpista-veja-a-repercussao-na-imprensa-internacional\/img_6966\/\" data-orig-file=\"https:\/\/i0.wp.com\/blogdalucianaoliveira.com.br\/blog\/wp-content\/uploads\/2025\/09\/IMG_6966.jpeg?fit=1080%2C608\" data-orig-size=\"1080,608\" data-comments-opened=\"0\" data-image-meta=\"{&quot;aperture&quot;:&quot;0&quot;,&quot;credit&quot;:&quot;&quot;,&quot;camera&quot;:&quot;&quot;,&quot;caption&quot;:&quot;&quot;,&quot;created_timestamp&quot;:&quot;0&quot;,&quot;copyright&quot;:&quot;&quot;,&quot;focal_length&quot;:&quot;0&quot;,&quot;iso&quot;:&quot;0&quot;,&quot;shutter_speed&quot;:&quot;0&quot;,&quot;title&quot;:&quot;&quot;,&quot;orientation&quot;:&quot;1&quot;}\" data-image-title=\"IMG_6966\" data-image-description=\"\" data-image-caption=\"\" data-medium-file=\"https:\/\/i0.wp.com\/blogdalucianaoliveira.com.br\/blog\/wp-content\/uploads\/2025\/09\/IMG_6966.jpeg?fit=300%2C169\" data-large-file=\"https:\/\/i0.wp.com\/blogdalucianaoliveira.com.br\/blog\/wp-content\/uploads\/2025\/09\/IMG_6966.jpeg?fit=600%2C338\" class=\"alignnone size-medium wp-image-37441\" src=\"https:\/\/i0.wp.com\/blogdalucianaoliveira.com.br\/blog\/wp-content\/uploads\/2025\/09\/IMG_6966.jpeg?resize=300%2C169\" alt=\"\" width=\"300\" height=\"169\" srcset=\"https:\/\/i0.wp.com\/blogdalucianaoliveira.com.br\/blog\/wp-content\/uploads\/2025\/09\/IMG_6966.jpeg?resize=300%2C169 300w, https:\/\/i0.wp.com\/blogdalucianaoliveira.com.br\/blog\/wp-content\/uploads\/2025\/09\/IMG_6966.jpeg?resize=1024%2C576 1024w, https:\/\/i0.wp.com\/blogdalucianaoliveira.com.br\/blog\/wp-content\/uploads\/2025\/09\/IMG_6966.jpeg?resize=768%2C432 768w, https:\/\/i0.wp.com\/blogdalucianaoliveira.com.br\/blog\/wp-content\/uploads\/2025\/09\/IMG_6966.jpeg?resize=533%2C300 533w, https:\/\/i0.wp.com\/blogdalucianaoliveira.com.br\/blog\/wp-content\/uploads\/2025\/09\/IMG_6966.jpeg?w=1080 1080w\" sizes=\"auto, (max-width: 300px) 100vw, 300px\" \/><\/p>\n<h2 class=\"content-head__subtitle\">Corte concluiu vota\u00e7\u00e3o do julgamento do ex-presidente e de outros sete r\u00e9us nesta quinta-feira (11). Jornais internacionais citaram decis\u00e3o hist\u00f3rica e &#8216;queda dram\u00e1tica&#8217; de Bolsonaro.<\/h2>\n<p><!--more-->G1- A Primeira Turma do Supremo Tribunal Federal (<a class=\"\" href=\"https:\/\/g1.globo.com\/tudo-sobre\/supremo-tribunal-federal\/\">STF<\/a>) <a class=\"\" href=\"https:\/\/g1.globo.com\/politica\/noticia\/2025\/09\/11\/primeira-turma-do-stf-forma-maioria-para-condenar-bolsonaro-por-todos-os-crimes-da-trama-golpista.ghtml\">condenou o ex-presidente Jair Bolsonaro (PL) pela trama golpista<\/a>. Os votos dos ministros foram conclu\u00eddos nesta quinta-feira (11).<\/p>\n<div id=\"chunk-ep4vo\">\n<div class=\"mc-column content-text active-extra-styles \" data-block-type=\"unstyled\" data-block-weight=\"33\" data-block-id=\"6\">\n<p class=\" content-text__container \" data-track-category=\"Link no Texto\" data-track-links=\"\">Bolsonaro, que cumpre pris\u00e3o domiciliar, est\u00e1 sendo julgado junto a outros sete r\u00e9us, apontados como os principais integrantes da suposta organiza\u00e7\u00e3o que tentou aplicar o golpe. A senten\u00e7a deve sair at\u00e9 sexta-feira (12).<\/p>\n<\/div>\n<\/div>\n<div id=\"chunk-cufjr\">\n<div class=\"mc-column content-text active-extra-styles \" data-block-type=\"unstyled\" data-block-weight=\"8\" data-block-id=\"7\">\n<p class=\" content-text__container \" data-track-category=\"Link no Texto\" data-track-links=\"\">A condena\u00e7\u00e3o de Bolsonaro repercutiu na imprensa internacional.<\/p>\n<\/div>\n<\/div>\n<div id=\"chunk-6ab7i\">\n<div class=\"mc-column content-text active-extra-styles\" data-block-type=\"raw\" data-block-weight=\"120\" data-block-id=\"8\">\n<p class=\"content-text__container\">\n<ul class=\"content-unordered-list\">\n<li><strong>Reuters: <\/strong>destacou que Bolsonaro \u00e9 o primeiro ex-presidente condenado por atentado \u00e0 democracia.<\/li>\n<li><strong>The Guardian: <\/strong>disse que ele pode pegar d\u00e9cadas de pris\u00e3o por liderar a conspira\u00e7\u00e3o.<\/li>\n<li><strong>Washington Post:<\/strong> afirmou que defesa do ex-presidente vai recorrer.<\/li>\n<li><strong>Wall Street Journal: <\/strong>afirmou que a condena\u00e7\u00e3o deve inflamar a disputa entre Trump e <a class=\"\" href=\"https:\/\/g1.globo.com\/politica\/politico\/lula\/\">Lula<\/a>.<\/li>\n<li><strong>Bloomberg: <\/strong>ressaltou que Bolsonaro acusa o STF de persegui\u00e7\u00e3o pol\u00edtica.<\/li>\n<li><strong>The Economist:<\/strong> lembrou fala do ex-presidente feita em 2022 e disse que o julgamento mostrou que &#8220;ele estava errado&#8221;.<\/li>\n<li><strong>El Pa\u00eds:<\/strong> avaliou que o Brasil deu um passo importante contra a impunidade.<\/li>\n<li><strong>BBC:<\/strong> explicou que o plano golpista culminou nos ataques de 8 de janeiro de 2023.<\/li>\n<li><strong>Clar\u00edn:<\/strong> afirmou que o ex-presidente pode pegar at\u00e9 40 anos de pris\u00e3o.<\/li>\n<\/ul>\n<p>&nbsp;<\/p>\n<\/div>\n<\/div>\n<div id=\"chunk-c08d3\">\n<div class=\"mc-column\" data-block-type=\"ads\" data-block-id=\"9\"><\/div>\n<\/div>\n<div id=\"chunk-14isp\">\n<div class=\"mc-column content-text active-extra-styles \" data-block-type=\"unstyled\" data-block-weight=\"8\" data-block-id=\"10\">\n<p class=\" content-text__container \" data-track-category=\"Link no Texto\" data-track-links=\"\"><strong>Veja a seguir os detalhes da repercuss\u00e3o internacional.<\/strong><\/p>\n<\/div>\n<\/div>\n<div id=\"chunk-caor6\">\n<div class=\"mc-column content-text active-extra-styles\" data-block-type=\"raw\" data-block-weight=\"1\" data-block-id=\"11\">\n<p class=\"content-text__container\">\n<div class=\"content-intertitle\">\n<h2>Reuters<\/h2>\n<\/div>\n<p>&nbsp;<\/p>\n<\/div>\n<\/div>\n<div id=\"chunk-3gmue\">\n<div class=\"row medium-uncollapsed content-media content-photo\" data-block-type=\"backstage-photo\" data-block-id=\"12\">\n<div class=\" mc-column  content-media__container\">\n<div class=\"content-media-container glb-skeleton-box\">\n<figure class=\"content-media-figure\"><img data-recalc-dims=\"1\" decoding=\"async\" class=\"i-amphtml-fill-content i-amphtml-replaced-content\" src=\"https:\/\/i0.wp.com\/s2-g1.glbimg.com\/EvZxc9NAgTczstAi4vAkJfCkANo%3D\/0x0%3A1881x939\/984x0\/smart\/filters%3Astrip_icc%28%29\/i.s3.glbimg.com\/v1\/AUTH_59edd422c0c84a879bd37670ae4f538a\/internal_photos\/bs\/2025\/B\/6\/e4uURgSa2G9AxbahbQrw\/captura-de-tela-2025-09-11-160036.jpg?w=600&#038;ssl=1\" sizes=\"(max-width: 393px) 353px, 100vw\" srcset=\"https:\/\/s2-g1.glbimg.com\/qTKlfgABR1Qn_GU9zO18k62xh6o=\/0x0:1881x939\/1000x0\/smart\/filters:strip_icc()\/i.s3.glbimg.com\/v1\/AUTH_59edd422c0c84a879bd37670ae4f538a\/internal_photos\/bs\/2025\/B\/6\/e4uURgSa2G9AxbahbQrw\/captura-de-tela-2025-09-11-160036.jpg 1000w, https:\/\/s2-g1.glbimg.com\/EvZxc9NAgTczstAi4vAkJfCkANo=\/0x0:1881x939\/984x0\/smart\/filters:strip_icc()\/i.s3.glbimg.com\/v1\/AUTH_59edd422c0c84a879bd37670ae4f538a\/internal_photos\/bs\/2025\/B\/6\/e4uURgSa2G9AxbahbQrw\/captura-de-tela-2025-09-11-160036.jpg 984w, https:\/\/s2-g1.glbimg.com\/dIlyza63AGgE18LoIk_C0fCC-6M=\/0x0:1881x939\/640x0\/smart\/filters:strip_icc()\/i.s3.glbimg.com\/v1\/AUTH_59edd422c0c84a879bd37670ae4f538a\/internal_photos\/bs\/2025\/B\/6\/e4uURgSa2G9AxbahbQrw\/captura-de-tela-2025-09-11-160036.jpg 640w, https:\/\/s2-g1.glbimg.com\/iDrdRVRBoTLjLAwj8ZELiSW1GsU=\/0x0:1881x939\/600x0\/smart\/filters:strip_icc()\/i.s3.glbimg.com\/v1\/AUTH_59edd422c0c84a879bd37670ae4f538a\/internal_photos\/bs\/2025\/B\/6\/e4uURgSa2G9AxbahbQrw\/captura-de-tela-2025-09-11-160036.jpg 600w\" alt=\"Ag\u00eancia Reuters repercute a forma\u00e7\u00e3o de maioria no STF para condena\u00e7\u00e3o de Bolsonaro. \u2014 Foto: Reprodu\u00e7\u00e3o\/Reuters\" \/><\/figure>\n<\/div>\n<p class=\"content-media__description  \">Ag\u00eancia Reuters repercute a forma\u00e7\u00e3o de maioria no STF para condena\u00e7\u00e3o de Bolsonaro. \u2014 Foto: Reprodu\u00e7\u00e3o\/Reuters<\/p>\n<\/div>\n<\/div>\n<\/div>\n<div id=\"chunk-238au\">\n<div class=\"mc-column content-text active-extra-styles \" data-block-type=\"unstyled\" data-block-weight=\"25\" data-block-id=\"13\">\n<div id=\"chunk-238au\">\n<div class=\"mc-column content-text active-extra-styles \" data-block-type=\"unstyled\" data-block-weight=\"25\" data-block-id=\"13\">\n<p class=\" content-text__container \" data-track-category=\"Link no Texto\" data-track-links=\"\">A ag\u00eancia de not\u00edcias Reuters afirmou que Bolsonaro est\u00e1 sendo julgado por planejar um golpe para permanecer no poder ap\u00f3s perder a elei\u00e7\u00e3o de 2022.<\/p>\n<\/div>\n<\/div>\n<div id=\"chunk-8p5f3\">\n<div class=\"mc-column content-text active-extra-styles\" data-block-type=\"raw\" data-block-weight=\"36\" data-block-id=\"14\">\n<p class=\"content-text__container\">\n<blockquote class=\"content-blockquote theme-border-color-primary-before\"><p>&#8220;A decis\u00e3o presumida pela maioria de um painel de cinco ministros do Supremo Tribunal Federal (STF) faz de Bolsonaro o primeiro ex-presidente na hist\u00f3ria do pa\u00eds a ser condenado por atentado \u00e0 democracia&#8221;, diz a reportagem.<\/p><\/blockquote>\n<p>&nbsp;<\/p>\n<\/div>\n<\/div>\n<div id=\"chunk-t4kf\">\n<div class=\"mc-column content-text active-extra-styles \" data-block-type=\"unstyled\" data-block-weight=\"39\" data-block-id=\"15\">\n<p class=\" content-text__container \" data-track-category=\"Link no Texto\" data-track-links=\"\">A ag\u00eancia lembrou que a condena\u00e7\u00e3o n\u00e3o foi un\u00e2nime, j\u00e1 que o ministro Luiz Fux votou pela absolvi\u00e7\u00e3o do ex-presidente. Para a Reuters, esse voto trouxe al\u00edvio entre apoiadores de Bolsonaro e pode abrir caminho para contesta\u00e7\u00f5es da decis\u00e3o.<\/p>\n<div id=\"chunk-dfj5e\">\n<div class=\"mc-column content-text active-extra-styles \" data-block-type=\"unstyled\" data-block-weight=\"30\" data-block-id=\"17\">\n<p class=\" content-text__container \" data-track-category=\"Link no Texto\" data-track-links=\"\">Segundo a Reuters, a condena\u00e7\u00e3o de Bolsonaro se soma a outros casos envolvendo l\u00edderes de extrema direita no mundo, como Marine Le Pen, na Fran\u00e7a, e Rodrigo Duterte, nas Filipinas.<\/p>\n<\/div>\n<\/div>\n<div id=\"chunk-1a5pi\">\n<div class=\"mc-column content-text active-extra-styles\" data-block-type=\"raw\" data-block-weight=\"2\" data-block-id=\"18\">\n<p class=\"content-text__container\">\n<div class=\"content-intertitle\">\n<h2>The Guardian<\/h2>\n<\/div>\n<p>&nbsp;<\/p>\n<\/div>\n<\/div>\n<div id=\"chunk-d14mo\">\n<div class=\"row medium-uncollapsed content-media content-photo\" data-block-type=\"backstage-photo\" data-block-id=\"19\">\n<div class=\" mc-column  content-media__container\">\n<div class=\"content-media-container glb-skeleton-box\">\n<figure class=\"content-media-figure\"><img data-recalc-dims=\"1\" decoding=\"async\" class=\"i-amphtml-fill-content i-amphtml-replaced-content\" src=\"https:\/\/i0.wp.com\/s2-g1.glbimg.com\/WgoGuM0tusrgOOzVFqnUTOCCuqU%3D\/0x0%3A1522x828\/984x0\/smart\/filters%3Astrip_icc%28%29\/i.s3.glbimg.com\/v1\/AUTH_59edd422c0c84a879bd37670ae4f538a\/internal_photos\/bs\/2025\/K\/l\/nuYEAQRdCAaeMtAIycHw\/captura-de-tela-2025-09-11-160721.jpg?w=600&#038;ssl=1\" sizes=\"(max-width: 393px) 353px, 100vw\" srcset=\"https:\/\/s2-g1.glbimg.com\/dYSrBtdxT7CbikP3nfHhJSbjzCY=\/0x0:1522x828\/1000x0\/smart\/filters:strip_icc()\/i.s3.glbimg.com\/v1\/AUTH_59edd422c0c84a879bd37670ae4f538a\/internal_photos\/bs\/2025\/K\/l\/nuYEAQRdCAaeMtAIycHw\/captura-de-tela-2025-09-11-160721.jpg 1000w, https:\/\/s2-g1.glbimg.com\/WgoGuM0tusrgOOzVFqnUTOCCuqU=\/0x0:1522x828\/984x0\/smart\/filters:strip_icc()\/i.s3.glbimg.com\/v1\/AUTH_59edd422c0c84a879bd37670ae4f538a\/internal_photos\/bs\/2025\/K\/l\/nuYEAQRdCAaeMtAIycHw\/captura-de-tela-2025-09-11-160721.jpg 984w, https:\/\/s2-g1.glbimg.com\/5-3RL5FDy0aAB4vs4zbh7GpcFRQ=\/0x0:1522x828\/640x0\/smart\/filters:strip_icc()\/i.s3.glbimg.com\/v1\/AUTH_59edd422c0c84a879bd37670ae4f538a\/internal_photos\/bs\/2025\/K\/l\/nuYEAQRdCAaeMtAIycHw\/captura-de-tela-2025-09-11-160721.jpg 640w, https:\/\/s2-g1.glbimg.com\/bHQPLLp7IXSxvvbfUXb6kELIKXg=\/0x0:1522x828\/600x0\/smart\/filters:strip_icc()\/i.s3.glbimg.com\/v1\/AUTH_59edd422c0c84a879bd37670ae4f538a\/internal_photos\/bs\/2025\/K\/l\/nuYEAQRdCAaeMtAIycHw\/captura-de-tela-2025-09-11-160721.jpg 600w\" alt=\"The Guardian repercute a forma\u00e7\u00e3o de maioria no STF para condena\u00e7\u00e3o de Bolsonaro. \u2014 Foto: Reprodu\u00e7\u00e3o\/ The Guardian\" \/><\/figure>\n<\/div>\n<p class=\"content-media__description  \">The Guardian repercute a forma\u00e7\u00e3o de maioria no STF para condena\u00e7\u00e3o de Bolsonaro. \u2014 Foto: Reprodu\u00e7\u00e3o\/ The Guardian<\/p>\n<\/div>\n<\/div>\n<\/div>\n<div id=\"chunk-do8ld\">\n<div class=\"mc-column content-text active-extra-styles \" data-block-type=\"unstyled\" data-block-weight=\"28\" data-block-id=\"20\">\n<p class=\" content-text__container \" data-track-category=\"Link no Texto\" data-track-links=\"\">O The Guardian afirmou que o placar alcan\u00e7ado no STF deve fazer com que Bolsonaro enfrente uma senten\u00e7a de d\u00e9cadas por &#8220;liderar a conspira\u00e7\u00e3o criminosa&#8221; para um golpe.<\/p>\n<\/div>\n<\/div>\n<div id=\"chunk-7gjm\">\n<div class=\"mc-column content-text active-extra-styles\" data-block-type=\"raw\" data-block-weight=\"37\" data-block-id=\"21\">\n<p class=\"content-text__container\">\n<blockquote class=\"content-blockquote theme-border-color-primary-before\"><p>&#8220;Ao dar seu voto decisivo, Rocha [<a class=\"\" href=\"https:\/\/g1.globo.com\/tudo-sobre\/carmen-lucia\/\">C\u00e1rmen L\u00facia<\/a>] denunciou o que chamou de tentativa de &#8216;semear a semente maligna da antidemocracia&#8217; no Brasil, mas comemorou como as institui\u00e7\u00f5es do pa\u00eds sobreviveram e est\u00e3o reagindo&#8221;, afirma o texto.<\/p><\/blockquote>\n<p>&nbsp;<\/p>\n<\/div>\n<\/div>\n<div id=\"chunk-6pg4d\">\n<div class=\"mc-column content-text active-extra-styles \" data-block-type=\"unstyled\" data-block-weight=\"35\" data-block-id=\"22\">\n<p class=\" content-text__container \" data-track-category=\"Link no Texto\" data-track-links=\"\">O jornal brit\u00e2nico tamb\u00e9m destacou o voto divergente do ministro Luiz Fux, que defendeu a absolvi\u00e7\u00e3o de Bolsonaro ao alegar n\u00e3o haver provas de que o ex-presidente tivesse participado de um compl\u00f4 para um golpe.<\/p>\n<div id=\"chunk-dvdog\">\n<div class=\"mc-column content-text active-extra-styles\" data-block-type=\"raw\" data-block-weight=\"3\" data-block-id=\"24\">\n<div class=\"content-intertitle\">\n<h2>The Washington Post<\/h2>\n<\/div>\n<p>&nbsp;<\/p>\n<\/div>\n<\/div>\n<div id=\"chunk-3vesp\">\n<div class=\"row medium-uncollapsed content-media content-photo\" data-block-type=\"backstage-photo\" data-block-id=\"25\">\n<div class=\" mc-column  content-media__container\">\n<div class=\"content-media-container glb-skeleton-box\">\n<figure class=\"content-media-figure\"><img data-recalc-dims=\"1\" decoding=\"async\" class=\"i-amphtml-fill-content i-amphtml-replaced-content\" src=\"https:\/\/i0.wp.com\/s2-g1.glbimg.com\/ml04KUMxDdR-VwijxltckHl1TPw%3D\/0x0%3A1066x903\/984x0\/smart\/filters%3Astrip_icc%28%29\/i.s3.glbimg.com\/v1\/AUTH_59edd422c0c84a879bd37670ae4f538a\/internal_photos\/bs\/2025\/i\/H\/Qa2XYZS9CEA2w6aBTxqA\/captura-de-tela-2025-09-11-161009.jpg?w=600&#038;ssl=1\" sizes=\"(max-width: 393px) 353px, 100vw\" srcset=\"https:\/\/s2-g1.glbimg.com\/-dLSflTzgJpYwUMSp5SDSZ12WWk=\/0x0:1066x903\/1000x0\/smart\/filters:strip_icc()\/i.s3.glbimg.com\/v1\/AUTH_59edd422c0c84a879bd37670ae4f538a\/internal_photos\/bs\/2025\/i\/H\/Qa2XYZS9CEA2w6aBTxqA\/captura-de-tela-2025-09-11-161009.jpg 1000w, https:\/\/s2-g1.glbimg.com\/ml04KUMxDdR-VwijxltckHl1TPw=\/0x0:1066x903\/984x0\/smart\/filters:strip_icc()\/i.s3.glbimg.com\/v1\/AUTH_59edd422c0c84a879bd37670ae4f538a\/internal_photos\/bs\/2025\/i\/H\/Qa2XYZS9CEA2w6aBTxqA\/captura-de-tela-2025-09-11-161009.jpg 984w, https:\/\/s2-g1.glbimg.com\/cBWvn18czYZRVuME-QQw3KOV52s=\/0x0:1066x903\/640x0\/smart\/filters:strip_icc()\/i.s3.glbimg.com\/v1\/AUTH_59edd422c0c84a879bd37670ae4f538a\/internal_photos\/bs\/2025\/i\/H\/Qa2XYZS9CEA2w6aBTxqA\/captura-de-tela-2025-09-11-161009.jpg 640w, https:\/\/s2-g1.glbimg.com\/hXvqefK-7G_gPGA9bt5uhKBeS48=\/0x0:1066x903\/600x0\/smart\/filters:strip_icc()\/i.s3.glbimg.com\/v1\/AUTH_59edd422c0c84a879bd37670ae4f538a\/internal_photos\/bs\/2025\/i\/H\/Qa2XYZS9CEA2w6aBTxqA\/captura-de-tela-2025-09-11-161009.jpg 600w\" alt=\"The Washignton Post repercute a forma\u00e7\u00e3o de maioria no STF para condena\u00e7\u00e3o de Bolsonaro. \u2014 Foto: Reprodu\u00e7\u00e3o\/The Washington Post\" \/><\/figure>\n<\/div>\n<p class=\"content-media__description  \">The Washignton Post repercute a forma\u00e7\u00e3o de maioria no STF para condena\u00e7\u00e3o de Bolsonaro. \u2014 Foto: Reprodu\u00e7\u00e3o\/The Washington Post<\/p>\n<\/div>\n<\/div>\n<\/div>\n<div id=\"chunk-e9nb9\">\n<div class=\"mc-column content-text active-extra-styles \" data-block-type=\"unstyled\" data-block-weight=\"33\" data-block-id=\"26\">\n<p class=\" content-text__container \" data-track-category=\"Link no Texto\" data-track-links=\"\">O Washington Post disse que parte da socidade brasileira espera que a condena\u00e7\u00e3o de Bolsonaro represente um ponto de virada para o Brasil, que sofreu diversas tentativas de golpe ao longo da hist\u00f3ria.<\/p>\n<\/div>\n<\/div>\n<div id=\"chunk-2oeid\">\n<div class=\"mc-column content-text active-extra-styles \" data-block-type=\"unstyled\" data-block-weight=\"26\" data-block-id=\"27\">\n<p class=\" content-text__container \" data-track-category=\"Link no Texto\" data-track-links=\"\">A reportagem diz ainda que Bolsonaro deve enfrentar uma longa pena de pris\u00e3o, mas que os advogados do ex-presidente j\u00e1 indicaram que devem recorrer da decis\u00e3o.<\/p>\n<\/div>\n<\/div>\n<div id=\"chunk-35esh\">\n<div class=\"mc-column content-text active-extra-styles\" data-block-type=\"raw\" data-block-weight=\"30\" data-block-id=\"28\">\n<p class=\"content-text__container\">\n<blockquote class=\"content-blockquote theme-border-color-primary-before\"><p>&#8220;Seu advogado afirmou que n\u00e3o havia provas concretas que o ligassem ao compl\u00f4 para reverter a derrota presidencial mais apertada em quatro d\u00e9cadas de democracia no Brasil&#8221;, diz o texto.<\/p><\/blockquote>\n<p>&nbsp;<\/p>\n<\/div>\n<\/div>\n<div id=\"chunk-6u6p8\">\n<div class=\"mc-column content-text active-extra-styles\" data-block-type=\"raw\" data-block-weight=\"3\" data-block-id=\"29\">\n<p class=\"content-text__container\">\n<div class=\"content-intertitle\">\n<h2>Wall Street Journal<\/h2>\n<\/div>\n<p>&nbsp;<\/p>\n<\/div>\n<\/div>\n<div id=\"chunk-8kjd3\">\n<div class=\"row medium-uncollapsed content-media content-photo\" data-block-type=\"backstage-photo\" data-block-id=\"30\">\n<div class=\" mc-column  content-media__container\">\n<div class=\"content-media-container glb-skeleton-box\">\n<figure class=\"content-media-figure\"><img data-recalc-dims=\"1\" decoding=\"async\" class=\"i-amphtml-fill-content i-amphtml-replaced-content\" src=\"https:\/\/i0.wp.com\/s2-g1.glbimg.com\/KnGhTipXCrjRm2yb_SpCcEBBDuk%3D\/0x0%3A1170x861\/984x0\/smart\/filters%3Astrip_icc%28%29\/i.s3.glbimg.com\/v1\/AUTH_59edd422c0c84a879bd37670ae4f538a\/internal_photos\/bs\/2025\/g\/G\/njzgZKQCO6Fvt1eLmn4Q\/captura-de-tela-2025-09-11-162830.jpg?w=600&#038;ssl=1\" sizes=\"(max-width: 393px) 353px, 100vw\" srcset=\"https:\/\/s2-g1.glbimg.com\/hlDwNdnO8aJHEZNvmIvYhIBccdg=\/0x0:1170x861\/1000x0\/smart\/filters:strip_icc()\/i.s3.glbimg.com\/v1\/AUTH_59edd422c0c84a879bd37670ae4f538a\/internal_photos\/bs\/2025\/g\/G\/njzgZKQCO6Fvt1eLmn4Q\/captura-de-tela-2025-09-11-162830.jpg 1000w, https:\/\/s2-g1.glbimg.com\/KnGhTipXCrjRm2yb_SpCcEBBDuk=\/0x0:1170x861\/984x0\/smart\/filters:strip_icc()\/i.s3.glbimg.com\/v1\/AUTH_59edd422c0c84a879bd37670ae4f538a\/internal_photos\/bs\/2025\/g\/G\/njzgZKQCO6Fvt1eLmn4Q\/captura-de-tela-2025-09-11-162830.jpg 984w, https:\/\/s2-g1.glbimg.com\/zaS4KYRZUVgIC1970UR0dM9SwKE=\/0x0:1170x861\/640x0\/smart\/filters:strip_icc()\/i.s3.glbimg.com\/v1\/AUTH_59edd422c0c84a879bd37670ae4f538a\/internal_photos\/bs\/2025\/g\/G\/njzgZKQCO6Fvt1eLmn4Q\/captura-de-tela-2025-09-11-162830.jpg 640w, https:\/\/s2-g1.glbimg.com\/Y6FMJrVRXLcxtZIW58FJWQGSJ28=\/0x0:1170x861\/600x0\/smart\/filters:strip_icc()\/i.s3.glbimg.com\/v1\/AUTH_59edd422c0c84a879bd37670ae4f538a\/internal_photos\/bs\/2025\/g\/G\/njzgZKQCO6Fvt1eLmn4Q\/captura-de-tela-2025-09-11-162830.jpg 600w\" alt=\"The Wall Street Jornal repercute a forma\u00e7\u00e3o de maioria no STF para condena\u00e7\u00e3o de Bolsonaro. \u2014 Foto: Reprodu\u00e7\u00e3o\/ The Wall Street Jornal\" \/><\/figure>\n<\/div>\n<p class=\"content-media__description  \">The Wall Street Jornal repercute a forma\u00e7\u00e3o de maioria no STF para condena\u00e7\u00e3o de Bolsonaro. \u2014 Foto: Reprodu\u00e7\u00e3o\/ The Wall Street Jornal<\/p>\n<\/div>\n<div id=\"chunk-7e91p\">\n<div class=\"mc-column content-text active-extra-styles \" data-block-type=\"unstyled\" data-block-weight=\"24\" data-block-id=\"32\">\n<p class=\" content-text__container \" data-track-category=\"Link no Texto\" data-track-links=\"\">O Wall Street Journal disse que a condena\u00e7\u00e3o de Bolsonaro deve inflamar a &#8220;disputa&#8221; entre o presidente dos Estados Unidos, <a class=\"\" href=\"https:\/\/g1.globo.com\/tudo-sobre\/donald-trump\/\">Donald Trump<\/a>, e Lula.<\/p>\n<\/div>\n<\/div>\n<div id=\"chunk-4llac\">\n<div class=\"mc-column content-text active-extra-styles \" data-block-type=\"unstyled\" data-block-weight=\"42\" data-block-id=\"33\">\n<p class=\" content-text__container \" data-track-category=\"Link no Texto\" data-track-links=\"\">&#8220;Mandar Bolsonaro, de 70 anos, para a pris\u00e3o seria um desafio aos esfor\u00e7os de Trump para sabotar um caso que eletrizou o maior pa\u00eds da Am\u00e9rica Latina e colocou o Brasil no centro da guerra comercial do governo americano&#8221;, diz o jornal.<\/p>\n<\/div>\n<\/div>\n<div id=\"chunk-13kj2\">\n<div class=\"mc-column content-text active-extra-styles\" data-block-type=\"raw\" data-block-weight=\"36\" data-block-id=\"34\">\n<p class=\"content-text__container\">\n<blockquote class=\"content-blockquote theme-border-color-primary-before\"><p>&#8220;O julgamento sela a queda dram\u00e1tica de Bolsonaro e seus aliados de direita, que chegaram \u00e0 vit\u00f3ria em 2018 prometendo impor a lei e a ordem em um pa\u00eds assolado pela corrup\u00e7\u00e3o, crime e caos pol\u00edtico.&#8221;<\/p><\/blockquote>\n<p>&nbsp;<\/p>\n<\/div>\n<\/div>\n<div id=\"chunk-d5c00\">\n<div class=\"mc-column content-text active-extra-styles \" data-block-type=\"unstyled\" data-block-weight=\"41\" data-block-id=\"35\">\n<p class=\" content-text__container \" data-track-category=\"Link no Texto\" data-track-links=\"\">A reportagem relembrou que Trump aplicou tarifas de 50% contra o Brasil por causa do que classificou como &#8220;ca\u00e7a \u00e0s bruxas&#8221; contra Bolsonaro. O jornal americano diz ainda que o governo brasileiro se prepara para uma rea\u00e7\u00e3o negativa da Casa Branca.<\/p>\n<\/div>\n<\/div>\n<div id=\"chunk-80k8b\">\n<div class=\"mc-column content-text active-extra-styles\" data-block-type=\"raw\" data-block-weight=\"1\" data-block-id=\"36\">\n<p class=\"content-text__container\">\n<div class=\"content-intertitle\">\n<h2>Bloomberg<\/h2>\n<\/div>\n<p>&nbsp;<\/p>\n<\/div>\n<\/div>\n<div id=\"chunk-9ueaj\">\n<div class=\"row medium-uncollapsed content-media content-photo\" data-block-type=\"backstage-photo\" data-block-id=\"37\">\n<div class=\" mc-column  content-media__container\">\n<div class=\"content-media-container glb-skeleton-box\">\n<figure class=\"content-media-figure\"><img data-recalc-dims=\"1\" decoding=\"async\" class=\"i-amphtml-fill-content i-amphtml-replaced-content\" src=\"https:\/\/i0.wp.com\/s2-g1.glbimg.com\/8H-eSB1B555ZYxKcH5OIoB6CKJM%3D\/0x0%3A1153x885\/984x0\/smart\/filters%3Astrip_icc%28%29\/i.s3.glbimg.com\/v1\/AUTH_59edd422c0c84a879bd37670ae4f538a\/internal_photos\/bs\/2025\/o\/5\/iAis2NTBiwBHAALb227A\/captura-de-tela-2025-09-11-161439.jpg?w=600&#038;ssl=1\" sizes=\"(max-width: 393px) 353px, 100vw\" srcset=\"https:\/\/s2-g1.glbimg.com\/W4PLD-iOXGnU5usWHpr9Sggt5GE=\/0x0:1153x885\/1000x0\/smart\/filters:strip_icc()\/i.s3.glbimg.com\/v1\/AUTH_59edd422c0c84a879bd37670ae4f538a\/internal_photos\/bs\/2025\/o\/5\/iAis2NTBiwBHAALb227A\/captura-de-tela-2025-09-11-161439.jpg 1000w, https:\/\/s2-g1.glbimg.com\/8H-eSB1B555ZYxKcH5OIoB6CKJM=\/0x0:1153x885\/984x0\/smart\/filters:strip_icc()\/i.s3.glbimg.com\/v1\/AUTH_59edd422c0c84a879bd37670ae4f538a\/internal_photos\/bs\/2025\/o\/5\/iAis2NTBiwBHAALb227A\/captura-de-tela-2025-09-11-161439.jpg 984w, https:\/\/s2-g1.glbimg.com\/tyZ60tbN44NEtAChQYeTO_qeerw=\/0x0:1153x885\/640x0\/smart\/filters:strip_icc()\/i.s3.glbimg.com\/v1\/AUTH_59edd422c0c84a879bd37670ae4f538a\/internal_photos\/bs\/2025\/o\/5\/iAis2NTBiwBHAALb227A\/captura-de-tela-2025-09-11-161439.jpg 640w, https:\/\/s2-g1.glbimg.com\/uCZZTQF7UXbpAA1gm27w64DtK0A=\/0x0:1153x885\/600x0\/smart\/filters:strip_icc()\/i.s3.glbimg.com\/v1\/AUTH_59edd422c0c84a879bd37670ae4f538a\/internal_photos\/bs\/2025\/o\/5\/iAis2NTBiwBHAALb227A\/captura-de-tela-2025-09-11-161439.jpg 600w\" alt=\"Bloomberg repercute a forma\u00e7\u00e3o de maioria no STF para condena\u00e7\u00e3o de Bolsonaro. \u2014 Foto: Reprodu\u00e7\u00e3o\/ Bloomberg\" \/><\/figure>\n<\/div>\n<p class=\"content-media__description  \">Bloomberg repercute a forma\u00e7\u00e3o de maioria no STF para condena\u00e7\u00e3o de Bolsonaro. \u2014 Foto: Reprodu\u00e7\u00e3o\/ Bloomberg<\/p>\n<\/div>\n<\/div>\n<\/div>\n<div id=\"chunk-83l9s\">\n<div class=\"mc-column\" data-block-type=\"ads\" data-block-id=\"38\">\n<div class=\"content-ads content-ads--regular content-ads--smart-size\">\n<div id=\"banner_materia__b2eee7a1-da09-43ff-af30-785d390089cf\" class=\"tag-manager-publicidade-container tag-manager-publicidade-banner_materia__b2eee7a1-da09-43ff-af30-785d390089cf tag-manager-publicidade-container--carregado tag-manager-publicidade-container--visivel\" data-google-query-id=\"CJqNlpfU0Y8DFepauAQdF_0Mrg\">\n<div id=\"chunk-bdo66\">\n<div class=\"mc-column content-text active-extra-styles \" data-block-type=\"unstyled\" data-block-weight=\"32\" data-block-id=\"39\">\n<p class=\" content-text__container \" data-track-category=\"Link no Texto\" data-track-links=\"\">A ag\u00eancia Bloomberg destacou que Bolsonaro se tornou o primeiro ex-presidente brasileiro a ser condenado por uma tentativa de golpe. A reportagem afirma que Bolsonaro vem acusando o STF de persegui\u00e7\u00e3o pol\u00edtica.<\/p>\n<\/div>\n<\/div>\n<div id=\"chunk-4pp8u\">\n<div class=\"mc-column content-text active-extra-styles\" data-block-type=\"raw\" data-block-weight=\"32\" data-block-id=\"40\">\n<p class=\"content-text__container\">\n<blockquote class=\"content-blockquote theme-border-color-primary-before\"><p>&#8220;Ao final do julgamento, a defesa de Bolsonaro poder\u00e1 apresentar embargos de declara\u00e7\u00e3o \u00e0 mesma turma, caso considere que a decis\u00e3o cont\u00e9m omiss\u00f5es, contradi\u00e7\u00f5es, ambiguidades ou erros de grafia&#8221;, diz a reportagem.<\/p><\/blockquote>\n<p>&nbsp;<\/p>\n<\/div>\n<\/div>\n<div id=\"chunk-egab\">\n<div class=\"mc-column content-text active-extra-styles \" data-block-type=\"unstyled\" data-block-weight=\"43\" data-block-id=\"41\">\n<p class=\" content-text__container \" data-track-category=\"Link no Texto\" data-track-links=\"\">A Bloomberg tamb\u00e9m citou um projeto de lei de anistia &#8220;que proteja Bolsonaro&#8221; que pode entrar na pauta do Congresso Nacional. No entanto, a ag\u00eancia lembra que, apesar de a C\u00e2mara ter sinalizado disposi\u00e7\u00e3o em votar a proposta, o Senado demonstrou pouco apoio.<\/p>\n<\/div>\n<\/div>\n<div id=\"chunk-d4pm3\">\n<div class=\"mc-column content-text active-extra-styles\" data-block-type=\"raw\" data-block-weight=\"2\" data-block-id=\"42\">\n<p class=\"content-text__container\">\n<div class=\"content-intertitle\">\n<h2>The Economist<\/h2>\n<\/div>\n<p>&nbsp;<\/p>\n<\/div>\n<\/div>\n<div id=\"chunk-bk32h\">\n<div class=\"row medium-uncollapsed content-media content-photo\" data-block-type=\"backstage-photo\" data-block-id=\"43\">\n<div class=\" mc-column  content-media__container\">\n<div class=\"content-media-container glb-skeleton-box\">\n<figure class=\"content-media-figure\"><img data-recalc-dims=\"1\" decoding=\"async\" class=\"i-amphtml-fill-content i-amphtml-replaced-content\" src=\"https:\/\/i0.wp.com\/s2-g1.glbimg.com\/6OUTqyOpKk8ZfRzT5WN-YhKsqdM%3D\/0x0%3A1342x872\/984x0\/smart\/filters%3Astrip_icc%28%29\/i.s3.glbimg.com\/v1\/AUTH_59edd422c0c84a879bd37670ae4f538a\/internal_photos\/bs\/2025\/A\/0\/qDbAXdTqienra3yiAjWw\/captura-de-tela-2025-09-11-163236.jpg?w=600&#038;ssl=1\" sizes=\"(max-width: 393px) 353px, 100vw\" srcset=\"https:\/\/s2-g1.glbimg.com\/ldVGAqi5gJ2s5Clg3FuEWVcqKXo=\/0x0:1342x872\/1000x0\/smart\/filters:strip_icc()\/i.s3.glbimg.com\/v1\/AUTH_59edd422c0c84a879bd37670ae4f538a\/internal_photos\/bs\/2025\/A\/0\/qDbAXdTqienra3yiAjWw\/captura-de-tela-2025-09-11-163236.jpg 1000w, https:\/\/s2-g1.glbimg.com\/6OUTqyOpKk8ZfRzT5WN-YhKsqdM=\/0x0:1342x872\/984x0\/smart\/filters:strip_icc()\/i.s3.glbimg.com\/v1\/AUTH_59edd422c0c84a879bd37670ae4f538a\/internal_photos\/bs\/2025\/A\/0\/qDbAXdTqienra3yiAjWw\/captura-de-tela-2025-09-11-163236.jpg 984w, https:\/\/s2-g1.glbimg.com\/q9lyk12FGFmhiaAUGNy80XLXMnM=\/0x0:1342x872\/640x0\/smart\/filters:strip_icc()\/i.s3.glbimg.com\/v1\/AUTH_59edd422c0c84a879bd37670ae4f538a\/internal_photos\/bs\/2025\/A\/0\/qDbAXdTqienra3yiAjWw\/captura-de-tela-2025-09-11-163236.jpg 640w, https:\/\/s2-g1.glbimg.com\/2ZhuCXRl4oTlou2foY6_JOrezBA=\/0x0:1342x872\/600x0\/smart\/filters:strip_icc()\/i.s3.glbimg.com\/v1\/AUTH_59edd422c0c84a879bd37670ae4f538a\/internal_photos\/bs\/2025\/A\/0\/qDbAXdTqienra3yiAjWw\/captura-de-tela-2025-09-11-163236.jpg 600w\" alt=\"The Economist repercute a forma\u00e7\u00e3o de maioria no STF para condena\u00e7\u00e3o de Bolsonaro. \u2014 Foto: Reprodu\u00e7\u00e3o\/ The Economist\" \/><\/figure>\n<\/div>\n<p class=\"content-media__description  \">The Economist repercute a forma\u00e7\u00e3o de maioria no STF para condena\u00e7\u00e3o de Bolsonaro. \u2014 Foto: Reprodu\u00e7\u00e3o\/ The Economist<\/p>\n<\/div>\n<\/div>\n<\/div>\n<div id=\"chunk-5pctq\">\n<div class=\"mc-column\" data-block-type=\"ads\" data-block-id=\"44\">\n<div class=\"content-ads content-ads--regular content-ads--smart-size\">\n<div id=\"banner_materia__1e23217a-59dc-46d4-9242-62e0afcb022b\" class=\"tag-manager-publicidade-container tag-manager-publicidade-banner_materia__1e23217a-59dc-46d4-9242-62e0afcb022b tag-manager-publicidade-container--carregado tag-manager-publicidade-container--visivel\" data-google-query-id=\"CJDJyqrU0Y8DFYg4uQYdni0Zrg\">\n<div id=\"chunk-d0pql\">\n<div class=\"mc-column content-text active-extra-styles \" data-block-type=\"unstyled\" data-block-weight=\"37\" data-block-id=\"45\">\n<p class=\" content-text__container \" data-track-category=\"Link no Texto\" data-track-links=\"\">A reportagem do The Economist abre relembrando uma fala de Bolsonaro de 2022, na qual ele afirmou que n\u00e3o seria preso se perdesse as elei\u00e7\u00f5es. Segundo o jornal, o julgamento no STF mostrou que &#8220;ele estava errado&#8221;.<\/p>\n<\/div>\n<\/div>\n<div id=\"chunk-114in\">\n<div class=\"mc-column content-text active-extra-styles \" data-block-type=\"unstyled\" data-block-weight=\"40\" data-block-id=\"46\">\n<p class=\" content-text__container \" data-track-category=\"Link no Texto\" data-track-links=\"\">&#8220;Em 11 de setembro, o Supremo Tribunal Federal (STF) votou pela condena\u00e7\u00e3o de Bolsonaro por cometer um golpe de Estado. O pol\u00edtico de extrema direita deve ser sentenciado em 12 de setembro, juntamente com v\u00e1rios ex-ministros e oficiais militares&#8221;, afirma.<\/p>\n<\/div>\n<\/div>\n<div id=\"chunk-4dbhu\">\n<div class=\"mc-column content-text active-extra-styles\" data-block-type=\"raw\" data-block-weight=\"32\" data-block-id=\"47\">\n<p class=\"content-text__container\">\n<blockquote class=\"content-blockquote theme-border-color-primary-before\"><p>&#8220;A condena\u00e7\u00e3o \u00e9 hist\u00f3rica. O Brasil sofreu in\u00fameros golpes desde sua independ\u00eancia em 1822. O mais recente inaugurou uma ditadura militar que governou de 1964 a 1985 e matou centenas de pessoas.&#8221;<\/p><\/blockquote>\n<p>&nbsp;<\/p>\n<\/div>\n<\/div>\n<div id=\"chunk-bc8eg\">\n<div class=\"mc-column content-text active-extra-styles\" data-block-type=\"raw\" data-block-weight=\"2\" data-block-id=\"48\">\n<p class=\"content-text__container\">\n<div class=\"content-intertitle\">\n<h2>El Pa\u00eds<\/h2>\n<\/div>\n<p>&nbsp;<\/p>\n<\/div>\n<\/div>\n<div id=\"chunk-b361q\">\n<div class=\"row medium-uncollapsed content-media content-photo\" data-block-type=\"backstage-photo\" data-block-id=\"49\">\n<div class=\" mc-column  content-media__container\">\n<div class=\"content-media-container glb-skeleton-box\">\n<figure class=\"content-media-figure\"><img data-recalc-dims=\"1\" decoding=\"async\" class=\"i-amphtml-fill-content i-amphtml-replaced-content\" src=\"https:\/\/i0.wp.com\/s2-g1.glbimg.com\/7t_TbYc1XdG6ONMUinVJjDAnXgM%3D\/0x0%3A1040x666\/984x0\/smart\/filters%3Astrip_icc%28%29\/i.s3.glbimg.com\/v1\/AUTH_59edd422c0c84a879bd37670ae4f538a\/internal_photos\/bs\/2025\/H\/k\/qrYgi0R16qBCcpgBJXuw\/captura-de-tela-2025-09-11-161725.jpg?w=600&#038;ssl=1\" sizes=\"(max-width: 393px) 353px, 100vw\" srcset=\"https:\/\/s2-g1.glbimg.com\/RrUcZu5X1Fin1fpRbHg90PdN8JY=\/0x0:1040x666\/1000x0\/smart\/filters:strip_icc()\/i.s3.glbimg.com\/v1\/AUTH_59edd422c0c84a879bd37670ae4f538a\/internal_photos\/bs\/2025\/H\/k\/qrYgi0R16qBCcpgBJXuw\/captura-de-tela-2025-09-11-161725.jpg 1000w, https:\/\/s2-g1.glbimg.com\/7t_TbYc1XdG6ONMUinVJjDAnXgM=\/0x0:1040x666\/984x0\/smart\/filters:strip_icc()\/i.s3.glbimg.com\/v1\/AUTH_59edd422c0c84a879bd37670ae4f538a\/internal_photos\/bs\/2025\/H\/k\/qrYgi0R16qBCcpgBJXuw\/captura-de-tela-2025-09-11-161725.jpg 984w, https:\/\/s2-g1.glbimg.com\/Xh2Vw22OKFG74aX8KDvOYJ7yIjE=\/0x0:1040x666\/640x0\/smart\/filters:strip_icc()\/i.s3.glbimg.com\/v1\/AUTH_59edd422c0c84a879bd37670ae4f538a\/internal_photos\/bs\/2025\/H\/k\/qrYgi0R16qBCcpgBJXuw\/captura-de-tela-2025-09-11-161725.jpg 640w, https:\/\/s2-g1.glbimg.com\/z-H09MFpHUshJr10MS8kwXOazig=\/0x0:1040x666\/600x0\/smart\/filters:strip_icc()\/i.s3.glbimg.com\/v1\/AUTH_59edd422c0c84a879bd37670ae4f538a\/internal_photos\/bs\/2025\/H\/k\/qrYgi0R16qBCcpgBJXuw\/captura-de-tela-2025-09-11-161725.jpg 600w\" alt=\"El Pa\u00eds repercute a forma\u00e7\u00e3o de maioria no STF para condena\u00e7\u00e3o de Bolsonaro. \u2014 Foto: Reprodu\u00e7\u00e3o\/ El Pa\u00eds\" \/><\/figure>\n<\/div>\n<p class=\"content-media__description  \">El Pa\u00eds repercute a forma\u00e7\u00e3o de maioria no STF para condena\u00e7\u00e3o de Bolsonaro. \u2014 Foto: Reprodu\u00e7\u00e3o\/ El Pa\u00eds<\/p>\n<div id=\"chunk-erv6j\">\n<div class=\"mc-column content-text active-extra-styles \" data-block-type=\"unstyled\" data-block-weight=\"35\" data-block-id=\"51\">\n<p class=\" content-text__container \" data-track-category=\"Link no Texto\" data-track-links=\"\">O El Pa\u00eds disse que o Brasil deu &#8220;um passo importante contra a impunidade&#8221; ao condenar o ex-presidente Bolsonaro por tentativa de golpe de Estado. A reportagem tamb\u00e9m citou a press\u00e3o internacional sobre a corte.<\/p>\n<\/div>\n<\/div>\n<div id=\"chunk-8h15p\">\n<div class=\"mc-column content-text active-extra-styles\" data-block-type=\"raw\" data-block-weight=\"25\" data-block-id=\"52\">\n<p class=\"content-text__container\">\n<blockquote class=\"content-blockquote theme-border-color-primary-before\"><p>&#8220;Apesar da forte press\u00e3o de Donald Trump nos Estados Unidos, o julgamento continuou. O tribunal brasileiro pretende decidir as senten\u00e7as nesta sexta-feira&#8221;, afirma a reportagem.<\/p><\/blockquote>\n<p>&nbsp;<\/p>\n<\/div>\n<\/div>\n<div id=\"chunk-22t4c\">\n<div class=\"mc-column content-text active-extra-styles \" data-block-type=\"unstyled\" data-block-weight=\"31\" data-block-id=\"53\">\n<p class=\" content-text__container \" data-track-category=\"Link no Texto\" data-track-links=\"\">Ainda segundo o jornal, o julgamento \u00e9 o mais significativo do Brasil nos \u00faltimos anos. O El Pa\u00eds destacou ainda que o voto decisivo foi dado pela \u00fanica mulher no STF.<\/p>\n<\/div>\n<\/div>\n<div id=\"chunk-foba6\">\n<div class=\"mc-column content-text active-extra-styles\" data-block-type=\"raw\" data-block-weight=\"1\" data-block-id=\"54\">\n<p class=\"content-text__container\">\n<div class=\"content-intertitle\">\n<h2>BBC<\/h2>\n<\/div>\n<p>&nbsp;<\/p>\n<\/div>\n<\/div>\n<div id=\"chunk-1eeas\">\n<div class=\"row medium-uncollapsed content-media content-photo\" data-block-type=\"backstage-photo\" data-block-id=\"55\">\n<div class=\" mc-column  content-media__container\">\n<div class=\"content-media-container glb-skeleton-box\">\n<figure class=\"content-media-figure\"><img data-recalc-dims=\"1\" decoding=\"async\" class=\"i-amphtml-fill-content i-amphtml-replaced-content\" src=\"https:\/\/i0.wp.com\/s2-g1.glbimg.com\/uo8h8pYoxR77_gOulRB2sWGOMec%3D\/0x0%3A1254x864\/984x0\/smart\/filters%3Astrip_icc%28%29\/i.s3.glbimg.com\/v1\/AUTH_59edd422c0c84a879bd37670ae4f538a\/internal_photos\/bs\/2025\/m\/A\/OHtPQ1SmG7MB1OLG64AA\/captura-de-tela-2025-09-11-161933.jpg?w=600&#038;ssl=1\" sizes=\"(max-width: 393px) 353px, 100vw\" srcset=\"https:\/\/s2-g1.glbimg.com\/WSSO58l9u1YswnVYg5ICmgDRneY=\/0x0:1254x864\/1000x0\/smart\/filters:strip_icc()\/i.s3.glbimg.com\/v1\/AUTH_59edd422c0c84a879bd37670ae4f538a\/internal_photos\/bs\/2025\/m\/A\/OHtPQ1SmG7MB1OLG64AA\/captura-de-tela-2025-09-11-161933.jpg 1000w, https:\/\/s2-g1.glbimg.com\/uo8h8pYoxR77_gOulRB2sWGOMec=\/0x0:1254x864\/984x0\/smart\/filters:strip_icc()\/i.s3.glbimg.com\/v1\/AUTH_59edd422c0c84a879bd37670ae4f538a\/internal_photos\/bs\/2025\/m\/A\/OHtPQ1SmG7MB1OLG64AA\/captura-de-tela-2025-09-11-161933.jpg 984w, https:\/\/s2-g1.glbimg.com\/puxObNXSh6XRguZmUQwDj4zGUX8=\/0x0:1254x864\/640x0\/smart\/filters:strip_icc()\/i.s3.glbimg.com\/v1\/AUTH_59edd422c0c84a879bd37670ae4f538a\/internal_photos\/bs\/2025\/m\/A\/OHtPQ1SmG7MB1OLG64AA\/captura-de-tela-2025-09-11-161933.jpg 640w, https:\/\/s2-g1.glbimg.com\/MuEPv6cgt59GeP7h-RbgUs3XmRI=\/0x0:1254x864\/600x0\/smart\/filters:strip_icc()\/i.s3.glbimg.com\/v1\/AUTH_59edd422c0c84a879bd37670ae4f538a\/internal_photos\/bs\/2025\/m\/A\/OHtPQ1SmG7MB1OLG64AA\/captura-de-tela-2025-09-11-161933.jpg 600w\" alt=\"BBC repercute a forma\u00e7\u00e3o de maioria no STF para condena\u00e7\u00e3o de Bolsonaro. \u2014 Foto: Reprodu\u00e7\u00e3o\/BBC\" \/><\/figure>\n<\/div>\n<p class=\"content-media__description  \">BBC repercute a forma\u00e7\u00e3o de maioria no STF para condena\u00e7\u00e3o de Bolsonaro. \u2014 Foto: Reprodu\u00e7\u00e3o\/BBC<\/p>\n<\/div>\n<\/div>\n<\/div>\n<div id=\"chunk-3dmp4\">\n<div class=\"mc-column content-text active-extra-styles \" data-block-type=\"unstyled\" data-block-weight=\"37\" data-block-id=\"56\">\n<p class=\" content-text__container \" data-track-category=\"Link no Texto\" data-track-links=\"\">A BBC explicou que a maioria para condena\u00e7\u00e3o foi formada ap\u00f3s tr\u00eas dos cinco ju\u00edzes da Primeira Turma do STF terem considerado Bolsonaro culpado de liderar uma conspira\u00e7\u00e3o para mant\u00ea-lo no poder ap\u00f3s as elei\u00e7\u00f5es de 2022.<\/p>\n<div id=\"chunk-2f7bo\">\n<div class=\"mc-column content-text active-extra-styles\" data-block-type=\"raw\" data-block-weight=\"32\" data-block-id=\"58\">\n<blockquote class=\"content-blockquote theme-border-color-primary-before\"><p>&#8220;Embora o plano n\u00e3o tenha conseguido apoio militar suficiente para prosseguir, ele culminou na invas\u00e3o de pr\u00e9dios do governo pelos apoiadores de Bolsonaro em 8 de janeiro de 2023, conclu\u00edram os ju\u00edzes.&#8221;<\/p><\/blockquote>\n<p>&nbsp;<\/p>\n<\/div>\n<\/div>\n<div id=\"chunk-5mrt\">\n<div class=\"mc-column content-text active-extra-styles \" data-block-type=\"unstyled\" data-block-weight=\"30\" data-block-id=\"59\">\n<p class=\" content-text__container \" data-track-category=\"Link no Texto\" data-track-links=\"\">A emissora brit\u00e2nica destacou que, at\u00e9 o momento, houve apenas um \u00fanico voto divergente na Corte sobre a trama golpista. A reportagem cita ainda que Bolsonaro sempre afirmou ser inocente.<\/p>\n<\/div>\n<\/div>\n<div id=\"chunk-3vnht\">\n<div class=\"mc-column content-text active-extra-styles\" data-block-type=\"raw\" data-block-weight=\"1\" data-block-id=\"60\">\n<p class=\"content-text__container\">\n<div class=\"content-intertitle\">\n<h2>Clar\u00edn<\/h2>\n<\/div>\n<p>&nbsp;<\/p>\n<\/div>\n<\/div>\n<div id=\"chunk-6ahia\">\n<div class=\"row medium-uncollapsed content-media content-photo\" data-block-type=\"backstage-photo\" data-block-id=\"61\">\n<div class=\" mc-column  content-media__container\">\n<div class=\"content-media-container glb-skeleton-box\">\n<figure class=\"content-media-figure\"><img data-recalc-dims=\"1\" decoding=\"async\" class=\"i-amphtml-fill-content i-amphtml-replaced-content\" src=\"https:\/\/i0.wp.com\/s2-g1.glbimg.com\/UE5j0kddLIPbWTFtQhbqoJ9WKKk%3D\/0x0%3A1050x719\/984x0\/smart\/filters%3Astrip_icc%28%29\/i.s3.glbimg.com\/v1\/AUTH_59edd422c0c84a879bd37670ae4f538a\/internal_photos\/bs\/2025\/z\/T\/gD6m7aTBqKoHqqrCF1DQ\/captura-de-tela-2025-09-11-162207.jpg?w=600&#038;ssl=1\" sizes=\"(max-width: 393px) 353px, 100vw\" srcset=\"https:\/\/s2-g1.glbimg.com\/f_lk3GLCubg4fmFOn8kdxmam8hY=\/0x0:1050x719\/1000x0\/smart\/filters:strip_icc()\/i.s3.glbimg.com\/v1\/AUTH_59edd422c0c84a879bd37670ae4f538a\/internal_photos\/bs\/2025\/z\/T\/gD6m7aTBqKoHqqrCF1DQ\/captura-de-tela-2025-09-11-162207.jpg 1000w, https:\/\/s2-g1.glbimg.com\/UE5j0kddLIPbWTFtQhbqoJ9WKKk=\/0x0:1050x719\/984x0\/smart\/filters:strip_icc()\/i.s3.glbimg.com\/v1\/AUTH_59edd422c0c84a879bd37670ae4f538a\/internal_photos\/bs\/2025\/z\/T\/gD6m7aTBqKoHqqrCF1DQ\/captura-de-tela-2025-09-11-162207.jpg 984w, https:\/\/s2-g1.glbimg.com\/LFL_zYgr8vQKnY9C8m5hUp56GfQ=\/0x0:1050x719\/640x0\/smart\/filters:strip_icc()\/i.s3.glbimg.com\/v1\/AUTH_59edd422c0c84a879bd37670ae4f538a\/internal_photos\/bs\/2025\/z\/T\/gD6m7aTBqKoHqqrCF1DQ\/captura-de-tela-2025-09-11-162207.jpg 640w, https:\/\/s2-g1.glbimg.com\/TJDYUUJf1TuK8x6Q4rRjogyi0TA=\/0x0:1050x719\/600x0\/smart\/filters:strip_icc()\/i.s3.glbimg.com\/v1\/AUTH_59edd422c0c84a879bd37670ae4f538a\/internal_photos\/bs\/2025\/z\/T\/gD6m7aTBqKoHqqrCF1DQ\/captura-de-tela-2025-09-11-162207.jpg 600w\" alt=\"Clar\u00edn repercute a forma\u00e7\u00e3o de maioria no STF para condena\u00e7\u00e3o de Bolsonaro. \u2014 Foto: Reprodu\u00e7\u00e3o\/Clar\u00edn\" \/><\/figure>\n<\/div>\n<p class=\"content-media__description  \">Clar\u00edn repercute a forma\u00e7\u00e3o de maioria no STF para condena\u00e7\u00e3o de Bolsonaro. \u2014 Foto: Reprodu\u00e7\u00e3o\/Clar\u00edn<\/p>\n<\/div>\n<\/div>\n<\/div>\n<div id=\"chunk-9hclm\">\n<div class=\"mc-column content-text active-extra-styles \" data-block-type=\"unstyled\" data-block-weight=\"35\" data-block-id=\"62\">\n<p class=\" content-text__container \" data-track-category=\"Link no Texto\" data-track-links=\"\">O argentino Clar\u00edn afirmou que o STF j\u00e1 tem os votos necess\u00e1rios para condenar Bolsonaro. O jornal tamb\u00e9m classificou o julgamento como &#8220;hist\u00f3rico&#8221; e disse que o ex-presidente pode pegar at\u00e9 40 anos de pris\u00e3o.<\/p>\n<\/div>\n<\/div>\n<div id=\"chunk-9j9fm\">\n<div class=\"mc-column content-text active-extra-styles\" data-block-type=\"raw\" data-block-weight=\"31\" data-block-id=\"63\">\n<p class=\"content-text__container\">\n<blockquote class=\"content-blockquote theme-border-color-primary-before\"><p>&#8220;A senten\u00e7a foi decidida pelo voto de cinco ju\u00edzes: dois j\u00e1 haviam decidido pela condena\u00e7\u00e3o, e um terceiro, Luiz Fux, optou pela absolvi\u00e7\u00e3o e alertou contra um julgamento &#8216;pol\u00edtico&#8217; de Bolsonaro.&#8221;<\/p><\/blockquote>\n<\/div>\n<blockquote>\n<div id=\"chunk-9j9fm\">\n<div class=\"mc-column content-text active-extra-styles\" data-block-type=\"raw\" data-block-weight=\"31\" data-block-id=\"63\">\n<blockquote class=\"content-blockquote theme-border-color-primary-before\"><p>&#8220;A senten\u00e7a foi decidida pelo voto de cinco ju\u00edzes: dois j\u00e1 haviam decidido pela condena\u00e7\u00e3o, e um terceiro, Luiz Fux, optou pela absolvi\u00e7\u00e3o e alertou contra um julgamento &#8216;pol\u00edtico&#8217; de Bolsonaro.&#8221;<\/p><\/blockquote>\n<p>&nbsp;<\/p>\n<\/div>\n<\/div>\n<div id=\"chunk-7ec97\">\n<div class=\"mc-column\" data-block-type=\"ads\" data-block-id=\"64\">\n<div class=\"content-ads content-ads--regular content-ads--smart-size\"><\/div>\n<\/div>\n<\/div>\n<div id=\"chunk-2th58\">\n<div class=\"mc-column content-text active-extra-styles \" data-block-type=\"unstyled\" data-block-weight=\"25\" data-block-id=\"65\">\n<p class=\" content-text__container \" data-track-category=\"Link no Texto\" data-track-links=\"\">O Clar\u00edn afirmou ainda que Bolsonaro est\u00e1 em pris\u00e3o domiciliar desde agosto e que resolveu n\u00e3o participar das sess\u00f5es de julgamento por problemas de sa\u00fade.<\/p>\n<\/div>\n<\/div>\n<\/blockquote>\n<\/div>\n<\/div>\n<\/div>\n<\/div>\n<\/div>\n<\/div>\n<\/div>\n<\/div>\n<\/div>\n<\/div>\n<\/div>\n<\/div>\n<\/div>\n<\/div>\n<\/div>\n<\/div>\n<\/div>\n<\/div>\n<\/div>\n<\/div>\n<\/div>\n<\/div>\n","protected":false},"excerpt":{"rendered":"<p>Corte concluiu vota\u00e7\u00e3o do julgamento do ex-presidente e de outros sete r\u00e9us nesta quinta-feira (11). Jornais internacionais citaram decis\u00e3o hist\u00f3rica e &#8216;queda dram\u00e1tica&#8217; de Bolsonaro.<\/p>\n","protected":false},"author":1,"featured_media":0,"comment_status":"closed","ping_status":"open","sticky":false,"template":"","format":"standard","meta":{"_exactmetrics_skip_tracking":false,"_exactmetrics_sitenote_active":false,"_exactmetrics_sitenote_note":"","_exactmetrics_sitenote_category":0,"jetpack_post_was_ever_published":false,"_jetpack_newsletter_access":"","_jetpack_dont_email_post_to_subs":false,"_jetpack_newsletter_tier_id":0,"_jetpack_memberships_contains_paywalled_content":false,"_jetpack_memberships_contains_paid_content":false,"footnotes":"","jetpack_publicize_message":"","jetpack_publicize_feature_enabled":true,"jetpack_social_post_already_shared":true,"jetpack_social_options":{"image_generator_settings":{"template":"highway","enabled":false},"version":2}},"categories":[1],"tags":[],"class_list":["post-37439","post","type-post","status-publish","format-standard","hentry","category-notas"],"jetpack_publicize_connections":[],"jetpack_sharing_enabled":true,"jetpack_featured_media_url":"","jetpack_shortlink":"https:\/\/wp.me\/p7wKYW-9JR","jetpack-related-posts":[],"_links":{"self":[{"href":"http:\/\/blogdalucianaoliveira.com.br\/blog\/wp-json\/wp\/v2\/posts\/37439","targetHints":{"allow":["GET"]}}],"collection":[{"href":"http:\/\/blogdalucianaoliveira.com.br\/blog\/wp-json\/wp\/v2\/posts"}],"about":[{"href":"http:\/\/blogdalucianaoliveira.com.br\/blog\/wp-json\/wp\/v2\/types\/post"}],"author":[{"embeddable":true,"href":"http:\/\/blogdalucianaoliveira.com.br\/blog\/wp-json\/wp\/v2\/users\/1"}],"replies":[{"embeddable":true,"href":"http:\/\/blogdalucianaoliveira.com.br\/blog\/wp-json\/wp\/v2\/comments?post=37439"}],"version-history":[{"count":2,"href":"http:\/\/blogdalucianaoliveira.com.br\/blog\/wp-json\/wp\/v2\/posts\/37439\/revisions"}],"predecessor-version":[{"id":37442,"href":"http:\/\/blogdalucianaoliveira.com.br\/blog\/wp-json\/wp\/v2\/posts\/37439\/revisions\/37442"}],"wp:attachment":[{"href":"http:\/\/blogdalucianaoliveira.com.br\/blog\/wp-json\/wp\/v2\/media?parent=37439"}],"wp:term":[{"taxonomy":"category","embeddable":true,"href":"http:\/\/blogdalucianaoliveira.com.br\/blog\/wp-json\/wp\/v2\/categories?post=37439"},{"taxonomy":"post_tag","embeddable":true,"href":"http:\/\/blogdalucianaoliveira.com.br\/blog\/wp-json\/wp\/v2\/tags?post=37439"}],"curies":[{"name":"wp","href":"https:\/\/api.w.org\/{rel}","templated":true}]}}