{"id":37444,"date":"2025-09-12T12:42:28","date_gmt":"2025-09-12T16:42:28","guid":{"rendered":"https:\/\/blogdalucianaoliveira.com.br\/blog\/?p=37444"},"modified":"2025-09-12T12:42:28","modified_gmt":"2025-09-12T16:42:28","slug":"exposicao-alerta-para-a-preservacao-da-natureza-e-da-vida-humana","status":"publish","type":"post","link":"http:\/\/blogdalucianaoliveira.com.br\/blog\/2025\/09\/12\/exposicao-alerta-para-a-preservacao-da-natureza-e-da-vida-humana\/","title":{"rendered":"Exposi\u00e7\u00e3o alerta para a preserva\u00e7\u00e3o da natureza e da vida humana"},"content":{"rendered":"<p><img data-recalc-dims=\"1\" loading=\"lazy\" decoding=\"async\" data-attachment-id=\"37445\" data-permalink=\"http:\/\/blogdalucianaoliveira.com.br\/blog\/2025\/09\/12\/exposicao-alerta-para-a-preservacao-da-natureza-e-da-vida-humana\/9c5ee243-c8e7-48e0-9b6a-4680eaacc1fd\/\" data-orig-file=\"https:\/\/i0.wp.com\/blogdalucianaoliveira.com.br\/blog\/wp-content\/uploads\/2025\/09\/9c5ee243-c8e7-48e0-9b6a-4680eaacc1fd.jpeg?fit=1600%2C1068\" data-orig-size=\"1600,1068\" data-comments-opened=\"0\" data-image-meta=\"{&quot;aperture&quot;:&quot;0&quot;,&quot;credit&quot;:&quot;&quot;,&quot;camera&quot;:&quot;&quot;,&quot;caption&quot;:&quot;&quot;,&quot;created_timestamp&quot;:&quot;1757683950&quot;,&quot;copyright&quot;:&quot;&quot;,&quot;focal_length&quot;:&quot;0&quot;,&quot;iso&quot;:&quot;0&quot;,&quot;shutter_speed&quot;:&quot;0&quot;,&quot;title&quot;:&quot;&quot;,&quot;orientation&quot;:&quot;0&quot;}\" data-image-title=\"9c5ee243-c8e7-48e0-9b6a-4680eaacc1fd\" data-image-description=\"\" data-image-caption=\"\" data-medium-file=\"https:\/\/i0.wp.com\/blogdalucianaoliveira.com.br\/blog\/wp-content\/uploads\/2025\/09\/9c5ee243-c8e7-48e0-9b6a-4680eaacc1fd.jpeg?fit=300%2C200\" data-large-file=\"https:\/\/i0.wp.com\/blogdalucianaoliveira.com.br\/blog\/wp-content\/uploads\/2025\/09\/9c5ee243-c8e7-48e0-9b6a-4680eaacc1fd.jpeg?fit=600%2C401\" class=\"alignnone size-medium wp-image-37445\" src=\"https:\/\/i0.wp.com\/blogdalucianaoliveira.com.br\/blog\/wp-content\/uploads\/2025\/09\/9c5ee243-c8e7-48e0-9b6a-4680eaacc1fd.jpeg?resize=300%2C200\" alt=\"\" width=\"300\" height=\"200\" srcset=\"https:\/\/i0.wp.com\/blogdalucianaoliveira.com.br\/blog\/wp-content\/uploads\/2025\/09\/9c5ee243-c8e7-48e0-9b6a-4680eaacc1fd.jpeg?resize=300%2C200 300w, https:\/\/i0.wp.com\/blogdalucianaoliveira.com.br\/blog\/wp-content\/uploads\/2025\/09\/9c5ee243-c8e7-48e0-9b6a-4680eaacc1fd.jpeg?resize=1024%2C684 1024w, https:\/\/i0.wp.com\/blogdalucianaoliveira.com.br\/blog\/wp-content\/uploads\/2025\/09\/9c5ee243-c8e7-48e0-9b6a-4680eaacc1fd.jpeg?resize=768%2C513 768w, https:\/\/i0.wp.com\/blogdalucianaoliveira.com.br\/blog\/wp-content\/uploads\/2025\/09\/9c5ee243-c8e7-48e0-9b6a-4680eaacc1fd.jpeg?resize=1536%2C1025 1536w, https:\/\/i0.wp.com\/blogdalucianaoliveira.com.br\/blog\/wp-content\/uploads\/2025\/09\/9c5ee243-c8e7-48e0-9b6a-4680eaacc1fd.jpeg?resize=449%2C300 449w, https:\/\/i0.wp.com\/blogdalucianaoliveira.com.br\/blog\/wp-content\/uploads\/2025\/09\/9c5ee243-c8e7-48e0-9b6a-4680eaacc1fd.jpeg?w=1600 1600w, https:\/\/i0.wp.com\/blogdalucianaoliveira.com.br\/blog\/wp-content\/uploads\/2025\/09\/9c5ee243-c8e7-48e0-9b6a-4680eaacc1fd.jpeg?w=1200 1200w\" sizes=\"auto, (max-width: 300px) 100vw, 300px\" \/><\/p>\n<p class=\"s17\"><span class=\"s16\"><span class=\"bumpedFont15\">\u201cEu n\u00e3o queria ser obra de arte, foi um humano que me achou e deu esse <\/span><\/span><span class=\"s16\"><span class=\"bumpedFont15\">nome, \u00a0eu<\/span><\/span><span class=\"s16\"><span class=\"bumpedFont15\"> j\u00e1 estava no \u201c<\/span><\/span><span class=\"s16\"><span class=\"bumpedFont15\">delorimento<\/span><\/span><span class=\"s16\"><span class=\"bumpedFont15\">\u201d, agora ele me fala que sou obra de arte, eu \u00a0preferia ser um <\/span><\/span><span class=\"s16\"><span class=\"bumpedFont15\">benzopireno<\/span><\/span><span class=\"s16\"><span class=\"bumpedFont15\">\u201d. <\/span><\/span><!--more--><span class=\"s18\"><span class=\"bumpedFont15\">Assim se estabelece <\/span><\/span><span class=\"s18\"><span class=\"bumpedFont15\">poeticamente <\/span><\/span><span class=\"s18\"><span class=\"bumpedFont15\">a exposi\u00e7\u00e3o que junta <\/span><\/span><span class=\"s18\"><span class=\"bumpedFont15\">palets<\/span><\/span> <span class=\"s18\"><span class=\"bumpedFont15\">descartados \u00a0na<\/span><\/span><span class=\"s18\"><span class=\"bumpedFont15\"> natureza e tocos de madeiras resgatados do Rio Madeira.<\/span><\/span><\/p>\n<p class=\"s20\"><span class=\"s18\"><span class=\"bumpedFont15\">Em um universo de cria\u00e7\u00e3o e experimenta\u00e7\u00e3o o poeta Dom Lauro mergulha <\/span><\/span><span class=\"s18\"><span class=\"bumpedFont15\">e cria<\/span><\/span><span class=\"s18\"><span class=\"bumpedFont15\"> obras de arte que apontam a necessidade de de<\/span><\/span><span class=\"s18\"><span class=\"bumpedFont15\">spertar para a realidade de \u00a0preserva\u00e7\u00e3o da esp\u00e9cie humana, animal e vegetal. <\/span><\/span><\/p>\n<p class=\"s20\"><span class=\"s16\"><span class=\"bumpedFont15\">Almas de <\/span><\/span><span class=\"s16\"><span class=\"bumpedFont15\">Palets<\/span><\/span><span class=\"s16\"><span class=\"bumpedFont15\"> e Ossos de <\/span><\/span><span class=\"s16\"><span class=\"bumpedFont15\">Ossauros<\/span><\/span> <span class=\"s18\"><span class=\"bumpedFont15\">pretende envolver diversos <\/span><\/span><span class=\"s18\"><span class=\"bumpedFont15\">seguimentos \u00a0em<\/span><\/span><span class=\"s18\"><span class=\"bumpedFont15\"> um senso de entendimento para a <\/span><\/span><span class=\"s18\"><span class=\"bumpedFont15\">continuidade<\/span><\/span><span class=\"s18\"><span class=\"bumpedFont15\"> da vida no planeta, \u00a0propondo menos consumo e mais sens<\/span><\/span><span class=\"s18\"><span class=\"bumpedFont15\">ibilidade para as quest\u00f5es que buscam \u00a0a preserva\u00e7\u00e3o do ambiente em que vivemos.<\/span><\/span><\/p>\n<p><img data-recalc-dims=\"1\" loading=\"lazy\" decoding=\"async\" data-attachment-id=\"37446\" data-permalink=\"http:\/\/blogdalucianaoliveira.com.br\/blog\/2025\/09\/12\/exposicao-alerta-para-a-preservacao-da-natureza-e-da-vida-humana\/9c5ee243-c8e7-48e0-9b6a-4680eaacc1fd-2\/\" data-orig-file=\"https:\/\/i0.wp.com\/blogdalucianaoliveira.com.br\/blog\/wp-content\/uploads\/2025\/09\/9c5ee243-c8e7-48e0-9b6a-4680eaacc1fd-1.jpeg?fit=1600%2C1068\" data-orig-size=\"1600,1068\" data-comments-opened=\"0\" data-image-meta=\"{&quot;aperture&quot;:&quot;0&quot;,&quot;credit&quot;:&quot;&quot;,&quot;camera&quot;:&quot;&quot;,&quot;caption&quot;:&quot;&quot;,&quot;created_timestamp&quot;:&quot;1757683950&quot;,&quot;copyright&quot;:&quot;&quot;,&quot;focal_length&quot;:&quot;0&quot;,&quot;iso&quot;:&quot;0&quot;,&quot;shutter_speed&quot;:&quot;0&quot;,&quot;title&quot;:&quot;&quot;,&quot;orientation&quot;:&quot;0&quot;}\" data-image-title=\"9c5ee243-c8e7-48e0-9b6a-4680eaacc1fd\" data-image-description=\"\" data-image-caption=\"\" data-medium-file=\"https:\/\/i0.wp.com\/blogdalucianaoliveira.com.br\/blog\/wp-content\/uploads\/2025\/09\/9c5ee243-c8e7-48e0-9b6a-4680eaacc1fd-1.jpeg?fit=300%2C200\" data-large-file=\"https:\/\/i0.wp.com\/blogdalucianaoliveira.com.br\/blog\/wp-content\/uploads\/2025\/09\/9c5ee243-c8e7-48e0-9b6a-4680eaacc1fd-1.jpeg?fit=600%2C401\" class=\"alignnone size-medium wp-image-37446\" src=\"https:\/\/i0.wp.com\/blogdalucianaoliveira.com.br\/blog\/wp-content\/uploads\/2025\/09\/9c5ee243-c8e7-48e0-9b6a-4680eaacc1fd-1.jpeg?resize=300%2C200\" alt=\"\" width=\"300\" height=\"200\" srcset=\"https:\/\/i0.wp.com\/blogdalucianaoliveira.com.br\/blog\/wp-content\/uploads\/2025\/09\/9c5ee243-c8e7-48e0-9b6a-4680eaacc1fd-1.jpeg?resize=300%2C200 300w, https:\/\/i0.wp.com\/blogdalucianaoliveira.com.br\/blog\/wp-content\/uploads\/2025\/09\/9c5ee243-c8e7-48e0-9b6a-4680eaacc1fd-1.jpeg?resize=1024%2C684 1024w, https:\/\/i0.wp.com\/blogdalucianaoliveira.com.br\/blog\/wp-content\/uploads\/2025\/09\/9c5ee243-c8e7-48e0-9b6a-4680eaacc1fd-1.jpeg?resize=768%2C513 768w, https:\/\/i0.wp.com\/blogdalucianaoliveira.com.br\/blog\/wp-content\/uploads\/2025\/09\/9c5ee243-c8e7-48e0-9b6a-4680eaacc1fd-1.jpeg?resize=1536%2C1025 1536w, https:\/\/i0.wp.com\/blogdalucianaoliveira.com.br\/blog\/wp-content\/uploads\/2025\/09\/9c5ee243-c8e7-48e0-9b6a-4680eaacc1fd-1.jpeg?resize=449%2C300 449w, https:\/\/i0.wp.com\/blogdalucianaoliveira.com.br\/blog\/wp-content\/uploads\/2025\/09\/9c5ee243-c8e7-48e0-9b6a-4680eaacc1fd-1.jpeg?w=1600 1600w, https:\/\/i0.wp.com\/blogdalucianaoliveira.com.br\/blog\/wp-content\/uploads\/2025\/09\/9c5ee243-c8e7-48e0-9b6a-4680eaacc1fd-1.jpeg?w=1200 1200w\" sizes=\"auto, (max-width: 300px) 100vw, 300px\" \/> <img data-recalc-dims=\"1\" loading=\"lazy\" decoding=\"async\" data-attachment-id=\"37447\" data-permalink=\"http:\/\/blogdalucianaoliveira.com.br\/blog\/2025\/09\/12\/exposicao-alerta-para-a-preservacao-da-natureza-e-da-vida-humana\/fd43ffff-4f64-43bb-b301-fa734ccebf4c\/\" data-orig-file=\"https:\/\/i0.wp.com\/blogdalucianaoliveira.com.br\/blog\/wp-content\/uploads\/2025\/09\/fd43ffff-4f64-43bb-b301-fa734ccebf4c.jpeg?fit=1600%2C1068\" data-orig-size=\"1600,1068\" data-comments-opened=\"0\" data-image-meta=\"{&quot;aperture&quot;:&quot;0&quot;,&quot;credit&quot;:&quot;&quot;,&quot;camera&quot;:&quot;&quot;,&quot;caption&quot;:&quot;&quot;,&quot;created_timestamp&quot;:&quot;1757683949&quot;,&quot;copyright&quot;:&quot;&quot;,&quot;focal_length&quot;:&quot;0&quot;,&quot;iso&quot;:&quot;0&quot;,&quot;shutter_speed&quot;:&quot;0&quot;,&quot;title&quot;:&quot;&quot;,&quot;orientation&quot;:&quot;0&quot;}\" data-image-title=\"fd43ffff-4f64-43bb-b301-fa734ccebf4c\" data-image-description=\"\" data-image-caption=\"\" data-medium-file=\"https:\/\/i0.wp.com\/blogdalucianaoliveira.com.br\/blog\/wp-content\/uploads\/2025\/09\/fd43ffff-4f64-43bb-b301-fa734ccebf4c.jpeg?fit=300%2C200\" data-large-file=\"https:\/\/i0.wp.com\/blogdalucianaoliveira.com.br\/blog\/wp-content\/uploads\/2025\/09\/fd43ffff-4f64-43bb-b301-fa734ccebf4c.jpeg?fit=600%2C401\" class=\"alignnone size-medium wp-image-37447\" src=\"https:\/\/i0.wp.com\/blogdalucianaoliveira.com.br\/blog\/wp-content\/uploads\/2025\/09\/fd43ffff-4f64-43bb-b301-fa734ccebf4c.jpeg?resize=300%2C200\" alt=\"\" width=\"300\" height=\"200\" srcset=\"https:\/\/i0.wp.com\/blogdalucianaoliveira.com.br\/blog\/wp-content\/uploads\/2025\/09\/fd43ffff-4f64-43bb-b301-fa734ccebf4c.jpeg?resize=300%2C200 300w, https:\/\/i0.wp.com\/blogdalucianaoliveira.com.br\/blog\/wp-content\/uploads\/2025\/09\/fd43ffff-4f64-43bb-b301-fa734ccebf4c.jpeg?resize=1024%2C684 1024w, https:\/\/i0.wp.com\/blogdalucianaoliveira.com.br\/blog\/wp-content\/uploads\/2025\/09\/fd43ffff-4f64-43bb-b301-fa734ccebf4c.jpeg?resize=768%2C513 768w, https:\/\/i0.wp.com\/blogdalucianaoliveira.com.br\/blog\/wp-content\/uploads\/2025\/09\/fd43ffff-4f64-43bb-b301-fa734ccebf4c.jpeg?resize=1536%2C1025 1536w, https:\/\/i0.wp.com\/blogdalucianaoliveira.com.br\/blog\/wp-content\/uploads\/2025\/09\/fd43ffff-4f64-43bb-b301-fa734ccebf4c.jpeg?resize=449%2C300 449w, https:\/\/i0.wp.com\/blogdalucianaoliveira.com.br\/blog\/wp-content\/uploads\/2025\/09\/fd43ffff-4f64-43bb-b301-fa734ccebf4c.jpeg?w=1600 1600w, https:\/\/i0.wp.com\/blogdalucianaoliveira.com.br\/blog\/wp-content\/uploads\/2025\/09\/fd43ffff-4f64-43bb-b301-fa734ccebf4c.jpeg?w=1200 1200w\" sizes=\"auto, (max-width: 300px) 100vw, 300px\" \/><\/p>\n<p class=\"s20\"><span class=\"s18\"><span class=\"bumpedFont15\">A exposi\u00e7\u00e3o tem acesso gratuito e est\u00e1 em cartaz na cidade de Porto Velho, <\/span><\/span><span class=\"s18\"><span class=\"bumpedFont15\">no \u00a0<\/span><\/span><span class=\"s16\"><span class=\"bumpedFont15\">Espa\u00e7o<\/span><\/span> <span class=\"s16\"><span class=\"bumpedFont15\">Cujuba<\/span><\/span><span class=\"s18\"><span class=\"bumpedFont15\">(Rua Prudente de Moraes, 2449 \u2013 centro) com visita\u00e7\u00e3o aberta \u00a0ao p\u00fablico quintas e sextas das 16:00 \u00e0s 20:00 h. <\/span><\/span><\/p>\n<p class=\"s23\"><span class=\"s18\"><span class=\"bumpedFont15\">O espa\u00e7o tamb\u00e9m promove visitas guiadas para escolas e grupos, <\/span><\/span><span class=\"s18\"><span class=\"bumpedFont15\">os \u00a0interessados<\/span><\/span><span class=\"s18\"><span class=\"bumpedFont15\"> devem<\/span><\/span><a name=\"_GoBack\"><\/a><span class=\"s18\"><span class=\"bumpedFont15\"> contatar o e-mail <\/span><\/span><span class=\"s21\"><span class=\"bumpedFont15\">almadepalet@gmail.com<\/span><\/span><\/p>\n","protected":false},"excerpt":{"rendered":"<p>\u201cEu n\u00e3o queria ser obra de arte, foi um humano que me achou e deu esse nome, \u00a0eu j\u00e1 estava no \u201cdelorimento\u201d, agora ele me fala que sou obra de arte, eu \u00a0preferia ser um benzopireno\u201d.<\/p>\n","protected":false},"author":1,"featured_media":0,"comment_status":"closed","ping_status":"open","sticky":false,"template":"","format":"standard","meta":{"_exactmetrics_skip_tracking":false,"_exactmetrics_sitenote_active":false,"_exactmetrics_sitenote_note":"","_exactmetrics_sitenote_category":0,"jetpack_post_was_ever_published":false,"_jetpack_newsletter_access":"","_jetpack_dont_email_post_to_subs":false,"_jetpack_newsletter_tier_id":0,"_jetpack_memberships_contains_paywalled_content":false,"_jetpack_memberships_contains_paid_content":false,"footnotes":"","jetpack_publicize_message":"","jetpack_publicize_feature_enabled":true,"jetpack_social_post_already_shared":true,"jetpack_social_options":{"image_generator_settings":{"template":"highway","enabled":false},"version":2}},"categories":[1],"tags":[1482,1483],"class_list":["post-37444","post","type-post","status-publish","format-standard","hentry","category-notas","tag-cujuba","tag-exposicao"],"jetpack_publicize_connections":[],"jetpack_sharing_enabled":true,"jetpack_featured_media_url":"","jetpack_shortlink":"https:\/\/wp.me\/p7wKYW-9JW","jetpack-related-posts":[],"_links":{"self":[{"href":"http:\/\/blogdalucianaoliveira.com.br\/blog\/wp-json\/wp\/v2\/posts\/37444","targetHints":{"allow":["GET"]}}],"collection":[{"href":"http:\/\/blogdalucianaoliveira.com.br\/blog\/wp-json\/wp\/v2\/posts"}],"about":[{"href":"http:\/\/blogdalucianaoliveira.com.br\/blog\/wp-json\/wp\/v2\/types\/post"}],"author":[{"embeddable":true,"href":"http:\/\/blogdalucianaoliveira.com.br\/blog\/wp-json\/wp\/v2\/users\/1"}],"replies":[{"embeddable":true,"href":"http:\/\/blogdalucianaoliveira.com.br\/blog\/wp-json\/wp\/v2\/comments?post=37444"}],"version-history":[{"count":1,"href":"http:\/\/blogdalucianaoliveira.com.br\/blog\/wp-json\/wp\/v2\/posts\/37444\/revisions"}],"predecessor-version":[{"id":37448,"href":"http:\/\/blogdalucianaoliveira.com.br\/blog\/wp-json\/wp\/v2\/posts\/37444\/revisions\/37448"}],"wp:attachment":[{"href":"http:\/\/blogdalucianaoliveira.com.br\/blog\/wp-json\/wp\/v2\/media?parent=37444"}],"wp:term":[{"taxonomy":"category","embeddable":true,"href":"http:\/\/blogdalucianaoliveira.com.br\/blog\/wp-json\/wp\/v2\/categories?post=37444"},{"taxonomy":"post_tag","embeddable":true,"href":"http:\/\/blogdalucianaoliveira.com.br\/blog\/wp-json\/wp\/v2\/tags?post=37444"}],"curies":[{"name":"wp","href":"https:\/\/api.w.org\/{rel}","templated":true}]}}