{"id":37449,"date":"2025-09-12T14:03:54","date_gmt":"2025-09-12T18:03:54","guid":{"rendered":"https:\/\/blogdalucianaoliveira.com.br\/blog\/?p=37449"},"modified":"2025-09-12T14:03:54","modified_gmt":"2025-09-12T18:03:54","slug":"bolsonaro-na-papuda-as-perguntas-sobre-os-27-anos-e-3-meses-de-prisao-do-ex-presidente","status":"publish","type":"post","link":"http:\/\/blogdalucianaoliveira.com.br\/blog\/2025\/09\/12\/bolsonaro-na-papuda-as-perguntas-sobre-os-27-anos-e-3-meses-de-prisao-do-ex-presidente\/","title":{"rendered":"Bolsonaro na Papuda? As perguntas sobre os 27 anos e 3 meses de pris\u00e3o do ex-presidente"},"content":{"rendered":"<p><img data-recalc-dims=\"1\" loading=\"lazy\" decoding=\"async\" data-attachment-id=\"37450\" data-permalink=\"http:\/\/blogdalucianaoliveira.com.br\/blog\/2025\/09\/12\/bolsonaro-na-papuda-as-perguntas-sobre-os-27-anos-e-3-meses-de-prisao-do-ex-presidente\/img_7026\/\" data-orig-file=\"https:\/\/i0.wp.com\/blogdalucianaoliveira.com.br\/blog\/wp-content\/uploads\/2025\/09\/IMG_7026.webp?fit=800%2C533\" data-orig-size=\"800,533\" data-comments-opened=\"0\" data-image-meta=\"{&quot;aperture&quot;:&quot;0&quot;,&quot;credit&quot;:&quot;&quot;,&quot;camera&quot;:&quot;&quot;,&quot;caption&quot;:&quot;&quot;,&quot;created_timestamp&quot;:&quot;0&quot;,&quot;copyright&quot;:&quot;&quot;,&quot;focal_length&quot;:&quot;0&quot;,&quot;iso&quot;:&quot;0&quot;,&quot;shutter_speed&quot;:&quot;0&quot;,&quot;title&quot;:&quot;&quot;,&quot;orientation&quot;:&quot;0&quot;}\" data-image-title=\"IMG_7026\" data-image-description=\"\" data-image-caption=\"\" data-medium-file=\"https:\/\/i0.wp.com\/blogdalucianaoliveira.com.br\/blog\/wp-content\/uploads\/2025\/09\/IMG_7026.webp?fit=300%2C200\" data-large-file=\"https:\/\/i0.wp.com\/blogdalucianaoliveira.com.br\/blog\/wp-content\/uploads\/2025\/09\/IMG_7026.webp?fit=600%2C400\" class=\"alignnone size-medium wp-image-37450\" src=\"https:\/\/i0.wp.com\/blogdalucianaoliveira.com.br\/blog\/wp-content\/uploads\/2025\/09\/IMG_7026.webp?resize=300%2C200\" alt=\"\" width=\"300\" height=\"200\" srcset=\"https:\/\/i0.wp.com\/blogdalucianaoliveira.com.br\/blog\/wp-content\/uploads\/2025\/09\/IMG_7026.webp?resize=300%2C200 300w, https:\/\/i0.wp.com\/blogdalucianaoliveira.com.br\/blog\/wp-content\/uploads\/2025\/09\/IMG_7026.webp?resize=768%2C512 768w, https:\/\/i0.wp.com\/blogdalucianaoliveira.com.br\/blog\/wp-content\/uploads\/2025\/09\/IMG_7026.webp?resize=450%2C300 450w, https:\/\/i0.wp.com\/blogdalucianaoliveira.com.br\/blog\/wp-content\/uploads\/2025\/09\/IMG_7026.webp?w=800 800w\" sizes=\"auto, (max-width: 300px) 100vw, 300px\" \/><\/p>\n<p><strong><span role=\"text\"><span class=\"bbc-of1z6f\">La\u00eds Allegreti, <\/span><\/span><\/strong><span role=\"text\"><span class=\"bbc-1y5sx98\"><strong>Da BBC News Brasil em Londres<\/strong> &#8211; <\/span><\/span>Onde o ex-presidente Jair Bolsonaro (PL) cumprir\u00e1 sua pena ap\u00f3s ser condenado a 27 anos e tr\u00eas meses de pris\u00e3o por golpe de Estado e mais quatro crimes?<!--more--><\/p>\n<div class=\"bbc-19j92fr ebmt73l0\" dir=\"ltr\">\n<p class=\"bbc-hhl7in e17g058b0\" dir=\"ltr\">Ele poder\u00e1 continuar em pris\u00e3o domiciliar ou ir\u00e1 para um estabelecimento penal como a Papuda, no Distrito Federal?<\/p>\n<\/div>\n<div class=\"bbc-19j92fr ebmt73l0\" dir=\"ltr\">\n<p class=\"bbc-hhl7in e17g058b0\" dir=\"ltr\">Caso seja transferido de casa para uma cela, quando isso poder\u00e1 ocorrer?<\/p>\n<\/div>\n<div class=\"bbc-19j92fr ebmt73l0\" dir=\"ltr\">\n<p class=\"bbc-hhl7in e17g058b0\" dir=\"ltr\">Essas s\u00e3o algumas das d\u00favidas que surgiram ap\u00f3s os cinco ministros da Primeira Turma do Supremo Tribunal Federal (STF) considerarem <a class=\"focusIndicatorReducedWidth bbc-n8oauk e1p3sufg0\" href=\"https:\/\/www.bbc.com\/portuguese\/articles\/c4g2exe50ero\">Bolsonaro culpado pelos crimes<\/a> de organiza\u00e7\u00e3o criminosa armada, tentativa de aboli\u00e7\u00e3o violenta ao Estado democr\u00e1tico de direito; golpe de Estado, dano ao patrim\u00f4nio da Uni\u00e3o; e deteriora\u00e7\u00e3o de patrim\u00f4nio tombado. O ex-presidente negou as acusa\u00e7\u00f5es.<\/p>\n<p dir=\"ltr\">Al\u00e9m de Bolsonaro, outros sete r\u00e9us foram condenados, com diferentes penas. Entenda aqui <a class=\"focusIndicatorReducedWidth bbc-n8oauk e1p3sufg0\" href=\"https:\/\/www.bbc.com\/portuguese\/articles\/c4g2exe50ero\">a pena de cada um deles<\/a> e <a class=\"focusIndicatorReducedWidth bbc-n8oauk e1p3sufg0\" href=\"https:\/\/www.bbc.com\/portuguese\/articles\/cx2pn75dnejo\">como votou cada ministro<\/a>.<\/p>\n<div class=\"bbc-19j92fr ebmt73l0\" dir=\"ltr\">\n<p class=\"bbc-hhl7in e17g058b0\" dir=\"ltr\">A seguir, veja o que se sabe \u2014 e quais s\u00e3o as principais d\u00favidas \u2014 sobre a pris\u00e3o do ex-presidente.<\/p>\n<\/div>\n<div class=\"bbc-19j92fr ebmt73l0\" dir=\"ltr\">\n<h2 id=\"Quando-Bolsonaro-ser\u00e1-preso\" class=\"bbc-1lgzob2 eglt09e0\" tabindex=\"-1\">Quando Bolsonaro ser\u00e1 preso?<\/h2>\n<\/div>\n<div class=\"bbc-19j92fr ebmt73l0\" dir=\"ltr\">\n<p class=\"bbc-hhl7in e17g058b0\" dir=\"ltr\">Apesar da condena\u00e7\u00e3o, confirmada na quinta-feira (11\/9), n\u00e3o h\u00e1 previs\u00e3o de qualquer mudan\u00e7a imediata na situa\u00e7\u00e3o de pris\u00e3o do ex-presidente.<\/p>\n<div class=\"bbc-19j92fr ebmt73l0\" dir=\"ltr\">\n<p class=\"bbc-hhl7in e17g058b0\" dir=\"ltr\">Vale lembrar que Bolsonaro est\u00e1 em <a class=\"focusIndicatorReducedWidth bbc-n8oauk e1p3sufg0\" href=\"https:\/\/www.bbc.com\/portuguese\/articles\/cdd3e4zyy95o\">pris\u00e3o domiciliar desde o dia 4 de agosto<\/a> por ter, na avalia\u00e7\u00e3o do ministro Alexandre de Moraes, descumprido medidas cautelares impostas no curso do processo.<\/p>\n<\/div>\n<div class=\"bbc-19j92fr ebmt73l0\" dir=\"ltr\">\n<p class=\"bbc-hhl7in e17g058b0\" dir=\"ltr\">A execu\u00e7\u00e3o efetiva da pena s\u00f3 deve ocorrer ap\u00f3s o esgotamento do prazo para recursos \u2014 o chamado tr\u00e2nsito em julgado, <a class=\"focusIndicatorReducedWidth bbc-n8oauk e1p3sufg0\" href=\"https:\/\/www.bbc.com\/portuguese\/articles\/cpq5lr740jeo\">quando a decis\u00e3o se torna definitiva<\/a>. No STF, a avalia\u00e7\u00e3o \u00e9 de que isso pode acontecer em novembro ou dezembro.<\/p>\n<\/div>\n<\/div>\n<div class=\"bbc-19j92fr ebmt73l0\" dir=\"ltr\">\n<p class=\"bbc-hhl7in e17g058b0\" dir=\"ltr\">Ap\u00f3s o julgamento, o pr\u00f3ximo passo \u00e9 a publica\u00e7\u00e3o do ac\u00f3rd\u00e3o da decis\u00e3o, que pode ocorrer em at\u00e9 60 dias.<\/p>\n<\/div>\n<div class=\"bbc-19j92fr ebmt73l0\" dir=\"ltr\">\n<p class=\"bbc-hhl7in e17g058b0\" dir=\"ltr\">Depois disso, as defesas t\u00eam cinco dias para apresenta\u00e7\u00e3o dos embargos declarat\u00f3rios, que s\u00e3o recursos que servem para esclarecer quest\u00f5es como ambiguidade, omiss\u00e3o, ou contradi\u00e7\u00e3o dentro do ac\u00f3rd\u00e3o. Os recursos s\u00e3o julgados pela pr\u00f3pria Primeira Turma do STF.<\/p>\n<\/div>\n<div class=\"bbc-19j92fr ebmt73l0\" dir=\"ltr\">\n<p class=\"bbc-hhl7in e17g058b0\" dir=\"ltr\">A medida foi decretada por Moraes no \u00e2mbito do inqu\u00e9rito que apura a conduta do deputado federal Eduardo Bolsonaro (PL-SP) pelos crimes de coa\u00e7\u00e3o no curso do processo, obstru\u00e7\u00e3o de investiga\u00e7\u00e3o da chamada trama golpista e aboli\u00e7\u00e3o violenta do Estado democr\u00e1tico de direito.<\/p>\n<\/div>\n<div class=\"bbc-19j92fr ebmt73l0\" dir=\"ltr\">\n<h2 id=\"O-que-significa-regime-inicial-fechado\" class=\"bbc-1lgzob2 eglt09e0\" tabindex=\"-1\">O que significa &#8216;regime inicial fechado&#8217;?<\/h2>\n<\/div>\n<div class=\"bbc-19j92fr ebmt73l0\" dir=\"ltr\">\n<p class=\"bbc-hhl7in e17g058b0\" dir=\"ltr\">No direito penal, o regime inicial fechado \u2014 determinado pelo STF para Bolsonaro \u2014 \u00e9 o n\u00edvel mais rigoroso de cumprimento da pena privativa de liberdade.<\/p>\n<\/div>\n<div class=\"bbc-19j92fr ebmt73l0\" dir=\"ltr\">\n<p class=\"bbc-hhl7in e17g058b0\" dir=\"ltr\">Esse regime de cumprimento de pena \u00e9 normalmente destinado a autores de crimes considerados graves ou \u00e0queles que j\u00e1 tenham hist\u00f3rico de outros crimes.<\/p>\n<\/div>\n<div class=\"bbc-19j92fr ebmt73l0\" dir=\"ltr\">\n<p class=\"bbc-hhl7in e17g058b0\" dir=\"ltr\">Aplicado quando a pena supera oito anos ou em casos de crime hediondo, por exemplo, o regime fechado geralmente significa que o condenado iniciar\u00e1 sua pena em uma penitenci\u00e1ria de seguran\u00e7a m\u00e9dia ou m\u00e1xima.<\/p>\n<\/div>\n<div class=\"bbc-19j92fr ebmt73l0\" dir=\"ltr\">\n<p class=\"bbc-hhl7in e17g058b0\" dir=\"ltr\">Ainda n\u00e3o se sabe ao certo, por\u00e9m, se este ser\u00e1 o caso de Bolsonaro. O ex-presidente tem mais de 70 anos e problemas cr\u00f4nicos de sa\u00fade, o que pode levar a um abrandamento do regime e aceita\u00e7\u00e3o de uma pris\u00e3o domiciliar, por exemplo.<\/p>\n<\/div>\n<div class=\"bbc-19j92fr ebmt73l0\" dir=\"ltr\">\n<p class=\"bbc-hhl7in e17g058b0\" dir=\"ltr\">No regime fechado, o condenado fica sujeito a trabalho interno durante o dia e isolamento durante o repouso noturno, com direitos restritos, como visitas semanais e comunica\u00e7\u00e3o sob monitoramento.<\/p>\n<\/div>\n<div class=\"bbc-19j92fr ebmt73l0\" dir=\"ltr\">\n<p class=\"bbc-hhl7in e17g058b0\" dir=\"ltr\">A progress\u00e3o para regimes menos rigorosos \u2014 semiaberto e aberto \u2014 depende do cumprimento de parte da pena e do bom comportamento do preso.<\/p>\n<\/div>\n<div class=\"bbc-19j92fr ebmt73l0\" dir=\"ltr\">\n<h2 id=\"Onde-Bolsonaro-ficar\u00e1-preso\" class=\"bbc-1lgzob2 eglt09e0\" tabindex=\"-1\">Onde Bolsonaro ficar\u00e1 preso?<\/h2>\n<\/div>\n<div class=\"bbc-19j92fr ebmt73l0\" dir=\"ltr\">\n<p class=\"bbc-hhl7in e17g058b0\" dir=\"ltr\">N\u00e3o est\u00e1 definido onde o ex-presidente cumprir\u00e1 pena.<\/p>\n<\/div>\n<div class=\"bbc-19j92fr ebmt73l0\" dir=\"ltr\">\n<p class=\"bbc-hhl7in e17g058b0\" dir=\"ltr\">Na an\u00e1lise dos embargos de declara\u00e7\u00e3o pela Primeira Turma, \u00e9 esperado que Moraes determine que a autoridade policial recolha o condenado.<\/p>\n<\/div>\n<div class=\"bbc-19j92fr ebmt73l0\" dir=\"ltr\">\n<p class=\"bbc-hhl7in e17g058b0\" dir=\"ltr\">Nesse contexto, a expectativa \u00e9 que a Pol\u00edcia Federal combine com a defesa de Bolsonaro sobre o local de pris\u00e3o.<\/p>\n<\/div>\n<div class=\"bbc-19j92fr ebmt73l0\" dir=\"ltr\">\n<p class=\"bbc-hhl7in e17g058b0\" dir=\"ltr\">Em teoria, o ministro relator pode indicar o local da pris\u00e3o, mas em outros casos \u00e9 comum que fique para o juiz de execu\u00e7\u00e3o penal estabelecer isso.<\/p>\n<\/div>\n<div class=\"bbc-19j92fr ebmt73l0\" dir=\"ltr\">\n<p class=\"bbc-hhl7in e17g058b0\" dir=\"ltr\">Por se tratar de um ex-presidente, aponta a advogada Juliana Bertholdi professora da PUC-PR, \u00e9 &#8220;natural que haja um cuidado maior&#8221;.<\/p>\n<\/div>\n<div class=\"bbc-19j92fr ebmt73l0\" dir=\"ltr\">\n<p class=\"bbc-hhl7in e17g058b0\" dir=\"ltr\">&#8220;Evidentemente, seja certo ou errado, n\u00e3o h\u00e1 todo esse cuidado quando se trata de r\u00e9us comuns&#8221;, afirmou.<\/p>\n<\/div>\n<div class=\"bbc-19j92fr ebmt73l0\" dir=\"ltr\">\n<p class=\"bbc-hhl7in e17g058b0\" dir=\"ltr\">Para a pris\u00e3o de Bolsonaro, t\u00eam sido cogitadas a Superintend\u00eancia da Pol\u00edcia Federal em Bras\u00edlia, uma cela especial no Centro Penitenci\u00e1rio da Papuda, e ainda um quartel do Ex\u00e9rcito.<\/p>\n<\/div>\n<div class=\"bbc-19j92fr ebmt73l0\" dir=\"ltr\">\n<p class=\"bbc-hhl7in e17g058b0\" dir=\"ltr\">No entanto, \u00e9 esperado que a defesa pe\u00e7a a Moraes para que Bolsonaro cumpra pena em casa devido a quest\u00f5es de sa\u00fade.<\/p>\n<\/div>\n<div class=\"bbc-19j92fr ebmt73l0\" dir=\"ltr\">\n<p class=\"bbc-hhl7in e17g058b0\" dir=\"ltr\">Nesse caso, a PGR se posicionaria sobre o pedido e, se for a favor, \u00e9 poss\u00edvel que Moraes determine o cumprimento de pris\u00e3o em casa.<\/p>\n<\/div>\n<div class=\"bbc-19j92fr ebmt73l0\" dir=\"ltr\">\n<p class=\"bbc-hhl7in e17g058b0\" dir=\"ltr\">O ex-presidente Fernando Collor, por exemplo, deixou em maio a pris\u00e3o \u2014 ele estava detido em uma cela especial em Alagoas, seu Estado de origem \u2014 e passou a cumprir pena em regime domiciliar, por decis\u00e3o de Moraes.<\/p>\n<\/div>\n<figure class=\"bbc-1qn0xuy\">\n<div class=\"bbc-1gbs0ve\"><img data-recalc-dims=\"1\" loading=\"lazy\" decoding=\"async\" class=\"bbc-139onq\" src=\"https:\/\/i0.wp.com\/ichef.bbci.co.uk\/ace\/ws\/640\/cpsprodpb\/482f\/live\/bad12d20-8fc7-11f0-84c8-99de564f0440.png.webp?resize=600%2C430&#038;ssl=1\" sizes=\"auto, (min-width: 1008px) 760px, 100vw\" srcset=\"https:\/\/ichef.bbci.co.uk\/ace\/ws\/240\/cpsprodpb\/482f\/live\/bad12d20-8fc7-11f0-84c8-99de564f0440.png.webp 240w, https:\/\/ichef.bbci.co.uk\/ace\/ws\/320\/cpsprodpb\/482f\/live\/bad12d20-8fc7-11f0-84c8-99de564f0440.png.webp 320w, https:\/\/ichef.bbci.co.uk\/ace\/ws\/480\/cpsprodpb\/482f\/live\/bad12d20-8fc7-11f0-84c8-99de564f0440.png.webp 480w, https:\/\/ichef.bbci.co.uk\/ace\/ws\/624\/cpsprodpb\/482f\/live\/bad12d20-8fc7-11f0-84c8-99de564f0440.png.webp 624w, https:\/\/ichef.bbci.co.uk\/ace\/ws\/800\/cpsprodpb\/482f\/live\/bad12d20-8fc7-11f0-84c8-99de564f0440.png.webp 800w\" alt=\"\u00c1rea externa na Papuda com cones e militares armados fazendo seguran\u00e7a do local \" width=\"600\" height=\"430\" \/><\/p>\n<p class=\"bbc-by8ykd\" role=\"text\"><span class=\"bbc-m04vo2\">CR\u00c9DITO, <\/span><span lang=\"en-GB\">WILSON DIAS\/AG\u00caNCIA BRASIL<\/span><\/p>\n<\/div><figcaption class=\"bbc-15f1ujd\" dir=\"ltr\"><span role=\"text\"><span class=\"bbc-m04vo2\">Legenda da foto, <\/span><span data-testid=\"caption-paragraph\">\u00c1rea externa na Papuda em foto de 2020; local \u00e9 um dos levantados como possibilidade para pris\u00e3o do ex-presidente<\/span><\/span><\/figcaption><\/figure>\n<div class=\"bbc-19j92fr ebmt73l0\" dir=\"ltr\">\n<h2 id=\"Por-que-Bolsonaro-foi-condenado\" class=\"bbc-1lgzob2 eglt09e0\" tabindex=\"-1\">Por que Bolsonaro foi condenado?<\/h2>\n<\/div>\n<div class=\"bbc-19j92fr ebmt73l0\" dir=\"ltr\">\n<p class=\"bbc-hhl7in e17g058b0\" dir=\"ltr\">Bolsonaro foi condenado por sua tentativa de se manter no poder ap\u00f3s perder a elei\u00e7\u00e3o para o presidente Luiz In\u00e1cio Lula da Silva (PT) em 2022.<\/p>\n<\/div>\n<div class=\"bbc-19j92fr ebmt73l0\" dir=\"ltr\">\n<p class=\"bbc-hhl7in e17g058b0\" dir=\"ltr\">O ex-presidente foi condenado a 27 anos e 3 meses de pris\u00e3o pelos crimes de:<\/p>\n<\/div>\n<div class=\"etpldq00 bbc-oa9drk ebmt73l0\" dir=\"ltr\">\n<ul class=\"bbc-1lxq1jn\" role=\"list\">\n<li class=\"bbc-1maxgwy\" role=\"listitem\">Organiza\u00e7\u00e3o criminosa;<\/li>\n<li class=\"bbc-1maxgwy\" role=\"listitem\">Tentativa de aboli\u00e7\u00e3o violenta do Estado democr\u00e1tico de direito;<\/li>\n<li class=\"bbc-1maxgwy\" role=\"listitem\">Golpe de Estado;<\/li>\n<li class=\"bbc-1maxgwy\" role=\"listitem\">Dano contra o patrim\u00f4nio da Uni\u00e3o;<\/li>\n<li class=\"bbc-1maxgwy\" role=\"listitem\">Deteriora\u00e7\u00e3o de patrim\u00f4nio tombado.<\/li>\n<\/ul>\n<\/div>\n<div class=\"bbc-19j92fr ebmt73l0\" dir=\"ltr\">\n<p class=\"bbc-hhl7in e17g058b0\" dir=\"ltr\">O julgamento marca a primeira vez em que um ex-presidente e militares de alta patente foram julgados por atentar contra o Estado democr\u00e1tico de direito.<\/p>\n<\/div>\n<div class=\"bbc-19j92fr ebmt73l0\" dir=\"ltr\">\n<p class=\"bbc-hhl7in e17g058b0\" dir=\"ltr\">A defesa do ex-presidente disse considerar as penas impostas &#8220;absurdamente excessivas e desproporcionais&#8221; e afirmou que recorrer\u00e1 delas, &#8220;inclusive no \u00e2mbito internacional&#8221;.<\/p>\n<\/div>\n<div class=\"bbc-19j92fr ebmt73l0\" dir=\"ltr\">\n<p class=\"bbc-hhl7in e17g058b0\" dir=\"ltr\">Bolsonaro foi condenado pela Primeira Turma do STF com placar de 4 a 1.<\/p>\n<\/div>\n<div class=\"bbc-19j92fr ebmt73l0\" dir=\"ltr\">\n<p class=\"bbc-hhl7in e17g058b0\" dir=\"ltr\">\u00c9 a primeira vez na hist\u00f3ria do Brasil que um ex-presidente \u00e9 punido por golpe de Estado.<\/p>\n<\/div>\n<div class=\"bbc-19j92fr ebmt73l0\" dir=\"ltr\">\n<p class=\"bbc-hhl7in e17g058b0\" dir=\"ltr\"><a class=\"focusIndicatorReducedWidth bbc-n8oauk e1p3sufg0\" href=\"https:\/\/www.bbc.com\/portuguese\/articles\/cn8438yvy53o\"><i class=\"bbc-h1y5j7 eih42320\">Relembre aqui a trajet\u00f3ria de Bolsonaro, do sonho do Ex\u00e9rcito \u00e0 condena\u00e7\u00e3o por golpe<\/i><\/a><\/p>\n<\/div>\n<figure class=\"media-container bbc-1hu5uc3\" data-e2e=\"media-loader__container\">\n<div class=\"bbc-145siv3\" data-e2e=\"media-loader__placeholder\">\n<div class=\"bbc-2ty1t2\" data-e2e=\"media-player__guidance\"><\/div>\n<p><button class=\"focusIndicatorRemove bbc-c2c21w\" type=\"button\"><\/button><button class=\"focusIndicatorRemove bbc-c2c21w\" type=\"button\"><span class=\"bbc-m04vo2\">Play video, &#8220;Bolsonaro condenado por golpe: a trajet\u00f3ria do ex-presidente, do sonho militar ao julgamento no STF&#8221;, Duration 9,51<\/span><\/button><\/p>\n<div class=\"bbc-7qcky8\" aria-hidden=\"true\"><\/div>\n<p><button class=\"focusIndicatorRemove bbc-c2c21w\" type=\"button\"><time class=\"bbc-digyti\" datetime=\"PT9M51S\" aria-hidden=\"true\">09:51<\/time><\/button><\/p>\n<div class=\"bbc-1u8k02r\"><img data-recalc-dims=\"1\" decoding=\"async\" class=\"bbc-ipdj63\" src=\"https:\/\/i0.wp.com\/ichef.bbci.co.uk\/images\/ic\/512xn\/p0m2dkwp.jpg.webp?w=600&#038;ssl=1\" srcset=\"https:\/\/ichef.bbci.co.uk\/images\/ic\/240xn\/p0m2dkwp.jpg.webp 240w, https:\/\/ichef.bbci.co.uk\/images\/ic\/320xn\/p0m2dkwp.jpg.webp 320w, https:\/\/ichef.bbci.co.uk\/images\/ic\/480xn\/p0m2dkwp.jpg.webp 480w, https:\/\/ichef.bbci.co.uk\/images\/ic\/624xn\/p0m2dkwp.jpg.webp 624w, https:\/\/ichef.bbci.co.uk\/images\/ic\/800xn\/p0m2dkwp.jpg.webp 800w\" alt=\"\" \/><\/div>\n<\/div><figcaption class=\"bbc-1014vxl\" dir=\"ltr\"><span role=\"text\"><span class=\"bbc-m04vo2\">Legenda do v\u00eddeo, <\/span><span data-testid=\"caption-paragraph\">Bolsonaro condenado por golpe: a trajet\u00f3ria do ex-presidente, do sonho militar ao julgamento no STF<\/span><\/span><\/figcaption><\/figure>\n<div class=\"bbc-19j92fr ebmt73l0\" dir=\"ltr\">\n<h2 id=\"Por-quanto-tempo-Bolsonaro-fica-ineleg\u00edvel\" class=\"bbc-1lgzob2 eglt09e0\" tabindex=\"-1\">Por quanto tempo Bolsonaro fica ineleg\u00edvel?<\/h2>\n<\/div>\n<div class=\"bbc-19j92fr ebmt73l0\" dir=\"ltr\">\n<p class=\"bbc-hhl7in e17g058b0\" dir=\"ltr\">Pelos crit\u00e9rios da Lei da Ficha Limpa, o ex-presidente ficar\u00e1 ineleg\u00edvel desde o momento da condena\u00e7\u00e3o at\u00e9 oito anos ap\u00f3s o t\u00e9rmino do cumprimento da pena.<\/p>\n<\/div>\n<div class=\"bbc-19j92fr ebmt73l0\" dir=\"ltr\">\n<p class=\"bbc-hhl7in e17g058b0\" dir=\"ltr\">A situa\u00e7\u00e3o foi ressaltada pelo STF pouco antes da proclama\u00e7\u00e3o do resultado.<\/p>\n<\/div>\n<div class=\"bbc-19j92fr ebmt73l0\" dir=\"ltr\">\n<p class=\"bbc-hhl7in e17g058b0\" dir=\"ltr\">Bolsonaro, no entanto, j\u00e1 estava ineleg\u00edvel anteriormente gra\u00e7as a uma condena\u00e7\u00e3o no Tribunal Superior Eleitoral por &#8220;abuso de poder pol\u00edtico e uso indevido dos meios de comunica\u00e7\u00e3o durante reuni\u00e3o realizada no Pal\u00e1cio da Alvorada com embaixadores estrangeiros no dia 18 de julho do ano passado&#8221;.<\/p>\n<\/div>\n<div class=\"bbc-19j92fr ebmt73l0\" dir=\"ltr\">\n<p class=\"bbc-hhl7in e17g058b0\" dir=\"ltr\">Por essa condena\u00e7\u00e3o na Justi\u00e7a Eleitoral, Bolsonaro j\u00e1 estaria ineleg\u00edvel de qualquer maneira at\u00e9 2030.<\/p>\n<\/div>\n<div class=\"bbc-19j92fr ebmt73l0\" dir=\"ltr\">\n<h2 id=\"O-que-disse-governo-Trump-sobre-condena\u00e7\u00e3o-de-Bolsonaro\" class=\"bbc-1lgzob2 eglt09e0\" tabindex=\"-1\">O que disse governo Trump sobre condena\u00e7\u00e3o de Bolsonaro?<\/h2>\n<\/div>\n<div class=\"bbc-19j92fr ebmt73l0\" dir=\"ltr\">\n<p class=\"bbc-hhl7in e17g058b0\" dir=\"ltr\">O secret\u00e1rio de Estado americano, Marco Rubio, comentou a condena\u00e7\u00e3o de Jair Bolsonaro e afirmou que <a class=\"focusIndicatorReducedWidth bbc-n8oauk e1p3sufg0\" href=\"https:\/\/www.bbc.com\/portuguese\/articles\/cewn5wxnzw7o\">o governo dos EUA dar\u00e1 &#8220;resposta \u00e0 altura&#8221;.<\/a><\/p>\n<\/div>\n<div class=\"bbc-19j92fr ebmt73l0\" dir=\"ltr\">\n<p class=\"bbc-hhl7in e17g058b0\" dir=\"ltr\">Em postagem no X na quinta-feira, Rubio repetiu o presidente americano, Donald Trump, classificando o processo contra Bolsonaro de &#8220;ca\u00e7a \u00e0s bruxas&#8221;.<\/p>\n<\/div>\n<div class=\"bbc-19j92fr ebmt73l0\" dir=\"ltr\">\n<p class=\"bbc-hhl7in e17g058b0\" dir=\"ltr\">&#8220;As persegui\u00e7\u00f5es pol\u00edticas pelo violador de direitos humanos e alvo de san\u00e7\u00f5es Alexandre de Moraes continuam, enquanto ele e outros no Supremo Tribunal do Brasil decidiram injustamente prender o ex-presidente Jair Bolsonaro. Os Estados Unidos dar\u00e3o resposta \u00e0 altura a essa ca\u00e7a \u00e0s bruxas&#8221;, afirmou Rubio.<\/p>\n<\/div>\n<div class=\"bbc-19j92fr ebmt73l0\" dir=\"ltr\">\n<p class=\"bbc-hhl7in e17g058b0\" dir=\"ltr\">O Itamaraty respondeu \u00e0 publica\u00e7\u00e3o de Rubio dizendo que amea\u00e7as &#8220;n\u00e3o intimidar\u00e3o&#8221; a democracia brasileira.<\/p>\n<\/div>\n<div class=\"bbc-19j92fr ebmt73l0\" dir=\"ltr\">\n<p class=\"bbc-hhl7in e17g058b0\" dir=\"ltr\">&#8220;O Poder Judici\u00e1rio brasileiro julgou, com a independ\u00eancia que lhe assegura a Constitui\u00e7\u00e3o de 1988, os primeiros acusados pela frustrada tentativa de golpe de Estado, que tiveram amplo direito de defesa. As institui\u00e7\u00f5es democr\u00e1ticas brasileiras deram sua resposta ao golpismo&#8221;, escreveu o Minist\u00e9rio das Rela\u00e7\u00f5es Exteriores.<\/p>\n<\/div>\n<div class=\"bbc-19j92fr ebmt73l0\" dir=\"ltr\">\n<h2 id=\"O-que-disse-a-imprensa-internacional\" class=\"bbc-1lgzob2 eglt09e0\" tabindex=\"-1\">O que disse a imprensa internacional?<\/h2>\n<\/div>\n<div class=\"bbc-19j92fr ebmt73l0\" dir=\"ltr\">\n<p class=\"bbc-hhl7in e17g058b0\" dir=\"ltr\">A condena\u00e7\u00e3o de Bolsonaro foi destaque de capa nos principais jornais e revistas do mundo nesta sexta-feira (12\/9).<\/p>\n<\/div>\n<div class=\"bbc-19j92fr ebmt73l0\" dir=\"ltr\">\n<p class=\"bbc-hhl7in e17g058b0\" dir=\"ltr\">&#8220;Quatro anos atr\u00e1s, Jair Bolsonaro, ent\u00e3o presidente do Brasil, fez uma promessa. Em declara\u00e7\u00f5es a l\u00edderes evang\u00e9licos, o ex-capit\u00e3o do Ex\u00e9rcito disse que sua campanha de reelei\u00e7\u00e3o em 2022 s\u00f3 poderia terminar em pris\u00e3o, morte ou vit\u00f3ria. &#8216;E pode ter certeza de que a primeira op\u00e7\u00e3o n\u00e3o existe&#8217;, disse ele. Ele estava errado&#8221;, escreve a revista brit\u00e2nica The Economist.<\/p>\n<\/div>\n<div class=\"bbc-19j92fr ebmt73l0\" dir=\"ltr\">\n<p class=\"bbc-hhl7in e17g058b0\" dir=\"ltr\">O jornal americano Wall Street Journal destacou que a condena\u00e7\u00e3o de Bolsonaro pela Justi\u00e7a brasileira &#8220;desafia os esfor\u00e7os do presidente Trump para sabotar um caso que eletrizou o maior pa\u00eds da Am\u00e9rica Latina e colocou o Brasil no centro da guerra comercial do governo americano&#8221;. E noticiou que o governo americano pensa em retaliar o Brasil por causa da decis\u00e3o do julgamento.<\/p>\n<\/div>\n<div class=\"bbc-19j92fr ebmt73l0\" dir=\"ltr\">\n<p class=\"bbc-hhl7in e17g058b0\" dir=\"ltr\">O jornal americano New York Times disse que a condena\u00e7\u00e3o &#8220;\u00e9 um marco para a maior na\u00e7\u00e3o da Am\u00e9rica Latina&#8221;.<\/p>\n<\/div>\n<div class=\"bbc-19j92fr ebmt73l0\" dir=\"ltr\">\n<p class=\"bbc-hhl7in e17g058b0\" dir=\"ltr\">&#8220;Em pelo menos 15 golpes e tentativas de golpe com liga\u00e7\u00f5es militares desde que o Brasil derrubou a monarquia em 1889, a quinta-feira marcou a primeira vez que os l\u00edderes de uma dessas conspira\u00e7\u00f5es foram condenados&#8221;, diz o New York Times.<\/p>\n<\/div>\n<p dir=\"ltr\">\n<\/div>\n","protected":false},"excerpt":{"rendered":"<p>La\u00eds Allegreti, Da BBC News Brasil em Londres &#8211; Onde o ex-presidente Jair Bolsonaro (PL) cumprir\u00e1 sua pena ap\u00f3s ser condenado a 27 anos e tr\u00eas meses de pris\u00e3o por golpe de Estado e mais quatro crimes?<\/p>\n","protected":false},"author":1,"featured_media":0,"comment_status":"closed","ping_status":"open","sticky":false,"template":"","format":"standard","meta":{"_exactmetrics_skip_tracking":false,"_exactmetrics_sitenote_active":false,"_exactmetrics_sitenote_note":"","_exactmetrics_sitenote_category":0,"jetpack_post_was_ever_published":false,"_jetpack_newsletter_access":"","_jetpack_dont_email_post_to_subs":false,"_jetpack_newsletter_tier_id":0,"_jetpack_memberships_contains_paywalled_content":false,"_jetpack_memberships_contains_paid_content":false,"footnotes":"","jetpack_publicize_message":"","jetpack_publicize_feature_enabled":true,"jetpack_social_post_already_shared":true,"jetpack_social_options":{"image_generator_settings":{"template":"highway","enabled":false},"version":2}},"categories":[1],"tags":[53,909,449,42],"class_list":["post-37449","post","type-post","status-publish","format-standard","hentry","category-notas","tag-bolsonaro","tag-condenacao","tag-militares","tag-prisao"],"jetpack_publicize_connections":[],"jetpack_sharing_enabled":true,"jetpack_featured_media_url":"","jetpack_shortlink":"https:\/\/wp.me\/p7wKYW-9K1","jetpack-related-posts":[],"_links":{"self":[{"href":"http:\/\/blogdalucianaoliveira.com.br\/blog\/wp-json\/wp\/v2\/posts\/37449","targetHints":{"allow":["GET"]}}],"collection":[{"href":"http:\/\/blogdalucianaoliveira.com.br\/blog\/wp-json\/wp\/v2\/posts"}],"about":[{"href":"http:\/\/blogdalucianaoliveira.com.br\/blog\/wp-json\/wp\/v2\/types\/post"}],"author":[{"embeddable":true,"href":"http:\/\/blogdalucianaoliveira.com.br\/blog\/wp-json\/wp\/v2\/users\/1"}],"replies":[{"embeddable":true,"href":"http:\/\/blogdalucianaoliveira.com.br\/blog\/wp-json\/wp\/v2\/comments?post=37449"}],"version-history":[{"count":1,"href":"http:\/\/blogdalucianaoliveira.com.br\/blog\/wp-json\/wp\/v2\/posts\/37449\/revisions"}],"predecessor-version":[{"id":37451,"href":"http:\/\/blogdalucianaoliveira.com.br\/blog\/wp-json\/wp\/v2\/posts\/37449\/revisions\/37451"}],"wp:attachment":[{"href":"http:\/\/blogdalucianaoliveira.com.br\/blog\/wp-json\/wp\/v2\/media?parent=37449"}],"wp:term":[{"taxonomy":"category","embeddable":true,"href":"http:\/\/blogdalucianaoliveira.com.br\/blog\/wp-json\/wp\/v2\/categories?post=37449"},{"taxonomy":"post_tag","embeddable":true,"href":"http:\/\/blogdalucianaoliveira.com.br\/blog\/wp-json\/wp\/v2\/tags?post=37449"}],"curies":[{"name":"wp","href":"https:\/\/api.w.org\/{rel}","templated":true}]}}