{"id":37452,"date":"2025-09-12T14:15:22","date_gmt":"2025-09-12T18:15:22","guid":{"rendered":"https:\/\/blogdalucianaoliveira.com.br\/blog\/?p=37452"},"modified":"2025-09-12T14:15:22","modified_gmt":"2025-09-12T18:15:22","slug":"claudia-de-jesus-pede-pavimentacao-de-rodovias-que-ligam-ouro-preto-do-oeste-a-rondominas","status":"publish","type":"post","link":"http:\/\/blogdalucianaoliveira.com.br\/blog\/2025\/09\/12\/claudia-de-jesus-pede-pavimentacao-de-rodovias-que-ligam-ouro-preto-do-oeste-a-rondominas\/","title":{"rendered":"Cl\u00e1udia de Jesus pede pavimenta\u00e7\u00e3o de rodovias que ligam Ouro Preto do Oeste a Rondominas"},"content":{"rendered":"<p><img data-recalc-dims=\"1\" loading=\"lazy\" decoding=\"async\" data-attachment-id=\"37453\" data-permalink=\"http:\/\/blogdalucianaoliveira.com.br\/blog\/2025\/09\/12\/claudia-de-jesus-pede-pavimentacao-de-rodovias-que-ligam-ouro-preto-do-oeste-a-rondominas\/img_7030\/\" data-orig-file=\"https:\/\/i0.wp.com\/blogdalucianaoliveira.com.br\/blog\/wp-content\/uploads\/2025\/09\/IMG_7030.jpeg?fit=1050%2C700\" data-orig-size=\"1050,700\" data-comments-opened=\"0\" data-image-meta=\"{&quot;aperture&quot;:&quot;2.8&quot;,&quot;credit&quot;:&quot;&quot;,&quot;camera&quot;:&quot;Canon EOS 5D Mark III&quot;,&quot;caption&quot;:&quot;&quot;,&quot;created_timestamp&quot;:&quot;1757439585&quot;,&quot;copyright&quot;:&quot;&quot;,&quot;focal_length&quot;:&quot;190&quot;,&quot;iso&quot;:&quot;3200&quot;,&quot;shutter_speed&quot;:&quot;0.00625&quot;,&quot;title&quot;:&quot;&quot;,&quot;orientation&quot;:&quot;0&quot;}\" data-image-title=\"IMG_7030\" data-image-description=\"\" data-image-caption=\"\" data-medium-file=\"https:\/\/i0.wp.com\/blogdalucianaoliveira.com.br\/blog\/wp-content\/uploads\/2025\/09\/IMG_7030.jpeg?fit=300%2C200\" data-large-file=\"https:\/\/i0.wp.com\/blogdalucianaoliveira.com.br\/blog\/wp-content\/uploads\/2025\/09\/IMG_7030.jpeg?fit=600%2C400\" class=\"alignnone size-medium wp-image-37453\" src=\"https:\/\/i0.wp.com\/blogdalucianaoliveira.com.br\/blog\/wp-content\/uploads\/2025\/09\/IMG_7030.jpeg?resize=300%2C200\" alt=\"\" width=\"300\" height=\"200\" srcset=\"https:\/\/i0.wp.com\/blogdalucianaoliveira.com.br\/blog\/wp-content\/uploads\/2025\/09\/IMG_7030.jpeg?resize=300%2C200 300w, https:\/\/i0.wp.com\/blogdalucianaoliveira.com.br\/blog\/wp-content\/uploads\/2025\/09\/IMG_7030.jpeg?resize=1024%2C683 1024w, https:\/\/i0.wp.com\/blogdalucianaoliveira.com.br\/blog\/wp-content\/uploads\/2025\/09\/IMG_7030.jpeg?resize=768%2C512 768w, https:\/\/i0.wp.com\/blogdalucianaoliveira.com.br\/blog\/wp-content\/uploads\/2025\/09\/IMG_7030.jpeg?resize=450%2C300 450w, https:\/\/i0.wp.com\/blogdalucianaoliveira.com.br\/blog\/wp-content\/uploads\/2025\/09\/IMG_7030.jpeg?w=1050 1050w\" sizes=\"auto, (max-width: 300px) 100vw, 300px\" \/><\/p>\n<div style=\"text-align: left;\"><strong><em>Deputada cobra do DER obras em tr\u00eas trechos fundamentais para a seguran\u00e7a.<\/em><\/strong><\/div>\n<p><!--more--><\/p>\n<div>A deputada estadual Cl\u00e1udia de Jesus (PT) indicou ao Departamento Estadual de Estradas de Rodagem e Transportes (DER) a necessidade urgente de pavimenta\u00e7\u00e3o das rodovias RO-470, RO-133 e RO-474, que ligam o munic\u00edpio de Ouro Preto do Oeste ao distrito de Rondominas.<\/div>\n<div><\/div>\n<div>\u00a0Segundo a parlamentar, a condi\u00e7\u00e3o prec\u00e1ria dessas vias compromete a seguran\u00e7a dos motoristas, aumenta os custos de transporte e prejudica o escoamento da produ\u00e7\u00e3o agr\u00edcola e de bens essenciais \u00e0 economia local. Al\u00e9m disso, a falta de pavimenta\u00e7\u00e3o impacta diretamente a mobilidade da popula\u00e7\u00e3o que depende diariamente da rodovia.<\/div>\n<div><\/div>\n<div>Cl\u00e1udia de Jesus ressaltou que a obra \u00e9 estrat\u00e9gica para o desenvolvimento regional e precisa ser tratada como prioridade pelo Governo do Estado. \u201cA pavimenta\u00e7\u00e3o das rodovias que ligam Ouro Preto a Rondominas \u00e9 uma demanda urgente. Estamos falando de seguran\u00e7a para os moradores e de oportunidades de crescimento econ\u00f4mico para toda a regi\u00e3o\u201d, destacou a deputada.<\/div>\n<div><\/div>\n<div><b>Assessoria Parlamentar<\/b><\/div>\n","protected":false},"excerpt":{"rendered":"<p>Deputada cobra do DER obras em tr\u00eas trechos fundamentais para a seguran\u00e7a.<\/p>\n","protected":false},"author":1,"featured_media":0,"comment_status":"closed","ping_status":"open","sticky":false,"template":"","format":"standard","meta":{"_exactmetrics_skip_tracking":false,"_exactmetrics_sitenote_active":false,"_exactmetrics_sitenote_note":"","_exactmetrics_sitenote_category":0,"jetpack_post_was_ever_published":false,"_jetpack_newsletter_access":"","_jetpack_dont_email_post_to_subs":false,"_jetpack_newsletter_tier_id":0,"_jetpack_memberships_contains_paywalled_content":false,"_jetpack_memberships_contains_paid_content":false,"footnotes":"","jetpack_publicize_message":"","jetpack_publicize_feature_enabled":true,"jetpack_social_post_already_shared":true,"jetpack_social_options":{"image_generator_settings":{"template":"highway","enabled":false},"version":2}},"categories":[1],"tags":[1429,1484],"class_list":["post-37452","post","type-post","status-publish","format-standard","hentry","category-notas","tag-deputada-claudia-de-jesus","tag-pavimentacao"],"jetpack_publicize_connections":[],"jetpack_sharing_enabled":true,"jetpack_featured_media_url":"","jetpack_shortlink":"https:\/\/wp.me\/p7wKYW-9K4","jetpack-related-posts":[],"_links":{"self":[{"href":"http:\/\/blogdalucianaoliveira.com.br\/blog\/wp-json\/wp\/v2\/posts\/37452","targetHints":{"allow":["GET"]}}],"collection":[{"href":"http:\/\/blogdalucianaoliveira.com.br\/blog\/wp-json\/wp\/v2\/posts"}],"about":[{"href":"http:\/\/blogdalucianaoliveira.com.br\/blog\/wp-json\/wp\/v2\/types\/post"}],"author":[{"embeddable":true,"href":"http:\/\/blogdalucianaoliveira.com.br\/blog\/wp-json\/wp\/v2\/users\/1"}],"replies":[{"embeddable":true,"href":"http:\/\/blogdalucianaoliveira.com.br\/blog\/wp-json\/wp\/v2\/comments?post=37452"}],"version-history":[{"count":1,"href":"http:\/\/blogdalucianaoliveira.com.br\/blog\/wp-json\/wp\/v2\/posts\/37452\/revisions"}],"predecessor-version":[{"id":37454,"href":"http:\/\/blogdalucianaoliveira.com.br\/blog\/wp-json\/wp\/v2\/posts\/37452\/revisions\/37454"}],"wp:attachment":[{"href":"http:\/\/blogdalucianaoliveira.com.br\/blog\/wp-json\/wp\/v2\/media?parent=37452"}],"wp:term":[{"taxonomy":"category","embeddable":true,"href":"http:\/\/blogdalucianaoliveira.com.br\/blog\/wp-json\/wp\/v2\/categories?post=37452"},{"taxonomy":"post_tag","embeddable":true,"href":"http:\/\/blogdalucianaoliveira.com.br\/blog\/wp-json\/wp\/v2\/tags?post=37452"}],"curies":[{"name":"wp","href":"https:\/\/api.w.org\/{rel}","templated":true}]}}