{"id":37455,"date":"2025-09-12T18:22:10","date_gmt":"2025-09-12T22:22:10","guid":{"rendered":"https:\/\/blogdalucianaoliveira.com.br\/blog\/?p=37455"},"modified":"2025-09-12T18:22:10","modified_gmt":"2025-09-12T22:22:10","slug":"os-quadros-as-bebidas-e-o-bone-trumpista-de-nelson-wilians","status":"publish","type":"post","link":"http:\/\/blogdalucianaoliveira.com.br\/blog\/2025\/09\/12\/os-quadros-as-bebidas-e-o-bone-trumpista-de-nelson-wilians\/","title":{"rendered":"OS QUADROS, AS BEBIDAS E O BON\u00c9 TRUMPISTA DE NELSON WILIANS"},"content":{"rendered":"<p><img data-recalc-dims=\"1\" loading=\"lazy\" decoding=\"async\" data-attachment-id=\"37456\" data-permalink=\"http:\/\/blogdalucianaoliveira.com.br\/blog\/2025\/09\/12\/os-quadros-as-bebidas-e-o-bone-trumpista-de-nelson-wilians\/img_7031\/\" data-orig-file=\"https:\/\/i0.wp.com\/blogdalucianaoliveira.com.br\/blog\/wp-content\/uploads\/2025\/09\/IMG_7031.jpeg?fit=1600%2C1104\" data-orig-size=\"1600,1104\" data-comments-opened=\"0\" data-image-meta=\"{&quot;aperture&quot;:&quot;0&quot;,&quot;credit&quot;:&quot;&quot;,&quot;camera&quot;:&quot;&quot;,&quot;caption&quot;:&quot;&quot;,&quot;created_timestamp&quot;:&quot;0&quot;,&quot;copyright&quot;:&quot;&quot;,&quot;focal_length&quot;:&quot;0&quot;,&quot;iso&quot;:&quot;0&quot;,&quot;shutter_speed&quot;:&quot;0&quot;,&quot;title&quot;:&quot;&quot;,&quot;orientation&quot;:&quot;0&quot;}\" data-image-title=\"IMG_7031\" data-image-description=\"\" data-image-caption=\"\" data-medium-file=\"https:\/\/i0.wp.com\/blogdalucianaoliveira.com.br\/blog\/wp-content\/uploads\/2025\/09\/IMG_7031.jpeg?fit=300%2C207\" data-large-file=\"https:\/\/i0.wp.com\/blogdalucianaoliveira.com.br\/blog\/wp-content\/uploads\/2025\/09\/IMG_7031.jpeg?fit=600%2C414\" class=\"alignnone size-medium wp-image-37456\" src=\"https:\/\/i0.wp.com\/blogdalucianaoliveira.com.br\/blog\/wp-content\/uploads\/2025\/09\/IMG_7031.jpeg?resize=300%2C207\" alt=\"\" width=\"300\" height=\"207\" srcset=\"https:\/\/i0.wp.com\/blogdalucianaoliveira.com.br\/blog\/wp-content\/uploads\/2025\/09\/IMG_7031.jpeg?resize=300%2C207 300w, https:\/\/i0.wp.com\/blogdalucianaoliveira.com.br\/blog\/wp-content\/uploads\/2025\/09\/IMG_7031.jpeg?resize=1024%2C707 1024w, https:\/\/i0.wp.com\/blogdalucianaoliveira.com.br\/blog\/wp-content\/uploads\/2025\/09\/IMG_7031.jpeg?resize=768%2C530 768w, https:\/\/i0.wp.com\/blogdalucianaoliveira.com.br\/blog\/wp-content\/uploads\/2025\/09\/IMG_7031.jpeg?resize=1536%2C1060 1536w, https:\/\/i0.wp.com\/blogdalucianaoliveira.com.br\/blog\/wp-content\/uploads\/2025\/09\/IMG_7031.jpeg?resize=435%2C300 435w, https:\/\/i0.wp.com\/blogdalucianaoliveira.com.br\/blog\/wp-content\/uploads\/2025\/09\/IMG_7031.jpeg?w=1600 1600w, https:\/\/i0.wp.com\/blogdalucianaoliveira.com.br\/blog\/wp-content\/uploads\/2025\/09\/IMG_7031.jpeg?w=1200 1200w\" sizes=\"auto, (max-width: 300px) 100vw, 300px\" \/><\/p>\n<h2 class=\"main__noticia--desc noticia__header--info\">O que a Pol\u00edcia Federal apreendeu na mans\u00e3o do advogado da ostenta\u00e7\u00e3o, suspeito de ter lavado dinheiro para um dos principais investigados no esc\u00e2ndalo do INSS<\/h2>\n<p><!--more--><\/p>\n<div class=\"noticia__header--autor\"><span class=\"noticia__header--autor--nome\"><span class=\"noticia__header--autor--nome\">Breno Pires, na Revista Piau\u00ed &#8211; N<\/span><\/span>a manh\u00e3 desta sexta-feira (12), agentes da Pol\u00edcia Federal encheram viaturas com obras de arte, esculturas de bronze, rel\u00f3gios e garrafas de destilados no Jardim Europa, bairro da Zona Oeste de S\u00e3o Paulo. A apreens\u00e3o de luxo se deu na mans\u00e3o do advogado Nelson Wilians, <a href=\"https:\/\/piaui.folha.uol.com.br\/materia\/o-advogado-ostentacao\/\">um dos mais afortunados da advocacia nacional<\/a>, conhecido por exibir de forma desinibida sua riqueza nas redes sociais. Entre as obras de arte apreendidas pela PF estavam cinco quadros com a assinatura do pintor Di Cavalcanti (1897-1976), que costumam ser disputados em leil\u00f5es por milh\u00f5es de reais \u2013 isso, claro, se forem verdadeiros, o que ser\u00e1 avaliado por per\u00edcia. A pol\u00edcia suspeita de que o faustoso patrim\u00f4nio de Wilians deriva, em parte, do dinheiro que foi desviado de aposentados e pensionistas, ao longo de anos, no esc\u00e2ndalo do INSS.<\/p>\n<div>\n<p>Trata-se de uma nova fase da Opera\u00e7\u00e3o Sem Desconto, que foi deflagrada em abril, revelando pela primeira vez o esquema fraudulento que desviou bilh\u00f5es de reais. Nesta sexta-feira (12), al\u00e9m de cumprir mandados de busca e apreens\u00e3o contra Wilians, a PF prendeu Ant\u00f4nio Carlos Camilo Antunes \u2013 conhecido como o Careca do INSS \u2013 e Maur\u00edcio Camisotti, empres\u00e1rio que controla tr\u00eas associa\u00e7\u00f5es diretamente implicadas nas fraudes: Ambec, Cebap e Unsbras. S\u00e3o entidades que faziam descontos nos contracheques de aposentados e pensionistas sem o consentimento deles, segundo as investiga\u00e7\u00f5es da PF. As medidas foram autorizadas pelo ministro Andr\u00e9 Mendon\u00e7a, relator do caso no Supremo Tribunal Federal (STF).<\/p>\n<\/div>\n<div>\n<p>O Careca do INSS \u00e9 acusado de ser o principal operador financeiro por tr\u00e1s dos desvios de aposentadorias. A participa\u00e7\u00e3o de Camisotti tamb\u00e9m j\u00e1 havia sido fartamente documentada pela Pol\u00edcia Federal. A novidade \u00e9 Wilians. Embora algumas movimenta\u00e7\u00f5es financeiras suas j\u00e1 tivessem aparecido em relat\u00f3rios do Coaf inclu\u00eddos no inqu\u00e9rito, o advogado n\u00e3o constava formalmente como investigado. Agora, seu nome aparece na representa\u00e7\u00e3o da PF como parte da engrenagem que movimentou bilh\u00f5es de reais em descontos indevidos do INSS. Planos de sa\u00fade e sites de apostas est\u00e3o entre os clientes multimilion\u00e1rios do escrit\u00f3rio de Wilians.<\/p>\n<div id=\"piaui-1781068364\" class=\"piaui-interna-001\">\n<div id=\"banner-300x250-incremental-3\" data-google-query-id=\"CI7q5rKg1I8DFbVc3QIdva8ATA\">\n<div>\n<p>A PF suspeita de que o advogado seja s\u00f3cio oculto de Camisotti nas associa\u00e7\u00f5es que operaram os desvios de recursos. Foram encontradas transa\u00e7\u00f5es financeiras entre os dois, somando pelo menos 28 milh\u00f5es de reais. Os investigadores trabalham com a hip\u00f3tese de que Wilians auxiliou Camisotti a lavar dinheiro. Ex-s\u00f3cio de Wilians, o economista Fernando dos Santos Andrade Cavalcanti tamb\u00e9m foi alvo de busca e apreens\u00e3o hoje pela manh\u00e3 \u2014 uma Ferrari vermelha, de posse dele, foi apreendida pela PF.<\/p>\n<\/div>\n<div>\n<p>\u00c9 a primeira vez que a opera\u00e7\u00e3o, antes centrada em personagens de bastidores e associa\u00e7\u00f5es pouco conhecidas, alcan\u00e7a uma figura de tamanha visibilidade como Wilians. Os policiais j\u00e1 haviam se deparado com <a href=\"https:\/\/piaui.folha.uol.com.br\/uma-anotacao-explosiva-do-careca-do-inss\/\">carros de luxo<\/a> no curso da investiga\u00e7\u00e3o atribu\u00eddos ao Careca do INSS, mas a apreens\u00e3o na casa do advogado leva o caso a outro patamar da pir\u00e2mide social. Al\u00e9m das obras que podem ser de Di Cavalcanti e das bebidas de grife, os agentes empacotaram esculturas de bronze e um rifle. Em sua estante, destacava-se um bon\u00e9 vermelho com a inscri\u00e7\u00e3o <i>Make America great again <\/i>(MAGA), adere\u00e7o padr\u00e3o dos apoiadores do presidente Donald Trump.<\/p>\n<\/div>\n<div>\n<p>Em nota divulgada por sua assessoria de imprensa, Wilians disse que tem colaborado integralmente com as autoridades e confia que a apura\u00e7\u00e3o demonstrar\u00e1 sua total inoc\u00eancia. Ele diz que sua rela\u00e7\u00e3o com Camisotti \u00e9 de advogado e cliente, \u201cestritamente profissional e legal, o que ser\u00e1 comprovado de forma cabal\u201d. Ainda segundo a assessoria, \u201cos valores por ele [<i>Wilians<\/i>] transferidos [<i>a Camisotti<\/i>] referem-se \u00e0 aquisi\u00e7\u00e3o de um terreno vizinho \u00e0 sua resid\u00eancia, transa\u00e7\u00e3o l\u00edcita e de f\u00e1cil comprova\u00e7\u00e3o\u201d. A assessoria tamb\u00e9m disse \u00e0<b> piau\u00ed<\/b>que os quadros de Di Cavalcanti s\u00e3o leg\u00edtimos.<br \/>\nA defesa do empres\u00e1rio Maur\u00edcio Camisotti afirmou que n\u00e3o h\u00e1 qualquer motivo que justifique sua pris\u00e3o na investiga\u00e7\u00e3o de fraudes no INSS, e classificou de arbitr\u00e1ria a apreens\u00e3o de seu celular no momento em que falava com seu advogado. \u201cA defesa reitera que adotar\u00e1 todas as medidas legais cab\u00edveis para reverter a pris\u00e3o e assegurar o pleno respeito aos direitos e garantias fundamentais do empres\u00e1rio\u201d, diz a nota. At\u00e9 a publica\u00e7\u00e3o desta reportagem, a defesa de Ant\u00f4nio Carlos Camilo Antunes n\u00e3o havia respondido o pedido de manifesta\u00e7\u00e3o da <b>piau\u00ed<\/b>.<\/p>\n<\/div>\n<\/div>\n<\/div>\n<\/div>\n<\/div>\n","protected":false},"excerpt":{"rendered":"<p>O que a Pol\u00edcia Federal apreendeu na mans\u00e3o do advogado da ostenta\u00e7\u00e3o, suspeito de ter lavado dinheiro para um dos principais investigados no esc\u00e2ndalo do INSS<\/p>\n","protected":false},"author":1,"featured_media":0,"comment_status":"closed","ping_status":"open","sticky":false,"template":"","format":"standard","meta":{"_exactmetrics_skip_tracking":false,"_exactmetrics_sitenote_active":false,"_exactmetrics_sitenote_note":"","_exactmetrics_sitenote_category":0,"jetpack_post_was_ever_published":false,"_jetpack_newsletter_access":"","_jetpack_dont_email_post_to_subs":false,"_jetpack_newsletter_tier_id":0,"_jetpack_memberships_contains_paywalled_content":false,"_jetpack_memberships_contains_paid_content":false,"footnotes":"","jetpack_publicize_message":"","jetpack_publicize_feature_enabled":true,"jetpack_social_post_already_shared":true,"jetpack_social_options":{"image_generator_settings":{"template":"highway","enabled":false},"version":2}},"categories":[1],"tags":[],"class_list":["post-37455","post","type-post","status-publish","format-standard","hentry","category-notas"],"jetpack_publicize_connections":[],"jetpack_sharing_enabled":true,"jetpack_featured_media_url":"","jetpack_shortlink":"https:\/\/wp.me\/p7wKYW-9K7","jetpack-related-posts":[],"_links":{"self":[{"href":"http:\/\/blogdalucianaoliveira.com.br\/blog\/wp-json\/wp\/v2\/posts\/37455","targetHints":{"allow":["GET"]}}],"collection":[{"href":"http:\/\/blogdalucianaoliveira.com.br\/blog\/wp-json\/wp\/v2\/posts"}],"about":[{"href":"http:\/\/blogdalucianaoliveira.com.br\/blog\/wp-json\/wp\/v2\/types\/post"}],"author":[{"embeddable":true,"href":"http:\/\/blogdalucianaoliveira.com.br\/blog\/wp-json\/wp\/v2\/users\/1"}],"replies":[{"embeddable":true,"href":"http:\/\/blogdalucianaoliveira.com.br\/blog\/wp-json\/wp\/v2\/comments?post=37455"}],"version-history":[{"count":1,"href":"http:\/\/blogdalucianaoliveira.com.br\/blog\/wp-json\/wp\/v2\/posts\/37455\/revisions"}],"predecessor-version":[{"id":37457,"href":"http:\/\/blogdalucianaoliveira.com.br\/blog\/wp-json\/wp\/v2\/posts\/37455\/revisions\/37457"}],"wp:attachment":[{"href":"http:\/\/blogdalucianaoliveira.com.br\/blog\/wp-json\/wp\/v2\/media?parent=37455"}],"wp:term":[{"taxonomy":"category","embeddable":true,"href":"http:\/\/blogdalucianaoliveira.com.br\/blog\/wp-json\/wp\/v2\/categories?post=37455"},{"taxonomy":"post_tag","embeddable":true,"href":"http:\/\/blogdalucianaoliveira.com.br\/blog\/wp-json\/wp\/v2\/tags?post=37455"}],"curies":[{"name":"wp","href":"https:\/\/api.w.org\/{rel}","templated":true}]}}