{"id":37458,"date":"2025-09-12T20:21:47","date_gmt":"2025-09-13T00:21:47","guid":{"rendered":"https:\/\/blogdalucianaoliveira.com.br\/blog\/?p=37458"},"modified":"2025-09-12T20:24:20","modified_gmt":"2025-09-13T00:24:20","slug":"organizacoes-de-direitos-humanos-denunciam-lei-estadual-que-proibe-vacinacao-infantil-obrigatoria-e-alertam-para-o-avanco-do-negacionismo-cientifico-em-rondonia","status":"publish","type":"post","link":"http:\/\/blogdalucianaoliveira.com.br\/blog\/2025\/09\/12\/organizacoes-de-direitos-humanos-denunciam-lei-estadual-que-proibe-vacinacao-infantil-obrigatoria-e-alertam-para-o-avanco-do-negacionismo-cientifico-em-rondonia\/","title":{"rendered":"Organiza\u00e7\u00f5es de Direitos Humanos denunciam Lei que pro\u00edbe vacina\u00e7\u00e3o Infantil obrigat\u00f3ria e alertam para o avan\u00e7o do negacionismo cient\u00edfico em Rond\u00f4nia"},"content":{"rendered":"<p><img data-recalc-dims=\"1\" loading=\"lazy\" decoding=\"async\" data-attachment-id=\"37460\" data-permalink=\"http:\/\/blogdalucianaoliveira.com.br\/blog\/2025\/09\/12\/organizacoes-de-direitos-humanos-denunciam-lei-estadual-que-proibe-vacinacao-infantil-obrigatoria-e-alertam-para-o-avanco-do-negacionismo-cientifico-em-rondonia\/img_7036\/\" data-orig-file=\"https:\/\/i0.wp.com\/blogdalucianaoliveira.com.br\/blog\/wp-content\/uploads\/2025\/09\/IMG_7036.jpeg?fit=946%2C686\" data-orig-size=\"946,686\" data-comments-opened=\"0\" data-image-meta=\"{&quot;aperture&quot;:&quot;0&quot;,&quot;credit&quot;:&quot;&quot;,&quot;camera&quot;:&quot;&quot;,&quot;caption&quot;:&quot;&quot;,&quot;created_timestamp&quot;:&quot;0&quot;,&quot;copyright&quot;:&quot;&quot;,&quot;focal_length&quot;:&quot;0&quot;,&quot;iso&quot;:&quot;0&quot;,&quot;shutter_speed&quot;:&quot;0&quot;,&quot;title&quot;:&quot;&quot;,&quot;orientation&quot;:&quot;0&quot;}\" data-image-title=\"IMG_7036\" data-image-description=\"\" data-image-caption=\"\" data-medium-file=\"https:\/\/i0.wp.com\/blogdalucianaoliveira.com.br\/blog\/wp-content\/uploads\/2025\/09\/IMG_7036.jpeg?fit=300%2C218\" data-large-file=\"https:\/\/i0.wp.com\/blogdalucianaoliveira.com.br\/blog\/wp-content\/uploads\/2025\/09\/IMG_7036.jpeg?fit=600%2C435\" class=\"alignnone size-medium wp-image-37460\" src=\"https:\/\/i0.wp.com\/blogdalucianaoliveira.com.br\/blog\/wp-content\/uploads\/2025\/09\/IMG_7036.jpeg?resize=300%2C218\" alt=\"\" width=\"300\" height=\"218\" srcset=\"https:\/\/i0.wp.com\/blogdalucianaoliveira.com.br\/blog\/wp-content\/uploads\/2025\/09\/IMG_7036.jpeg?resize=300%2C218 300w, https:\/\/i0.wp.com\/blogdalucianaoliveira.com.br\/blog\/wp-content\/uploads\/2025\/09\/IMG_7036.jpeg?resize=768%2C557 768w, https:\/\/i0.wp.com\/blogdalucianaoliveira.com.br\/blog\/wp-content\/uploads\/2025\/09\/IMG_7036.jpeg?resize=414%2C300 414w, https:\/\/i0.wp.com\/blogdalucianaoliveira.com.br\/blog\/wp-content\/uploads\/2025\/09\/IMG_7036.jpeg?w=946 946w\" sizes=\"auto, (max-width: 300px) 100vw, 300px\" \/><\/p>\n<p>Da assessoria &#8211; \u00a0O Grupo de Pesquisa e Interven\u00e7\u00e3o em Direitos Humanos Mapinguari (UNIR), a Associa\u00e7\u00e3o de Pessoas com Defici\u00eancia de Porto Velho e o Centro de Defesa da Crian\u00e7a e do Adolescente Maria dos Anjos protocolaram representa\u00e7\u00e3o junto ao Minist\u00e9rio P\u00fablico de Rond\u00f4nia contra a Lei Estadual n\u00ba 5.929\/2024, que pro\u00edbe a obrigatoriedade da vacina\u00e7\u00e3o contra a Covid-19 em crian\u00e7as de 0 a 5 anos.<\/p>\n<p><!--more-->Segundo as entidades, a lei n\u00e3o apenas afronta a Constitui\u00e7\u00e3o Federal, o Estatuto da Crian\u00e7a e do Adolescente (ECA) e as normas do Sistema \u00danico de Sa\u00fade (SUS), como tamb\u00e9m reflete uma perigosa ades\u00e3o ao negacionismo cient\u00edfico e \u00e0s teses propagadas pelo movimento antivacina. Para os representantes, essa postura fragiliza a prote\u00e7\u00e3o da inf\u00e2ncia, compromete a sa\u00fade p\u00fablica coletiva e amea\u00e7a d\u00e9cadas de conquistas na preven\u00e7\u00e3o de doen\u00e7as.<\/p>\n<p>Estudos t\u00e9cnicos citados no parecer comprovam a efic\u00e1cia e a seguran\u00e7a das vacinas pedi\u00e1tricas contra a Covid-19, al\u00e9m de apontar que a redu\u00e7\u00e3o da cobertura vacinal pode provocar surtos de doen\u00e7as j\u00e1 controladas no Brasil. \u201cA hist\u00f3ria da sa\u00fade p\u00fablica demonstra que a queda da vacina\u00e7\u00e3o abre espa\u00e7o para a volta de doen\u00e7as graves, como o sarampo e a poliomielite. O movimento antivacina explora desinforma\u00e7\u00e3o e coloca vidas em risco, especialmente das crian\u00e7as mais vulner\u00e1veis\u201d, alertam as organiza\u00e7\u00f5es.<\/p>\n<p>O Brasil, que j\u00e1 foi refer\u00eancia mundial em imuniza\u00e7\u00e3o, hoje enfrenta taxas preocupantes de queda da cobertura vacinal, cen\u00e1rio agravado pelo avan\u00e7o de discursos anticient\u00edficos. Esse fen\u00f4meno, al\u00e9m de amea\u00e7ar a imunidade coletiva, aumenta o risco de epidemias e gera altos custos ao sistema de sa\u00fade. Em Rond\u00f4nia, estima-se que cerca de 150 mil crian\u00e7as possam ser diretamente afetadas pela lei estadual, com milhares de hospitaliza\u00e7\u00f5es evit\u00e1veis e sobrecarga do sistema hospitalar.<\/p>\n<p>Para Danielle Gon\u00e7alves, presidente do CEDECA Maria dos Anjos, a medida representa um retrocesso inaceit\u00e1vel:<\/p>\n<p>\u201cNegar a ci\u00eancia \u00e9 negar o direito das crian\u00e7as \u00e0 vida e \u00e0 sa\u00fade. O Estado tem o dever de proteg\u00ea-las com absoluta prioridade, e n\u00e3o de exp\u00f4-las a riscos evit\u00e1veis.\u201d<\/p>\n<p><img data-recalc-dims=\"1\" loading=\"lazy\" decoding=\"async\" data-attachment-id=\"37459\" data-permalink=\"http:\/\/blogdalucianaoliveira.com.br\/blog\/2025\/09\/12\/organizacoes-de-direitos-humanos-denunciam-lei-estadual-que-proibe-vacinacao-infantil-obrigatoria-e-alertam-para-o-avanco-do-negacionismo-cientifico-em-rondonia\/1401fd6e-804f-4a68-a515-320da4a117d2\/\" data-orig-file=\"https:\/\/i0.wp.com\/blogdalucianaoliveira.com.br\/blog\/wp-content\/uploads\/2025\/09\/1401fd6e-804f-4a68-a515-320da4a117d2-scaled.jpeg?fit=1920%2C2560\" data-orig-size=\"1920,2560\" data-comments-opened=\"0\" data-image-meta=\"{&quot;aperture&quot;:&quot;0&quot;,&quot;credit&quot;:&quot;&quot;,&quot;camera&quot;:&quot;&quot;,&quot;caption&quot;:&quot;&quot;,&quot;created_timestamp&quot;:&quot;1757675855&quot;,&quot;copyright&quot;:&quot;&quot;,&quot;focal_length&quot;:&quot;0&quot;,&quot;iso&quot;:&quot;0&quot;,&quot;shutter_speed&quot;:&quot;0&quot;,&quot;title&quot;:&quot;&quot;,&quot;orientation&quot;:&quot;0&quot;}\" data-image-title=\"1401fd6e-804f-4a68-a515-320da4a117d2\" data-image-description=\"\" data-image-caption=\"\" data-medium-file=\"https:\/\/i0.wp.com\/blogdalucianaoliveira.com.br\/blog\/wp-content\/uploads\/2025\/09\/1401fd6e-804f-4a68-a515-320da4a117d2-scaled.jpeg?fit=225%2C300\" data-large-file=\"https:\/\/i0.wp.com\/blogdalucianaoliveira.com.br\/blog\/wp-content\/uploads\/2025\/09\/1401fd6e-804f-4a68-a515-320da4a117d2-scaled.jpeg?fit=600%2C800\" class=\"size-medium wp-image-37459 alignleft\" src=\"https:\/\/i0.wp.com\/blogdalucianaoliveira.com.br\/blog\/wp-content\/uploads\/2025\/09\/1401fd6e-804f-4a68-a515-320da4a117d2.jpeg?resize=225%2C300\" alt=\"\" width=\"225\" height=\"300\" srcset=\"https:\/\/i0.wp.com\/blogdalucianaoliveira.com.br\/blog\/wp-content\/uploads\/2025\/09\/1401fd6e-804f-4a68-a515-320da4a117d2-scaled.jpeg?resize=225%2C300 225w, https:\/\/i0.wp.com\/blogdalucianaoliveira.com.br\/blog\/wp-content\/uploads\/2025\/09\/1401fd6e-804f-4a68-a515-320da4a117d2-scaled.jpeg?resize=768%2C1024 768w, https:\/\/i0.wp.com\/blogdalucianaoliveira.com.br\/blog\/wp-content\/uploads\/2025\/09\/1401fd6e-804f-4a68-a515-320da4a117d2-scaled.jpeg?resize=1152%2C1536 1152w, https:\/\/i0.wp.com\/blogdalucianaoliveira.com.br\/blog\/wp-content\/uploads\/2025\/09\/1401fd6e-804f-4a68-a515-320da4a117d2-scaled.jpeg?resize=1536%2C2048 1536w, https:\/\/i0.wp.com\/blogdalucianaoliveira.com.br\/blog\/wp-content\/uploads\/2025\/09\/1401fd6e-804f-4a68-a515-320da4a117d2-scaled.jpeg?w=1920 1920w, https:\/\/i0.wp.com\/blogdalucianaoliveira.com.br\/blog\/wp-content\/uploads\/2025\/09\/1401fd6e-804f-4a68-a515-320da4a117d2-scaled.jpeg?w=1800 1800w\" sizes=\"auto, (max-width: 225px) 100vw, 225px\" \/><br \/>\nNa mesma linha, Rossilena Marcolino de Souza, presidente da Associa\u00e7\u00e3o de Pessoas com Defici\u00eancia de Porto Velho, refor\u00e7a a gravidade da situa\u00e7\u00e3o:<\/p>\n<blockquote><p>\u201cAo abrir espa\u00e7o para o negacionismo e enfraquecer as vacinas, estamos condenando as crian\u00e7as mais pobres e vulner\u00e1veis a sofrerem as consequ\u00eancias de doen\u00e7as que j\u00e1 poderiam estar superadas.\u201d<\/p><\/blockquote>\n<p>Diante da gravidade do cen\u00e1rio, as entidades pedem ao Minist\u00e9rio P\u00fablico a suspens\u00e3o imediata da lei e o ajuizamento de a\u00e7\u00e3o civil p\u00fablica para garantir a continuidade do Programa Nacional de Imuniza\u00e7\u00f5es no estado.<\/p>\n<p>Assinam a representa\u00e7\u00e3o:<\/p>\n<p>Vinicius Valentin Raduan Miguel \u2013 Professor Orientador (UNIR)<\/p>\n<p>Danielle Gon\u00e7alves \u2013 Presidente do CEDECA Maria dos Anjos<\/p>\n<p>Rossilena Marcolino de Souza \u2013 Presidente da Associa\u00e7\u00e3o de Pessoas com Defici\u00eancia de Porto Velho<\/p>\n<p>&nbsp;<\/p>\n<p>&nbsp;<\/p>\n","protected":false},"excerpt":{"rendered":"<p>Da assessoria &#8211; \u00a0O Grupo de Pesquisa e Interven\u00e7\u00e3o em Direitos Humanos Mapinguari (UNIR), a Associa\u00e7\u00e3o de Pessoas com Defici\u00eancia de Porto Velho e o Centro de Defesa da Crian\u00e7a e do Adolescente Maria dos Anjos protocolaram representa\u00e7\u00e3o junto ao Minist\u00e9rio P\u00fablico de Rond\u00f4nia contra a Lei Estadual n\u00ba 5.929\/2024, que pro\u00edbe a obrigatoriedade da&#8230;<a class=\"more-link\" href=\"http:\/\/blogdalucianaoliveira.com.br\/blog\/2025\/09\/12\/organizacoes-de-direitos-humanos-denunciam-lei-estadual-que-proibe-vacinacao-infantil-obrigatoria-e-alertam-para-o-avanco-do-negacionismo-cientifico-em-rondonia\/\">Continue a leitura <span class=\"meta-nav\">&raquo;<\/span><\/a><\/p>\n","protected":false},"author":1,"featured_media":0,"comment_status":"closed","ping_status":"open","sticky":false,"template":"","format":"standard","meta":{"_exactmetrics_skip_tracking":false,"_exactmetrics_sitenote_active":false,"_exactmetrics_sitenote_note":"","_exactmetrics_sitenote_category":0,"jetpack_post_was_ever_published":false,"_jetpack_newsletter_access":"","_jetpack_dont_email_post_to_subs":false,"_jetpack_newsletter_tier_id":0,"_jetpack_memberships_contains_paywalled_content":false,"_jetpack_memberships_contains_paid_content":false,"footnotes":"","jetpack_publicize_message":"","jetpack_publicize_feature_enabled":true,"jetpack_social_post_already_shared":true,"jetpack_social_options":{"image_generator_settings":{"template":"highway","enabled":false},"version":2}},"categories":[1],"tags":[],"class_list":["post-37458","post","type-post","status-publish","format-standard","hentry","category-notas"],"jetpack_publicize_connections":[],"jetpack_sharing_enabled":true,"jetpack_featured_media_url":"","jetpack_shortlink":"https:\/\/wp.me\/p7wKYW-9Ka","jetpack-related-posts":[],"_links":{"self":[{"href":"http:\/\/blogdalucianaoliveira.com.br\/blog\/wp-json\/wp\/v2\/posts\/37458","targetHints":{"allow":["GET"]}}],"collection":[{"href":"http:\/\/blogdalucianaoliveira.com.br\/blog\/wp-json\/wp\/v2\/posts"}],"about":[{"href":"http:\/\/blogdalucianaoliveira.com.br\/blog\/wp-json\/wp\/v2\/types\/post"}],"author":[{"embeddable":true,"href":"http:\/\/blogdalucianaoliveira.com.br\/blog\/wp-json\/wp\/v2\/users\/1"}],"replies":[{"embeddable":true,"href":"http:\/\/blogdalucianaoliveira.com.br\/blog\/wp-json\/wp\/v2\/comments?post=37458"}],"version-history":[{"count":3,"href":"http:\/\/blogdalucianaoliveira.com.br\/blog\/wp-json\/wp\/v2\/posts\/37458\/revisions"}],"predecessor-version":[{"id":37463,"href":"http:\/\/blogdalucianaoliveira.com.br\/blog\/wp-json\/wp\/v2\/posts\/37458\/revisions\/37463"}],"wp:attachment":[{"href":"http:\/\/blogdalucianaoliveira.com.br\/blog\/wp-json\/wp\/v2\/media?parent=37458"}],"wp:term":[{"taxonomy":"category","embeddable":true,"href":"http:\/\/blogdalucianaoliveira.com.br\/blog\/wp-json\/wp\/v2\/categories?post=37458"},{"taxonomy":"post_tag","embeddable":true,"href":"http:\/\/blogdalucianaoliveira.com.br\/blog\/wp-json\/wp\/v2\/tags?post=37458"}],"curies":[{"name":"wp","href":"https:\/\/api.w.org\/{rel}","templated":true}]}}