{"id":37465,"date":"2025-09-14T12:44:14","date_gmt":"2025-09-14T16:44:14","guid":{"rendered":"https:\/\/blogdalucianaoliveira.com.br\/blog\/?p=37465"},"modified":"2025-09-14T12:44:14","modified_gmt":"2025-09-14T16:44:14","slug":"americanos-estao-com-inveja-do-brasil-por-julgamento-de-bolsonaro-diz-wagner-moura","status":"publish","type":"post","link":"http:\/\/blogdalucianaoliveira.com.br\/blog\/2025\/09\/14\/americanos-estao-com-inveja-do-brasil-por-julgamento-de-bolsonaro-diz-wagner-moura\/","title":{"rendered":"Americanos est\u00e3o com &#8216;inveja&#8217; do Brasil por julgamento de Bolsonaro, diz Wagner Moura"},"content":{"rendered":"<p><img data-recalc-dims=\"1\" loading=\"lazy\" decoding=\"async\" data-attachment-id=\"37466\" data-permalink=\"http:\/\/blogdalucianaoliveira.com.br\/blog\/2025\/09\/14\/americanos-estao-com-inveja-do-brasil-por-julgamento-de-bolsonaro-diz-wagner-moura\/img_7049\/\" data-orig-file=\"https:\/\/i0.wp.com\/blogdalucianaoliveira.com.br\/blog\/wp-content\/uploads\/2025\/09\/IMG_7049.webp?fit=800%2C423\" data-orig-size=\"800,423\" data-comments-opened=\"0\" data-image-meta=\"{&quot;aperture&quot;:&quot;0&quot;,&quot;credit&quot;:&quot;&quot;,&quot;camera&quot;:&quot;&quot;,&quot;caption&quot;:&quot;&quot;,&quot;created_timestamp&quot;:&quot;0&quot;,&quot;copyright&quot;:&quot;&quot;,&quot;focal_length&quot;:&quot;0&quot;,&quot;iso&quot;:&quot;0&quot;,&quot;shutter_speed&quot;:&quot;0&quot;,&quot;title&quot;:&quot;&quot;,&quot;orientation&quot;:&quot;0&quot;}\" data-image-title=\"IMG_7049\" data-image-description=\"\" data-image-caption=\"\" data-medium-file=\"https:\/\/i0.wp.com\/blogdalucianaoliveira.com.br\/blog\/wp-content\/uploads\/2025\/09\/IMG_7049.webp?fit=300%2C159\" data-large-file=\"https:\/\/i0.wp.com\/blogdalucianaoliveira.com.br\/blog\/wp-content\/uploads\/2025\/09\/IMG_7049.webp?fit=600%2C317\" class=\"alignnone size-medium wp-image-37466\" src=\"https:\/\/i0.wp.com\/blogdalucianaoliveira.com.br\/blog\/wp-content\/uploads\/2025\/09\/IMG_7049.webp?resize=300%2C159\" alt=\"\" width=\"300\" height=\"159\" srcset=\"https:\/\/i0.wp.com\/blogdalucianaoliveira.com.br\/blog\/wp-content\/uploads\/2025\/09\/IMG_7049.webp?resize=300%2C159 300w, https:\/\/i0.wp.com\/blogdalucianaoliveira.com.br\/blog\/wp-content\/uploads\/2025\/09\/IMG_7049.webp?resize=768%2C406 768w, https:\/\/i0.wp.com\/blogdalucianaoliveira.com.br\/blog\/wp-content\/uploads\/2025\/09\/IMG_7049.webp?resize=567%2C300 567w, https:\/\/i0.wp.com\/blogdalucianaoliveira.com.br\/blog\/wp-content\/uploads\/2025\/09\/IMG_7049.webp?w=800 800w\" sizes=\"auto, (max-width: 300px) 100vw, 300px\" \/><\/p>\n<div class=\"bbc-19j92fr ebmt73l0\" dir=\"ltr\">\n<p class=\"bbc-hhl7in e17g058b0\" dir=\"ltr\">BBC, por Adriana Am\u00e2ncio &#8211; Recebido com euforia, aplausos e um coro digno de torcida de final de Copa do Mundo no Recife para a estreia de seu filme <a class=\"focusIndicatorReducedWidth bbc-n8oauk e1p3sufg0\" href=\"https:\/\/www.bbc.com\/portuguese\/articles\/c4geld2gk1go\"><i class=\"bbc-h1y5j7 eih42320\">O Agente Secreto<\/i><\/a>, na \u00faltima quarta-feira (10\/09), o ator <a class=\"focusIndicatorReducedWidth bbc-n8oauk e1p3sufg0\" href=\"https:\/\/www.bbc.com\/portuguese\/articles\/c1j5nr3g0x8o\">Wagner Moura<\/a>diz ter se deparado com um clima bem distinto quando a obra passou em festivais nos <a class=\"focusIndicatorReducedWidth bbc-n8oauk e1p3sufg0\" href=\"https:\/\/www.bbc.com\/portuguese\/topics\/cdr56r2r88wt\">Estados Unidos<\/a>.<\/p>\n<\/div>\n<p><!--more--><\/p>\n<div class=\"bbc-19j92fr ebmt73l0\" dir=\"ltr\">\n<p class=\"bbc-hhl7in e17g058b0\" dir=\"ltr\">&#8220;A gente est\u00e1 hoje vendo as institui\u00e7\u00f5es funcionando [no Brasil], vendo um crime contra a democracia sendo julgado pelo <a class=\"focusIndicatorReducedWidth bbc-n8oauk e1p3sufg0\" href=\"https:\/\/www.bbc.com\/portuguese\/topics\/c7zp5z8dkr7t\">Supremo Tribunal Federal<\/a>, enquanto que nos festivais norte-americanos pelos quais o filme passou, a gente sentia uma certa tristeza dos americanos, quase uma inveja&#8221;, ele diz em entrevista \u00e0 BBC News Brasil.<\/p>\n<\/div>\n<div class=\"bbc-19j92fr ebmt73l0\" dir=\"ltr\">\n<p class=\"bbc-hhl7in e17g058b0\" dir=\"ltr\">Moura se referia ao julgamento em que o ex-presidente <a class=\"focusIndicatorReducedWidth bbc-n8oauk e1p3sufg0\" href=\"https:\/\/www.bbc.com\/portuguese\/articles\/c9v7yepmr84o\">Jair Bolsonaro<\/a> e outros sete membros de seu governo \u2014<a class=\"focusIndicatorReducedWidth bbc-n8oauk e1p3sufg0\" href=\"https:\/\/www.bbc.com\/portuguese\/articles\/ckgy0318l52o\"> incluindo membros da c\u00fapula militar<\/a> \u2014 foram condenados por golpe de Estado nesta semana.<\/p>\n<\/div>\n<div class=\"bbc-19j92fr ebmt73l0\" dir=\"ltr\">\n<p class=\"bbc-hhl7in e17g058b0\" dir=\"ltr\">Os acontecimentos que resultaram na condena\u00e7\u00e3o do grupo s\u00e3o frequentemente comparados aos epis\u00f3dios ocorridos nos Estados Unidos, ap\u00f3s a derrota de <a class=\"focusIndicatorReducedWidth bbc-n8oauk e1p3sufg0\" href=\"https:\/\/www.bbc.com\/portuguese\/topics\/cdr56r28jgvt\">Donald Trump<\/a> para Joe Biden nas elei\u00e7\u00f5es de 2020.<\/p>\n<p dir=\"ltr\">L\u00e1, Trump tamb\u00e9m foi acusado de liderar uma rebei\u00e3o contra o resultado eleitoral, mas n\u00e3o s\u00f3 foi absolvido como se reelegeu presidente, em 2024. Trump nega ter cometido qualquer ilegalidade.<\/p>\n<div class=\"bbc-19j92fr ebmt73l0\" dir=\"ltr\">\n<p class=\"bbc-hhl7in e17g058b0\" dir=\"ltr\">Vivendo em Los Angeles, nos Estados Unidos, h\u00e1 sete anos com a esposa e os tr\u00eas filhos, Moura critica outro aspecto do governo Trump: sua postura com imigrantes sem documentos.<\/p>\n<\/div>\n<div class=\"bbc-19j92fr ebmt73l0\" dir=\"ltr\">\n<p class=\"bbc-hhl7in e17g058b0\" dir=\"ltr\">&#8220;\u00c9 um horror, eu conhe\u00e7o muitos imigrantes ilegais. Eu moro em Los Angeles, \u00e9 uma cidade onde vivem muitos latinos, muitos mexicanos, sobretudo, e as pessoas est\u00e3o com medo&#8221;, diz.<\/p>\n<\/div>\n<div class=\"bbc-19j92fr ebmt73l0\" dir=\"ltr\">\n<p class=\"bbc-hhl7in e17g058b0\" dir=\"ltr\">&#8220;Porque eles atacam a pessoa na rua por uma identifica\u00e7\u00e3o visual e racial. Se o cara n\u00e3o tiver o documento, o cara n\u00e3o volta para casa nunca mais&#8221;, diz Moura.<\/p>\n<\/div>\n<div class=\"bbc-19j92fr ebmt73l0\" dir=\"ltr\">\n<p class=\"bbc-hhl7in e17g058b0\" dir=\"ltr\">&#8220;O que est\u00e1 acontecendo nos Estados Unidos hoje \u00e9 grave. \u00c9 um pa\u00eds que deixou de ser mesmo uma democracia e come\u00e7ou a ser um pa\u00eds com tend\u00eancias autorit\u00e1rias evidentes&#8221;, avalia.<\/p>\n<\/div>\n<div class=\"bbc-19j92fr ebmt73l0\" dir=\"ltr\">\n<p class=\"bbc-hhl7in e17g058b0\" dir=\"ltr\">A queixa de Moura sobre a postura da ag\u00eancia migrat\u00f3ria \u00e9 ecoada por muitos grupos de defesa de imigrantes nos EUA, que acusam o \u00f3rg\u00e3o de usar crit\u00e9rios raciais para abordar pessoas nas ruas e deport\u00e1-las se n\u00e3o estiverem no pa\u00eds legalmente.<\/p>\n<\/div>\n<div class=\"bbc-19j92fr ebmt73l0\" dir=\"ltr\">\n<p class=\"bbc-hhl7in e17g058b0\" dir=\"ltr\">Em uma decis\u00e3o recente, no entanto, a Suprema Corte dos EUA decidiu que os \u00f3rg\u00e3os migrat\u00f3rios podem adotar crit\u00e9rios raciais em suas abordagens. Trump se elegeu prometendo deportar milh\u00f5es de imigrantes ilegais durante seu governo.<\/p>\n<\/div>\n<div class=\"bbc-19j92fr ebmt73l0\" dir=\"ltr\">\n<h2 class=\"bbc-1lgzob2 eglt09e0\" tabindex=\"-1\">Baiano-pernambucano<\/h2>\n<div class=\"bbc-19j92fr ebmt73l0\" dir=\"ltr\">\n<p class=\"bbc-hhl7in e17g058b0\" dir=\"ltr\">A estreia de <i class=\"bbc-h1y5j7 eih42320\">O Agente Secreto<\/i> no Recife \u00e9 sucedida por uma passagem pelo 50\u00ba Festival de Cinema de Toronto, no in\u00edcio de setembro.<\/p>\n<\/div>\n<div class=\"bbc-19j92fr ebmt73l0\" dir=\"ltr\">\n<p class=\"bbc-hhl7in e17g058b0\" dir=\"ltr\">Logo ap\u00f3s vencer os pr\u00eamios de melhor diretor e melhor ator no Festival de Cannes, em maio, o filme teve uma agitada turn\u00ea internacional, passando por festivais na Pol\u00f4nia, na Austr\u00e1lia, Portugal e Nova Zel\u00e2ndia.<\/p>\n<div class=\"bbc-19j92fr ebmt73l0\" dir=\"ltr\">\n<p class=\"bbc-hhl7in e17g058b0\" dir=\"ltr\">Na exibi\u00e7\u00e3o do filme, nos Cinemas do Teatro do Parque S\u00e3o Luiz, Moura disse &#8220;estar muito feliz e \u00e0 vontade&#8221; em Recife.<\/p>\n<\/div>\n<div class=\"bbc-19j92fr ebmt73l0\" dir=\"ltr\">\n<p class=\"bbc-hhl7in e17g058b0\" dir=\"ltr\">&#8220;Eu sou baiano, mas nasci em Rodelas, bem na fronteira com Pernambuco, e tenho esse Estado no sangue&#8221;, afirmou.<\/p>\n<\/div>\n<div class=\"bbc-19j92fr ebmt73l0\" dir=\"ltr\">\n<p class=\"bbc-hhl7in e17g058b0\" dir=\"ltr\">A reportagem da BBC News Brasil acompanhou o ator enquanto ele arriscou passos de frevo embalado pela Orquestra Popular do Recife e o Grupo Guerreiros do Pa\u00e7o, rumo ao palco do Cine S\u00e3o Luiz, pr\u00e9dio hist\u00f3rico, que acaba de celebrar 73 anos.<\/p>\n<\/div>\n<div class=\"bbc-19j92fr ebmt73l0\" dir=\"ltr\">\n<p class=\"bbc-hhl7in e17g058b0\" dir=\"ltr\">L\u00e1, uniu-se ao diretor, Kleber Mendon\u00e7a, \u00e0 produtora Emily Lesclaux e ao resto do elenco de <i class=\"bbc-h1y5j7 eih42320\">O Agente Secreto<\/i>.<\/p>\n<\/div>\n<div class=\"bbc-19j92fr ebmt73l0\" dir=\"ltr\">\n<p class=\"bbc-hhl7in e17g058b0\" dir=\"ltr\">Relembrando o in\u00edcio da carreira, o ator citou duas passagens especiais pelo Recife. Em 2000, com a pe\u00e7a <i class=\"bbc-h1y5j7 eih42320\">A M\u00e1quina<\/i>, de Jo\u00e3o Falc\u00e3o, com quem contracenou ao lado do conterr\u00e2neo L\u00e1zaro Ramos, no Armaz\u00e9m 14.<\/p>\n<\/div>\n<div class=\"bbc-19j92fr ebmt73l0\" dir=\"ltr\">\n<p class=\"bbc-hhl7in e17g058b0\" dir=\"ltr\">A parceria se repetiria dois anos mais tarde com o filme e a s\u00e9rie <i class=\"bbc-h1y5j7 eih42320\">\u00d3 Pa\u00ed \u00d3<\/i>.<\/p>\n<\/div>\n<figure class=\"bbc-1qn0xuy\">\n<div class=\"bbc-1gbs0ve\"><img data-recalc-dims=\"1\" loading=\"lazy\" decoding=\"async\" class=\"bbc-139onq\" src=\"https:\/\/i0.wp.com\/ichef.bbci.co.uk\/ace\/ws\/640\/cpsprodpb\/c956\/live\/48eb8a40-37f0-11f0-96c3-cf669419a2b0.jpg.webp?resize=600%2C338&#038;ssl=1\" sizes=\"auto, (min-width: 1008px) 760px, 100vw\" srcset=\"https:\/\/ichef.bbci.co.uk\/ace\/ws\/240\/cpsprodpb\/c956\/live\/48eb8a40-37f0-11f0-96c3-cf669419a2b0.jpg.webp 240w, https:\/\/ichef.bbci.co.uk\/ace\/ws\/320\/cpsprodpb\/c956\/live\/48eb8a40-37f0-11f0-96c3-cf669419a2b0.jpg.webp 320w, https:\/\/ichef.bbci.co.uk\/ace\/ws\/480\/cpsprodpb\/c956\/live\/48eb8a40-37f0-11f0-96c3-cf669419a2b0.jpg.webp 480w, https:\/\/ichef.bbci.co.uk\/ace\/ws\/624\/cpsprodpb\/c956\/live\/48eb8a40-37f0-11f0-96c3-cf669419a2b0.jpg.webp 624w, https:\/\/ichef.bbci.co.uk\/ace\/ws\/800\/cpsprodpb\/c956\/live\/48eb8a40-37f0-11f0-96c3-cf669419a2b0.jpg.webp 800w\" alt=\"Wagner Moura falando a um telefone na rua. H\u00e1 v\u00e1rios cartazes atr\u00e1s\" width=\"600\" height=\"338\" \/><\/p>\n<p class=\"bbc-by8ykd\" role=\"text\"><span class=\"bbc-m04vo2\">CR\u00c9DITO, <\/span><span lang=\"en-GB\">DIVULGA\u00c7\u00c3O<\/span><\/p>\n<\/div><figcaption class=\"bbc-15f1ujd\" dir=\"ltr\"><span role=\"text\"><span class=\"bbc-m04vo2\">Legenda da foto, <\/span><span data-testid=\"caption-paragraph\">Wagner Moura interpreta Marcelo, um professor vi\u00favo que tenta fugir do Brasil com o filho durante a ditadura<\/span><\/span><\/figcaption><\/figure>\n<div class=\"bbc-19j92fr ebmt73l0\" dir=\"ltr\">\n<p class=\"bbc-hhl7in e17g058b0\" dir=\"ltr\">Em <i class=\"bbc-h1y5j7 eih42320\">O Agente Secreto<\/i>, o ator \u00e9 o protagonista Marcelo, personagem em torno do qual se desenrola toda a trama do thriller e que marca o retorno de Wagner Moura ao cinema brasileiro ap\u00f3s 11 anos envolvido com produ\u00e7\u00f5es internacionais.<\/p>\n<\/div>\n<div class=\"bbc-19j92fr ebmt73l0\" dir=\"ltr\">\n<p class=\"bbc-hhl7in e17g058b0\" dir=\"ltr\">A sua \u00faltima atua\u00e7\u00e3o foi em <i class=\"bbc-h1y5j7 eih42320\">Praia do Futuro<\/i>, de Karim A\u00efnouz. &#8220;N\u00e3o tinha momento melhor para voltar a filmar em portugu\u00eas&#8221;, diz.<\/p>\n<\/div>\n<div class=\"bbc-19j92fr ebmt73l0\" dir=\"ltr\">\n<p class=\"bbc-hhl7in e17g058b0\" dir=\"ltr\">Para Wagner, &#8220;o filme \u00e9 sempre a mistura entre o que um diretor e o roteirista querem dizer com o tempo em que esse filme \u00e9 apreciado pelo p\u00fablico&#8221;.<\/p>\n<\/div>\n<div class=\"bbc-19j92fr ebmt73l0\" dir=\"ltr\">\n<p class=\"bbc-hhl7in e17g058b0\" dir=\"ltr\">Ambientado na segunda metade da d\u00e9cada de 70, <i class=\"bbc-h1y5j7 eih42320\">O Agente Secreto<\/i> aborda quest\u00f5es como o abuso de poder e amea\u00e7as \u00e0 democracia.<\/p>\n<\/div>\n<div class=\"bbc-19j92fr ebmt73l0\" dir=\"ltr\">\n<p class=\"bbc-hhl7in e17g058b0\" dir=\"ltr\">Moura diz que o filme foi gerado &#8220;num momento dif\u00edcil pelo qual artistas, universidades e a imprensa brasileiras passaram entre 2018 e 2022&#8221;, durante o governo Bolsonaro.<\/p>\n<\/div>\n<div class=\"bbc-19j92fr ebmt73l0\" dir=\"ltr\">\n<p class=\"bbc-hhl7in e17g058b0\" dir=\"ltr\">O ex-presidente enxergava setores da imprensa, das artes e das universidades como inimigos ideol\u00f3gicos e promoveu cortes de verbas federais a essas \u00e1reas.<\/p>\n<\/div>\n<div class=\"bbc-19j92fr ebmt73l0\" dir=\"ltr\">\n<p class=\"bbc-hhl7in e17g058b0\" dir=\"ltr\">A estreia de <i class=\"bbc-h1y5j7 eih42320\">O Agente Secreto<\/i> coroa o encontro art\u00edstico entre Wagner Moura e Kleber Mendon\u00e7a Filho, que &#8220;primeiro se aproximaram por raz\u00f5es pol\u00edticas&#8221;, diz o ator baiano, citando os anos Bolsonaro.<\/p>\n<\/div>\n<div class=\"bbc-19j92fr ebmt73l0\" dir=\"ltr\">\n<p class=\"bbc-hhl7in e17g058b0\" dir=\"ltr\">Hoje, por\u00e9m, afirma que o momento pol\u00edtico \u00e9 outro.<\/p>\n<\/div>\n<div class=\"bbc-19j92fr ebmt73l0\" dir=\"ltr\">\n<p class=\"bbc-hhl7in e17g058b0\" dir=\"ltr\">&#8220;Uma coisa que eu tenho certeza \u00e9 que, tanto eu quanto o Kleber, estamos muito orgulhosos do momento pelo qual passa o Brasil, as institui\u00e7\u00f5es brasileiras, a democracia no Brasil&#8221;, diz.<\/p>\n<\/div>\n<div class=\"bbc-19j92fr ebmt73l0\" dir=\"ltr\">\n<p class=\"bbc-hhl7in e17g058b0\" dir=\"ltr\">&#8220;Uma das coisas que mais fez mal ao Brasil foi a Lei da Anistia [1979], que perdoou torturadores, assassinos, pessoas que cometeram crimes terr\u00edveis contra outros seres humanos e contra a democracia&#8221;, diz.<\/p>\n<\/div>\n<div class=\"bbc-19j92fr ebmt73l0\" dir=\"ltr\">\n<p class=\"bbc-hhl7in e17g058b0\" dir=\"ltr\">&#8220;\u00c9 t\u00e3o bonito ver que hoje, finalmente, o Brasil est\u00e1 reencontrando-se com sua mem\u00f3ria&#8221;, afirma.<\/p>\n<\/div>\n<\/div>\n<p>&nbsp;<\/p>\n<\/div>\n<\/div>\n","protected":false},"excerpt":{"rendered":"<p>BBC, por Adriana Am\u00e2ncio &#8211; Recebido com euforia, aplausos e um coro digno de torcida de final de Copa do Mundo no Recife para a estreia de seu filme O Agente Secreto, na \u00faltima quarta-feira (10\/09), o ator Wagner Mouradiz ter se deparado com um clima bem distinto quando a obra passou em festivais nos&#8230;<a class=\"more-link\" href=\"http:\/\/blogdalucianaoliveira.com.br\/blog\/2025\/09\/14\/americanos-estao-com-inveja-do-brasil-por-julgamento-de-bolsonaro-diz-wagner-moura\/\">Continue a leitura <span class=\"meta-nav\">&raquo;<\/span><\/a><\/p>\n","protected":false},"author":1,"featured_media":0,"comment_status":"closed","ping_status":"open","sticky":false,"template":"","format":"standard","meta":{"_exactmetrics_skip_tracking":false,"_exactmetrics_sitenote_active":false,"_exactmetrics_sitenote_note":"","_exactmetrics_sitenote_category":0,"jetpack_post_was_ever_published":false,"_jetpack_newsletter_access":"","_jetpack_dont_email_post_to_subs":false,"_jetpack_newsletter_tier_id":0,"_jetpack_memberships_contains_paywalled_content":false,"_jetpack_memberships_contains_paid_content":false,"footnotes":"","jetpack_publicize_message":"","jetpack_publicize_feature_enabled":true,"jetpack_social_post_already_shared":true,"jetpack_social_options":{"image_generator_settings":{"template":"highway","enabled":false},"version":2}},"categories":[1],"tags":[53,304,1485],"class_list":["post-37465","post","type-post","status-publish","format-standard","hentry","category-notas","tag-bolsonaro","tag-eua","tag-wagner-moura"],"jetpack_publicize_connections":[],"jetpack_sharing_enabled":true,"jetpack_featured_media_url":"","jetpack_shortlink":"https:\/\/wp.me\/p7wKYW-9Kh","jetpack-related-posts":[],"_links":{"self":[{"href":"http:\/\/blogdalucianaoliveira.com.br\/blog\/wp-json\/wp\/v2\/posts\/37465","targetHints":{"allow":["GET"]}}],"collection":[{"href":"http:\/\/blogdalucianaoliveira.com.br\/blog\/wp-json\/wp\/v2\/posts"}],"about":[{"href":"http:\/\/blogdalucianaoliveira.com.br\/blog\/wp-json\/wp\/v2\/types\/post"}],"author":[{"embeddable":true,"href":"http:\/\/blogdalucianaoliveira.com.br\/blog\/wp-json\/wp\/v2\/users\/1"}],"replies":[{"embeddable":true,"href":"http:\/\/blogdalucianaoliveira.com.br\/blog\/wp-json\/wp\/v2\/comments?post=37465"}],"version-history":[{"count":1,"href":"http:\/\/blogdalucianaoliveira.com.br\/blog\/wp-json\/wp\/v2\/posts\/37465\/revisions"}],"predecessor-version":[{"id":37467,"href":"http:\/\/blogdalucianaoliveira.com.br\/blog\/wp-json\/wp\/v2\/posts\/37465\/revisions\/37467"}],"wp:attachment":[{"href":"http:\/\/blogdalucianaoliveira.com.br\/blog\/wp-json\/wp\/v2\/media?parent=37465"}],"wp:term":[{"taxonomy":"category","embeddable":true,"href":"http:\/\/blogdalucianaoliveira.com.br\/blog\/wp-json\/wp\/v2\/categories?post=37465"},{"taxonomy":"post_tag","embeddable":true,"href":"http:\/\/blogdalucianaoliveira.com.br\/blog\/wp-json\/wp\/v2\/tags?post=37465"}],"curies":[{"name":"wp","href":"https:\/\/api.w.org\/{rel}","templated":true}]}}