{"id":37468,"date":"2025-09-15T13:14:43","date_gmt":"2025-09-15T17:14:43","guid":{"rendered":"https:\/\/blogdalucianaoliveira.com.br\/blog\/?p=37468"},"modified":"2025-09-15T13:14:43","modified_gmt":"2025-09-15T17:14:43","slug":"seduc-recebe-pedido-de-claudia-de-jesus-para-promover-palestras-sobre-violencia-contra-a-mulher","status":"publish","type":"post","link":"http:\/\/blogdalucianaoliveira.com.br\/blog\/2025\/09\/15\/seduc-recebe-pedido-de-claudia-de-jesus-para-promover-palestras-sobre-violencia-contra-a-mulher\/","title":{"rendered":"Seduc recebe pedido de Cl\u00e1udia de Jesus para promover palestras sobre viol\u00eancia contra a mulher"},"content":{"rendered":"<p><img data-recalc-dims=\"1\" loading=\"lazy\" decoding=\"async\" data-attachment-id=\"37469\" data-permalink=\"http:\/\/blogdalucianaoliveira.com.br\/blog\/2025\/09\/15\/seduc-recebe-pedido-de-claudia-de-jesus-para-promover-palestras-sobre-violencia-contra-a-mulher\/img_7082\/\" data-orig-file=\"https:\/\/i0.wp.com\/blogdalucianaoliveira.com.br\/blog\/wp-content\/uploads\/2025\/09\/IMG_7082.jpeg?fit=1050%2C700\" data-orig-size=\"1050,700\" data-comments-opened=\"0\" data-image-meta=\"{&quot;aperture&quot;:&quot;3.2&quot;,&quot;credit&quot;:&quot;&quot;,&quot;camera&quot;:&quot;Canon EOS 5D Mark III&quot;,&quot;caption&quot;:&quot;&quot;,&quot;created_timestamp&quot;:&quot;1757506810&quot;,&quot;copyright&quot;:&quot;&quot;,&quot;focal_length&quot;:&quot;185&quot;,&quot;iso&quot;:&quot;2500&quot;,&quot;shutter_speed&quot;:&quot;0.00625&quot;,&quot;title&quot;:&quot;&quot;,&quot;orientation&quot;:&quot;0&quot;}\" data-image-title=\"IMG_7082\" data-image-description=\"\" data-image-caption=\"\" data-medium-file=\"https:\/\/i0.wp.com\/blogdalucianaoliveira.com.br\/blog\/wp-content\/uploads\/2025\/09\/IMG_7082.jpeg?fit=300%2C200\" data-large-file=\"https:\/\/i0.wp.com\/blogdalucianaoliveira.com.br\/blog\/wp-content\/uploads\/2025\/09\/IMG_7082.jpeg?fit=600%2C400\" class=\"alignnone size-medium wp-image-37469\" src=\"https:\/\/i0.wp.com\/blogdalucianaoliveira.com.br\/blog\/wp-content\/uploads\/2025\/09\/IMG_7082.jpeg?resize=300%2C200\" alt=\"\" width=\"300\" height=\"200\" srcset=\"https:\/\/i0.wp.com\/blogdalucianaoliveira.com.br\/blog\/wp-content\/uploads\/2025\/09\/IMG_7082.jpeg?resize=300%2C200 300w, https:\/\/i0.wp.com\/blogdalucianaoliveira.com.br\/blog\/wp-content\/uploads\/2025\/09\/IMG_7082.jpeg?resize=1024%2C683 1024w, https:\/\/i0.wp.com\/blogdalucianaoliveira.com.br\/blog\/wp-content\/uploads\/2025\/09\/IMG_7082.jpeg?resize=768%2C512 768w, https:\/\/i0.wp.com\/blogdalucianaoliveira.com.br\/blog\/wp-content\/uploads\/2025\/09\/IMG_7082.jpeg?resize=450%2C300 450w, https:\/\/i0.wp.com\/blogdalucianaoliveira.com.br\/blog\/wp-content\/uploads\/2025\/09\/IMG_7082.jpeg?w=1050 1050w\" sizes=\"auto, (max-width: 300px) 100vw, 300px\" \/><\/p>\n<div><em><span style=\"color: #000000;\"><strong>Campanha de conscientiza\u00e7\u00e3o nas escolas \u00e9 defendida pela deputada<\/strong>.<\/span><\/em><\/div>\n<p><!--more--><\/p>\n<div><span style=\"color: #000000;\">Da assessoria &#8211; Com Rond\u00f4nia liderando \u00edndices de feminic\u00eddio na Amaz\u00f4nia, a deputada estadual Cl\u00e1udia de Jesus (PT) pediu \u00e0 Secretaria de Estado da Educa\u00e7\u00e3o (Seduc) a realiza\u00e7\u00e3o de palestras educativas nas escolas estaduais com o tema \u201cN\u00e3o \u00e0 Viol\u00eancia Contra a Mulher\u201d.<\/span><\/div>\n<div>\n<p><span style=\"color: #000000;\">Segundo dados do F\u00f3rum Brasileiro de Seguran\u00e7a P\u00fablica, o estado registrou em 2022 uma taxa de 3 mortes por feminic\u00eddio a cada 100 mil mulheres \u2014 o dobro da m\u00e9dia nacional. Quando considerados todos os homic\u00eddios de mulheres, o \u00edndice chega a 11,1 mortes por 100 mil, quase tr\u00eas vezes maior que a m\u00e9dia do pa\u00eds.<\/span><\/p>\n<p><span style=\"color: #000000;\">Para a parlamentar, \u00e9 fundamental que a preven\u00e7\u00e3o comece pela educa\u00e7\u00e3o, envolvendo crian\u00e7as e adolescentes, futuros protagonistas da sociedade. \u201cA viol\u00eancia contra a mulher \u00e9 um problema estrutural e precisamos enfrent\u00e1-lo desde cedo. Ao levar esse debate para as escolas, ajudamos a formar uma gera\u00e7\u00e3o mais consciente, preparada para reconhecer e combater atitudes violentas\u201d, afirmou Cl\u00e1udia de Jesus.<\/span><\/p>\n<p>&nbsp;<\/p>\n<\/div>\n","protected":false},"excerpt":{"rendered":"<p>Campanha de conscientiza\u00e7\u00e3o nas escolas \u00e9 defendida pela deputada.<\/p>\n","protected":false},"author":1,"featured_media":0,"comment_status":"closed","ping_status":"open","sticky":false,"template":"","format":"standard","meta":{"_exactmetrics_skip_tracking":false,"_exactmetrics_sitenote_active":false,"_exactmetrics_sitenote_note":"","_exactmetrics_sitenote_category":0,"jetpack_post_was_ever_published":false,"_jetpack_newsletter_access":"","_jetpack_dont_email_post_to_subs":false,"_jetpack_newsletter_tier_id":0,"_jetpack_memberships_contains_paywalled_content":false,"_jetpack_memberships_contains_paid_content":false,"footnotes":"","jetpack_publicize_message":"","jetpack_publicize_feature_enabled":true,"jetpack_social_post_already_shared":true,"jetpack_social_options":{"image_generator_settings":{"template":"highway","enabled":false},"version":2}},"categories":[1],"tags":[1429,95,1486],"class_list":["post-37468","post","type-post","status-publish","format-standard","hentry","category-notas","tag-deputada-claudia-de-jesus","tag-mulher","tag-palestra"],"jetpack_publicize_connections":[],"jetpack_sharing_enabled":true,"jetpack_featured_media_url":"","jetpack_shortlink":"https:\/\/wp.me\/p7wKYW-9Kk","jetpack-related-posts":[],"_links":{"self":[{"href":"http:\/\/blogdalucianaoliveira.com.br\/blog\/wp-json\/wp\/v2\/posts\/37468","targetHints":{"allow":["GET"]}}],"collection":[{"href":"http:\/\/blogdalucianaoliveira.com.br\/blog\/wp-json\/wp\/v2\/posts"}],"about":[{"href":"http:\/\/blogdalucianaoliveira.com.br\/blog\/wp-json\/wp\/v2\/types\/post"}],"author":[{"embeddable":true,"href":"http:\/\/blogdalucianaoliveira.com.br\/blog\/wp-json\/wp\/v2\/users\/1"}],"replies":[{"embeddable":true,"href":"http:\/\/blogdalucianaoliveira.com.br\/blog\/wp-json\/wp\/v2\/comments?post=37468"}],"version-history":[{"count":1,"href":"http:\/\/blogdalucianaoliveira.com.br\/blog\/wp-json\/wp\/v2\/posts\/37468\/revisions"}],"predecessor-version":[{"id":37470,"href":"http:\/\/blogdalucianaoliveira.com.br\/blog\/wp-json\/wp\/v2\/posts\/37468\/revisions\/37470"}],"wp:attachment":[{"href":"http:\/\/blogdalucianaoliveira.com.br\/blog\/wp-json\/wp\/v2\/media?parent=37468"}],"wp:term":[{"taxonomy":"category","embeddable":true,"href":"http:\/\/blogdalucianaoliveira.com.br\/blog\/wp-json\/wp\/v2\/categories?post=37468"},{"taxonomy":"post_tag","embeddable":true,"href":"http:\/\/blogdalucianaoliveira.com.br\/blog\/wp-json\/wp\/v2\/tags?post=37468"}],"curies":[{"name":"wp","href":"https:\/\/api.w.org\/{rel}","templated":true}]}}