{"id":37471,"date":"2025-09-15T13:28:25","date_gmt":"2025-09-15T17:28:25","guid":{"rendered":"https:\/\/blogdalucianaoliveira.com.br\/blog\/?p=37471"},"modified":"2025-09-15T13:28:25","modified_gmt":"2025-09-15T17:28:25","slug":"mapbiomas-amazonia-perdeu-52-milhoes-de-hectares-nativos-em-40-anos","status":"publish","type":"post","link":"http:\/\/blogdalucianaoliveira.com.br\/blog\/2025\/09\/15\/mapbiomas-amazonia-perdeu-52-milhoes-de-hectares-nativos-em-40-anos\/","title":{"rendered":"MapBiomas: Amaz\u00f4nia perdeu 52 milh\u00f5es de hectares nativos em 40 anos"},"content":{"rendered":"<p><img data-recalc-dims=\"1\" loading=\"lazy\" decoding=\"async\" data-attachment-id=\"37472\" data-permalink=\"http:\/\/blogdalucianaoliveira.com.br\/blog\/2025\/09\/15\/mapbiomas-amazonia-perdeu-52-milhoes-de-hectares-nativos-em-40-anos\/img_7084\/\" data-orig-file=\"https:\/\/i0.wp.com\/blogdalucianaoliveira.com.br\/blog\/wp-content\/uploads\/2025\/09\/IMG_7084.jpeg?fit=1200%2C800\" data-orig-size=\"1200,800\" data-comments-opened=\"0\" data-image-meta=\"{&quot;aperture&quot;:&quot;0&quot;,&quot;credit&quot;:&quot;&quot;,&quot;camera&quot;:&quot;&quot;,&quot;caption&quot;:&quot;&quot;,&quot;created_timestamp&quot;:&quot;0&quot;,&quot;copyright&quot;:&quot;\\u00a9 2009 Brazil Photos&quot;,&quot;focal_length&quot;:&quot;0&quot;,&quot;iso&quot;:&quot;0&quot;,&quot;shutter_speed&quot;:&quot;0&quot;,&quot;title&quot;:&quot;&quot;,&quot;orientation&quot;:&quot;1&quot;}\" data-image-title=\"IMG_7084\" data-image-description=\"\" data-image-caption=\"\" data-medium-file=\"https:\/\/i0.wp.com\/blogdalucianaoliveira.com.br\/blog\/wp-content\/uploads\/2025\/09\/IMG_7084.jpeg?fit=300%2C200\" data-large-file=\"https:\/\/i0.wp.com\/blogdalucianaoliveira.com.br\/blog\/wp-content\/uploads\/2025\/09\/IMG_7084.jpeg?fit=600%2C400\" class=\"alignnone size-medium wp-image-37472\" src=\"https:\/\/i0.wp.com\/blogdalucianaoliveira.com.br\/blog\/wp-content\/uploads\/2025\/09\/IMG_7084.jpeg?resize=300%2C200\" alt=\"\" width=\"300\" height=\"200\" srcset=\"https:\/\/i0.wp.com\/blogdalucianaoliveira.com.br\/blog\/wp-content\/uploads\/2025\/09\/IMG_7084.jpeg?resize=300%2C200 300w, https:\/\/i0.wp.com\/blogdalucianaoliveira.com.br\/blog\/wp-content\/uploads\/2025\/09\/IMG_7084.jpeg?resize=1024%2C683 1024w, https:\/\/i0.wp.com\/blogdalucianaoliveira.com.br\/blog\/wp-content\/uploads\/2025\/09\/IMG_7084.jpeg?resize=768%2C512 768w, https:\/\/i0.wp.com\/blogdalucianaoliveira.com.br\/blog\/wp-content\/uploads\/2025\/09\/IMG_7084.jpeg?resize=450%2C300 450w, https:\/\/i0.wp.com\/blogdalucianaoliveira.com.br\/blog\/wp-content\/uploads\/2025\/09\/IMG_7084.jpeg?w=1200 1200w\" sizes=\"auto, (max-width: 300px) 100vw, 300px\" \/><\/p>\n<h2 class=\"Text__TextBase-sc-1d75gww-0 jhEviD noticiaCabecalho__subtitulo\">Segundo o MapBiomas, pecu\u00e1ria lidera a expans\u00e3o territorial que ocorre desde 1980. Conforme levantamento, perda \u00e9 de 13% da \u00e1rea total<\/h2>\n<div class=\"logo-div-container\">\n<div>\n<div class=\"HeaderNoticiaWrapper__Autor-sc-4exe2y-2 ghxIAK\"><a href=\"https:\/\/www.metropoles.com\/author\/laura-braga\" target=\"_top\" rel=\"author\">Laura Braga<\/a>, no Metr\u00f3poles- A Amaz\u00f4nia perdeu <a href=\"https:\/\/www.metropoles.com\/brasil\/dez-municipios-concentram-quase-30-do-desmatamento-na-amazonia\">52 milh\u00f5es de hectares de vegeta\u00e7\u00e3o nativa<\/a> nas \u00faltimas quatro d\u00e9cadas, segundo levantamento realizado pelo MapBiomas. A maior parte da perda ocorreu sobre a cobertura florestal, <a href=\"https:\/\/www.metropoles.com\/brasil\/inpe-desmatamento-sobe-4-na-amazonia-e-reduz-21-no-cerrado\">que teve quase 50 milh\u00f5es de hectares afetados<\/a>. O n\u00famero corresponde a 13% da \u00e1rea do maior bioma brasileiro.<\/div>\n<div>Os dados indicam ainda uma retra\u00e7\u00e3o de 2,6 milh\u00f5es de hectares em \u00e1reas de superf\u00edcie coberta por \u00e1gua, florestas e campos alag\u00e1veis, apicuns e manguezais.<\/div>\n<div>\n<p>Conforme o levantamento, imagens de sat\u00e9lite mostram que 83% da \u00e1rea antropizada no bioma \u2013 ou seja, modificada pela a\u00e7\u00e3o humana \u2013 foi registrada nos \u00faltimos 40 anos.<\/p>\n<p>Segundo o MapBiomas, a maior parte dessa <a href=\"https:\/\/www.metropoles.com\/colunas\/tacio-lorran\/jbs-comprou-12-mil-cabecas-de-gado-de-area-desmatada-na-amazonia\">expans\u00e3o de territ\u00f3rio est\u00e1 ligada \u00e0 pecu\u00e1ria<\/a>, que passou de 12,3 milh\u00f5es de hectares na d\u00e9cada de 1980 para 56 milh\u00f5es em 2024. A agricultura apresentou o maior crescimento proporcional, saltando de pouco mais de 3 mil hectares para 352 mil \u2013 um aumento de 110 vezes. J\u00e1 a minera\u00e7\u00e3o avan\u00e7ou de 26 mil hectares para 444 mil.<\/p>\n<p>Atualmente, boa parte da ocupa\u00e7\u00e3o agr\u00edcola corresponde a lavouras de soja, que chegaram a 5,9 milh\u00f5es de hectares em 2024. Os dados, no entanto, mostram que a soja deixou de ser um dos principais vetores de desmatamento no bioma ap\u00f3s a Morat\u00f3ria da Soja \u2013 acordo volunt\u00e1rio firmado em 2006 que pro\u00edbe a compra de gr\u00e3os provenientes de \u00e1reas desmatadas na Amaz\u00f4nia.<\/p>\n<p>Hoje, a expans\u00e3o da cultura ocorre majoritariamente sobre \u00e1reas abertas, e o desmatamento direto para novas planta\u00e7\u00f5es caiu 68% desde 2008.<\/p>\n<\/div>\n<\/div>\n<\/div>\n","protected":false},"excerpt":{"rendered":"<p>Segundo o MapBiomas, pecu\u00e1ria lidera a expans\u00e3o territorial que ocorre desde 1980. Conforme levantamento, perda \u00e9 de 13% da \u00e1rea total Laura Braga, no Metr\u00f3poles- A Amaz\u00f4nia perdeu 52 milh\u00f5es de hectares de vegeta\u00e7\u00e3o nativa nas \u00faltimas quatro d\u00e9cadas, segundo levantamento realizado pelo MapBiomas. A maior parte da perda ocorreu sobre a cobertura florestal, que&#8230;<a class=\"more-link\" href=\"http:\/\/blogdalucianaoliveira.com.br\/blog\/2025\/09\/15\/mapbiomas-amazonia-perdeu-52-milhoes-de-hectares-nativos-em-40-anos\/\">Continue a leitura <span class=\"meta-nav\">&raquo;<\/span><\/a><\/p>\n","protected":false},"author":1,"featured_media":0,"comment_status":"closed","ping_status":"open","sticky":false,"template":"","format":"standard","meta":{"_exactmetrics_skip_tracking":false,"_exactmetrics_sitenote_active":false,"_exactmetrics_sitenote_note":"","_exactmetrics_sitenote_category":0,"jetpack_post_was_ever_published":false,"_jetpack_newsletter_access":"","_jetpack_dont_email_post_to_subs":false,"_jetpack_newsletter_tier_id":0,"_jetpack_memberships_contains_paywalled_content":false,"_jetpack_memberships_contains_paid_content":false,"footnotes":"","jetpack_publicize_message":"","jetpack_publicize_feature_enabled":true,"jetpack_social_post_already_shared":true,"jetpack_social_options":{"image_generator_settings":{"template":"highway","enabled":false},"version":2}},"categories":[1],"tags":[252,387],"class_list":["post-37471","post","type-post","status-publish","format-standard","hentry","category-notas","tag-amazonia","tag-desmatamento"],"jetpack_publicize_connections":[],"jetpack_sharing_enabled":true,"jetpack_featured_media_url":"","jetpack_shortlink":"https:\/\/wp.me\/p7wKYW-9Kn","jetpack-related-posts":[],"_links":{"self":[{"href":"http:\/\/blogdalucianaoliveira.com.br\/blog\/wp-json\/wp\/v2\/posts\/37471","targetHints":{"allow":["GET"]}}],"collection":[{"href":"http:\/\/blogdalucianaoliveira.com.br\/blog\/wp-json\/wp\/v2\/posts"}],"about":[{"href":"http:\/\/blogdalucianaoliveira.com.br\/blog\/wp-json\/wp\/v2\/types\/post"}],"author":[{"embeddable":true,"href":"http:\/\/blogdalucianaoliveira.com.br\/blog\/wp-json\/wp\/v2\/users\/1"}],"replies":[{"embeddable":true,"href":"http:\/\/blogdalucianaoliveira.com.br\/blog\/wp-json\/wp\/v2\/comments?post=37471"}],"version-history":[{"count":1,"href":"http:\/\/blogdalucianaoliveira.com.br\/blog\/wp-json\/wp\/v2\/posts\/37471\/revisions"}],"predecessor-version":[{"id":37473,"href":"http:\/\/blogdalucianaoliveira.com.br\/blog\/wp-json\/wp\/v2\/posts\/37471\/revisions\/37473"}],"wp:attachment":[{"href":"http:\/\/blogdalucianaoliveira.com.br\/blog\/wp-json\/wp\/v2\/media?parent=37471"}],"wp:term":[{"taxonomy":"category","embeddable":true,"href":"http:\/\/blogdalucianaoliveira.com.br\/blog\/wp-json\/wp\/v2\/categories?post=37471"},{"taxonomy":"post_tag","embeddable":true,"href":"http:\/\/blogdalucianaoliveira.com.br\/blog\/wp-json\/wp\/v2\/tags?post=37471"}],"curies":[{"name":"wp","href":"https:\/\/api.w.org\/{rel}","templated":true}]}}