{"id":37475,"date":"2025-09-16T13:36:28","date_gmt":"2025-09-16T17:36:28","guid":{"rendered":"https:\/\/blogdalucianaoliveira.com.br\/blog\/?p=37475"},"modified":"2025-09-16T13:36:28","modified_gmt":"2025-09-16T17:36:28","slug":"sob-lula-desemprego-cai-a-56-e-chega-ao-menor-nivel-desde-2012","status":"publish","type":"post","link":"http:\/\/blogdalucianaoliveira.com.br\/blog\/2025\/09\/16\/sob-lula-desemprego-cai-a-56-e-chega-ao-menor-nivel-desde-2012\/","title":{"rendered":"Sob Lula, desemprego cai a 5,6% e chega ao menor n\u00edvel desde 2012"},"content":{"rendered":"<p><img data-recalc-dims=\"1\" loading=\"lazy\" decoding=\"async\" data-attachment-id=\"37476\" data-permalink=\"http:\/\/blogdalucianaoliveira.com.br\/blog\/2025\/09\/16\/sob-lula-desemprego-cai-a-56-e-chega-ao-menor-nivel-desde-2012\/img_7139\/\" data-orig-file=\"https:\/\/i0.wp.com\/blogdalucianaoliveira.com.br\/blog\/wp-content\/uploads\/2025\/09\/IMG_7139.webp?fit=500%2C240\" data-orig-size=\"500,240\" data-comments-opened=\"0\" data-image-meta=\"{&quot;aperture&quot;:&quot;0&quot;,&quot;credit&quot;:&quot;&quot;,&quot;camera&quot;:&quot;&quot;,&quot;caption&quot;:&quot;&quot;,&quot;created_timestamp&quot;:&quot;0&quot;,&quot;copyright&quot;:&quot;&quot;,&quot;focal_length&quot;:&quot;0&quot;,&quot;iso&quot;:&quot;0&quot;,&quot;shutter_speed&quot;:&quot;0&quot;,&quot;title&quot;:&quot;&quot;,&quot;orientation&quot;:&quot;0&quot;}\" data-image-title=\"IMG_7139\" data-image-description=\"\" data-image-caption=\"\" data-medium-file=\"https:\/\/i0.wp.com\/blogdalucianaoliveira.com.br\/blog\/wp-content\/uploads\/2025\/09\/IMG_7139.webp?fit=300%2C144\" data-large-file=\"https:\/\/i0.wp.com\/blogdalucianaoliveira.com.br\/blog\/wp-content\/uploads\/2025\/09\/IMG_7139.webp?fit=500%2C240\" class=\"alignnone size-medium wp-image-37476\" src=\"https:\/\/i0.wp.com\/blogdalucianaoliveira.com.br\/blog\/wp-content\/uploads\/2025\/09\/IMG_7139.webp?resize=300%2C144\" alt=\"\" width=\"300\" height=\"144\" srcset=\"https:\/\/i0.wp.com\/blogdalucianaoliveira.com.br\/blog\/wp-content\/uploads\/2025\/09\/IMG_7139.webp?resize=300%2C144 300w, https:\/\/i0.wp.com\/blogdalucianaoliveira.com.br\/blog\/wp-content\/uploads\/2025\/09\/IMG_7139.webp?w=500 500w\" sizes=\"auto, (max-width: 300px) 100vw, 300px\" \/><\/p>\n<h2 class=\"article__lead\">Massa salarial atinge R$ 352,3 bilh\u00f5es, aumento de 6,4%, maior valor da s\u00e9rie hist\u00f3rica da PNAD Cont\u00ednua, iniciada em 2012<\/h2>\n<p><!--more--><\/p>\n<p><b>247 &#8211; <\/b>A renda m\u00e9dia real do trabalhador brasileiro alcan\u00e7ou R$ 3.484 no trimestre encerrado em julho de 2025, o maior valor para o periodo da s\u00e9rie hist\u00f3rica da PNAD Cont\u00ednua, iniciada em 2012, segundo dados do Instituto Brasileiro de Geografia e Estat\u00edstica (IBGE). O levantamento aponta que o rendimento teve alta de 1,3% em rela\u00e7\u00e3o ao trimestre anterior e de 3,8% frente ao mesmo per\u00edodo de 2024. J\u00e1 a massa de rendimentos \u2014 que soma os ganhos de todos os trabalhadores \u2014 tamb\u00e9m bateu recorde, chegando a R$ 352,3 bilh\u00f5es, ap\u00f3s crescer 2,5% no trimestre e 6,4% em um ano.<\/p>\n<h2>Mercado de trabalho em expans\u00e3o<\/h2>\n<p>Paralelamente \u00e0 melhora da renda, o pa\u00eds registrou queda no desemprego. A taxa de desocupa\u00e7\u00e3o caiu para 5,6%, o menor patamar desde 2012. O n\u00famero de desocupados recuou para 6,1 milh\u00f5es de pessoas, queda de 14,2% no trimestre e 16% em 12 meses.<\/p>\n<p>O n\u00edvel de ocupa\u00e7\u00e3o, que mede a propor\u00e7\u00e3o de pessoas empregadas em rela\u00e7\u00e3o \u00e0 popula\u00e7\u00e3o em idade de trabalhar, chegou a 58,8%, tamb\u00e9m recorde hist\u00f3rico. O contingente de ocupados foi estimado em 102,4 milh\u00f5es de brasileiros.<\/p>\n<h2>Subutiliza\u00e7\u00e3o em queda e menos desalento<\/h2>\n<p>A taxa composta de subutiliza\u00e7\u00e3o \u2014 que re\u00fane desempregados, subocupados e pessoas que poderiam trabalhar mas n\u00e3o procuram emprego \u2014 caiu para 14,1%, a menor da s\u00e9rie. Em termos absolutos, s\u00e3o 16,1 milh\u00f5es de pessoas, ap\u00f3s queda de 8,8% no trimestre e 12,4% no ano.<\/p>\n<p>O desalento tamb\u00e9m recuou, atingindo 2,7 milh\u00f5es de pessoas, redu\u00e7\u00e3o de 11% em rela\u00e7\u00e3o ao trimestre anterior e 15% frente a 2024.<\/p>\n<h2>Recordes no trabalho formal e p\u00fablico<\/h2>\n<p>O emprego formal teve crescimento expressivo. No setor privado, o n\u00famero de trabalhadores com carteira assinada chegou a 39,1 milh\u00f5es, recorde da s\u00e9rie, com alta de 3,5% em um ano. J\u00e1 o setor p\u00fablico empregava 12,9 milh\u00f5es de pessoas em julho, um aumento de 3,4% no trimestre.<\/p>\n<p>O trabalho por conta pr\u00f3pria tamb\u00e9m bateu recorde, alcan\u00e7ando 25,9 milh\u00f5es de ocupados, ap\u00f3s crescimento de 1,9% no trimestre e 4,2% na compara\u00e7\u00e3o anual. A informalidade, por outro lado, apresentou leve recuo, representando 37,8% dos ocupados.<\/p>\n<h2>Setores que puxaram a renda e a ocupa\u00e7\u00e3o<\/h2>\n<p>Alguns setores se destacaram na gera\u00e7\u00e3o de postos de trabalho e no avan\u00e7o dos rendimentos. Frente ao mesmo per\u00edodo de 2024, houve crescimento expressivo na ind\u00fastria geral (+580 mil pessoas), no com\u00e9rcio (+398 mil) e no transporte (+360 mil).<br \/>\nNa renda, as maiores altas ocorreram na agricultura (+7,2%), na constru\u00e7\u00e3o (+7,0%), nas atividades de informa\u00e7\u00e3o e comunica\u00e7\u00e3o (+5,3%) e nos servi\u00e7os p\u00fablicos, sa\u00fade e educa\u00e7\u00e3o (+3,2%).Mas<\/p>\n","protected":false},"excerpt":{"rendered":"<p>Massa salarial atinge R$ 352,3 bilh\u00f5es, aumento de 6,4%, maior valor da s\u00e9rie hist\u00f3rica da PNAD Cont\u00ednua, iniciada em 2012<\/p>\n","protected":false},"author":1,"featured_media":0,"comment_status":"closed","ping_status":"open","sticky":false,"template":"","format":"standard","meta":{"_exactmetrics_skip_tracking":false,"_exactmetrics_sitenote_active":false,"_exactmetrics_sitenote_note":"","_exactmetrics_sitenote_category":0,"jetpack_post_was_ever_published":false,"_jetpack_newsletter_access":"","_jetpack_dont_email_post_to_subs":false,"_jetpack_newsletter_tier_id":0,"_jetpack_memberships_contains_paywalled_content":false,"_jetpack_memberships_contains_paid_content":false,"footnotes":"","jetpack_publicize_message":"","jetpack_publicize_feature_enabled":true,"jetpack_social_post_already_shared":true,"jetpack_social_options":{"image_generator_settings":{"template":"highway","enabled":false},"version":2}},"categories":[1],"tags":[249,78,433],"class_list":["post-37475","post","type-post","status-publish","format-standard","hentry","category-notas","tag-desemprego","tag-lula","tag-queda"],"jetpack_publicize_connections":[],"jetpack_sharing_enabled":true,"jetpack_featured_media_url":"","jetpack_shortlink":"https:\/\/wp.me\/p7wKYW-9Kr","jetpack-related-posts":[],"_links":{"self":[{"href":"http:\/\/blogdalucianaoliveira.com.br\/blog\/wp-json\/wp\/v2\/posts\/37475","targetHints":{"allow":["GET"]}}],"collection":[{"href":"http:\/\/blogdalucianaoliveira.com.br\/blog\/wp-json\/wp\/v2\/posts"}],"about":[{"href":"http:\/\/blogdalucianaoliveira.com.br\/blog\/wp-json\/wp\/v2\/types\/post"}],"author":[{"embeddable":true,"href":"http:\/\/blogdalucianaoliveira.com.br\/blog\/wp-json\/wp\/v2\/users\/1"}],"replies":[{"embeddable":true,"href":"http:\/\/blogdalucianaoliveira.com.br\/blog\/wp-json\/wp\/v2\/comments?post=37475"}],"version-history":[{"count":1,"href":"http:\/\/blogdalucianaoliveira.com.br\/blog\/wp-json\/wp\/v2\/posts\/37475\/revisions"}],"predecessor-version":[{"id":37477,"href":"http:\/\/blogdalucianaoliveira.com.br\/blog\/wp-json\/wp\/v2\/posts\/37475\/revisions\/37477"}],"wp:attachment":[{"href":"http:\/\/blogdalucianaoliveira.com.br\/blog\/wp-json\/wp\/v2\/media?parent=37475"}],"wp:term":[{"taxonomy":"category","embeddable":true,"href":"http:\/\/blogdalucianaoliveira.com.br\/blog\/wp-json\/wp\/v2\/categories?post=37475"},{"taxonomy":"post_tag","embeddable":true,"href":"http:\/\/blogdalucianaoliveira.com.br\/blog\/wp-json\/wp\/v2\/tags?post=37475"}],"curies":[{"name":"wp","href":"https:\/\/api.w.org\/{rel}","templated":true}]}}