{"id":37482,"date":"2025-09-17T09:24:28","date_gmt":"2025-09-17T13:24:28","guid":{"rendered":"https:\/\/blogdalucianaoliveira.com.br\/blog\/?p=37482"},"modified":"2025-09-17T09:24:28","modified_gmt":"2025-09-17T13:24:28","slug":"mucura-divulga-cartaz-e-trailer-apos-selecao-para-festival-olhar-do-norte-2025","status":"publish","type":"post","link":"http:\/\/blogdalucianaoliveira.com.br\/blog\/2025\/09\/17\/mucura-divulga-cartaz-e-trailer-apos-selecao-para-festival-olhar-do-norte-2025\/","title":{"rendered":"\u2018Mucura\u2019 divulga cartaz e trailer ap\u00f3s sele\u00e7\u00e3o para Festival Olhar do Norte 2025"},"content":{"rendered":"<p>&nbsp;<\/p>\n<p><img data-recalc-dims=\"1\" loading=\"lazy\" decoding=\"async\" data-attachment-id=\"37483\" data-permalink=\"http:\/\/blogdalucianaoliveira.com.br\/blog\/2025\/09\/17\/mucura-divulga-cartaz-e-trailer-apos-selecao-para-festival-olhar-do-norte-2025\/img_7148\/\" data-orig-file=\"https:\/\/i0.wp.com\/blogdalucianaoliveira.com.br\/blog\/wp-content\/uploads\/2025\/09\/IMG_7148.jpeg?fit=1200%2C1600\" data-orig-size=\"1200,1600\" data-comments-opened=\"0\" data-image-meta=\"{&quot;aperture&quot;:&quot;0&quot;,&quot;credit&quot;:&quot;&quot;,&quot;camera&quot;:&quot;&quot;,&quot;caption&quot;:&quot;&quot;,&quot;created_timestamp&quot;:&quot;0&quot;,&quot;copyright&quot;:&quot;&quot;,&quot;focal_length&quot;:&quot;0&quot;,&quot;iso&quot;:&quot;0&quot;,&quot;shutter_speed&quot;:&quot;0&quot;,&quot;title&quot;:&quot;&quot;,&quot;orientation&quot;:&quot;0&quot;}\" data-image-title=\"IMG_7148\" data-image-description=\"\" data-image-caption=\"\" data-medium-file=\"https:\/\/i0.wp.com\/blogdalucianaoliveira.com.br\/blog\/wp-content\/uploads\/2025\/09\/IMG_7148.jpeg?fit=225%2C300\" data-large-file=\"https:\/\/i0.wp.com\/blogdalucianaoliveira.com.br\/blog\/wp-content\/uploads\/2025\/09\/IMG_7148.jpeg?fit=600%2C800\" class=\"alignnone size-medium wp-image-37483\" src=\"https:\/\/i0.wp.com\/blogdalucianaoliveira.com.br\/blog\/wp-content\/uploads\/2025\/09\/IMG_7148.jpeg?resize=225%2C300\" alt=\"\" width=\"225\" height=\"300\" srcset=\"https:\/\/i0.wp.com\/blogdalucianaoliveira.com.br\/blog\/wp-content\/uploads\/2025\/09\/IMG_7148.jpeg?resize=225%2C300 225w, https:\/\/i0.wp.com\/blogdalucianaoliveira.com.br\/blog\/wp-content\/uploads\/2025\/09\/IMG_7148.jpeg?resize=768%2C1024 768w, https:\/\/i0.wp.com\/blogdalucianaoliveira.com.br\/blog\/wp-content\/uploads\/2025\/09\/IMG_7148.jpeg?resize=1152%2C1536 1152w, https:\/\/i0.wp.com\/blogdalucianaoliveira.com.br\/blog\/wp-content\/uploads\/2025\/09\/IMG_7148.jpeg?w=1200 1200w\" sizes=\"auto, (max-width: 225px) 100vw, 225px\" \/><\/p>\n<p>Da assessoria &#8211; O curta-metragem Mucura, dirigido por Fabiano Barros, divulga nesta segunda-feira (25) cartaz oficial e trailer ap\u00f3s ser selecionado para a 7a edi\u00e7\u00e3o do Festival de Cinema da Amaz\u00f4nia \u2013 Olhar do Norte. Realizado entre 17 e 21 de setembro, no Teatro Amazonas, em Manaus, o evento \u00e9 considerado o principal encontro cinematogr\u00e1fico da regi\u00e3o, com sess\u00f5es gratuitas<br \/>\nabertas ao p\u00fablico.<!--more--><\/p>\n<p>\u2018Mucura\u2019 \u00e9 produzido pela Cia de Artes Clandestinos em parceria com Conex\u00e3o Norte Produ\u00e7\u00f5es, Cenaviva Filmes, JLe\u00e3o Produ\u00e7\u00f5es e E.Produ\u00e7\u00f5es Culturais. O curta foi contemplado pelo Edital no 01\/2024\/SEJUCEL \u2013 LPG Audiovisual: Bolsas para Artes em V\u00eddeo, da Lei Paulo Gustavo. O filme integra a Mostra Amaz\u00f4nia, dedicada \u00e0s produ\u00e7\u00f5es da regi\u00e3o norte.<\/p>\n<p>A narrativa acompanha Marta, personagem de Kaline Leigue, que vive momentos de medo e del\u00edrio em uma casa marcada por sil\u00eancios e sombras. Ru\u00eddos, vis\u00f5es e apari\u00e7\u00f5es inexplic\u00e1veis atravessam a rotina, colocando em cena a rela\u00e7\u00e3o entre mem\u00f3ria, trauma e imagina\u00e7\u00e3o. Al\u00e9m de Mucura, outros filmes de Rond\u00f4nia tamb\u00e9m integram a programa\u00e7\u00e3o desta edi\u00e7\u00e3o do festival Olhar do Norte.<\/p>\n<p>Assista ao teaser:<\/p>\n<p><a href=\"https:\/\/www.youtube.com\/watch?v=yeJN_1Z399U&amp;ab_channel=CONEX%C3%83ONORTEPRODU%C3%87%C3%95ES\">https:\/\/www.youtube.com\/watch?v=yeJN_1Z399U&amp;ab_channel=CONEX%C3%83ONORTEPRODU%C3%87%C3%95ES<\/a><\/p>\n","protected":false},"excerpt":{"rendered":"<p>&nbsp; Da assessoria &#8211; O curta-metragem Mucura, dirigido por Fabiano Barros, divulga nesta segunda-feira (25) cartaz oficial e trailer ap\u00f3s ser selecionado para a 7a edi\u00e7\u00e3o do Festival de Cinema da Amaz\u00f4nia \u2013 Olhar do Norte. Realizado entre 17 e 21 de setembro, no Teatro Amazonas, em Manaus, o evento \u00e9 considerado o principal encontro&#8230;<a class=\"more-link\" href=\"http:\/\/blogdalucianaoliveira.com.br\/blog\/2025\/09\/17\/mucura-divulga-cartaz-e-trailer-apos-selecao-para-festival-olhar-do-norte-2025\/\">Continue a leitura <span class=\"meta-nav\">&raquo;<\/span><\/a><\/p>\n","protected":false},"author":1,"featured_media":0,"comment_status":"closed","ping_status":"open","sticky":false,"template":"","format":"standard","meta":{"_exactmetrics_skip_tracking":false,"_exactmetrics_sitenote_active":false,"_exactmetrics_sitenote_note":"","_exactmetrics_sitenote_category":0,"jetpack_post_was_ever_published":false,"_jetpack_newsletter_access":"","_jetpack_dont_email_post_to_subs":false,"_jetpack_newsletter_tier_id":0,"_jetpack_memberships_contains_paywalled_content":false,"_jetpack_memberships_contains_paid_content":false,"footnotes":"","jetpack_publicize_message":"","jetpack_publicize_feature_enabled":true,"jetpack_social_post_already_shared":true,"jetpack_social_options":{"image_generator_settings":{"template":"highway","enabled":false},"version":2}},"categories":[1],"tags":[253,1488,1489],"class_list":["post-37482","post","type-post","status-publish","format-standard","hentry","category-notas","tag-filme","tag-mucura","tag-teaser"],"jetpack_publicize_connections":[],"jetpack_sharing_enabled":true,"jetpack_featured_media_url":"","jetpack_shortlink":"https:\/\/wp.me\/p7wKYW-9Ky","jetpack-related-posts":[],"_links":{"self":[{"href":"http:\/\/blogdalucianaoliveira.com.br\/blog\/wp-json\/wp\/v2\/posts\/37482","targetHints":{"allow":["GET"]}}],"collection":[{"href":"http:\/\/blogdalucianaoliveira.com.br\/blog\/wp-json\/wp\/v2\/posts"}],"about":[{"href":"http:\/\/blogdalucianaoliveira.com.br\/blog\/wp-json\/wp\/v2\/types\/post"}],"author":[{"embeddable":true,"href":"http:\/\/blogdalucianaoliveira.com.br\/blog\/wp-json\/wp\/v2\/users\/1"}],"replies":[{"embeddable":true,"href":"http:\/\/blogdalucianaoliveira.com.br\/blog\/wp-json\/wp\/v2\/comments?post=37482"}],"version-history":[{"count":1,"href":"http:\/\/blogdalucianaoliveira.com.br\/blog\/wp-json\/wp\/v2\/posts\/37482\/revisions"}],"predecessor-version":[{"id":37484,"href":"http:\/\/blogdalucianaoliveira.com.br\/blog\/wp-json\/wp\/v2\/posts\/37482\/revisions\/37484"}],"wp:attachment":[{"href":"http:\/\/blogdalucianaoliveira.com.br\/blog\/wp-json\/wp\/v2\/media?parent=37482"}],"wp:term":[{"taxonomy":"category","embeddable":true,"href":"http:\/\/blogdalucianaoliveira.com.br\/blog\/wp-json\/wp\/v2\/categories?post=37482"},{"taxonomy":"post_tag","embeddable":true,"href":"http:\/\/blogdalucianaoliveira.com.br\/blog\/wp-json\/wp\/v2\/tags?post=37482"}],"curies":[{"name":"wp","href":"https:\/\/api.w.org\/{rel}","templated":true}]}}