{"id":37490,"date":"2025-09-17T09:32:11","date_gmt":"2025-09-17T13:32:11","guid":{"rendered":"https:\/\/blogdalucianaoliveira.com.br\/blog\/?p=37490"},"modified":"2025-09-17T09:32:47","modified_gmt":"2025-09-17T13:32:47","slug":"camara-dos-deputados-aprova-pec-que-blinda-parlamentares-de-processos-criminais","status":"publish","type":"post","link":"http:\/\/blogdalucianaoliveira.com.br\/blog\/2025\/09\/17\/camara-dos-deputados-aprova-pec-que-blinda-parlamentares-de-processos-criminais\/","title":{"rendered":"C\u00e2mara dos Deputados aprova PEC que blinda parlamentares de processos criminais"},"content":{"rendered":"<h2><img data-recalc-dims=\"1\" loading=\"lazy\" decoding=\"async\" data-attachment-id=\"37492\" data-permalink=\"http:\/\/blogdalucianaoliveira.com.br\/blog\/2025\/09\/17\/camara-dos-deputados-aprova-pec-que-blinda-parlamentares-de-processos-criminais\/img_7153\/\" data-orig-file=\"https:\/\/i0.wp.com\/blogdalucianaoliveira.com.br\/blog\/wp-content\/uploads\/2025\/09\/IMG_7153.jpeg?fit=1140%2C815\" data-orig-size=\"1140,815\" data-comments-opened=\"0\" data-image-meta=\"{&quot;aperture&quot;:&quot;0&quot;,&quot;credit&quot;:&quot;&quot;,&quot;camera&quot;:&quot;&quot;,&quot;caption&quot;:&quot;&quot;,&quot;created_timestamp&quot;:&quot;0&quot;,&quot;copyright&quot;:&quot;&quot;,&quot;focal_length&quot;:&quot;0&quot;,&quot;iso&quot;:&quot;0&quot;,&quot;shutter_speed&quot;:&quot;0&quot;,&quot;title&quot;:&quot;&quot;,&quot;orientation&quot;:&quot;0&quot;}\" data-image-title=\"IMG_7153\" data-image-description=\"\" data-image-caption=\"\" data-medium-file=\"https:\/\/i0.wp.com\/blogdalucianaoliveira.com.br\/blog\/wp-content\/uploads\/2025\/09\/IMG_7153.jpeg?fit=300%2C214\" data-large-file=\"https:\/\/i0.wp.com\/blogdalucianaoliveira.com.br\/blog\/wp-content\/uploads\/2025\/09\/IMG_7153.jpeg?fit=600%2C429\" class=\"alignnone size-medium wp-image-37492\" src=\"https:\/\/i0.wp.com\/blogdalucianaoliveira.com.br\/blog\/wp-content\/uploads\/2025\/09\/IMG_7153.jpeg?resize=300%2C214\" alt=\"\" width=\"300\" height=\"214\" srcset=\"https:\/\/i0.wp.com\/blogdalucianaoliveira.com.br\/blog\/wp-content\/uploads\/2025\/09\/IMG_7153.jpeg?resize=300%2C214 300w, https:\/\/i0.wp.com\/blogdalucianaoliveira.com.br\/blog\/wp-content\/uploads\/2025\/09\/IMG_7153.jpeg?resize=1024%2C732 1024w, https:\/\/i0.wp.com\/blogdalucianaoliveira.com.br\/blog\/wp-content\/uploads\/2025\/09\/IMG_7153.jpeg?resize=768%2C549 768w, https:\/\/i0.wp.com\/blogdalucianaoliveira.com.br\/blog\/wp-content\/uploads\/2025\/09\/IMG_7153.jpeg?resize=420%2C300 420w, https:\/\/i0.wp.com\/blogdalucianaoliveira.com.br\/blog\/wp-content\/uploads\/2025\/09\/IMG_7153.jpeg?w=1140 1140w\" sizes=\"auto, (max-width: 300px) 100vw, 300px\" \/><\/h2>\n<h2 class=\"jeg_post_subtitle\">Parlamentares do Psol criticaram a proposta e expuseram uma manobra da mesa diretora para alcan\u00e7ar a maioria<\/h2>\n<p><!--more--><\/p>\n<p>Brasil de Fato, por Leonardo Fernandes &#8211; Em uma sess\u00e3o que se estendeu at\u00e9 a madrugada, marcada por excesso de interrup\u00e7\u00f5es, deboches e ironias, a C\u00e2mara dos Deputados aprovou nesta ter\u00e7a-feira (16) a <a href=\"https:\/\/www.camara.leg.br\/proposicoesWeb\/fichadetramitacao?idProposicao=2270800\" target=\"_blank\" rel=\"noopener noreferrer\">Proposta de Emenda Constitucional (PEC) 3\/2021<\/a>, conhecida como a <a href=\"https:\/\/www.brasildefato.com.br\/2025\/09\/16\/hugo-motta-vai-pautar-pec-da-blindagem-e-anistia-e-deputados-progressistas-criticam-pacotao-da-impunidade\/\" target=\"_blank\" rel=\"noopener noreferrer\">\u201cPEC da Blindagem\u201d<\/a>. O governo liberou os deputados da base para votar como quisessem. A proposta retoma uma norma usada no passado, sobre a qual \u00e9 exigida autoriza\u00e7\u00e3o do Congresso Nacional para abertura de processos criminais contra parlamentares.<\/p>\n<p>Eram necess\u00e1rios 308 votos para a aprova\u00e7\u00e3o, ou seja, 3\/5 do parlamento por se tratar de mudan\u00e7a constitucional. O placar foi de 353 a 134 no primeiro turno e 344 a 133 no segundo.<\/p>\n<div class=\"jeg_ad jeg_ad_article jnews_content_inline_ads \">\n<div class=\"ads-wrapper align-center \">\n<div class=\"ads_shortcode\">\n<div class=\"ads-region-container\" data-slot=\"artigos-leaderboard-incontent-1-mobile\" data-region=\"br\" data-slot-name=\"artigos-leaderboard-incontent-1-mobile-br\">\n<div id=\"div-gpt-ad-artigos-mobile_rectangle_mobile_1\" class=\"ad-slot\"><\/div>\n<\/div>\n<\/div>\n<\/div>\n<\/div>\n<p>A PEC altera o texto constitucional para proibir a pris\u00e3o cautelar por decis\u00e3o monocr\u00e1tica, ou seja, de um \u00fanico ministro do <a href=\"https:\/\/www.brasildefato.com.br\/2025\/09\/11\/carmen-lucia-vota-e-forma-maioria-para-condenar-jair-bolsonaro-pela-trama-golpista\/\" target=\"_blank\" rel=\"noopener noreferrer\">Supremo Tribunal Federal (STF)<\/a>. A proposta estabelece que a pris\u00e3o em flagrante de deputados federais e senadores somente ser\u00e1 permitida se estiver relacionada a crimes inafian\u00e7\u00e1veis listados na Constitui\u00e7\u00e3o.<\/p>\n<p>O projeto ainda impede que a medida cautelar seja decretada por ministro em regime de plant\u00e3o judici\u00e1rio. Sendo assim, a pris\u00e3o em flagrante s\u00f3 poder\u00e1 ocorrer nos casos explicitados pela Constitui\u00e7\u00e3o, entre eles racismo, crimes hediondos, tortura, tr\u00e1fico de drogas, terrorismo e a a\u00e7\u00e3o de grupos armados, civis ou militares, contra a ordem constitucional e o Estado Democr\u00e1tico.<\/p>\n<div class=\"jeg_ad jeg_ad_article jnews_content_inline_2_ads \">\n<div class=\"ads-wrapper align-center \">\n<div class=\"ads_shortcode\">\n<div class=\"ads-region-container\" data-slot=\"artigos-leaderboard-incontent-2-mobile\" data-region=\"br\" data-slot-name=\"artigos-leaderboard-incontent-2-mobile-br\">\n<div id=\"div-gpt-ad-artigos-mobile_rectangle_mobile_2\" class=\"ad-slot\"><\/div>\n<\/div>\n<\/div>\n<\/div>\n<\/div>\n<p>Segundo o texto, a abertura de a\u00e7\u00e3o penal contra deputados e senadores precisa, obrigatoriamente, passar pelo parlamento, al\u00e9m de estabelecer o regime de vota\u00e7\u00e3o secreta para essas autoriza\u00e7\u00f5es. Foi inclu\u00edda na proposta a concess\u00e3o de uma esp\u00e9cie de \u201cforo privilegiado\u201d para presidentes de partidos, que passariam a se beneficiar das mesmas regras.<\/p>\n<p>J\u00e1 era madrugada de quarta-feira (17) quando os deputados aprovaram um destaque que excluiu da PEC a possibilidade de vota\u00e7\u00e3o secreta para autorizar a abertura de processos contra parlamentares. Apesar disso, permaneceu no texto a regra que prev\u00ea voto secreto para decidir sobre o relaxamento da pris\u00e3o de parlamentares detidos em flagrante por crimes inafian\u00e7\u00e1veis.<\/p>\n<div class=\"jeg_ad jeg_ad_article jnews_content_inline_3_ads \">\n<div class=\"ads-wrapper align-center \">\n<div class=\"ads_shortcode\">\n<div class=\"ads-region-container\" data-slot=\"artigos-leaderboard-incontent-3-mobile\" data-region=\"br\" data-slot-name=\"artigos-leaderboard-incontent-3-mobile-br\">\n<div id=\"div-gpt-ad-artigos-mobile_rectangle_mobile_3\" class=\"ad-slot\"><\/div>\n<\/div>\n<\/div>\n<\/div>\n<\/div>\n<p>Antes de seguir para o Senado, outros dois destaques ainda precisam passar pela an\u00e1lise da C\u00e2mara.<\/p>\n<h4 class=\"wp-block-heading\">\u201cC\u00e2mara secreta\u201d<\/h4>\n<p>L\u00edder da maioria na C\u00e2mara, a deputada <a href=\"https:\/\/www.brasildefato.com.br\/2025\/02\/25\/erika-kokay-e-anunciada-como-pre-candidata-ao-senado-pelo-pt-df\/\" target=\"_blank\" rel=\"noopener noreferrer\">\u00c9rika Kokay (PT-DF)<\/a> chamou a aten\u00e7\u00e3o da opini\u00e3o p\u00fablica sobre a proposta. \u201cEu acho que a popula\u00e7\u00e3o tem que ficar extremamente atenta o que est\u00e1 acontecendo aqui hoje, porque aqui parlamentares querem ter o direito de n\u00e3o responder pelos seus crimes\u201d, declarou.<\/p>\n<p>A deputada federal <a href=\"https:\/\/www.brasildefato.com.br\/2025\/09\/15\/futuras-geracoes-vao-ter-leitura-diferente-sobre-o-brasil-diz-samia-bomfim-sobre-condenacao-de-bolsonaro\/\" target=\"_blank\" rel=\"noopener noreferrer\">S\u00e2mia Bomfim (Psol)<\/a> n\u00e3o poupou palavras para criticar a articula\u00e7\u00e3o em torno da blindagem. \u201cIsso aqui \u00e9 praticamente a C\u00e2mara secreta, porque o or\u00e7amento \u00e9 secreto, o voto, querem que seja secreto. S\u00f3 o que n\u00e3o \u00e9 secreto \u00e9 a falta de vergonha na cara. Safadeza, minha gente, \u00e9 transparente, cristalina, evidente para quem quiser ver\u201d, afirmou a deputada, que provocou rea\u00e7\u00e3o na bancada bolsonarista.<\/p>\n<p>J\u00e1 o deputado <a href=\"https:\/\/www.brasildefato.com.br\/2025\/01\/23\/ditadura-impoe-experiencias-duras-de-vida-relembra-deputado-ivan-valente\/\" target=\"_blank\" rel=\"noopener noreferrer\">Ivan Valente (Psol-SP)<\/a>, qualificou a agenda do Congresso Nacional como um \u201cgolpe continuado\u201d. \u201cEsta vota\u00e7\u00e3o da PEC da blindagem somada com a anistia fajuta de amanh\u00e3 e a nomea\u00e7\u00e3o da lideran\u00e7a do Eduardo Bolsonaro [estando] l\u00e1 no exterior, esse quinta-coluna, \u00e9 golpe continuado, \u00e9 sabotagem do Brasil\u201d, pronunciou o deputado. \u201c\u00c9 livrar deputado de casos de corrup\u00e7\u00e3o, de assassinato, de maracutaia em emenda, do crime que quiser\u201d, completou.<\/p>\n<p>Valente denunciou ainda que a agenda \u00e9 resultado da alian\u00e7a entre os partidos do centr\u00e3o e da extrema-direita. \u201cEssa quest\u00e3o de acordo do centr\u00e3o com a extrema-direita mostra o seguinte: n\u00e3o se tem vergonha na cara, n\u00e3o se critica o tarifa\u00e7o, a interven\u00e7\u00e3o no Judici\u00e1rio, o golpe de Estado, o fim da democracia, o que voc\u00eas querem? Impunidade e semipresidencialismo?\u201d, destacou o deputado.<\/p>\n<p>Por sua vez, <a href=\"http:\/\/www-brasildefato-com-br.webpkgcache.com\/doc\/-\/s\/www.brasildefato.com.br\/2025\/09\/12\/ameaca-dos-eua-apos-condenacao-de-bolsonaro-e-descaramento-com-apoio-de-traidores-diz-deputado\/\" target=\"_blank\" rel=\"noopener noreferrer\">Chico Alencar (Psol-RJ) <\/a>cobrou dos deputados seu compromisso com a transpar\u00eancia de seus votos. \u201cA popula\u00e7\u00e3o quer saber como os seus representantes votam em todas as mat\u00e9rias. Esse voto secreto que essa PEC da blindagem da autoprote\u00e7\u00e3o traz. \u00c9 um absurdo total. O deputado, o senador, tem que ter coragem de expor seu voto em qualquer situa\u00e7\u00e3o\u201d, defendeu Alencar.<\/p>\n<h4 class=\"wp-block-heading\">Foi preciso manobrar<\/h4>\n<p>A l\u00edder do Psol na C\u00e2mara, deputada <a href=\"https:\/\/www.brasildefato.com.br\/2024\/08\/06\/taliria-petrone-e-a-congressista-mais-ameacada-nos-ultimos-seis-anos-mostra-estudo\/\" target=\"_blank\" rel=\"noopener noreferrer\">Tal\u00edria Petrone (RJ)<\/a>, chamou a aten\u00e7\u00e3o para uma manobra da mesa diretora, para permitir que parlamentares que n\u00e3o estavam presencialmente no Congresso pudessem votar.<\/p>\n<p>\u201cN\u00f3s estamos ent\u00e3o nesse momento numa sess\u00e3o que a gente n\u00e3o sabe bem como est\u00e1 funcionando\u201d, disse a l\u00edder, seguida por S\u00e2mia Bomfim, que exp\u00f4s o texto do ato normativo que estaria sendo desrespeitado.<\/p>\n<p>\u201cCom base no ato da mesa n.\u00ba 54 de 2025, que diz que as sess\u00f5es e reuni\u00f5es da C\u00e2mara dos Deputados ter\u00e3o o seguinte regime de funcionamento presencial, em que o registro de presen\u00e7a dever\u00e1 ser efetuado exclusivamente, de forma presencial, nos postos de registro biom\u00e9trico instalados no plen\u00e1rio. E que o registro de presen\u00e7a poder\u00e1 ser efetuado nos termos do regime presencial ou por meio do InfoLeg [sistema interno da C\u00e2mara]. E diz que o regime presencial ser\u00e1 adotado nas reuni\u00f5es de ter\u00e7as, quartas e quintas-feiras. O presidente da C\u00e2mara poder\u00e1 determinar regime de funcionamento diverso e dever\u00e1 ser publicado com anteced\u00eancia m\u00ednima de 24 horas\u201d, leu.<\/p>\n<figure class=\"wp-block-image size-large\"><img data-recalc-dims=\"1\" loading=\"lazy\" decoding=\"async\" class=\"wp-image-752883 lazy entered loaded\" src=\"https:\/\/i0.wp.com\/assets.brasildefato.com.br\/2025\/09\/bdf-20250916-220951-fdff2c-1024x631.jpg?resize=600%2C370&#038;ssl=1\" sizes=\"auto, (max-width: 1024px) 100vw, 1024px\" srcset=\"https:\/\/assets.brasildefato.com.br\/2025\/09\/bdf-20250916-220951-fdff2c-300x185.jpg 300w, https:\/\/assets.brasildefato.com.br\/2025\/09\/bdf-20250916-220951-fdff2c-1024x631.jpg 1024w, https:\/\/assets.brasildefato.com.br\/2025\/09\/bdf-20250916-220951-fdff2c-768x473.jpg 768w, https:\/\/assets.brasildefato.com.br\/2025\/09\/bdf-20250916-220951-fdff2c-1536x947.jpg 1536w, https:\/\/assets.brasildefato.com.br\/2025\/09\/bdf-20250916-220951-fdff2c-750x536.jpg 750w, https:\/\/assets.brasildefato.com.br\/2025\/09\/bdf-20250916-220951-fdff2c-1140x815.jpg 1140w, https:\/\/assets.brasildefato.com.br\/2025\/09\/bdf-20250916-220951-fdff2c.jpg 1984w\" alt=\"\" width=\"600\" height=\"370\" data-src=\"https:\/\/assets.brasildefato.com.br\/2025\/09\/bdf-20250916-220951-fdff2c-1024x631.jpg\" data-srcset=\"https:\/\/assets.brasildefato.com.br\/2025\/09\/bdf-20250916-220951-fdff2c-300x185.jpg 300w, https:\/\/assets.brasildefato.com.br\/2025\/09\/bdf-20250916-220951-fdff2c-1024x631.jpg 1024w, https:\/\/assets.brasildefato.com.br\/2025\/09\/bdf-20250916-220951-fdff2c-768x473.jpg 768w, https:\/\/assets.brasildefato.com.br\/2025\/09\/bdf-20250916-220951-fdff2c-1536x947.jpg 1536w, https:\/\/assets.brasildefato.com.br\/2025\/09\/bdf-20250916-220951-fdff2c-750x536.jpg 750w, https:\/\/assets.brasildefato.com.br\/2025\/09\/bdf-20250916-220951-fdff2c-1140x815.jpg 1140w, https:\/\/assets.brasildefato.com.br\/2025\/09\/bdf-20250916-220951-fdff2c.jpg 1984w\" data-sizes=\"(max-width: 1024px) 100vw, 1024px\" data-pin-no-hover=\"true\" data-ll-status=\"loaded\" \/><figcaption class=\"wp-element-caption\">Deputada federal S\u00e2mia Bomfim (Psol-SP). Foto: Kayo Magalh\u00e3es \/ C\u00e2mara dos Deputados<\/figcaption><\/figure>\n<p>\u201cEssa sess\u00e3o, como todas as sess\u00f5es de ter\u00e7a-feira, foi convocada no regime de presen\u00e7a aqui biom\u00e9trica e vota\u00e7\u00e3o online. Ao longo da sess\u00e3o, coincidentemente, depois de n\u00e3o observado o qu\u00f3rum suficiente para aprovar essa PEC vergonhosa da blindagem, foi alterado o modelo de registro de presen\u00e7a para registro online, diferentemente de todas as sess\u00f5es constitu\u00eddas desde esse ato da mesa, que obriga o registro presencial\u201d, criticou S\u00e2mia, citando a primeira vota\u00e7\u00e3o de um requerimento para a retirada de pauta do projeto, que recebeu menos votos do que o necess\u00e1rio para aprova\u00e7\u00e3o do m\u00e9rito da PEC.<\/p>\n<p>\u201cMudaram as regras do jogo durante o jogo\u201d, denunciou Tal\u00edria.<\/p>\n<h4 class=\"wp-block-heading\">O peixe morre pela boca<\/h4>\n<p>Em tom de deboche, deputados bolsonaristas fizeram declara\u00e7\u00f5es estarrecedoras durante a sess\u00e3o desta ter\u00e7a. O deputado Bibo Nunes (PL-RS), chegou a assumir publicamente que defende a \u201cblindagem\u201d dos parlamentares.<\/p>\n<p>\u201cD\u00ea o nome que se d\u00ea a essa PEC. Pode ser blindado. Mas n\u00f3s, parlamentares, temos que estar blindados contra um STF que s\u00f3 julga politicamente\u201d, afirmou.\u00a0\u201cEu quero ser blindado\u201d, declarou, em outro momento. \u201cViva a blindagem\u201d, completou.<\/p>\n<p>J\u00e1 o deputado <a href=\"https:\/\/www.brasildefato.com.br\/2025\/09\/15\/nikolas-mira-criticos-dos-eua-e-pede-cancelamento-de-vistos-para-mobilizar-base-da-extrema-direita\/\" target=\"_blank\" rel=\"noopener noreferrer\">Nikolas Ferreira (PL-MG)<\/a> ironizou sobre a necessidade de permiss\u00e3o do parlamento para investigar seus pr\u00f3prios membros. \u201cSe algum deputado cometer crime, ele vai para cadeia, sim. Basta essa casa decidir que sim\u201d, afirmou. \u201cSim, queremos ser blindados sim\u201d, disse, em outro momento.<\/p>\n<p>Mas houve deputado de direita que n\u00e3o s\u00f3 se posicionou contra a PEC, como alertou sobre um dos efeitos mais graves da proposta: a infiltra\u00e7\u00e3o do crime organizado na pol\u00edtica institucional.<\/p>\n<p>\u201cVotar e aprovar essa PEC \u00e9 pedir para o crime organizado disputar cadeiras e vencer elei\u00e7\u00f5es aqui dentro do Congresso Nacional para se safar das suas investiga\u00e7\u00f5es\u201d, declarou o deputado <a href=\"https:\/\/www.brasildefato.com.br\/2022\/02\/15\/kataguiri-nao-intimida-nem-um-segundo-do-meu-sono-diz-ivan-valente-sobre-processo-judicial\/\" target=\"_blank\" rel=\"noopener noreferrer\">Kim Kataguiri (Uni\u00e3o-SP)<\/a>. \u201c\u00c9 pedir para a gente do PCC [Primeiro Comando da Capital], do Comando Vermelho disputar a elei\u00e7\u00e3o para ter mandato de deputado federal e depois, no voto secreto dessa casa, o sujeito sequer poder responder criminalmente pelos seus atos\u201d, seguiu o deputado.<\/p>\n<p>\u201cPorque o medo, qual \u00e9 o receio?\u201d, questionou o parlamentar sobre a proposta de voto secreto para autoriza\u00e7\u00e3o de pris\u00e3o de parlamentares. \u201cQual \u00e9 a agenda oculta de querer esconder o voto do deputado quando ele est\u00e1 analisando a pris\u00e3o de um colega ou um processo criminal contra um colega? Qual \u00e9 o receio?\u201d, insistiu Kataguiri.<\/p>\n<h4 class=\"wp-block-heading\">\u2018Hugo cedeu\u2019<\/h4>\n<p>O presidente da C\u00e2mara, deputado <a href=\"https:\/\/www.brasildefato.com.br\/2025\/08\/11\/hugo-motta-virou-presidente-sem-autoridade-diz-deputado-federal-tadeu-veneri-pt-pr\/\" target=\"_blank\" rel=\"noopener noreferrer\">Hugo Motta (REP-PB)<\/a>, abriu a sess\u00e3o desta ter\u00e7a justificando sua decis\u00e3o sobre a pauta. \u201cA decis\u00e3o de trazer a pauta com o apoio da maioria do col\u00e9gio de l\u00edderes para que esse plen\u00e1rio possa deliberar acerca de uma mat\u00e9ria que eu julgo de muito import\u00e2ncia que \u00e9 para trazer as garantias constitucionais que os nossos mandatos precisam\u201d, disse o parlamentar, que defendeu o texto da PEC.<\/p>\n<p>\u201cNada mais \u00e9 do que o retorno ao texto constitucional de 1988, texto que foi aprovado pela ent\u00e3o constituinte, que foi alterado por essa casa e que diante de muitas discuss\u00f5es, de atropelos, de abusos que aconteceram contra colegas nossos em v\u00e1rias oportunidades, a C\u00e2mara tem hoje a oportunidade de dizer se quer retomar esse texto constitucional ou n\u00e3o\u201d, declarou o presidente da C\u00e2mara, que ap\u00f3s sua fala, levantou-se da mesa diretora e deu lugar ao vice-presidente da C\u00e2mara, <a href=\"https:\/\/www.brasildefato.com.br\/2025\/08\/08\/oposicao-no-congresso-reage-com-desespero-para-evitar-condenacao-de-bolsonaro-avalia-jurista\/\" target=\"_blank\" rel=\"noopener noreferrer\">Altineu C\u00f4rtes (PL-RJ)<\/a>, retornando pouco antes da vota\u00e7\u00e3o.<\/p>\n<p>Chico Alencar criticou diretamente a postura de Motta. \u201cVejam, o presidente Hugo Mota faz um discurso ali da cadeira presidencial de defesa da proposta, saiu da sua neutralidade. Ali\u00e1s, proposta votada agora e essa urg\u00eancia da anistia que se fala para amanh\u00e3 como concess\u00e3o a vantagem dos que ocuparam a mesa diretora e bloquearam o trabalho, os trabalhos da casa por quase dois dias. Hugo cedeu\u201d, disse o parlamentar, da tribuna.<\/p>\n<p><em>Mat\u00e9ria atualizada em 17 de setembro, \u00e0s 7h30.<\/em><\/p>\n<div class=\"jeg_meta_post_footer\">\n<div class=\"jeg_meta_editors\">Editado por: Felipe Mendes<\/div>\n<\/div>\n","protected":false},"excerpt":{"rendered":"<p>Parlamentares do Psol criticaram a proposta e expuseram uma manobra da mesa diretora para alcan\u00e7ar a maioria<\/p>\n","protected":false},"author":1,"featured_media":0,"comment_status":"closed","ping_status":"open","sticky":false,"template":"","format":"standard","meta":{"_exactmetrics_skip_tracking":false,"_exactmetrics_sitenote_active":false,"_exactmetrics_sitenote_note":"","_exactmetrics_sitenote_category":0,"jetpack_post_was_ever_published":false,"_jetpack_newsletter_access":"","_jetpack_dont_email_post_to_subs":false,"_jetpack_newsletter_tier_id":0,"_jetpack_memberships_contains_paywalled_content":false,"_jetpack_memberships_contains_paid_content":false,"footnotes":"","jetpack_publicize_message":"","jetpack_publicize_feature_enabled":true,"jetpack_social_post_already_shared":true,"jetpack_social_options":{"image_generator_settings":{"template":"highway","enabled":false},"version":2}},"categories":[1],"tags":[1490],"class_list":["post-37490","post","type-post","status-publish","format-standard","hentry","category-notas","tag-pec-blindagem"],"jetpack_publicize_connections":[],"jetpack_sharing_enabled":true,"jetpack_featured_media_url":"","jetpack_shortlink":"https:\/\/wp.me\/p7wKYW-9KG","jetpack-related-posts":[],"_links":{"self":[{"href":"http:\/\/blogdalucianaoliveira.com.br\/blog\/wp-json\/wp\/v2\/posts\/37490","targetHints":{"allow":["GET"]}}],"collection":[{"href":"http:\/\/blogdalucianaoliveira.com.br\/blog\/wp-json\/wp\/v2\/posts"}],"about":[{"href":"http:\/\/blogdalucianaoliveira.com.br\/blog\/wp-json\/wp\/v2\/types\/post"}],"author":[{"embeddable":true,"href":"http:\/\/blogdalucianaoliveira.com.br\/blog\/wp-json\/wp\/v2\/users\/1"}],"replies":[{"embeddable":true,"href":"http:\/\/blogdalucianaoliveira.com.br\/blog\/wp-json\/wp\/v2\/comments?post=37490"}],"version-history":[{"count":2,"href":"http:\/\/blogdalucianaoliveira.com.br\/blog\/wp-json\/wp\/v2\/posts\/37490\/revisions"}],"predecessor-version":[{"id":37493,"href":"http:\/\/blogdalucianaoliveira.com.br\/blog\/wp-json\/wp\/v2\/posts\/37490\/revisions\/37493"}],"wp:attachment":[{"href":"http:\/\/blogdalucianaoliveira.com.br\/blog\/wp-json\/wp\/v2\/media?parent=37490"}],"wp:term":[{"taxonomy":"category","embeddable":true,"href":"http:\/\/blogdalucianaoliveira.com.br\/blog\/wp-json\/wp\/v2\/categories?post=37490"},{"taxonomy":"post_tag","embeddable":true,"href":"http:\/\/blogdalucianaoliveira.com.br\/blog\/wp-json\/wp\/v2\/tags?post=37490"}],"curies":[{"name":"wp","href":"https:\/\/api.w.org\/{rel}","templated":true}]}}