{"id":37494,"date":"2025-09-17T10:24:55","date_gmt":"2025-09-17T14:24:55","guid":{"rendered":"https:\/\/blogdalucianaoliveira.com.br\/blog\/?p=37494"},"modified":"2025-09-17T10:24:55","modified_gmt":"2025-09-17T14:24:55","slug":"iii-madeira-festival-de-teatro-divulga-programacao","status":"publish","type":"post","link":"http:\/\/blogdalucianaoliveira.com.br\/blog\/2025\/09\/17\/iii-madeira-festival-de-teatro-divulga-programacao\/","title":{"rendered":"III Madeira Festival de Teatro divulga programa\u00e7\u00e3o"},"content":{"rendered":"<p><img data-recalc-dims=\"1\" loading=\"lazy\" decoding=\"async\" data-attachment-id=\"37495\" data-permalink=\"http:\/\/blogdalucianaoliveira.com.br\/blog\/2025\/09\/17\/iii-madeira-festival-de-teatro-divulga-programacao\/madeira-festival-de-teatro1\/\" data-orig-file=\"https:\/\/i0.wp.com\/blogdalucianaoliveira.com.br\/blog\/wp-content\/uploads\/2025\/09\/MADEIRA-FESTIVAL-DE-TEATRO1.jpeg?fit=1495%2C997\" data-orig-size=\"1495,997\" data-comments-opened=\"0\" data-image-meta=\"{&quot;aperture&quot;:&quot;0&quot;,&quot;credit&quot;:&quot;&quot;,&quot;camera&quot;:&quot;&quot;,&quot;caption&quot;:&quot;&quot;,&quot;created_timestamp&quot;:&quot;0&quot;,&quot;copyright&quot;:&quot;&quot;,&quot;focal_length&quot;:&quot;0&quot;,&quot;iso&quot;:&quot;0&quot;,&quot;shutter_speed&quot;:&quot;0&quot;,&quot;title&quot;:&quot;&quot;,&quot;orientation&quot;:&quot;0&quot;}\" data-image-title=\"MADEIRA FESTIVAL DE TEATRO1\" data-image-description=\"\" data-image-caption=\"\" data-medium-file=\"https:\/\/i0.wp.com\/blogdalucianaoliveira.com.br\/blog\/wp-content\/uploads\/2025\/09\/MADEIRA-FESTIVAL-DE-TEATRO1.jpeg?fit=300%2C200\" data-large-file=\"https:\/\/i0.wp.com\/blogdalucianaoliveira.com.br\/blog\/wp-content\/uploads\/2025\/09\/MADEIRA-FESTIVAL-DE-TEATRO1.jpeg?fit=600%2C400\" class=\"alignnone size-medium wp-image-37495\" src=\"https:\/\/i0.wp.com\/blogdalucianaoliveira.com.br\/blog\/wp-content\/uploads\/2025\/09\/MADEIRA-FESTIVAL-DE-TEATRO1.jpeg?resize=300%2C200\" alt=\"\" width=\"300\" height=\"200\" srcset=\"https:\/\/i0.wp.com\/blogdalucianaoliveira.com.br\/blog\/wp-content\/uploads\/2025\/09\/MADEIRA-FESTIVAL-DE-TEATRO1.jpeg?resize=300%2C200 300w, https:\/\/i0.wp.com\/blogdalucianaoliveira.com.br\/blog\/wp-content\/uploads\/2025\/09\/MADEIRA-FESTIVAL-DE-TEATRO1.jpeg?resize=1024%2C683 1024w, https:\/\/i0.wp.com\/blogdalucianaoliveira.com.br\/blog\/wp-content\/uploads\/2025\/09\/MADEIRA-FESTIVAL-DE-TEATRO1.jpeg?resize=768%2C512 768w, https:\/\/i0.wp.com\/blogdalucianaoliveira.com.br\/blog\/wp-content\/uploads\/2025\/09\/MADEIRA-FESTIVAL-DE-TEATRO1.jpeg?resize=450%2C300 450w, https:\/\/i0.wp.com\/blogdalucianaoliveira.com.br\/blog\/wp-content\/uploads\/2025\/09\/MADEIRA-FESTIVAL-DE-TEATRO1.jpeg?w=1495 1495w, https:\/\/i0.wp.com\/blogdalucianaoliveira.com.br\/blog\/wp-content\/uploads\/2025\/09\/MADEIRA-FESTIVAL-DE-TEATRO1.jpeg?w=1200 1200w\" sizes=\"auto, (max-width: 300px) 100vw, 300px\" \/><\/p>\n<p>O Madeira Festival realiza mostra competitiva no Teatro Guapor\u00e9. As sess\u00f5es ser\u00e3o gratuitas<!--more--><\/p>\n<p>Da assessoria &#8211; Porto Velho recebe de 22 a 26 de setembro o Madeira Festival de Teatro, projeto de valoriza\u00e7\u00e3o das artes c\u00eanicas rondoniense que est\u00e1 em sua 3\u00aa edi\u00e7\u00e3o.\u00a0 A programa\u00e7\u00e3o presencial ser\u00e1 realizada no Teatro Guapor\u00e9 com sess\u00f5es gratuitas.<\/p>\n<p>O projeto visa valorizar as artes c\u00eanicas em Rond\u00f4nia.\u00a0 A expectativa \u00e9 que o p\u00fablico conhe\u00e7a e prestigie a produ\u00e7\u00e3o dos artistas rondonienses.<\/p>\n<p>\u201cNegra Mari, coordenadora geral do Madeira Festival, salienta que o evento reafirma a for\u00e7a da cultura amaz\u00f4nica e valoriza artistas locais e regionais, promovendo a democratiza\u00e7\u00e3o e a diversidade humana e cultural do nosso estado.&#8221;<\/p>\n<p>Premia\u00e7\u00e3o<\/p>\n<p>Os espet\u00e1culos inscritos na mostra competitiva concorrem ao pr\u00eamio de R$ 4.000,00 (quatro mil reais). Al\u00e9m de Porto Velho, o vencedor realizar\u00e1 turn\u00ea em Ariquemes, Ouro Preto, Jaru e Ji-Paran\u00e1, recebendo cach\u00ea por cidade de apresenta\u00e7\u00e3o.<\/p>\n<p>Durante o evento ser\u00e3o entregues trof\u00e9us nas categorias: melhor espet\u00e1culo, melhor dire\u00e7\u00e3o, melhor ator, melhor atriz, melhor coadjuvante, melhor figurino, melhor roteiro e melhor t\u00e9cnica de som e luz.<\/p>\n<p>O III Madeira Festival de Teatro \u00e9 realizado pela Nzinga Produ\u00e7\u00f5es, com coordena\u00e7\u00e3o geral Negra Mari. O projeto conta com patroc\u00ednio do Banco da Amaz\u00f4nia, por meio do Edital Rouanet Norte.<\/p>\n<p>Programa\u00e7\u00e3o<\/p>\n<p>22\/09 &#8211; Mostra Virtual com apresenta\u00e7\u00e3o de breves cenas<\/p>\n<p>23\/09 &#8211; Corpo \u00c1rvore com Andrea Melo<\/p>\n<p>24\/09 &#8211; Ensaio Geral com Klindson Cruz<\/p>\n<p>25\/09 &#8211; O pesadelo da Borboleta com Marilyn Nunes<\/p>\n<p>26\/09 &#8211; J\u00e1 Passa das Oito com Grupo Wakanbuki<\/p>\n<p>A programa\u00e7\u00e3o completa e as novidades do III Madeira Festival est\u00e3o dispon\u00edveis nas redes sociais @madeirafestival @nzingaarte @anegramari<\/p>\n","protected":false},"excerpt":{"rendered":"<p>O Madeira Festival realiza mostra competitiva no Teatro Guapor\u00e9. As sess\u00f5es ser\u00e3o gratuitas<\/p>\n","protected":false},"author":1,"featured_media":0,"comment_status":"closed","ping_status":"open","sticky":false,"template":"","format":"standard","meta":{"_exactmetrics_skip_tracking":false,"_exactmetrics_sitenote_active":false,"_exactmetrics_sitenote_note":"","_exactmetrics_sitenote_category":0,"jetpack_post_was_ever_published":false,"_jetpack_newsletter_access":"","_jetpack_dont_email_post_to_subs":false,"_jetpack_newsletter_tier_id":0,"_jetpack_memberships_contains_paywalled_content":false,"_jetpack_memberships_contains_paid_content":false,"footnotes":"","jetpack_publicize_message":"","jetpack_publicize_feature_enabled":true,"jetpack_social_post_already_shared":true,"jetpack_social_options":{"image_generator_settings":{"template":"highway","enabled":false},"version":2}},"categories":[1],"tags":[1049,196,1491],"class_list":["post-37494","post","type-post","status-publish","format-standard","hentry","category-notas","tag-festival","tag-madeira","tag-teatro"],"jetpack_publicize_connections":[],"jetpack_sharing_enabled":true,"jetpack_featured_media_url":"","jetpack_shortlink":"https:\/\/wp.me\/p7wKYW-9KK","jetpack-related-posts":[],"_links":{"self":[{"href":"http:\/\/blogdalucianaoliveira.com.br\/blog\/wp-json\/wp\/v2\/posts\/37494","targetHints":{"allow":["GET"]}}],"collection":[{"href":"http:\/\/blogdalucianaoliveira.com.br\/blog\/wp-json\/wp\/v2\/posts"}],"about":[{"href":"http:\/\/blogdalucianaoliveira.com.br\/blog\/wp-json\/wp\/v2\/types\/post"}],"author":[{"embeddable":true,"href":"http:\/\/blogdalucianaoliveira.com.br\/blog\/wp-json\/wp\/v2\/users\/1"}],"replies":[{"embeddable":true,"href":"http:\/\/blogdalucianaoliveira.com.br\/blog\/wp-json\/wp\/v2\/comments?post=37494"}],"version-history":[{"count":1,"href":"http:\/\/blogdalucianaoliveira.com.br\/blog\/wp-json\/wp\/v2\/posts\/37494\/revisions"}],"predecessor-version":[{"id":37496,"href":"http:\/\/blogdalucianaoliveira.com.br\/blog\/wp-json\/wp\/v2\/posts\/37494\/revisions\/37496"}],"wp:attachment":[{"href":"http:\/\/blogdalucianaoliveira.com.br\/blog\/wp-json\/wp\/v2\/media?parent=37494"}],"wp:term":[{"taxonomy":"category","embeddable":true,"href":"http:\/\/blogdalucianaoliveira.com.br\/blog\/wp-json\/wp\/v2\/categories?post=37494"},{"taxonomy":"post_tag","embeddable":true,"href":"http:\/\/blogdalucianaoliveira.com.br\/blog\/wp-json\/wp\/v2\/tags?post=37494"}],"curies":[{"name":"wp","href":"https:\/\/api.w.org\/{rel}","templated":true}]}}