{"id":37497,"date":"2025-09-17T16:06:25","date_gmt":"2025-09-17T20:06:25","guid":{"rendered":"https:\/\/blogdalucianaoliveira.com.br\/blog\/?p=37497"},"modified":"2025-09-17T16:06:25","modified_gmt":"2025-09-17T20:06:25","slug":"deputada-claudia-de-jesus-destaca-abertura-de-novas-vagas-do-morar-melhor-ii-em-ji-parana","status":"publish","type":"post","link":"http:\/\/blogdalucianaoliveira.com.br\/blog\/2025\/09\/17\/deputada-claudia-de-jesus-destaca-abertura-de-novas-vagas-do-morar-melhor-ii-em-ji-parana\/","title":{"rendered":"Deputada Cl\u00e1udia de Jesus destaca abertura de novas vagas do Morar Melhor II em Ji-Paran\u00e1"},"content":{"rendered":"<p><img data-recalc-dims=\"1\" loading=\"lazy\" decoding=\"async\" data-attachment-id=\"37498\" data-permalink=\"http:\/\/blogdalucianaoliveira.com.br\/blog\/2025\/09\/17\/deputada-claudia-de-jesus-destaca-abertura-de-novas-vagas-do-morar-melhor-ii-em-ji-parana\/img_7160\/\" data-orig-file=\"https:\/\/i0.wp.com\/blogdalucianaoliveira.com.br\/blog\/wp-content\/uploads\/2025\/09\/IMG_7160-scaled.jpeg?fit=2560%2C1440\" data-orig-size=\"2560,1440\" data-comments-opened=\"0\" data-image-meta=\"{&quot;aperture&quot;:&quot;0&quot;,&quot;credit&quot;:&quot;&quot;,&quot;camera&quot;:&quot;&quot;,&quot;caption&quot;:&quot;&quot;,&quot;created_timestamp&quot;:&quot;0&quot;,&quot;copyright&quot;:&quot;&quot;,&quot;focal_length&quot;:&quot;0&quot;,&quot;iso&quot;:&quot;0&quot;,&quot;shutter_speed&quot;:&quot;0&quot;,&quot;title&quot;:&quot;&quot;,&quot;orientation&quot;:&quot;0&quot;}\" data-image-title=\"IMG_7160\" data-image-description=\"\" data-image-caption=\"\" data-medium-file=\"https:\/\/i0.wp.com\/blogdalucianaoliveira.com.br\/blog\/wp-content\/uploads\/2025\/09\/IMG_7160-scaled.jpeg?fit=300%2C169\" data-large-file=\"https:\/\/i0.wp.com\/blogdalucianaoliveira.com.br\/blog\/wp-content\/uploads\/2025\/09\/IMG_7160-scaled.jpeg?fit=600%2C338\" class=\"alignnone size-medium wp-image-37498\" src=\"https:\/\/i0.wp.com\/blogdalucianaoliveira.com.br\/blog\/wp-content\/uploads\/2025\/09\/IMG_7160.jpeg?resize=300%2C169\" alt=\"\" width=\"300\" height=\"169\" srcset=\"https:\/\/i0.wp.com\/blogdalucianaoliveira.com.br\/blog\/wp-content\/uploads\/2025\/09\/IMG_7160-scaled.jpeg?resize=300%2C169 300w, https:\/\/i0.wp.com\/blogdalucianaoliveira.com.br\/blog\/wp-content\/uploads\/2025\/09\/IMG_7160-scaled.jpeg?resize=1024%2C576 1024w, https:\/\/i0.wp.com\/blogdalucianaoliveira.com.br\/blog\/wp-content\/uploads\/2025\/09\/IMG_7160-scaled.jpeg?resize=768%2C432 768w, https:\/\/i0.wp.com\/blogdalucianaoliveira.com.br\/blog\/wp-content\/uploads\/2025\/09\/IMG_7160-scaled.jpeg?resize=1536%2C864 1536w, https:\/\/i0.wp.com\/blogdalucianaoliveira.com.br\/blog\/wp-content\/uploads\/2025\/09\/IMG_7160-scaled.jpeg?resize=2048%2C1152 2048w, https:\/\/i0.wp.com\/blogdalucianaoliveira.com.br\/blog\/wp-content\/uploads\/2025\/09\/IMG_7160-scaled.jpeg?resize=533%2C300 533w, https:\/\/i0.wp.com\/blogdalucianaoliveira.com.br\/blog\/wp-content\/uploads\/2025\/09\/IMG_7160-scaled.jpeg?w=1200 1200w, https:\/\/i0.wp.com\/blogdalucianaoliveira.com.br\/blog\/wp-content\/uploads\/2025\/09\/IMG_7160-scaled.jpeg?w=1800 1800w\" sizes=\"auto, (max-width: 300px) 100vw, 300px\" \/><\/p>\n<div><strong><strong><br \/>\nDa assessoria &#8211; A deputada estadual Cl\u00e1udia de Jesus (PT) destacou a abertura de um novo cadastramento para benefici\u00e1rios do Empreendimento Residencial Morar Melhor II, em Ji-Paran\u00e1.<br \/>\n<!--more--><\/strong><\/strong><\/p>\n<div>\n<p>A medida foi poss\u00edvel ap\u00f3s pedido da parlamentar, que apresentou um requerimento ao governo estadual solicitando a reabertura de vagas para substituir os cadastros de quem foi exclu\u00eddo ou desclassificado do programa.<\/p>\n<p>Segundo Cl\u00e1udia de Jesus, o objetivo \u00e9 garantir que fam\u00edlias que aguardam por uma moradia digna possam ser inclu\u00eddas no projeto, seguindo todos os crit\u00e9rios de forma transparente e justa.<\/p>\n<p>O empreendimento conta com 1.456 apartamentos e tem entrega prevista para dezembro de 2025. A conclus\u00e3o s\u00f3 est\u00e1 sendo poss\u00edvel gra\u00e7as ao investimento de R$ 90 milh\u00f5es destinado pelo governo federal, por meio do presidente Lula.<\/p>\n<p>Com a abertura das novas vagas, refor\u00e7a-se o compromisso de atender fam\u00edlias que ainda sonham com a casa pr\u00f3pria.<\/p>\n<p><b>Inscri\u00e7\u00f5es<\/b><\/p>\n<p>As inscri\u00e7\u00f5es est\u00e3o abertas de 16 a <span dir=\"ltr\">25 de setembro<\/span>, por meio do site\u00a0<a href=\"https:\/\/www.blogger.com\/blog\/post\/edit\/1882552927483874050\/4037900767197116948#\" target=\"_blank\" rel=\"nofollow noopener noreferrer\">https:\/\/rondoniasocial.ro.gov.br\/cadastrohabitacional<\/a>. Para aqueles que enfrentam dificuldades com o acesso digital, a Seas disponibilizou uma equipe de apoio presencial no Audit\u00f3rio Leila Barreiros, ao lado da Escola Jos\u00e9 Francisco dos Santos, no bairro Dom Bosco, funcionando de segunda a s\u00e1bado, das 8h <span dir=\"ltr\">\u00e0s 17h<\/span>.<\/p>\n<p>\ud83d\udccd Presencial: Audit\u00f3rio Leila Barreiros \u2013 <span dir=\"ltr\">Rua Primeiro de Maio, 520-808, Bairro Dom<\/span>Bosco<\/p>\n<p>Online: <a href=\"https:\/\/www.blogger.com\/blog\/post\/edit\/1882552927483874050\/4037900767197116948#\" target=\"_blank\" rel=\"nofollow noopener noreferrer\">https:\/\/rondoniasocial.ro.gov.br\/cadastrohabitacional<\/a><\/p>\n<p><b>Minha Casa Minha Vida<\/b><\/p>\n<p>O empreendimento Morar Melhor II faz parte do programa federal Minha Casa Minha Vida. A sele\u00e7\u00e3o considera crit\u00e9rios sociais como renda familiar de at\u00e9 R$ 2.850 mil, resid\u00eancia m\u00ednima de dois anos no munic\u00edpio, mulheres chefes de fam\u00edlia, fam\u00edlias com crian\u00e7as, idosos e pessoas com defici\u00eancia.<\/p>\n<p>Al\u00e9m de assegurar moradias para quem mais precisa, o processo conta com reservas obrigat\u00f3rias de unidades para grupos priorit\u00e1rios e ser\u00e1 finalizado com sorteio p\u00fablico eletr\u00f4nico. A sele\u00e7\u00e3o est\u00e1 prevista para ocorrer no dia <span dir=\"ltr\">30 de setembro<\/span>, com montagem de dossi\u00eas dos sorteados entre os dias <span dir=\"ltr\">6 de outubro<\/span> e <span dir=\"ltr\">4 de novembro<\/span>.<\/p>\n<\/div>\n<\/div>\n","protected":false},"excerpt":{"rendered":"<p>Da assessoria &#8211; A deputada estadual Cl\u00e1udia de Jesus (PT) destacou a abertura de um novo cadastramento para benefici\u00e1rios do Empreendimento Residencial Morar Melhor II, em Ji-Paran\u00e1.<\/p>\n","protected":false},"author":1,"featured_media":0,"comment_status":"closed","ping_status":"open","sticky":false,"template":"","format":"standard","meta":{"_exactmetrics_skip_tracking":false,"_exactmetrics_sitenote_active":false,"_exactmetrics_sitenote_note":"","_exactmetrics_sitenote_category":0,"jetpack_post_was_ever_published":false,"_jetpack_newsletter_access":"","_jetpack_dont_email_post_to_subs":false,"_jetpack_newsletter_tier_id":0,"_jetpack_memberships_contains_paywalled_content":false,"_jetpack_memberships_contains_paid_content":false,"footnotes":"","jetpack_publicize_message":"","jetpack_publicize_feature_enabled":true,"jetpack_social_post_already_shared":true,"jetpack_social_options":{"image_generator_settings":{"template":"highway","enabled":false},"version":2}},"categories":[1],"tags":[1429,826],"class_list":["post-37497","post","type-post","status-publish","format-standard","hentry","category-notas","tag-deputada-claudia-de-jesus","tag-moradia"],"jetpack_publicize_connections":[],"jetpack_sharing_enabled":true,"jetpack_featured_media_url":"","jetpack_shortlink":"https:\/\/wp.me\/p7wKYW-9KN","jetpack-related-posts":[],"_links":{"self":[{"href":"http:\/\/blogdalucianaoliveira.com.br\/blog\/wp-json\/wp\/v2\/posts\/37497","targetHints":{"allow":["GET"]}}],"collection":[{"href":"http:\/\/blogdalucianaoliveira.com.br\/blog\/wp-json\/wp\/v2\/posts"}],"about":[{"href":"http:\/\/blogdalucianaoliveira.com.br\/blog\/wp-json\/wp\/v2\/types\/post"}],"author":[{"embeddable":true,"href":"http:\/\/blogdalucianaoliveira.com.br\/blog\/wp-json\/wp\/v2\/users\/1"}],"replies":[{"embeddable":true,"href":"http:\/\/blogdalucianaoliveira.com.br\/blog\/wp-json\/wp\/v2\/comments?post=37497"}],"version-history":[{"count":2,"href":"http:\/\/blogdalucianaoliveira.com.br\/blog\/wp-json\/wp\/v2\/posts\/37497\/revisions"}],"predecessor-version":[{"id":37500,"href":"http:\/\/blogdalucianaoliveira.com.br\/blog\/wp-json\/wp\/v2\/posts\/37497\/revisions\/37500"}],"wp:attachment":[{"href":"http:\/\/blogdalucianaoliveira.com.br\/blog\/wp-json\/wp\/v2\/media?parent=37497"}],"wp:term":[{"taxonomy":"category","embeddable":true,"href":"http:\/\/blogdalucianaoliveira.com.br\/blog\/wp-json\/wp\/v2\/categories?post=37497"},{"taxonomy":"post_tag","embeddable":true,"href":"http:\/\/blogdalucianaoliveira.com.br\/blog\/wp-json\/wp\/v2\/tags?post=37497"}],"curies":[{"name":"wp","href":"https:\/\/api.w.org\/{rel}","templated":true}]}}