{"id":3750,"date":"2016-09-06T11:39:52","date_gmt":"2016-09-06T15:39:52","guid":{"rendered":"http:\/\/blogdalucianaoliveira.com.br\/blog\/?p=3750"},"modified":"2016-09-06T11:39:52","modified_gmt":"2016-09-06T15:39:52","slug":"nomeado-por-temer-tira-onda-por-receber-sem-trabalhar","status":"publish","type":"post","link":"http:\/\/blogdalucianaoliveira.com.br\/blog\/2016\/09\/06\/nomeado-por-temer-tira-onda-por-receber-sem-trabalhar\/","title":{"rendered":"Nomeado por Temer tira onda por receber sem trabalhar"},"content":{"rendered":"<p><img data-recalc-dims=\"1\" loading=\"lazy\" decoding=\"async\" data-attachment-id=\"3751\" data-permalink=\"http:\/\/blogdalucianaoliveira.com.br\/blog\/2016\/09\/06\/nomeado-por-temer-tira-onda-por-receber-sem-trabalhar\/image-834\/\" data-orig-file=\"https:\/\/i0.wp.com\/blogdalucianaoliveira.com.br\/blog\/wp-content\/uploads\/2016\/09\/image-42.jpeg?fit=620%2C380\" data-orig-size=\"620,380\" data-comments-opened=\"0\" data-image-meta=\"{&quot;aperture&quot;:&quot;0&quot;,&quot;credit&quot;:&quot;&quot;,&quot;camera&quot;:&quot;&quot;,&quot;caption&quot;:&quot;&quot;,&quot;created_timestamp&quot;:&quot;0&quot;,&quot;copyright&quot;:&quot;&quot;,&quot;focal_length&quot;:&quot;0&quot;,&quot;iso&quot;:&quot;0&quot;,&quot;shutter_speed&quot;:&quot;0&quot;,&quot;title&quot;:&quot;&quot;,&quot;orientation&quot;:&quot;0&quot;}\" data-image-title=\"image\" data-image-description=\"\" data-image-caption=\"\" data-medium-file=\"https:\/\/i0.wp.com\/blogdalucianaoliveira.com.br\/blog\/wp-content\/uploads\/2016\/09\/image-42.jpeg?fit=300%2C184\" data-large-file=\"https:\/\/i0.wp.com\/blogdalucianaoliveira.com.br\/blog\/wp-content\/uploads\/2016\/09\/image-42.jpeg?fit=600%2C368\" src=\"https:\/\/i0.wp.com\/blogdalucianaoliveira.com.br\/blog\/wp-content\/uploads\/2016\/09\/image-42.jpeg?resize=600%2C368\" alt=\"image\" width=\"600\" height=\"368\" class=\"alignnone size-full wp-image-3751\" \/><\/p>\n<p>Laerte R\u00edmoli recebe sal\u00e1rio da EBC mesmo sem exercer presid\u00eancia<!--more--><\/p>\n<p>Por M\u00f4nica Bergamo<\/p>\n<p>O jornalista Laerte R\u00edmoli est\u00e1 recebendo sal\u00e1rio da EBC, mesmo sem exercer a presid\u00eancia da empresa. A remunera\u00e7\u00e3o varia. Em junho, ele recebeu R$ 29.757. Em agosto, R$ 21.895. R\u00edmoli foi nomeado por Michel Temer para presidir a empresa, que controla a TV Brasil. Mas foi afastado por meio de liminar do STF (Supremo Tribunal Federal).<\/p>\n<p>SAL\u00c1RIO<br \/>\nEle diz que n\u00e3o h\u00e1 nada de irregular. &#8220;Eu s\u00f3 n\u00e3o receberia se fosse demitido. Fui afastado [pela liminar]. Eu era presidente, como serei daqui a pouco de novo. Eu sou a Dilma da EBC&#8221;, afirma, comparando a sua situa\u00e7\u00e3o \u00e0 da ex-presidente, que recebeu sal\u00e1rio no per\u00edodo em que estava afastada do cargo, aguardando o desfecho do impeachment.<\/p>\n","protected":false},"excerpt":{"rendered":"<p>Laerte R\u00edmoli recebe sal\u00e1rio da EBC mesmo sem exercer presid\u00eancia<\/p>\n","protected":false},"author":1,"featured_media":0,"comment_status":"closed","ping_status":"open","sticky":false,"template":"","format":"standard","meta":{"_exactmetrics_skip_tracking":false,"_exactmetrics_sitenote_active":false,"_exactmetrics_sitenote_note":"","_exactmetrics_sitenote_category":0,"jetpack_post_was_ever_published":false,"_jetpack_newsletter_access":"","_jetpack_dont_email_post_to_subs":false,"_jetpack_newsletter_tier_id":0,"_jetpack_memberships_contains_paywalled_content":false,"_jetpack_memberships_contains_paid_content":false,"footnotes":"","jetpack_publicize_message":"","jetpack_publicize_feature_enabled":true,"jetpack_social_post_already_shared":true,"jetpack_social_options":{"image_generator_settings":{"template":"highway","enabled":false},"version":2}},"categories":[1],"tags":[],"class_list":["post-3750","post","type-post","status-publish","format-standard","hentry","category-notas"],"jetpack_publicize_connections":[],"jetpack_sharing_enabled":true,"jetpack_featured_media_url":"","jetpack_shortlink":"https:\/\/wp.me\/p7wKYW-Yu","jetpack-related-posts":[],"_links":{"self":[{"href":"http:\/\/blogdalucianaoliveira.com.br\/blog\/wp-json\/wp\/v2\/posts\/3750","targetHints":{"allow":["GET"]}}],"collection":[{"href":"http:\/\/blogdalucianaoliveira.com.br\/blog\/wp-json\/wp\/v2\/posts"}],"about":[{"href":"http:\/\/blogdalucianaoliveira.com.br\/blog\/wp-json\/wp\/v2\/types\/post"}],"author":[{"embeddable":true,"href":"http:\/\/blogdalucianaoliveira.com.br\/blog\/wp-json\/wp\/v2\/users\/1"}],"replies":[{"embeddable":true,"href":"http:\/\/blogdalucianaoliveira.com.br\/blog\/wp-json\/wp\/v2\/comments?post=3750"}],"version-history":[{"count":1,"href":"http:\/\/blogdalucianaoliveira.com.br\/blog\/wp-json\/wp\/v2\/posts\/3750\/revisions"}],"predecessor-version":[{"id":3752,"href":"http:\/\/blogdalucianaoliveira.com.br\/blog\/wp-json\/wp\/v2\/posts\/3750\/revisions\/3752"}],"wp:attachment":[{"href":"http:\/\/blogdalucianaoliveira.com.br\/blog\/wp-json\/wp\/v2\/media?parent=3750"}],"wp:term":[{"taxonomy":"category","embeddable":true,"href":"http:\/\/blogdalucianaoliveira.com.br\/blog\/wp-json\/wp\/v2\/categories?post=3750"},{"taxonomy":"post_tag","embeddable":true,"href":"http:\/\/blogdalucianaoliveira.com.br\/blog\/wp-json\/wp\/v2\/tags?post=3750"}],"curies":[{"name":"wp","href":"https:\/\/api.w.org\/{rel}","templated":true}]}}