{"id":37501,"date":"2025-09-18T10:16:08","date_gmt":"2025-09-18T14:16:08","guid":{"rendered":"https:\/\/blogdalucianaoliveira.com.br\/blog\/?p=37501"},"modified":"2025-09-18T10:17:08","modified_gmt":"2025-09-18T14:17:08","slug":"piloto-diz-que-rueda-do-uniao-brasil-e-dono-de-avioes-operados-por-empresa-de-voos-do-pcc","status":"publish","type":"post","link":"http:\/\/blogdalucianaoliveira.com.br\/blog\/2025\/09\/18\/piloto-diz-que-rueda-do-uniao-brasil-e-dono-de-avioes-operados-por-empresa-de-voos-do-pcc\/","title":{"rendered":"Piloto diz que Rueda, do Uni\u00e3o Brasil, \u00e9 dono de avi\u00f5es operados por empresa de voos do PCC"},"content":{"rendered":"<p><img data-recalc-dims=\"1\" loading=\"lazy\" decoding=\"async\" data-attachment-id=\"37503\" data-permalink=\"http:\/\/blogdalucianaoliveira.com.br\/blog\/2025\/09\/18\/piloto-diz-que-rueda-do-uniao-brasil-e-dono-de-avioes-operados-por-empresa-de-voos-do-pcc\/img_7177\/\" data-orig-file=\"https:\/\/i0.wp.com\/blogdalucianaoliveira.com.br\/blog\/wp-content\/uploads\/2025\/09\/IMG_7177.jpeg?fit=1200%2C700\" data-orig-size=\"1200,700\" data-comments-opened=\"0\" data-image-meta=\"{&quot;aperture&quot;:&quot;0&quot;,&quot;credit&quot;:&quot;&quot;,&quot;camera&quot;:&quot;&quot;,&quot;caption&quot;:&quot;&quot;,&quot;created_timestamp&quot;:&quot;0&quot;,&quot;copyright&quot;:&quot;&quot;,&quot;focal_length&quot;:&quot;0&quot;,&quot;iso&quot;:&quot;0&quot;,&quot;shutter_speed&quot;:&quot;0&quot;,&quot;title&quot;:&quot;&quot;,&quot;orientation&quot;:&quot;0&quot;}\" data-image-title=\"IMG_7177\" data-image-description=\"\" data-image-caption=\"\" data-medium-file=\"https:\/\/i0.wp.com\/blogdalucianaoliveira.com.br\/blog\/wp-content\/uploads\/2025\/09\/IMG_7177.jpeg?fit=300%2C175\" data-large-file=\"https:\/\/i0.wp.com\/blogdalucianaoliveira.com.br\/blog\/wp-content\/uploads\/2025\/09\/IMG_7177.jpeg?fit=600%2C350\" class=\"alignnone size-medium wp-image-37503\" src=\"https:\/\/i0.wp.com\/blogdalucianaoliveira.com.br\/blog\/wp-content\/uploads\/2025\/09\/IMG_7177.jpeg?resize=300%2C175\" alt=\"\" width=\"300\" height=\"175\" srcset=\"https:\/\/i0.wp.com\/blogdalucianaoliveira.com.br\/blog\/wp-content\/uploads\/2025\/09\/IMG_7177.jpeg?resize=300%2C175 300w, https:\/\/i0.wp.com\/blogdalucianaoliveira.com.br\/blog\/wp-content\/uploads\/2025\/09\/IMG_7177.jpeg?resize=1024%2C597 1024w, https:\/\/i0.wp.com\/blogdalucianaoliveira.com.br\/blog\/wp-content\/uploads\/2025\/09\/IMG_7177.jpeg?resize=768%2C448 768w, https:\/\/i0.wp.com\/blogdalucianaoliveira.com.br\/blog\/wp-content\/uploads\/2025\/09\/IMG_7177.jpeg?resize=514%2C300 514w, https:\/\/i0.wp.com\/blogdalucianaoliveira.com.br\/blog\/wp-content\/uploads\/2025\/09\/IMG_7177.jpeg?w=1200 1200w\" sizes=\"auto, (max-width: 300px) 100vw, 300px\" \/><\/p>\n<p>Brasil de Fato &#8211; Um piloto que transportava regularmente a dupla que liderava um mega-esquema de lavagem de dinheiro que atendia ao PCC afirmou em depoimento \u00e0 Pol\u00edcia Federal que o presidente do Uni\u00e3o Brasil, Antonio Rueda, est\u00e1 entre os verdadeiros donos de quatro dos dez jatos executivos operados por uma empresa de t\u00e1xi a\u00e9reo.<!--more--><\/p>\n<p>Em entrevista exclusiva ao ICL Not\u00edcias, Mauro Caputti Mattosinho, 38 anos, disse que Rueda era citado por seu chefe como o l\u00edder de um grupo que \u201ctinha muito dinheiro que precisava gastar\u201d na compra de aeronaves, avaliadas em dezenas de milh\u00f5es de d\u00f3lares.<\/p>\n<p>\u201cHavia um clima de \u2018boom\u2019 de crescimento na empresa. E isso foi justificado como sendo um grupo muito forte, encabe\u00e7ado pelo Rueda, que vinha com muito dinheiro que precisava gastar. Ent\u00e3o, a aquisi\u00e7\u00e3o de v\u00e1rias aeronaves foi financiada\u201d, diz Mattosinho na entrevista gravada em v\u00eddeo.<\/p>\n<p>Rueda nega ser dono das avi\u00f5es e \u201crepudia com veem\u00eancia qualquer tentativa de vincular seu nome a pessoas investigadas ou envolvidas com a pr\u00e1tica de algum il\u00edcito\u201d, afirmou em nota oficial.<\/p>\n<p>O presidente do Uni\u00e3o Brasil diz que \u201cj\u00e1 voou em aeronaves particulares em voos fretados por ele ou como convidado\u201d, mas que \u201cnunca participou da compra das aeronaves\u201d. E que costuma realizar seus deslocamentos \u201cem voos comerciais\u201d.<\/p>\n<p><img data-recalc-dims=\"1\" loading=\"lazy\" decoding=\"async\" class=\"lazy entered loaded\" src=\"https:\/\/i0.wp.com\/iclnoticias.com.br\/app\/uploads\/2025\/09\/WhatsApp-Image-2025-09-16-at-19.04.24-e1758061851685.webp?resize=600%2C595&#038;ssl=1\" alt=\"piloto\" width=\"600\" height=\"595\" data-src=\"https:\/\/iclnoticias.com.br\/app\/uploads\/2025\/09\/WhatsApp-Image-2025-09-16-at-19.04.24-e1758061851685.webp\" data-pin-no-hover=\"true\" data-ll-status=\"loaded\" \/><\/p>\n<div class=\"jeg_ad jeg_ad_article jnews_content_inline_3_ads \">\n<div class=\"ads-wrapper align-center \">\n<div class=\"ads_shortcode\">\n<div class=\"ads-region-container\" data-slot=\"artigos-leaderboard-incontent-3-mobile\" data-region=\"br\" data-slot-name=\"artigos-leaderboard-incontent-3-mobile-br\">\n<div id=\"div-gpt-ad-artigos-mobile_rectangle_mobile_3\" class=\"ad-slot\"><\/div>\n<\/div>\n<\/div>\n<\/div>\n<\/div>\n<p id=\"caption-attachment-90403\"><em>Piloto Mauro Caputti Mattosinho<\/em><\/p>\n<p>\u201cA\u00a0<a href=\"https:\/\/iclnoticias.com.br\/conhecimento\/historia-do-brasil\/\" target=\"_blank\" rel=\"noopener noreferrer\">hist\u00f3ria<\/a>\u00a0que contei para voc\u00eas eu repeti para a Pol\u00edcia Federal\u201d, afirmou Mattosinho, na entrevista ao ICL Not\u00edcias. A reportagem teve acesso ao depoimento, prestado por ele h\u00e1 17 dias no aeroporto Catarina, em S\u00e3o Roque (SP), antes de pedir demiss\u00e3o.<\/p>\n<p>Mattosinho entrou na TAP (Taxi A\u00e9reo Piracicaba) em 2023 e saiu h\u00e1 duas semanas, depois de transportar os parentes de Beto Louco para o Uruguai na v\u00e9spera da mega-opera\u00e7\u00e3o da PF, da Receita e do Minist\u00e9rio P\u00fablico de SP, realizada no fim de agosto, que revelou um enorme esquema de lavagem de dinheiro que inclui o uso de fundos de investimento.<\/p>\n<p>O piloto afirma ter transportado ao menos 30 vezes Mohamad Hussein Mourad, mais conhecido como Primo, e Roberto Augusto Leme da Silva, o Beto Louco. Ambos s\u00e3o apontados como l\u00edderes do esquema que atendia ao PCC e est\u00e3o foragidos da Justi\u00e7a.<\/p>\n<p><img data-recalc-dims=\"1\" loading=\"lazy\" decoding=\"async\" class=\"lazy entered loaded\" src=\"https:\/\/i0.wp.com\/iclnoticias.com.br\/app\/uploads\/2025\/09\/%25E6%259C%258B%25E5%258F%258B%25E4%25BD%25A0%25E5%25A5%25BD-5.webp?resize=600%2C450&#038;ssl=1\" alt=\"\" width=\"600\" height=\"450\" data-src=\"https:\/\/iclnoticias.com.br\/app\/uploads\/2025\/09\/%E6%9C%8B%E5%8F%8B%E4%BD%A0%E5%A5%BD-5.webp\" data-pin-no-hover=\"true\" data-ll-status=\"loaded\" \/><\/p>\n<p id=\"caption-attachment-90402\"><em>Mohamad Hussein Mourad, o Primo, e Roberto Augusto Leme da Silva, o Beto Louco<\/em><\/p>\n<p>O piloto, que se diz indignado pelo conte\u00fado das conversas que presenciou, procurou o ICL Not\u00edcias pela primeira vez em novembro do ano passado.<\/p>\n<p>O ICL Not\u00edcias e o UOL apuraram que duas aeronaves atribu\u00eddas por Mattosinho a Rueda pertencem a fundos de investimentos que t\u00eam apenas um controlador, cujo nome n\u00e3o \u00e9 divulgado.<\/p>\n<p>Uma terceira aeronave est\u00e1 em nome de uma empresa registrada na periferia de Imperatriz (MA). Em entrevista, a \u00fanica s\u00f3cia da empresa disse desconhecer a firma e a aeronave.<\/p>\n<p>Na entrevista em v\u00eddeo, Mauro Mattosinho reafirmou ter transportado em voo uma sacola de papel\u00e3o que aparentava conter dinheiro vivo, na mesma data em que Beto Louco mencionou a outros passageiros que teria um encontro com o senador Ciro Nogueira (PI), presidente nacional do PP, conforme revelou o ICL Not\u00edcias no dia 1\u00ba deste m\u00eas.<\/p>\n<p>O senador nega ter \u201ctido proximidade de qualquer esp\u00e9cie\u201d com Beto Louco e tamb\u00e9m nega ter recebido qualquer valor. Ciro ingressou com processo contra o ICL Not\u00edcias, pedindo pagamento de indeniza\u00e7\u00e3o por danos morais.<\/p>\n<p>\u201cO senador tem direito de buscar a Justi\u00e7a em uma sociedade em pleno exerc\u00edcio do\u00a0<a href=\"https:\/\/iclnoticias.com.br\/conhecimento\/o-estado-de-direito-e-a-constituicao-federal-de-1988\/\" target=\"_blank\" rel=\"noopener noreferrer\">Estado Democr\u00e1tico de Direito<\/a>. N\u00e3o o teria em caso de ditaduras, nem armadas e nem \u2018de toga\u2019. O ICL n\u00e3o se intimida com tentativas de ass\u00e9dio judicial e reafirma a qualidade de suas pr\u00e1ticas jornal\u00edsticas\u201d, reagiu Leandro Demori, diretor de\u00a0<a href=\"https:\/\/iclnoticias.com.br\/conhecimento\/jornalismo-do-icl\/\" target=\"_blank\" rel=\"noopener noreferrer\">jornalismo do ICL<\/a>\u00a0Not\u00edcias..<\/p>\n<p>O piloto trabalhou de novembro de 2023 at\u00e9 o come\u00e7o deste m\u00eas na empresa T\u00e1xi A\u00e9reo Piracicaba, conhecida pela sigla TAP. Ele come\u00e7ou atuando como piloto de voos do Primo e depois passou a atender Beto Louco. Os dois est\u00e3o foragidos da Justi\u00e7a.<\/p>\n<p>A TAP \u00e9 administrada pelo empres\u00e1rio Epaminondas Chenu Madeira. O ICL Not\u00edcias teve acesso a conversas de Whatsapp entre Mattosinho e Epaminondas, em que o dono da TAP cita \u201cBeto\u201d e \u201cMoha\u201d, referindo-se a Beto Louco e Mohamed (Primo).<\/p>\n<p><img data-recalc-dims=\"1\" loading=\"lazy\" decoding=\"async\" class=\"lazy entered loaded\" src=\"https:\/\/i0.wp.com\/iclnoticias.com.br\/app\/uploads\/2025\/09\/WhatsApp-Image-2025-09-16-at-16.39.21.webp?resize=600%2C450&#038;ssl=1\" alt=\"\" width=\"600\" height=\"450\" data-src=\"https:\/\/iclnoticias.com.br\/app\/uploads\/2025\/09\/WhatsApp-Image-2025-09-16-at-16.39.21.webp\" data-pin-no-hover=\"true\" data-ll-status=\"loaded\" \/><\/p>\n<p id=\"caption-attachment-90407\"><em>Mauro Caputti Matosinho e Epaminondas Chenu Madeira<\/em><\/p>\n<p>\u201cIrm\u00e3o ta foda a situa\u00e7\u00e3o Beto e Moha Velho. Eu voltando vamos trocar uma ideia. Pra n\u00f3s alinhar. Mas os caras l\u00e1 t\u00e3o foda. Mas to carregando nas costas sozinho\u201d, escreveu Epaminondas no dia 14 de mar\u00e7o de 2025, \u00e0s 16h50. A reportagem transcreveu a mensagem da maneira como ela foi escrita.<\/p>\n<p>Procurada, a defesa de \u201cPrimo\u201d informou que n\u00e3o ir\u00e1 se manifestar. J\u00e1 o advogado de \u201cBeto Louco\u201d, Celso Vilardi, n\u00e3o retornou os contatos.<\/p>\n<div class=\"wp-block-image\">\n<figure class=\"aligncenter\"><img data-recalc-dims=\"1\" decoding=\"async\" class=\"wp-image-90562 lazy entered loaded\" src=\"https:\/\/i0.wp.com\/iclnoticias.com.br\/app\/uploads\/2025\/09\/WhatsApp-Image-2025-09-17-at-22.24.00.webp?w=600&#038;ssl=1\" alt=\"\" data-src=\"https:\/\/iclnoticias.com.br\/app\/uploads\/2025\/09\/WhatsApp-Image-2025-09-17-at-22.24.00.webp\" data-pin-no-hover=\"true\" data-ll-status=\"loaded\" \/><\/figure>\n<\/div>\n<p>A TAP operava cinco aeronaves em 2023 e, neste ano, passou a operar dez, de acordo com Mattosinho.<\/p>\n<p>Em nota, a empresa informou \u201cdesconhecer qualquer declara\u00e7\u00e3o atribu\u00edda a funcion\u00e1rio sobre aquisi\u00e7\u00e3o de aeronaves\u201d e atuar \u201cem observ\u00e2ncia \u00e0 lei\u201d.\u00a0 A empresa afirma que \u201cn\u00e3o tinha conhecimento do envolvimento de investigados na Opera\u00e7\u00e3o Carbono Oculto at\u00e9 sua deflagra\u00e7\u00e3o\u201d.<\/p>\n<p>\u201cPor fim, n\u00e3o pode fornecer informa\u00e7\u00f5es sobre clientes ou passageiros sem autoriza\u00e7\u00e3o destes ou por requisi\u00e7\u00e3o das autoridades competentes\u201d, acrescentou, em nota.<\/p>\n<h4 class=\"wp-block-heading\">Aeronaves em nome de terceiros<\/h4>\n<p>Mattosinho diz que Rueda viaja constantemente em jatos operados pela mesma empresa, embora ele n\u00e3o fosse o piloto destes voos. Era mencionado como \u201cRuedinha\u201d, diminutivo de seu nome.<\/p>\n<p>A vida de luxo e as pol\u00eamicas que envolvem o pol\u00edtico foram relatadas no ano passado em reportagem do UOL.<\/p>\n<p>\u201c[Rueda] \u00c9 uma pessoa que j\u00e1 fazia neg\u00f3cios com a T\u00e1xi A\u00e9reo Piracicaba desde quando eu cheguei l\u00e1 como funcion\u00e1rio, aproximadamente dois anos atr\u00e1s. Ele j\u00e1 era um nome que circulava como [sendo] s\u00f3cio em uma aeronave de pequeno porte\u201d, lembra.<\/p>\n<p>A aeronave \u00e0 qual ele se refere \u00e9 o jato bimotor Raytheon 390 Premier, matr\u00edcula PR-JRR.<\/p>\n<p>De acordo com os registros da Anac, a aeronave pertence \u00e0 empresa F\u00eanix Participa\u00e7\u00f5es, controlada pelo advogado Caio Vieira Rocha, filho do ex-ministro C\u00e9sar Asfor Rocha; pelo ex-senador Chiquinho Feitosa (Republicanos-CE) e por um dono de concession\u00e1rias de Pernambuco.<\/p>\n<p>Falando em nome dos s\u00f3cios, Vieira Rocha negou que Rueda tenha participa\u00e7\u00e3o na aeronave ou tenha viajado nela.<\/p>\n<p>\u201dAntonio Rueda n\u00e3o \u00e9 propriet\u00e1rio da aeronave e nem s\u00f3cio de nenhuma das 3 empresas s\u00f3cias da aeronave\u201d, escreveu Vieira Rocha.<\/p>\n<p>Conforme registros oficiais,o jatinho foi comprado pela F\u00eanix por US$ 2,3 milh\u00f5es (R$ 13 milh\u00f5es), em 2 de outubro de 2024. A transa\u00e7\u00e3o foi feita com a RZK Empreendimentos Imobili\u00e1rios, que havia adquirido a aeronave em 2014.<\/p>\n<p>A RZK pertence a Jos\u00e9 Ricardo Rezek, que \u00e9 doador do Uni\u00e3o Brasil, dentre outros partidos, e pr\u00f3ximo a Ant\u00f4nio Rueda. Rezek estava na lista de convidados do anivers\u00e1rio de 50 anos do presidente da legenda\u00a0 este ano. A empresa informou por meio de nota que nunca vendeu nenhuma aeronave a Rueda. \u201cEle jamais atuou como intermedi\u00e1rio em qualquer compra e venda e muito menos participou das negocia\u00e7\u00f5es. A aeronave citada foi regularmente vendida \u00e0 F\u00eanix Participa\u00e7\u00f5es Ltda., em conformidade com todas as normas legais, devidamente registrada na Anac\u201d, acrescentou.<\/p>\n<p>Os outros tr\u00eas jatinhos bimotores que, segundo o piloto, teriam sido adquiridos com participa\u00e7\u00e3o de Rueda s\u00e3o: um Gulfstream G200, matr\u00edcula PS-MRL; um Citation Excel, matr\u00edcula PR-LPG; e um CitationJet 2, matr\u00edcula PT-FTC.<\/p>\n<p>O Gulfstream G200 e o Citation Excel pertencem a empresas controladas pela Bariloche Participa\u00e7\u00f5es S\/A, empresa com capital social de R$ 110 milh\u00f5es e controlada por fundos de investimentos geridos pelo banco Genial.<\/p>\n<p>Um \u00fanico cotista do Viena Fundo de Investimento Multimercado \u00e9 dono do patrim\u00f4nio da Bariloche, de acordo com a Comiss\u00e3o de Valores Imobili\u00e1rios (CVM). Sua identidade n\u00e3o \u00e9 divulgada em documentos p\u00fablicos.<\/p>\n<p>\u201cRueda n\u00e3o tem rela\u00e7\u00e3o com a Bariloche Participa\u00e7\u00f5es S.A., tampouco \u00e9 ou foi cotista do Viena Fundo de Investimento Multimercado\u201d, informou a assessoria do presidente do Uni\u00e3o Brasil.<\/p>\n<p>A quarta aeronave citada pelo piloto, o CitationJet, est\u00e1 em nome da Serveg Servi\u00e7os.<\/p>\n<p>Localizada em im\u00f3vel da periferia de\u00a0 Imperatriz (MA), a empresa tem como atividade principal cria\u00e7\u00e3o de bovinos, mas registra atividades secund\u00e1rias diversas, que v\u00e3o de servi\u00e7os de malote n\u00e3o realizados pelos Correios a limpeza, conforme cadastro na Receita Federal. A firma est\u00e1 em nome de Antonia Viana Silva Soares.<\/p>\n<p>Procurada, ela disse que desconhece as atividades da Serveg. \u201cN\u00e3o sei o que voc\u00ea est\u00e1 falando, n\u00e3o\u201d, disse ela, desligando o telefone. Em seguida, bloqueou o n\u00famero de contato da reportagem.<\/p>\n<p>O uso de fundos de investimento para ocultar patrim\u00f4nio ou para realizar opera\u00e7\u00f5es de lavagem de dinheiro foi uma das principais descobertas das opera\u00e7\u00f5es recentes da PF que miraram no PCC e em empresas financeiras sediadas na Avenida Faria Lima, em\u00a0<a href=\"https:\/\/iclnoticias.com.br\/conhecimento\/cidade-de-sao-paulo\/\" target=\"_blank\" rel=\"noopener noreferrer\">S\u00e3o Paulo<\/a>.<\/p>\n<h4 class=\"wp-block-heading\">Interesse em aeronave que foi \u00e0 Gr\u00e9cia<\/h4>\n<p>Mattosinho afirmou que o presidente do Uni\u00e3o Brasil tinha interesse em adquirir uma quinta aeronave, um Gulfstream de S\u00e9rie 550, matr\u00edcula PS-FSR, capaz de realizar viagens intercontinentais. A negocia\u00e7\u00e3o desse modelo de luxo come\u00e7a a partir de US$ 10 milh\u00f5es (R$ 54,5 milh\u00f5es). O piloto n\u00e3o sabe se a transa\u00e7\u00e3o foi concretizada.<\/p>\n<p>O jatinho foi colocado \u00e0 venda em julho deste ano, conforme an\u00fancio publicado nas redes sociais de uma empresa que comercializa aeronaves.<\/p>\n<p>No entanto, o site da empresa informava nesta semana que ela n\u00e3o est\u00e1 mais dispon\u00edvel.<\/p>\n<p>A aeronave est\u00e1 registrada em nome do agente de jogadores Lu\u00eds Fernando Garcia, dono da Elenko Sports. Ele negou ao ICL Not\u00edcias que seu jatinho tenha sido vendido e que Rueda tenha realizado viagens nele.<\/p>\n<p>Garcia bloqueou o contato da reportagem no aplicativo. Ele alegou que n\u00e3o responderia aos questionamentos por entender que se trata de neg\u00f3cios particulares.<\/p>\n<p>Em agosto, Rueda reuniu pol\u00edticos, empres\u00e1rios e artistas para comemorar seus 50 anos na ilha grega Mykonos, que faz parte de um arquip\u00e9lago no Mar Egeu.<\/p>\n<p>O site de monitoramento global de voos, Adsb Exchange, mostra que o Gulfstream viajou em 31 de julho de Bras\u00edlia \u00e0 regi\u00e3o de Mykonos, na Gr\u00e9cia. O anivers\u00e1rio de Rueda foi comemorado do dia primeiro ao dia 4 de agosto na ilha.<\/p>\n<p>Ainda segundo o site de monitoramento, a aeronave saiu dia 10 da regi\u00e3o em dire\u00e7\u00e3o ao Brasil, aparecendo pr\u00f3ximo a Sorocaba (SP) no dia 11.<\/p>\n<p>O dono da TAP enviou mensagens de Whatsapp a Mattosinhos no dia 6 de agosto, falando sobre o servi\u00e7o na Gr\u00e9cia, aos quais tamb\u00e9m tivemos acesso. \u201cIrm\u00e3o. T\u00f4 numa correria absurda com avi\u00e3o l\u00e1 na Gr\u00e9cia. Pode tocar com Brun\u00e3o pfv Ta foda aqui. 2 dias varados.<\/p>\n<p>\u201cAcompanhando programa\u00e7\u00e3o da Gr\u00e9cia\u201d, escreveu Epaminondas ao funcion\u00e1rio.<\/p>\n<div class=\"wp-block-image\">\n<figure class=\"aligncenter\"><img data-recalc-dims=\"1\" decoding=\"async\" class=\"wp-image-90560 lazy entered loaded\" src=\"https:\/\/i0.wp.com\/iclnoticias.com.br\/app\/uploads\/2025\/09\/WhatsApp-Image-2025-09-17-at-21.59.07-1.webp?w=600&#038;ssl=1\" alt=\"\" data-src=\"https:\/\/iclnoticias.com.br\/app\/uploads\/2025\/09\/WhatsApp-Image-2025-09-17-at-21.59.07-1.webp\" data-pin-no-hover=\"true\" data-ll-status=\"loaded\" \/><\/figure>\n<\/div>\n<p>\u00c0 reportagem, Rueda disse ter viajado em voo comercial da British Airways para a Gr\u00e9cia, dias antes do voo identificado pela reportagem. E negou ter adquirido a aeronave citada pelo piloto.<\/p>\n<h4 class=\"wp-block-heading\">Investigado do governo Bolsonaro<\/h4>\n<p>A TAP est\u00e1 oficialmente registrada no nome da m\u00e3e de Epaminondas Chenu Madeira. O empres\u00e1rio, e tamb\u00e9m piloto, no entanto, \u00e9 quem toca os neg\u00f3cios. Ele \u00e9 s\u00f3cio de outras duas empresas de t\u00e1xi a\u00e9reo, a ATL Airlines e a Avia\u00e7\u00e3o Alta.<\/p>\n<p>Mattosinho afirma que pilotava o bimotor Israel G150, prefixo PR-SMG, que pertence aos donos da Copape Produtos de Petr\u00f3leo. Primo e Beto Louco ainda seriam s\u00f3cios ocultos de Epaminondas na compra de outros dois jatinhos.<\/p>\n<p>Documentos p\u00fablicos mostram que a ATL Airlines e a Avia\u00e7\u00e3o Alta s\u00e3o cotistas da Capri Fundo de Investimento em Participa\u00e7\u00f5es, que tem como representante legal Rog\u00e9rio Garcia Peres, alvo da opera\u00e7\u00e3o realizada pelo MP-SP contra o esquema do PCC. Ele est\u00e1 foragido.<\/p>\n<p>Advogado, Peres \u00e9 apontado pela promotoria como \u201cadministrador de fundos de investimento, amplamente envolvido com o grupo Mohamad, s\u00f3cio em postos de combust\u00edveis\u201d.<\/p>\n<p>Ele foi nomeado em 17 de setembro de 2019 pelo Secret\u00e1rio Executivo do Minist\u00e9rio da Economia, Marcelo Pacheco dos Guaranys, para exercer o mandato de Conselheiro, representante dos Contribuintes, junto \u00e0 Primeira Turma Ordin\u00e1ria da Terceira C\u00e2mara da Primeira Se\u00e7\u00e3o de Julgamento do Conselho Administrativo de Recursos Fiscais do minist\u00e9rio.<\/p>\n<p>A pasta \u00e0 \u00e9poca era chefiada por Paulo Guedes.<\/p>\n<p>Segundo o MP-SP, Peres tamb\u00e9m seria o controlador da Altinvest Gest\u00e3o e Administra\u00e7\u00e3o de Recursos de Terceiros, tamb\u00e9m alvo da opera\u00e7\u00e3o.<\/p>\n<p>A gestora de fundos aparece como administradora do fundo Capri em um relat\u00f3rio de demonstra\u00e7\u00e3o financeira de 2024, registrado na Comiss\u00e3o de Valores Mobili\u00e1rios (CVM), com o nome Ruby Capital Gest\u00e3o e Administra\u00e7\u00e3o de Recursos de Terceiros.<\/p>\n<p>A reportagem apurou, no entanto, que o CNPJ registrado no documento com\u00a0 este nome \u00e9 o mesmo da Altinvest.<\/p>\n<p>Mattosinho afirma que o nome da Ruby foi citado por Epaminondas Madeira e por um advogado da TAP, durante um di\u00e1logo que mantiveram quando o piloto apresentou sua demiss\u00e3o.<\/p>\n<p>De acordo com o piloto, o advogado de Epaminondas afirmou que o \u201cRuby estava intacto\u201d, querendo dizer que o fundo n\u00e3o tinha sido identificado pelas opera\u00e7\u00f5es da PF e do MPSP, o que revelou n\u00e3o ser verdade j\u00e1 que a Altinvest foi alvo da Opera\u00e7\u00e3o Carbono Oculto.<\/p>\n<div class=\"jeg_meta_post_footer\"><\/div>\n<div class=\"article-source\">Conte\u00fado originalmente publicado em <a href=\"https:\/\/iclnoticias.com.br\/piloto-diz-que-rueda-e-dono-de-avioes-operados-por-empresa-de-voos-do-pcc\/\" target=\"_blank\" rel=\"noopener\">ICL Not\u00edcias <\/a><\/div>\n","protected":false},"excerpt":{"rendered":"<p>Brasil de Fato &#8211; Um piloto que transportava regularmente a dupla que liderava um mega-esquema de lavagem de dinheiro que atendia ao PCC afirmou em depoimento \u00e0 Pol\u00edcia Federal que o presidente do Uni\u00e3o Brasil, Antonio Rueda, est\u00e1 entre os verdadeiros donos de quatro dos dez jatos executivos operados por uma empresa de t\u00e1xi a\u00e9reo.<\/p>\n","protected":false},"author":1,"featured_media":0,"comment_status":"closed","ping_status":"open","sticky":false,"template":"","format":"standard","meta":{"_exactmetrics_skip_tracking":false,"_exactmetrics_sitenote_active":false,"_exactmetrics_sitenote_note":"","_exactmetrics_sitenote_category":0,"jetpack_post_was_ever_published":false,"_jetpack_newsletter_access":"","_jetpack_dont_email_post_to_subs":false,"_jetpack_newsletter_tier_id":0,"_jetpack_memberships_contains_paywalled_content":false,"_jetpack_memberships_contains_paid_content":false,"footnotes":"","jetpack_publicize_message":"","jetpack_publicize_feature_enabled":true,"jetpack_social_post_already_shared":true,"jetpack_social_options":{"image_generator_settings":{"template":"highway","enabled":false},"version":2}},"categories":[1],"tags":[1494,1492,1493],"class_list":["post-37501","post","type-post","status-publish","format-standard","hentry","category-notas","tag-investigacao","tag-rueda","tag-uniao-brasil"],"jetpack_publicize_connections":[],"jetpack_sharing_enabled":true,"jetpack_featured_media_url":"","jetpack_shortlink":"https:\/\/wp.me\/p7wKYW-9KR","jetpack-related-posts":[],"_links":{"self":[{"href":"http:\/\/blogdalucianaoliveira.com.br\/blog\/wp-json\/wp\/v2\/posts\/37501","targetHints":{"allow":["GET"]}}],"collection":[{"href":"http:\/\/blogdalucianaoliveira.com.br\/blog\/wp-json\/wp\/v2\/posts"}],"about":[{"href":"http:\/\/blogdalucianaoliveira.com.br\/blog\/wp-json\/wp\/v2\/types\/post"}],"author":[{"embeddable":true,"href":"http:\/\/blogdalucianaoliveira.com.br\/blog\/wp-json\/wp\/v2\/users\/1"}],"replies":[{"embeddable":true,"href":"http:\/\/blogdalucianaoliveira.com.br\/blog\/wp-json\/wp\/v2\/comments?post=37501"}],"version-history":[{"count":2,"href":"http:\/\/blogdalucianaoliveira.com.br\/blog\/wp-json\/wp\/v2\/posts\/37501\/revisions"}],"predecessor-version":[{"id":37504,"href":"http:\/\/blogdalucianaoliveira.com.br\/blog\/wp-json\/wp\/v2\/posts\/37501\/revisions\/37504"}],"wp:attachment":[{"href":"http:\/\/blogdalucianaoliveira.com.br\/blog\/wp-json\/wp\/v2\/media?parent=37501"}],"wp:term":[{"taxonomy":"category","embeddable":true,"href":"http:\/\/blogdalucianaoliveira.com.br\/blog\/wp-json\/wp\/v2\/categories?post=37501"},{"taxonomy":"post_tag","embeddable":true,"href":"http:\/\/blogdalucianaoliveira.com.br\/blog\/wp-json\/wp\/v2\/tags?post=37501"}],"curies":[{"name":"wp","href":"https:\/\/api.w.org\/{rel}","templated":true}]}}