{"id":37505,"date":"2025-09-18T16:18:04","date_gmt":"2025-09-18T20:18:04","guid":{"rendered":"https:\/\/blogdalucianaoliveira.com.br\/blog\/?p=37505"},"modified":"2025-09-18T16:18:04","modified_gmt":"2025-09-18T20:18:04","slug":"o-caso-chocante-do-deputado-da-motosserra-que-ajudou-a-criar-lei-que-pode-cair-com-pec-da-blindagem","status":"publish","type":"post","link":"http:\/\/blogdalucianaoliveira.com.br\/blog\/2025\/09\/18\/o-caso-chocante-do-deputado-da-motosserra-que-ajudou-a-criar-lei-que-pode-cair-com-pec-da-blindagem\/","title":{"rendered":"O caso chocante do &#8216;deputado da motosserra&#8217; que ajudou a criar lei que pode cair com PEC da Blindagem"},"content":{"rendered":"<p><img data-recalc-dims=\"1\" loading=\"lazy\" decoding=\"async\" data-attachment-id=\"37506\" data-permalink=\"http:\/\/blogdalucianaoliveira.com.br\/blog\/2025\/09\/18\/o-caso-chocante-do-deputado-da-motosserra-que-ajudou-a-criar-lei-que-pode-cair-com-pec-da-blindagem\/img_7186\/\" data-orig-file=\"https:\/\/i0.wp.com\/blogdalucianaoliveira.com.br\/blog\/wp-content\/uploads\/2025\/09\/IMG_7186.webp?fit=768%2C473\" data-orig-size=\"768,473\" data-comments-opened=\"0\" data-image-meta=\"{&quot;aperture&quot;:&quot;0&quot;,&quot;credit&quot;:&quot;&quot;,&quot;camera&quot;:&quot;&quot;,&quot;caption&quot;:&quot;&quot;,&quot;created_timestamp&quot;:&quot;0&quot;,&quot;copyright&quot;:&quot;&quot;,&quot;focal_length&quot;:&quot;0&quot;,&quot;iso&quot;:&quot;0&quot;,&quot;shutter_speed&quot;:&quot;0&quot;,&quot;title&quot;:&quot;&quot;,&quot;orientation&quot;:&quot;0&quot;}\" data-image-title=\"IMG_7186\" data-image-description=\"\" data-image-caption=\"\" data-medium-file=\"https:\/\/i0.wp.com\/blogdalucianaoliveira.com.br\/blog\/wp-content\/uploads\/2025\/09\/IMG_7186.webp?fit=300%2C185\" data-large-file=\"https:\/\/i0.wp.com\/blogdalucianaoliveira.com.br\/blog\/wp-content\/uploads\/2025\/09\/IMG_7186.webp?fit=600%2C370\" class=\"alignnone size-medium wp-image-37506\" src=\"https:\/\/i0.wp.com\/blogdalucianaoliveira.com.br\/blog\/wp-content\/uploads\/2025\/09\/IMG_7186.webp?resize=300%2C185\" alt=\"\" width=\"300\" height=\"185\" srcset=\"https:\/\/i0.wp.com\/blogdalucianaoliveira.com.br\/blog\/wp-content\/uploads\/2025\/09\/IMG_7186.webp?resize=300%2C185 300w, https:\/\/i0.wp.com\/blogdalucianaoliveira.com.br\/blog\/wp-content\/uploads\/2025\/09\/IMG_7186.webp?resize=487%2C300 487w, https:\/\/i0.wp.com\/blogdalucianaoliveira.com.br\/blog\/wp-content\/uploads\/2025\/09\/IMG_7186.webp?w=768 768w\" sizes=\"auto, (max-width: 300px) 100vw, 300px\" \/><\/p>\n<div class=\"bbc-19j92fr ebmt73l0\" dir=\"ltr\">\n<p class=\"bbc-hhl7in e17g058b0\" dir=\"ltr\">BBC, por Daniel Gallas &#8211; O texto-base da proposta de emenda \u00e0 Constitui\u00e7\u00e3o (PEC) que prev\u00ea a <a class=\"focusIndicatorReducedWidth bbc-n8oauk e1p3sufg0\" href=\"https:\/\/www.bbc.com\/portuguese\/articles\/cgmzjkgk188o\">exig\u00eancia de aval do Congresso para que parlamentares possam ser processados criminalmente no Supremo Tribunal Federal<\/a> (STF) foi aprovado na ter\u00e7a-feira (16\/9) na C\u00e2mara dos Deputados.<\/p>\n<\/div>\n<p><!--more--><\/p>\n<div class=\"bbc-19j92fr ebmt73l0\" dir=\"ltr\">\n<p class=\"bbc-hhl7in e17g058b0\" dir=\"ltr\">Ap\u00f3s an\u00e1lise de destaques pelos deputados, prevista para esta quarta (17\/9), o texto segue para o Senado.<\/p>\n<\/div>\n<div class=\"bbc-19j92fr ebmt73l0\" dir=\"ltr\">\n<p class=\"bbc-hhl7in e17g058b0\" dir=\"ltr\">A &#8220;PEC das Prerrogativas&#8221;, como foi chamada por aqueles que a endossam, ou &#8220;PEC da Blindagem&#8221;, apelido dado por seus cr\u00edticos, promove mudan\u00e7as no artigo que trata da imunidade parlamentar, tornando a norma semelhante \u00e0 que vigorou entre 1988 e 2001.<\/p>\n<\/div>\n<div class=\"bbc-19j92fr ebmt73l0\" dir=\"ltr\">\n<p class=\"bbc-hhl7in e17g058b0\" dir=\"ltr\">Nesse per\u00edodo, por regra do artigo 53 da Constitui\u00e7\u00e3o de 1988, era preciso que a C\u00e2mara ou o Senado aprovassem uma licen\u00e7a para o STF processar criminalmente parlamentares.<\/p>\n<p dir=\"ltr\">Mas ao longo dos 13 anos houve cr\u00edticas de que a regra estaria resultando em impunidade \u2014 com alguns casos de parlamentares que nunca foram processados.<\/p>\n<div class=\"bbc-19j92fr ebmt73l0\" dir=\"ltr\">\n<p class=\"bbc-hhl7in e17g058b0\" dir=\"ltr\">Diferentes levantamentos mostram que as licen\u00e7as eram quase sempre negadas \u2014 muitas delas depois de tramitarem por anos sem an\u00e1lise, beneficiando os parlamentares suspeitos de crimes.<\/p>\n<\/div>\n<div class=\"bbc-19j92fr ebmt73l0\" dir=\"ltr\">\n<p class=\"bbc-hhl7in e17g058b0\" dir=\"ltr\">&#8220;Durante o per\u00edodo da Constitui\u00e7\u00e3o de 88, quando o texto que querem aprovar agora estava em vigor, nenhuma investiga\u00e7\u00e3o contra parlamentar foi autorizada. Nem em caso de homic\u00eddio, como houve. Nem em casos de corrup\u00e7\u00e3o, como houve. Nem em caso de tr\u00e1fico, como houve&#8221;, disse o deputado Kim Kataguri (Uni\u00e3o Brasil-SP), que votou contra a PEC.<\/p>\n<\/div>\n<div class=\"bbc-19j92fr ebmt73l0\" dir=\"ltr\">\n<p class=\"bbc-hhl7in e17g058b0\" dir=\"ltr\">&#8220;Mais de 300 pedidos de investiga\u00e7\u00e3o foram feitos quando havia essa reda\u00e7\u00e3o na Constitui\u00e7\u00e3o de 88, de o Congresso precisar permitir, e nenhum deles foi processado criminalmente.&#8221;<\/p>\n<\/div>\n<div class=\"bbc-19j92fr ebmt73l0\" dir=\"ltr\">\n<p class=\"bbc-hhl7in e17g058b0\" dir=\"ltr\">A PEC prev\u00ea que o aval do Congresso precisa ser deliberado em at\u00e9 90 dias a contar do recebimento da ordem emitida pelo STF. Se a licen\u00e7a for negada, o processo fica suspenso enquanto durar o mandato do parlamentar.<\/p>\n<\/div>\n<div class=\"bbc-19j92fr ebmt73l0\" dir=\"ltr\">\n<p class=\"bbc-hhl7in e17g058b0\" dir=\"ltr\">Foi mantida na PEC a proposta de tornar secreta a vota\u00e7\u00e3o para avaliar a pris\u00e3o em flagrante de parlamentares.<\/p>\n<\/div>\n<div class=\"bbc-19j92fr ebmt73l0\" dir=\"ltr\">\n<h2 id=\"Caso-do-deputado-da-motoserra\" class=\"bbc-1lgzob2 eglt09e0\" tabindex=\"-1\">Caso do &#8216;deputado da motoserra&#8217;<\/h2>\n<\/div>\n<div class=\"bbc-19j92fr ebmt73l0\" dir=\"ltr\">\n<p class=\"bbc-hhl7in e17g058b0\" dir=\"ltr\">Alguns casos foram emblem\u00e1ticos \u2014 e contribu\u00edram para a imagem na opini\u00e3o p\u00fablica de que as regras de 1988 promoviam impunidade dos parlamentares.<\/p>\n<\/div>\n<div class=\"bbc-19j92fr ebmt73l0\" dir=\"ltr\">\n<p class=\"bbc-hhl7in e17g058b0\" dir=\"ltr\">Esses epis\u00f3dios deram impulso em 2001 \u00e0 aprova\u00e7\u00e3o da Emenda Constitucional 35, que extinguiu a exig\u00eancia de um aval do Congresso para a abertura de processos criminais contra os parlamentares.<\/p>\n<\/div>\n<div class=\"bbc-19j92fr ebmt73l0\" dir=\"ltr\">\n<p class=\"bbc-hhl7in e17g058b0\" dir=\"ltr\">&#8220;Diante de in\u00fameros fatos ocorridos \u00e0 \u00e9poca, instalou-se a preocupa\u00e7\u00e3o em evitar que a imunidade se degenerasse como mecanismo que lograsse acobertar atos delituosos que n\u00e3o deveriam fugir da atua\u00e7\u00e3o do Poder Judici\u00e1rio&#8221;, afirma um artigo da Revista de Informa\u00e7\u00e3o Legislativa (uma publica\u00e7\u00e3o do Senado) sobre a imunidade parlamentar no Brasil antes e depois da Emenda Constitucional 35, de 2001.<\/p>\n<\/div>\n<figure class=\"bbc-1qn0xuy\">\n<div class=\"bbc-17ytifv\"><img data-recalc-dims=\"1\" decoding=\"async\" class=\"i-amphtml-fill-content i-amphtml-replaced-content\" src=\"https:\/\/i0.wp.com\/ichef.bbci.co.uk\/ace\/ws\/640\/cpsprodpb\/e25c\/live\/6a953460-93cc-11f0-98dc-53d10dedbfc6.jpg.webp?w=600&#038;ssl=1\" sizes=\"(max-width: 393px) 393px, 100vw\" srcset=\"https:\/\/ichef.bbci.co.uk\/ace\/ws\/240\/cpsprodpb\/e25c\/live\/6a953460-93cc-11f0-98dc-53d10dedbfc6.jpg.webp 240w, https:\/\/ichef.bbci.co.uk\/ace\/ws\/320\/cpsprodpb\/e25c\/live\/6a953460-93cc-11f0-98dc-53d10dedbfc6.jpg.webp 320w, https:\/\/ichef.bbci.co.uk\/ace\/ws\/354\/cpsprodpb\/e25c\/live\/6a953460-93cc-11f0-98dc-53d10dedbfc6.jpg.webp 354w\" alt=\"Hildebrando Pascoal\" \/><\/div>\n<\/figure>\n<div>\n<div class=\"bbc-4quw3x e1rfboeq7\" dir=\"ltr\" data-e2e=\"podcast-promo\">\n<section class=\"e1rfboeq6 bbc-12e4ke4 e1s8ztj50\" role=\"region\" aria-labelledby=\"podcast-promo\">\n<div class=\"bbc-bjn8wh eveec6k2\">\n<div class=\"bbc-fmy3ga etl18e90\">\n<div class=\"bbc-ef85uv e1rfboeq5\">\n<div class=\"bbc-997y1y eihqrxw0\" data-e2e=\"image-placeholder\"><\/div>\n<\/div>\n<\/div>\n<\/div>\n<\/section>\n<\/div>\n<div class=\"bbc-19j92fr ebmt73l0\" dir=\"ltr\">\n<p class=\"bbc-hhl7in e17g058b0\" dir=\"ltr\">Um dos fatos citados no artigo \u00e9 o caso de Hildebrando Pascoal, ex-coronel e parlamentar cassado que ficou conhecido no pa\u00eds como &#8220;deputado da motosserra&#8221;.<\/p>\n<\/div>\n<div class=\"bbc-19j92fr ebmt73l0\" dir=\"ltr\">\n<p class=\"bbc-hhl7in e17g058b0\" dir=\"ltr\">Ele foi acusado de chefiar a organiza\u00e7\u00e3o de um esquadr\u00e3o da morte e condenado por homic\u00eddio, forma\u00e7\u00e3o de quadrilha e narcotr\u00e1fico. Preso desde 1999, foi condenado a mais de 100 anos de pris\u00e3o.<\/p>\n<\/div>\n<div class=\"bbc-19j92fr ebmt73l0\" dir=\"ltr\">\n<p class=\"bbc-hhl7in e17g058b0\" dir=\"ltr\">Seu crime mais not\u00f3rio foi a morte do mec\u00e2nico Ag\u00edlson Firmino, cujo corpo foi esquartejado com uma motosserra. O filho de Firmino, de 13 anos, tamb\u00e9m foi morto. Al\u00e9m disso, duas testemunhas foram assassinadas.<\/p>\n<div class=\"bbc-19j92fr ebmt73l0\" dir=\"ltr\">\n<p class=\"bbc-hhl7in e17g058b0\" dir=\"ltr\">Hildebrando Pascoal era deputado federal e foi alvo da CPI do Narcotr\u00e1fico.<\/p>\n<\/div>\n<div class=\"bbc-19j92fr ebmt73l0\" dir=\"ltr\">\n<p class=\"bbc-hhl7in e17g058b0\" dir=\"ltr\">Em fevereiro de 1999, o STF abriu inqu\u00e9rito para apurar o envolvimento de Pascoal com grupos de exterm\u00ednio no Acre.<\/p>\n<\/div>\n<div class=\"bbc-19j92fr ebmt73l0\" dir=\"ltr\">\n<p class=\"bbc-hhl7in e17g058b0\" dir=\"ltr\">O inqu\u00e9rito foi instaurado pelo presidente do STF, ministro Celso de Mello, com base em um relat\u00f3rio elaborado pelo Conselho de Defesa dos Direitos da Pessoa Humana, do Minist\u00e9rio da Justi\u00e7a.<\/p>\n<\/div>\n<div class=\"bbc-19j92fr ebmt73l0\" dir=\"ltr\">\n<p class=\"bbc-hhl7in e17g058b0\" dir=\"ltr\">O passo seguinte seria a abertura de processo judicial, mas para isso seria necess\u00e1rio que a C\u00e2mara dos Deputados concedesse uma licen\u00e7a ao STF.<\/p>\n<\/div>\n<div class=\"bbc-19j92fr ebmt73l0\" dir=\"ltr\">\n<p class=\"bbc-hhl7in e17g058b0\" dir=\"ltr\">A C\u00e2mara, no entanto, optou por cassar o mandato de Pascoal com base nas investiga\u00e7\u00f5es da CPI e ele foi julgado na primeira inst\u00e2ncia pelos crimes.<\/p>\n<\/div>\n<div class=\"bbc-19j92fr ebmt73l0\" dir=\"ltr\">\n<p class=\"bbc-hhl7in e17g058b0\" dir=\"ltr\">Em 2018, em julgamento sobre a compet\u00eancia do Supremo para julgar deputados federais e senadores por crimes comuns, o ministro Dias Toffoli negou que o Supremo tivesse sido conivente com a impunidade de parlamentares no passado e citou o caso de Pascoal.<\/p>\n<\/div>\n<div class=\"bbc-19j92fr ebmt73l0\" dir=\"ltr\">\n<p class=\"bbc-hhl7in e17g058b0\" dir=\"ltr\">Segundo Toffoli, no passado, o Congresso raramente concedia essa licen\u00e7a, e preferia cassar parlamentares para que eles enfrentassem a Justi\u00e7a comum \u2014 como aconteceu com Hildebrando Pascoal.<\/p>\n<\/div>\n<div class=\"bbc-19j92fr ebmt73l0\" dir=\"ltr\">\n<h2 id=\"Atentado-no-restaurante-Gulliver\" class=\"bbc-1lgzob2 eglt09e0\" tabindex=\"-1\">Atentado no restaurante Gulliver<\/h2>\n<\/div>\n<div class=\"bbc-19j92fr ebmt73l0\" dir=\"ltr\">\n<p class=\"bbc-hhl7in e17g058b0\" dir=\"ltr\">Outro epis\u00f3dio not\u00f3rio envolvendo imunidade parlamentar aconteceu em 1993, quando o governador da Para\u00edba, Ronaldo Cunha Lima, atirou contra um rival pol\u00edtico \u2014 o ex-governador Tarc\u00edsio Burity \u2014 no restaurante Gulliver, em Jo\u00e3o Pessoa, em um caso de grande repercuss\u00e3o nacional.<\/p>\n<\/div>\n<div class=\"bbc-19j92fr ebmt73l0\" dir=\"ltr\">\n<p class=\"bbc-hhl7in e17g058b0\" dir=\"ltr\">Burity chegou a ficar em coma alguns dias e morreu quase dez anos depois do atentado.<\/p>\n<\/div>\n<div class=\"bbc-19j92fr ebmt73l0\" dir=\"ltr\">\n<p class=\"bbc-hhl7in e17g058b0\" dir=\"ltr\">Segundo not\u00edcias veiculadas na \u00e9poca, Cunha Lima chegou a ser preso pela Pol\u00edcia Federal, mas conseguiu <i class=\"bbc-h1y5j7 eih42320\">habeas corpus<\/i>. Em 1995, ele foi eleito senador da Rep\u00fablica e passou a contar com imunidade parlamentar que duraria por todo seu mandato de oito anos.<\/p>\n<\/div>\n<figure class=\"bbc-1qn0xuy\">\n<div class=\"bbc-17ytifv\"><img data-recalc-dims=\"1\" decoding=\"async\" class=\"i-amphtml-fill-content i-amphtml-replaced-content\" src=\"https:\/\/i0.wp.com\/ichef.bbci.co.uk\/ace\/ws\/640\/cpsprodpb\/5f45\/live\/e9b67400-93ce-11f0-9142-45d9bc55ce0b.jpg.webp?w=600&#038;ssl=1\" sizes=\"(max-width: 393px) 393px, 100vw\" srcset=\"https:\/\/ichef.bbci.co.uk\/ace\/ws\/240\/cpsprodpb\/5f45\/live\/e9b67400-93ce-11f0-9142-45d9bc55ce0b.jpg.webp 240w, https:\/\/ichef.bbci.co.uk\/ace\/ws\/320\/cpsprodpb\/5f45\/live\/e9b67400-93ce-11f0-9142-45d9bc55ce0b.jpg.webp 320w, https:\/\/ichef.bbci.co.uk\/ace\/ws\/354\/cpsprodpb\/5f45\/live\/e9b67400-93ce-11f0-9142-45d9bc55ce0b.jpg.webp 354w\" alt=\"Ronaldo Cunha Lima\" \/><\/p>\n<p class=\"bbc-by8ykd\" role=\"text\"><span class=\"bbc-m04vo2\">CR\u00c9DITO, <\/span><span lang=\"en-GB\">C\u00c2MARA DOS DEPUTADOS<\/span><\/p>\n<\/div><figcaption class=\"bbc-15f1ujd\" dir=\"ltr\"><span role=\"text\"><span class=\"bbc-m04vo2\">Legenda da foto, <\/span><span data-testid=\"caption-paragraph\">Ronaldo Cunha Lima foi governador, senador e deputado federal<\/span><\/span><\/figcaption><\/figure>\n<div class=\"bbc-19j92fr ebmt73l0\" dir=\"ltr\">\n<p class=\"bbc-hhl7in e17g058b0\" dir=\"ltr\">Ao longo desse per\u00edodo, o Supremo Tribunal Federal tentou processar Cunha Lima, mas n\u00e3o conseguiu. Em setembro de 1995, o STF pediu licen\u00e7a para prosseguir com as investiga\u00e7\u00f5es relacionadas ao senador.<\/p>\n<\/div>\n<div class=\"bbc-19j92fr ebmt73l0\" dir=\"ltr\">\n<p class=\"bbc-hhl7in e17g058b0\" dir=\"ltr\">Esse pedido s\u00f3 foi analisado pelo Senado quatro anos depois, em 1999 \u2014 e negado.<\/p>\n<\/div>\n<div class=\"bbc-19j92fr ebmt73l0\" dir=\"ltr\">\n<p class=\"bbc-hhl7in e17g058b0\" dir=\"ltr\">O processo s\u00f3 voltou a correr no STF depois de dezembro de 2001, quando foi aprovada a Emenda Constitucional 35, que aboliu a necessidade de licen\u00e7a para abertura de processo contra membros do Congresso Nacional.<\/p>\n<\/div>\n<div class=\"bbc-19j92fr ebmt73l0\" dir=\"ltr\">\n<p class=\"bbc-hhl7in e17g058b0\" dir=\"ltr\">Entre 2003 e 2007, o processo contra Cunha Lima correu no STF e estava prestes a ser julgado. Em 31 de outubro de 2007, o pol\u00edtico renunciou ao mandato que tinha de deputado federal, alegando que desejava ser julgado pelo Tribunal do J\u00fari da Comarca de Jo\u00e3o Pessoa.<\/p>\n<\/div>\n<div class=\"bbc-19j92fr ebmt73l0\" dir=\"ltr\">\n<p class=\"bbc-hhl7in e17g058b0\" dir=\"ltr\">Em sua carta de ren\u00fancia, ele disse que queria ser julgado &#8220;apenas como cidad\u00e3o&#8221;.<\/p>\n<\/div>\n<div class=\"bbc-19j92fr ebmt73l0\" dir=\"ltr\">\n<p class=\"bbc-hhl7in e17g058b0\" dir=\"ltr\">A ren\u00fancia foi criticada pelo relator do processo no STF, o ent\u00e3o ministro Joaquim Barbosa, e por outros juristas, que disseram que a manobra permitiria que a a\u00e7\u00e3o demorasse mais anos para ser julgada.<\/p>\n<\/div>\n<div class=\"bbc-19j92fr ebmt73l0\" dir=\"ltr\">\n<p class=\"bbc-hhl7in e17g058b0\" dir=\"ltr\">A fam\u00edlia de Buricy reagiu com indigna\u00e7\u00e3o.<\/p>\n<\/div>\n<div class=\"bbc-19j92fr ebmt73l0\" dir=\"ltr\">\n<p class=\"bbc-hhl7in e17g058b0\" dir=\"ltr\">&#8220;Se passaram 14 anos at\u00e9 agora, acha que v\u00e3o julgar em quatro anos? Eu n\u00e3o acredito&#8221;, afirmou a vi\u00fava de Buricy, Glauce.<\/p>\n<\/div>\n<div class=\"bbc-19j92fr ebmt73l0\" dir=\"ltr\">\n<p class=\"bbc-hhl7in e17g058b0\" dir=\"ltr\">&#8220;Ele passou 14 anos ludibriando a Justi\u00e7a. Agora, quando sabia que ia ser julgado, renunciou para ser julgado pelo Tribunal do J\u00fari. \u00c9 uma palha\u00e7ada.&#8221;<\/p>\n<\/div>\n<div class=\"bbc-19j92fr ebmt73l0\" dir=\"ltr\">\n<p class=\"bbc-hhl7in e17g058b0\" dir=\"ltr\">Ronaldo Cunha Lima morreu em 2012 \u2014 quase 20 anos depois do incidente no restaurante Gulliver \u2014 sem que o processo fosse conclu\u00eddo.<\/p>\n<\/div>\n<div class=\"bbc-19j92fr ebmt73l0\" dir=\"ltr\">\n<h2 id=\"Fortalecimento-ou-impunidade\" class=\"bbc-1lgzob2 eglt09e0\" tabindex=\"-1\">&#8216;Fortalecimento&#8217; ou &#8216;impunidade&#8217;<\/h2>\n<\/div>\n<div class=\"bbc-19j92fr ebmt73l0\" dir=\"ltr\">\n<p class=\"bbc-hhl7in e17g058b0\" dir=\"ltr\">Durante a vota\u00e7\u00e3o de ter\u00e7a-feira \u00e0 noite na C\u00e2mara dos Deputados da PEC que aumenta a prote\u00e7\u00e3o a parlamentares, o presidente da Casa, deputado Hugo Motta (Republicanos\/PB), disse que a mudan\u00e7a &#8220;fortalece o mandato dos parlamentares&#8221; e retoma o esp\u00edrito original da Constitui\u00e7\u00e3o.<\/p>\n<\/div>\n<div class=\"bbc-19j92fr ebmt73l0\" dir=\"ltr\">\n<p class=\"bbc-hhl7in e17g058b0\" dir=\"ltr\">&#8220;Nada mais \u00e9 do que o retorno ao texto constitucional de 1988. Texto que foi aprovado pela ent\u00e3o Constituinte. \u00c9 um texto que garante, na minha avalia\u00e7\u00e3o, o fortalecimento do mandato parlamentar de cada um que est\u00e1 nesta Casa. Essa n\u00e3o \u00e9 uma pauta de governo ou de oposi\u00e7\u00e3o, do PT ou do PL, da direita ou da esquerda.&#8221;<\/p>\n<\/div>\n<div class=\"bbc-19j92fr ebmt73l0\" dir=\"ltr\">\n<p class=\"bbc-hhl7in e17g058b0\" dir=\"ltr\">Mas outros deputados foram contra essa vis\u00e3o.<\/p>\n<\/div>\n<div class=\"bbc-19j92fr ebmt73l0\" dir=\"ltr\">\n<p class=\"bbc-hhl7in e17g058b0\" dir=\"ltr\">&#8220;Esta \u00e9 a PEC da impunidade&#8221;, disse a deputada Fernanda Melchionna (PSOL\/RS).<\/p>\n<\/div>\n<div class=\"bbc-19j92fr ebmt73l0\" dir=\"ltr\">\n<p class=\"bbc-hhl7in e17g058b0\" dir=\"ltr\">&#8220;Quem ousa comparar o que foi o processo da Constituinte, em que parlamentares eram perseguidos por enfrentar a ditadura, tem que usar muito \u00f3leo de peroba para tanta falta de vergonha na cara. [&#8230;] O povo sabe que o que est\u00e1 sendo votado aqui \u00e9 escandaloso.&#8221;<\/p>\n<\/div>\n<\/div>\n<\/div>\n<\/div>\n","protected":false},"excerpt":{"rendered":"<p>BBC, por Daniel Gallas &#8211; O texto-base da proposta de emenda \u00e0 Constitui\u00e7\u00e3o (PEC) que prev\u00ea a exig\u00eancia de aval do Congresso para que parlamentares possam ser processados criminalmente no Supremo Tribunal Federal (STF) foi aprovado na ter\u00e7a-feira (16\/9) na C\u00e2mara dos Deputados.<\/p>\n","protected":false},"author":1,"featured_media":0,"comment_status":"closed","ping_status":"open","sticky":false,"template":"","format":"standard","meta":{"_exactmetrics_skip_tracking":false,"_exactmetrics_sitenote_active":false,"_exactmetrics_sitenote_note":"","_exactmetrics_sitenote_category":0,"jetpack_post_was_ever_published":false,"_jetpack_newsletter_access":"","_jetpack_dont_email_post_to_subs":false,"_jetpack_newsletter_tier_id":0,"_jetpack_memberships_contains_paywalled_content":false,"_jetpack_memberships_contains_paid_content":false,"footnotes":"","jetpack_publicize_message":"","jetpack_publicize_feature_enabled":true,"jetpack_social_post_already_shared":true,"jetpack_social_options":{"image_generator_settings":{"template":"highway","enabled":false},"version":2}},"categories":[1],"tags":[881,1495],"class_list":["post-37505","post","type-post","status-publish","format-standard","hentry","category-notas","tag-impunidade","tag-pec-da-blindagem"],"jetpack_publicize_connections":[],"jetpack_sharing_enabled":true,"jetpack_featured_media_url":"","jetpack_shortlink":"https:\/\/wp.me\/p7wKYW-9KV","jetpack-related-posts":[],"_links":{"self":[{"href":"http:\/\/blogdalucianaoliveira.com.br\/blog\/wp-json\/wp\/v2\/posts\/37505","targetHints":{"allow":["GET"]}}],"collection":[{"href":"http:\/\/blogdalucianaoliveira.com.br\/blog\/wp-json\/wp\/v2\/posts"}],"about":[{"href":"http:\/\/blogdalucianaoliveira.com.br\/blog\/wp-json\/wp\/v2\/types\/post"}],"author":[{"embeddable":true,"href":"http:\/\/blogdalucianaoliveira.com.br\/blog\/wp-json\/wp\/v2\/users\/1"}],"replies":[{"embeddable":true,"href":"http:\/\/blogdalucianaoliveira.com.br\/blog\/wp-json\/wp\/v2\/comments?post=37505"}],"version-history":[{"count":1,"href":"http:\/\/blogdalucianaoliveira.com.br\/blog\/wp-json\/wp\/v2\/posts\/37505\/revisions"}],"predecessor-version":[{"id":37507,"href":"http:\/\/blogdalucianaoliveira.com.br\/blog\/wp-json\/wp\/v2\/posts\/37505\/revisions\/37507"}],"wp:attachment":[{"href":"http:\/\/blogdalucianaoliveira.com.br\/blog\/wp-json\/wp\/v2\/media?parent=37505"}],"wp:term":[{"taxonomy":"category","embeddable":true,"href":"http:\/\/blogdalucianaoliveira.com.br\/blog\/wp-json\/wp\/v2\/categories?post=37505"},{"taxonomy":"post_tag","embeddable":true,"href":"http:\/\/blogdalucianaoliveira.com.br\/blog\/wp-json\/wp\/v2\/tags?post=37505"}],"curies":[{"name":"wp","href":"https:\/\/api.w.org\/{rel}","templated":true}]}}