{"id":37509,"date":"2025-09-19T09:24:40","date_gmt":"2025-09-19T13:24:40","guid":{"rendered":"https:\/\/blogdalucianaoliveira.com.br\/blog\/?p=37509"},"modified":"2025-09-19T09:36:28","modified_gmt":"2025-09-19T13:36:28","slug":"pt-de-porto-velho-convoca-manifestacao-contra-pec-da-blindagem-e-anistia","status":"publish","type":"post","link":"http:\/\/blogdalucianaoliveira.com.br\/blog\/2025\/09\/19\/pt-de-porto-velho-convoca-manifestacao-contra-pec-da-blindagem-e-anistia\/","title":{"rendered":"PT de Porto Velho convoca manifesta\u00e7\u00e3o contra PEC da Blindagem e Anistia"},"content":{"rendered":"<p><img data-recalc-dims=\"1\" loading=\"lazy\" decoding=\"async\" data-attachment-id=\"37512\" data-permalink=\"http:\/\/blogdalucianaoliveira.com.br\/blog\/2025\/09\/19\/pt-de-porto-velho-convoca-manifestacao-contra-pec-da-blindagem-e-anistia\/d5966887-2b8a-4e08-9f66-be82d9e923d0-2\/\" data-orig-file=\"https:\/\/i0.wp.com\/blogdalucianaoliveira.com.br\/blog\/wp-content\/uploads\/2025\/09\/d5966887-2b8a-4e08-9f66-be82d9e923d0-1.jpeg?fit=1080%2C1350\" data-orig-size=\"1080,1350\" data-comments-opened=\"0\" data-image-meta=\"{&quot;aperture&quot;:&quot;0&quot;,&quot;credit&quot;:&quot;&quot;,&quot;camera&quot;:&quot;&quot;,&quot;caption&quot;:&quot;&quot;,&quot;created_timestamp&quot;:&quot;1758252807&quot;,&quot;copyright&quot;:&quot;&quot;,&quot;focal_length&quot;:&quot;0&quot;,&quot;iso&quot;:&quot;0&quot;,&quot;shutter_speed&quot;:&quot;0&quot;,&quot;title&quot;:&quot;&quot;,&quot;orientation&quot;:&quot;0&quot;}\" data-image-title=\"d5966887-2b8a-4e08-9f66-be82d9e923d0\" data-image-description=\"\" data-image-caption=\"\" data-medium-file=\"https:\/\/i0.wp.com\/blogdalucianaoliveira.com.br\/blog\/wp-content\/uploads\/2025\/09\/d5966887-2b8a-4e08-9f66-be82d9e923d0-1.jpeg?fit=240%2C300\" data-large-file=\"https:\/\/i0.wp.com\/blogdalucianaoliveira.com.br\/blog\/wp-content\/uploads\/2025\/09\/d5966887-2b8a-4e08-9f66-be82d9e923d0-1.jpeg?fit=600%2C750\" class=\"alignnone size-medium wp-image-37512\" src=\"https:\/\/i0.wp.com\/blogdalucianaoliveira.com.br\/blog\/wp-content\/uploads\/2025\/09\/d5966887-2b8a-4e08-9f66-be82d9e923d0-1.jpeg?resize=240%2C300\" alt=\"\" width=\"240\" height=\"300\" srcset=\"https:\/\/i0.wp.com\/blogdalucianaoliveira.com.br\/blog\/wp-content\/uploads\/2025\/09\/d5966887-2b8a-4e08-9f66-be82d9e923d0-1.jpeg?resize=240%2C300 240w, https:\/\/i0.wp.com\/blogdalucianaoliveira.com.br\/blog\/wp-content\/uploads\/2025\/09\/d5966887-2b8a-4e08-9f66-be82d9e923d0-1.jpeg?resize=819%2C1024 819w, https:\/\/i0.wp.com\/blogdalucianaoliveira.com.br\/blog\/wp-content\/uploads\/2025\/09\/d5966887-2b8a-4e08-9f66-be82d9e923d0-1.jpeg?resize=768%2C960 768w, https:\/\/i0.wp.com\/blogdalucianaoliveira.com.br\/blog\/wp-content\/uploads\/2025\/09\/d5966887-2b8a-4e08-9f66-be82d9e923d0-1.jpeg?w=1080 1080w\" sizes=\"auto, (max-width: 240px) 100vw, 240px\" \/><\/p>\n<p>Nota P\u00fablica do Diret\u00f3rio Municipal do PT de Porto Velho<!--more--><\/p>\n<p>O Partido dos Trabalhadores de Porto Velho reafirma seu compromisso inabal\u00e1vel com a defesa da democracia, da autonomia do Poder Judici\u00e1rio, do governo do presidente Lula e da vontade soberana do povo brasileiro expressa nas urnas.<\/p>\n<p>Rejeitamos de forma categ\u00f3rica qualquer tentativa de anistia aos golpistas que atacaram as institui\u00e7\u00f5es e o Estado Democr\u00e1tico de Direito. Conceder anistia seria legitimar o crime e abrir espa\u00e7o para que novos atentados contra a democracia se repitam. Chega de impunidade para golpistas e criminosos!<\/p>\n<p>Denunciamos tamb\u00e9m a chamada PEC da Blindagem, que pretende deixar impunes parlamentares que cometem crimes, afrontando a Justi\u00e7a, criando privil\u00e9gios ileg\u00edtimos e refor\u00e7ando a desconex\u00e3o entre a maioria do Congresso Nacional e a sociedade brasileira.<\/p>\n<p>Em sintonia com as mobiliza\u00e7\u00f5es nacionais, o PT de Porto Velho convoca a milit\u00e2ncia, os movimentos sociais e toda a popula\u00e7\u00e3o a participar do ato p\u00fablico \u201cPovo nas Ruas contra a Anistia!\u201d, que ser\u00e1 realizado no domingo, dia 21\/09, \u00e0s 16h, na Estrada de Ferro Madeira-Mamor\u00e9.<\/p>\n<p>\u00c9 hora de ocupar as ruas e reafirmar:<br \/>\nChega de impunidade a golpistas!<br \/>\nN\u00e3o \u00e0 PEC da Blindagem!<br \/>\nEm defesa da democracia!<br \/>\nEm defesa do governo Lula!<br \/>\nSem Anistia!<\/p>\n<p>Porto Velho, 18 de setembro de 2025<\/p>\n<p>Executiva do PT de Porto Velho<br \/>\nFrederico Versalli \u2013 Presidente do PT\/PVH<\/p>\n","protected":false},"excerpt":{"rendered":"<p>Nota P\u00fablica do Diret\u00f3rio Municipal do PT de Porto Velho<\/p>\n","protected":false},"author":1,"featured_media":0,"comment_status":"closed","ping_status":"open","sticky":false,"template":"","format":"standard","meta":{"_exactmetrics_skip_tracking":false,"_exactmetrics_sitenote_active":false,"_exactmetrics_sitenote_note":"","_exactmetrics_sitenote_category":0,"jetpack_post_was_ever_published":false,"_jetpack_newsletter_access":"","_jetpack_dont_email_post_to_subs":false,"_jetpack_newsletter_tier_id":0,"_jetpack_memberships_contains_paywalled_content":false,"_jetpack_memberships_contains_paid_content":false,"footnotes":"","jetpack_publicize_message":"","jetpack_publicize_feature_enabled":true,"jetpack_social_post_already_shared":true,"jetpack_social_options":{"image_generator_settings":{"template":"highway","enabled":false},"version":2}},"categories":[1],"tags":[],"class_list":["post-37509","post","type-post","status-publish","format-standard","hentry","category-notas"],"jetpack_publicize_connections":[],"jetpack_sharing_enabled":true,"jetpack_featured_media_url":"","jetpack_shortlink":"https:\/\/wp.me\/p7wKYW-9KZ","jetpack-related-posts":[],"_links":{"self":[{"href":"http:\/\/blogdalucianaoliveira.com.br\/blog\/wp-json\/wp\/v2\/posts\/37509","targetHints":{"allow":["GET"]}}],"collection":[{"href":"http:\/\/blogdalucianaoliveira.com.br\/blog\/wp-json\/wp\/v2\/posts"}],"about":[{"href":"http:\/\/blogdalucianaoliveira.com.br\/blog\/wp-json\/wp\/v2\/types\/post"}],"author":[{"embeddable":true,"href":"http:\/\/blogdalucianaoliveira.com.br\/blog\/wp-json\/wp\/v2\/users\/1"}],"replies":[{"embeddable":true,"href":"http:\/\/blogdalucianaoliveira.com.br\/blog\/wp-json\/wp\/v2\/comments?post=37509"}],"version-history":[{"count":2,"href":"http:\/\/blogdalucianaoliveira.com.br\/blog\/wp-json\/wp\/v2\/posts\/37509\/revisions"}],"predecessor-version":[{"id":37513,"href":"http:\/\/blogdalucianaoliveira.com.br\/blog\/wp-json\/wp\/v2\/posts\/37509\/revisions\/37513"}],"wp:attachment":[{"href":"http:\/\/blogdalucianaoliveira.com.br\/blog\/wp-json\/wp\/v2\/media?parent=37509"}],"wp:term":[{"taxonomy":"category","embeddable":true,"href":"http:\/\/blogdalucianaoliveira.com.br\/blog\/wp-json\/wp\/v2\/categories?post=37509"},{"taxonomy":"post_tag","embeddable":true,"href":"http:\/\/blogdalucianaoliveira.com.br\/blog\/wp-json\/wp\/v2\/tags?post=37509"}],"curies":[{"name":"wp","href":"https:\/\/api.w.org\/{rel}","templated":true}]}}