{"id":37514,"date":"2025-09-19T17:36:38","date_gmt":"2025-09-19T21:36:38","guid":{"rendered":"https:\/\/blogdalucianaoliveira.com.br\/blog\/?p=37514"},"modified":"2025-09-19T17:36:38","modified_gmt":"2025-09-19T21:36:38","slug":"viva-o-sus-o-maior-sistema-publico-de-saude-do-mundo-e-gratuito-universal-e-do-brasil","status":"publish","type":"post","link":"http:\/\/blogdalucianaoliveira.com.br\/blog\/2025\/09\/19\/viva-o-sus-o-maior-sistema-publico-de-saude-do-mundo-e-gratuito-universal-e-do-brasil\/","title":{"rendered":"Viva o SUS! O maior sistema p\u00fablico de sa\u00fade do mundo \u00e9 gratuito, universal e do Brasil"},"content":{"rendered":"<p><img data-recalc-dims=\"1\" loading=\"lazy\" decoding=\"async\" data-attachment-id=\"37515\" data-permalink=\"http:\/\/blogdalucianaoliveira.com.br\/blog\/2025\/09\/19\/viva-o-sus-o-maior-sistema-publico-de-saude-do-mundo-e-gratuito-universal-e-do-brasil\/img_7227\/\" data-orig-file=\"https:\/\/i0.wp.com\/blogdalucianaoliveira.com.br\/blog\/wp-content\/uploads\/2025\/09\/IMG_7227.png?fit=768%2C353\" data-orig-size=\"768,353\" data-comments-opened=\"0\" data-image-meta=\"{&quot;aperture&quot;:&quot;0&quot;,&quot;credit&quot;:&quot;&quot;,&quot;camera&quot;:&quot;&quot;,&quot;caption&quot;:&quot;&quot;,&quot;created_timestamp&quot;:&quot;0&quot;,&quot;copyright&quot;:&quot;&quot;,&quot;focal_length&quot;:&quot;0&quot;,&quot;iso&quot;:&quot;0&quot;,&quot;shutter_speed&quot;:&quot;0&quot;,&quot;title&quot;:&quot;&quot;,&quot;orientation&quot;:&quot;0&quot;}\" data-image-title=\"IMG_7227\" data-image-description=\"\" data-image-caption=\"\" data-medium-file=\"https:\/\/i0.wp.com\/blogdalucianaoliveira.com.br\/blog\/wp-content\/uploads\/2025\/09\/IMG_7227.png?fit=300%2C138\" data-large-file=\"https:\/\/i0.wp.com\/blogdalucianaoliveira.com.br\/blog\/wp-content\/uploads\/2025\/09\/IMG_7227.png?fit=600%2C276\" class=\"alignnone size-medium wp-image-37515\" src=\"https:\/\/i0.wp.com\/blogdalucianaoliveira.com.br\/blog\/wp-content\/uploads\/2025\/09\/IMG_7227.png?resize=300%2C138\" alt=\"\" width=\"300\" height=\"138\" srcset=\"https:\/\/i0.wp.com\/blogdalucianaoliveira.com.br\/blog\/wp-content\/uploads\/2025\/09\/IMG_7227.png?resize=300%2C138 300w, https:\/\/i0.wp.com\/blogdalucianaoliveira.com.br\/blog\/wp-content\/uploads\/2025\/09\/IMG_7227.png?resize=653%2C300 653w, https:\/\/i0.wp.com\/blogdalucianaoliveira.com.br\/blog\/wp-content\/uploads\/2025\/09\/IMG_7227.png?w=768 768w\" sizes=\"auto, (max-width: 300px) 100vw, 300px\" \/><\/p>\n<p>Em 35 anos, sistema mudou a realidade do acesso \u00e0 sa\u00fade, elevou a qualidade de vida e segue como principal rede de assist\u00eancia de 76% da popula\u00e7\u00e3o brasileira<!--more--><\/p>\n<p>\u201cFoi na Unidade B\u00e1sica de Sa\u00fade que fiz meu pr\u00e9-natal, recebi todas as vacinas e no hospital onde meu filho nasceu com seguran\u00e7a. Hoje, quando ele adoece, sei que posso contar com o SUS.\u201d O depoimento \u00e9 da t\u00e9cnica de enfermagem Ana C\u00e9lia dos Santos, moradora da \u00e1rea rural de S\u00e3o Raimundo Nonato (PI). Ela traduz em palavras o que o <a class=\"external-link\" title=\"Sistema \u00danico de Sa\u00fade (SUS)\" href=\"https:\/\/www.gov.br\/saude\/pt-br\/sus\" target=\"_blank\" rel=\"noopener\" data-tippreview-enabled=\"false\" data-tippreview-image=\"\" data-tippreview-title=\"\">Sistema \u00danico de Sa\u00fade (SUS)<\/a> representa na vida de milh\u00f5es de brasileiros: confian\u00e7a e acolhimento.<\/p>\n<p>Hoje, 19 de setembro, o SUS completa 35 anos e se consolida como o maior sistema p\u00fablico, gratuito e universal de sa\u00fade. Resultado do movimento <a class=\"external-link\" title=\"hist\u00f3rico da 8\u00aa Confer\u00eancia Nacional de Sa\u00fade (1986)\" href=\"https:\/\/www.gov.br\/conselho-nacional-de-saude\/pt-br\/assuntos\/conferencias\/8a-cns\" target=\"_blank\" rel=\"noopener\" data-tippreview-enabled=\"false\" data-tippreview-image=\"\" data-tippreview-title=\"\">hist\u00f3rico da 8\u00aa Confer\u00eancia Nacional de Sa\u00fade (1986)<\/a>, o SUS ganhou forma na Constitui\u00e7\u00e3o de 1988, que definiu a sa\u00fade como direito de todos e dever do Estado. Em 1990, a Lei n\u00ba 8.080 regulamentou o sistema em todo o territ\u00f3rio nacional.<\/p>\n<p>Antes do SUS, apenas trabalhadores formais vinculados \u00e0 Previd\u00eancia Social tinham atendimento garantido nos hospitais p\u00fablicos. Na pr\u00e1tica, apenas 30 milh\u00f5es de pessoas eram beneficiadas. Para o restante da popula\u00e7\u00e3o, a alternativa era a caridade, servi\u00e7os filantr\u00f3picos ou o pagamento direto. Hoje, toda a popula\u00e7\u00e3o tem direito aos atendimentos &#8211; 76% dependem diretamente do SUS, o que representa 213 milh\u00f5es de pessoas. Por ano, o SUS realiza 2,8 bilh\u00f5es de atendimentos e conta com cerca de 3,5 milh\u00f5es de profissionais em atua\u00e7\u00e3o.<\/p>\n<p>Uma das a\u00e7\u00f5es que consolidou o cuidado integral no SUS foi a <a class=\"external-link\" title=\"Estrat\u00e9gia Sa\u00fade da Fam\u00edlia (eSF)\" href=\"https:\/\/www.gov.br\/saude\/pt-br\/composicao\/saps\/esf\" target=\"_blank\" rel=\"noopener\" data-tippreview-enabled=\"false\" data-tippreview-image=\"\" data-tippreview-title=\"\">Estrat\u00e9gia Sa\u00fade da Fam\u00edlia (eSF)<\/a>. Lan\u00e7ada em 1994, \u00e9 um modelo inovador da <a class=\"external-link\" title=\"Aten\u00e7\u00e3o Prim\u00e1ria \u00e0 Sa\u00fade (APS)\" href=\"https:\/\/www.gov.br\/saude\/pt-br\/composicao\/saps\" target=\"_blank\" rel=\"noopener\" data-tippreview-enabled=\"false\" data-tippreview-image=\"\" data-tippreview-title=\"\">Aten\u00e7\u00e3o Prim\u00e1ria \u00e0 Sa\u00fade (APS)<\/a>, que coloca a sa\u00fade no centro das necessidades da pessoa, da fam\u00edlia e do territ\u00f3rio. As equipes est\u00e3o presentes em todas as regi\u00f5es do pa\u00eds com a\u00e7\u00f5es de promo\u00e7\u00e3o, preven\u00e7\u00e3o, diagn\u00f3stico e tratamento em UBS das cidades, mas tamb\u00e9m em \u00e1reas remotas, fluviais, consult\u00f3rios na rua e territ\u00f3rio ind\u00edgena.<\/p>\n<p><strong>\u201cO SUS me devolveu a vida\u201d<\/strong><\/p>\n<p>O Brasil tem a maior rede p\u00fablica de transplantes do mundo. Em 2024, o pa\u00eds bateu recorde hist\u00f3rico no SUS, com 30 mil procedimentos. Al\u00e9m de realizar, gratuitamente, servi\u00e7os de alt\u00edssima complexidade como transplantes, a rede p\u00fablica fornece os medicamentos imunossupressores, necess\u00e1rios para toda a vida dos transplantados.<\/p>\n<p><img data-recalc-dims=\"1\" decoding=\"async\" src=\"https:\/\/i0.wp.com\/www.gov.br\/saude\/pt-br\/assuntos\/noticias\/2025\/setembro\/imagens\/roberio.png\/%40%40images\/69ec6f63-1e30-4563-97cd-5abfe78d0f7f.png?w=600&#038;ssl=1\" alt=\"Rob\u00e9rio.png\" \/><br \/>\n<span class=\"discreet\">Foto: Arquivo pessoal<\/span><\/p>\n<p>Rob\u00e9rio Melo, brasiliense de 52 anos, descobriu em 2017 que 90% de seu f\u00edgado estava comprometido por uma doen\u00e7a rara. Ouviu dos m\u00e9dicos que teria apenas tr\u00eas dias de vida. No terceiro dia, gra\u00e7as ao SUS, recebeu um transplante de f\u00edgado no Instituto de Cardiologia e Transplantes do DF. Hoje, Rob\u00e9rio dedica sua vida a apoiar pacientes e a fortalecer a cultura da doa\u00e7\u00e3o de \u00f3rg\u00e3os. \u201c<em>Eu renasci. O SUS me devolveu a vida. Essa segunda chance me transformou e hoje dedico minha trajet\u00f3ria a mostrar que doar \u00f3rg\u00e3os \u00e9 doar vida, e sou a prova viva de que a solidariedade salva<\/em>\u201d, afirma Rob\u00e9rio.<\/p>\n<p>A luta contra a <a class=\"external-link\" title=\"Covid-19\" href=\"https:\/\/www.gov.br\/saude\/pt-br\/assuntos\/saude-de-a-a-z\/c\/covid-19\" target=\"_blank\" rel=\"noopener\" data-tippreview-enabled=\"false\" data-tippreview-image=\"\" data-tippreview-title=\"\">Covid-19<\/a> deixou marcas de supera\u00e7\u00e3o e o SUS teve um papel decisivo no per\u00edodo. \u201c<em>Eu acredito muito na for\u00e7a do coletivo. Me recordo que, durante a pandemia, a gente viu que n\u00f3s podemos realizar e cuidar de forma eficaz da sa\u00fade do povo. A aten\u00e7\u00e3o prim\u00e1ria foi essencial durante a pandemia e ela \u00e9 essencial para que o SUS funcione!<\/em>\u201d, relembra a agente comunit\u00e1ria de sa\u00fade de Natal (RN), Cintia Fernanda de Lima, que atua h\u00e1 26 anos no SUS.<\/p>\n<p>Rodrigo Silva Souza, 27 anos, morador de Paracatu (MG), foi diagnosticado com Covid-19 em abril de 2021, quando acreditava ter apenas uma dor de garganta. Em Bras\u00edlia, a m\u00e3e percebeu a gravidade e o levou ao Hospital Regional da Asa Norte (HRAN), onde ficou internado por quase uma semana, dependente de oxig\u00eanio. \u201cCheguei a ter 50% do pulm\u00e3o comprometido. Mesmo com o hospital lotado e gente chegando toda hora, o SUS cuidou de mim com aten\u00e7\u00e3o. Foi o que salvou minha vida\u201d, recorda Rodrigo.<\/p>\n<p><strong>SUS presente <\/strong><\/p>\n<p>Trag\u00e9dias como a da <a class=\"external-link\" title=\"Boate Kiss\" href=\"https:\/\/www.gov.br\/saude\/pt-br\/assuntos\/noticias\/2023\/janeiro\/boate-kiss-apos-10-anos-da-tragedia-ministerio-da-saude-reconhece-que-aprendizados-do-sus-permanecem-ate-hoje\" target=\"_blank\" rel=\"noopener\" data-tippreview-enabled=\"false\" data-tippreview-image=\"\" data-tippreview-title=\"\">Boate Kiss<\/a>, em 2013, mostraram a for\u00e7a do SUS em emerg\u00eancias. A <a class=\"external-link\" title=\"For\u00e7a Nacional do SUS (FN-SUS)\" href=\"https:\/\/www.gov.br\/saude\/pt-br\/composicao\/saes\/fn-sus\" target=\"_blank\" rel=\"noopener\" data-tippreview-enabled=\"false\" data-tippreview-image=\"\" data-tippreview-title=\"\">For\u00e7a Nacional do SUS (FN-SUS)<\/a> montou um n\u00facleo de aten\u00e7\u00e3o psicossocial em Santa Maria (RS), apoiou o resgate e organizou a transfer\u00eancia de pacientes para hospitais de refer\u00eancia. Nas <a class=\"external-link\" title=\"enchentes do Rio Grande do Sul\" href=\"https:\/\/www.gov.br\/saude\/pt-br\/assuntos\/noticias\/2024\/junho\/linha-do-tempo-confira-as-acoes-do-ministerio-da-saude-na-assistencia-a-populacao-gaucha\" target=\"_blank\" rel=\"noopener\" data-tippreview-enabled=\"false\" data-tippreview-image=\"\" data-tippreview-title=\"\">enchentes do Rio Grande do Sul<\/a>, em 2024, o SUS garantiu o atendimento em hospitais de campanha, com refor\u00e7o \u00e0 vacina\u00e7\u00e3o e apoio psicossocial a milhares de pessoas.<\/p>\n<p>Em janeiro de 2023, o Minist\u00e9rio da Sa\u00fade decretou Emerg\u00eancia de Sa\u00fade P\u00fablica de Import\u00e2ncia Nacional (ESPIN) na terra <a class=\"external-link\" title=\"Yanomami \" href=\"https:\/\/www.gov.br\/saude\/pt-br\/assuntos\/missao-yanomami\" target=\"_blank\" rel=\"noopener\" data-tippreview-enabled=\"false\" data-tippreview-image=\"\" data-tippreview-title=\"\">Yanomami <\/a>\u2013 a maior crise humanit\u00e1ria em territ\u00f3rio ind\u00edgena. Dois anos depois, os <strong>dados do primeiro trimestre<\/strong> de 2025 apontam uma redu\u00e7\u00e3o de 33% no n\u00famero de \u00f3bitos. Neste per\u00edodo, o n\u00famero de \u00f3bitos em rela\u00e7\u00e3o a doen\u00e7as respirat\u00f3rias caiu 45%, a queda por <a class=\"external-link\" title=\"mal\u00e1ria\" href=\"https:\/\/www.gov.br\/saude\/pt-br\/assuntos\/saude-de-a-a-z\/m\/malaria\" target=\"_blank\" rel=\"noopener\" data-tippreview-enabled=\"false\" data-tippreview-image=\"\" data-tippreview-title=\"\">mal\u00e1ria<\/a> foi 65% e 74% por desnutri\u00e7\u00e3o.<\/p>\n<p><strong>Linha do tempo e evolu\u00e7\u00e3o do SUS <\/strong><\/p>\n<p>O SUS conta com o maior programa p\u00fablico de vacina\u00e7\u00e3o da Am\u00e9rica Latina, o <a class=\"external-link\" title=\"Programa Nacional de Imuniza\u00e7\u00f5es (PNI)\" href=\"https:\/\/www.gov.br\/saude\/pt-br\/acesso-a-informacao\/acoes-e-programas\/pni\" target=\"_blank\" rel=\"noopener\" data-tippreview-enabled=\"false\" data-tippreview-image=\"\" data-tippreview-title=\"\">Programa Nacional de Imuniza\u00e7\u00f5es (PNI)<\/a>. Hoje, disponibiliza 48 imunobiol\u00f3gicos, sendo 31 vacinas, 13 soros e 4 imunoglobulinas. As a\u00e7\u00f5es contribu\u00edram para marcos como a erradica\u00e7\u00e3o da <a class=\"external-link\" title=\"poliomielite\" href=\"https:\/\/www.gov.br\/saude\/pt-br\/assuntos\/saude-de-a-a-z\/p\/poliomielite\" target=\"_blank\" rel=\"noopener\" data-tippreview-enabled=\"false\" data-tippreview-image=\"\" data-tippreview-title=\"\">poliomielite<\/a>, em 1994, at\u00e9 resultados mais recentes como a recertifica\u00e7\u00e3o de pa\u00eds livre de sarampo pela OPAS. Al\u00e9m disso, o Brasil foi pioneiro na oferta de vacina contra a dengue.<\/p>\n<p>A trajet\u00f3ria de fortalecimento do SUS \u00e9 marcada tamb\u00e9m pela cria\u00e7\u00e3o do <a class=\"external-link\" href=\"https:\/\/www.gov.br\/saude\/pt-br\/composicao\/saes\/samu-192\" target=\"_blank\" rel=\"noopener\" data-tippreview-enabled=\"true\" data-tippreview-image=\"\" data-tippreview-title=\"\" data-tippy=\"\" data-original-title=\"SAMU 192\">SAMU 192<\/a> (2003), do Brasil Sorridente (2004), do <a class=\"external-link\" title=\"Farm\u00e1cia Popular\" href=\"https:\/\/www.gov.br\/saude\/pt-br\/composicao\/sectics\/farmacia-popular\" target=\"_blank\" rel=\"noopener\" data-tippreview-enabled=\"false\" data-tippreview-image=\"\" data-tippreview-title=\"\">Farm\u00e1cia Popular<\/a>(2004), da Hemobr\u00e1s (2004), da Rede Cegonha \u2013 atual Rede Alyne (2011), do <a class=\"external-link\" title=\"Programa Mais M\u00e9dicos\" href=\"https:\/\/www.gov.br\/saude\/pt-br\/composicao\/sgtes\/mais-medicos\" target=\"_blank\" rel=\"noopener\" data-tippreview-enabled=\"false\" data-tippreview-image=\"\" data-tippreview-title=\"\">Programa Mais M\u00e9dicos<\/a> (2013), do <a class=\"external-link\" title=\"Brasil Saud\u00e1vel\" href=\"https:\/\/www.gov.br\/saude\/pt-br\/assuntos\/brasil-saudavel\" target=\"_blank\" rel=\"noopener\" data-tippreview-enabled=\"false\" data-tippreview-image=\"\" data-tippreview-title=\"\">Brasil Saud\u00e1vel<\/a> (2024), do <a class=\"external-link\" title=\"Agora Tem Especialistas\" href=\"https:\/\/www.gov.br\/saude\/pt-br\/composicao\/saes\/agora-tem-especialistas\" target=\"_blank\" rel=\"noopener\" data-tippreview-enabled=\"false\" data-tippreview-image=\"\" data-tippreview-title=\"\">Agora Tem Especialistas<\/a> (2025) e tantas outras pol\u00edticas e programas.<\/p>\n<p>Desde 2023, o Governo Federal retomou a agenda voltada ao fortalecimento do Complexo Econ\u00f4mico-Industrial da Sa\u00fade com medidas para reduzir a depend\u00eancia do Brasil. A expectativa \u00e9 que, em at\u00e9 dez anos, 70% das necessidades do SUS em medicamentos, equipamentos e vacinas sejam produzidos no pa\u00eds.<\/p>\n<p><strong>Desafios e o futuro do SUS<\/strong><\/p>\n<p>Para enfrentar um dos desafios hist\u00f3ricos que \u00e9 o tempo de espera na rede p\u00fablica, o Minist\u00e9rio da Sa\u00fade lan\u00e7ou o programa Agora Tem Especialistas, com foco em seis \u00e1reas estrat\u00e9gicas: oncologia, cardiologia, ginecologia, ortopedia, oftalmologia e otorrinolaringologia. A expans\u00e3o da telessa\u00fade, que pode reduzir em at\u00e9 30% o tempo de espera por atendimento especializado no SUS, \u00e9 um dos eixos do programa. Em 2024, foram 2,5 milh\u00f5es de atendimentos em telessa\u00fade.<\/p>\n<p>Com o <a class=\"external-link\" title=\"Novo PAC Sa\u00fade\" href=\"https:\/\/www.gov.br\/saude\/pt-br\/assuntos\/novo-pac-saude\" target=\"_blank\" rel=\"noopener\" data-tippreview-enabled=\"false\" data-tippreview-image=\"\" data-tippreview-title=\"\">Novo PAC Sa\u00fade<\/a>, o governo federal garante novas obras, equipamentos e ve\u00edculos para fortalecer o SUS em todo o pa\u00eds. S\u00e3o novas UBS, salas de teleconsulta, unidades odontol\u00f3gicas m\u00f3veis, policl\u00ednicas, maternidades, <a class=\"external-link\" title=\"Centros de Aten\u00e7\u00e3o Psicossocial\" href=\"https:\/\/www.gov.br\/saude\/pt-br\/composicao\/saes\/desmad\/raps\/caps\" target=\"_blank\" rel=\"noopener\" data-tippreview-enabled=\"false\" data-tippreview-image=\"\" data-tippreview-title=\"\">Centros de Aten\u00e7\u00e3o Psicossocial<\/a>e novas ambul\u00e2ncias do SAMU 192. A meta \u00e9 universalizar o servi\u00e7o de emerg\u00eancia at\u00e9 o final de 2026 e ele agora est\u00e1 presente, tamb\u00e9m, em territ\u00f3rio ind\u00edgena, com atendimento 24h e profissionais bil\u00edngues.<\/p>\n<p><strong>A sa\u00fade que chega antes mesmo de voc\u00ea notar <\/strong><\/p>\n<p>O SUS vai muito al\u00e9m dos hospitais e unidades de sa\u00fade \u2014 ele est\u00e1 no copinho de \u00e1gua que voc\u00ea bebe, no alimento seguro que consome, na ambul\u00e2ncia que chega em minutos, no controle de epidemias e at\u00e9 na regula\u00e7\u00e3o de medicamentos. N\u00e3o \u00e9 apenas hospital: \u00e9 rede, preven\u00e7\u00e3o, ci\u00eancia e prote\u00e7\u00e3o social.<\/p>\n<p><img data-recalc-dims=\"1\" decoding=\"async\" src=\"https:\/\/i0.wp.com\/www.gov.br\/saude\/pt-br\/assuntos\/noticias\/2025\/setembro\/imagens\/card-sus-35-anos.jpeg\/%40%40images\/cdd09218-5f60-495d-ada7-466a73a75f27.jpeg?w=600&#038;ssl=1\" alt=\"Card SUS 35 anos.jpeg\" \/><\/p>\n<p><strong>Viva o SUS!<\/strong><\/p>\n<p>\u201c<em>Eu espero que nos pr\u00f3ximos anos tenhamos um SUS cada vez mais forte em todas as regi\u00f5es do pa\u00eds. Que ele chegue a cada pessoa e tenha cada vez mais um olhar para al\u00e9m da sa\u00fade.<\/em>\u201d <strong>Eleuza Proc\u00f3pio de Souza Martinelli, enfermeira, 65 anos, atua h\u00e1 30 anos no SUS<\/strong><\/p>\n<p>\u201c<em>O SUS d\u00e1 toda a assist\u00eancia para a gente. Se n\u00e3o fosse o SUS o que seria da gente?<\/em>\u201d <strong>Lucicleide Maria da Silva, agricultora, 48 anos, paciente do SUS<\/strong><\/p>\n<p>\u201c<em>O que \u00e9 mais gratificante de trabalhar no SUS \u00e9 poder dar ao paciente aquilo que ele n\u00e3o conseguiria em outro lugar, \u00e9 poder ouvi-lo, acompanh\u00e1-lo, tratar n\u00e3o apenas dele, mas de toda a fam\u00edlia, de criar esse v\u00ednculo e ver a evolu\u00e7\u00e3o ao longo dos anos<\/em>\u201d <strong>Cl\u00e1udia Adriana, dentista, 53 anos, atua h\u00e1 mais de 20 anos no SUS<\/strong><\/p>\n<p>\u201c<em>O SUS \u00e9 algo que me d\u00e1 orgulho: de ter brasileiros lutando por brasileiros, de levar informa\u00e7\u00e3o, aten\u00e7\u00e3o e cuidado aos que mais precisam. O SUS muda vidas. Mudou a minha.<\/em>\u201d <strong>Gelson de Oliveira, 60 anos, bailarino aposentado, paciente do SUS<\/strong><\/p>\n<p><em>Edjalma Borges<\/em><br \/>\n<em>Minist\u00e9rio da Sa\u00fade<\/em><\/p>\n","protected":false},"excerpt":{"rendered":"<p>Em 35 anos, sistema mudou a realidade do acesso \u00e0 sa\u00fade, elevou a qualidade de vida e segue como principal rede de assist\u00eancia de 76% da popula\u00e7\u00e3o brasileira<\/p>\n","protected":false},"author":1,"featured_media":0,"comment_status":"closed","ping_status":"open","sticky":false,"template":"","format":"standard","meta":{"_exactmetrics_skip_tracking":false,"_exactmetrics_sitenote_active":false,"_exactmetrics_sitenote_note":"","_exactmetrics_sitenote_category":0,"jetpack_post_was_ever_published":false,"_jetpack_newsletter_access":"","_jetpack_dont_email_post_to_subs":false,"_jetpack_newsletter_tier_id":0,"_jetpack_memberships_contains_paywalled_content":false,"_jetpack_memberships_contains_paid_content":false,"footnotes":"","jetpack_publicize_message":"","jetpack_publicize_feature_enabled":true,"jetpack_social_post_already_shared":true,"jetpack_social_options":{"image_generator_settings":{"template":"highway","enabled":false},"version":2}},"categories":[1],"tags":[1497,1498,345,1496],"class_list":["post-37514","post","type-post","status-publish","format-standard","hentry","category-notas","tag-cuidado","tag-gratuito","tag-saude-publica","tag-sus"],"jetpack_publicize_connections":[],"jetpack_sharing_enabled":true,"jetpack_featured_media_url":"","jetpack_shortlink":"https:\/\/wp.me\/p7wKYW-9L4","jetpack-related-posts":[],"_links":{"self":[{"href":"http:\/\/blogdalucianaoliveira.com.br\/blog\/wp-json\/wp\/v2\/posts\/37514","targetHints":{"allow":["GET"]}}],"collection":[{"href":"http:\/\/blogdalucianaoliveira.com.br\/blog\/wp-json\/wp\/v2\/posts"}],"about":[{"href":"http:\/\/blogdalucianaoliveira.com.br\/blog\/wp-json\/wp\/v2\/types\/post"}],"author":[{"embeddable":true,"href":"http:\/\/blogdalucianaoliveira.com.br\/blog\/wp-json\/wp\/v2\/users\/1"}],"replies":[{"embeddable":true,"href":"http:\/\/blogdalucianaoliveira.com.br\/blog\/wp-json\/wp\/v2\/comments?post=37514"}],"version-history":[{"count":1,"href":"http:\/\/blogdalucianaoliveira.com.br\/blog\/wp-json\/wp\/v2\/posts\/37514\/revisions"}],"predecessor-version":[{"id":37516,"href":"http:\/\/blogdalucianaoliveira.com.br\/blog\/wp-json\/wp\/v2\/posts\/37514\/revisions\/37516"}],"wp:attachment":[{"href":"http:\/\/blogdalucianaoliveira.com.br\/blog\/wp-json\/wp\/v2\/media?parent=37514"}],"wp:term":[{"taxonomy":"category","embeddable":true,"href":"http:\/\/blogdalucianaoliveira.com.br\/blog\/wp-json\/wp\/v2\/categories?post=37514"},{"taxonomy":"post_tag","embeddable":true,"href":"http:\/\/blogdalucianaoliveira.com.br\/blog\/wp-json\/wp\/v2\/tags?post=37514"}],"curies":[{"name":"wp","href":"https:\/\/api.w.org\/{rel}","templated":true}]}}