{"id":37517,"date":"2025-09-22T09:09:57","date_gmt":"2025-09-22T13:09:57","guid":{"rendered":"https:\/\/blogdalucianaoliveira.com.br\/blog\/?p=37517"},"modified":"2025-09-22T09:35:33","modified_gmt":"2025-09-22T13:35:33","slug":"claudia-de-jesus-pede-extensao-de-direito-a-computo-de-tempo-de-servico-na-pandemia-a-todos-os-servidores-do-estado","status":"publish","type":"post","link":"http:\/\/blogdalucianaoliveira.com.br\/blog\/2025\/09\/22\/claudia-de-jesus-pede-extensao-de-direito-a-computo-de-tempo-de-servico-na-pandemia-a-todos-os-servidores-do-estado\/","title":{"rendered":"Cl\u00e1udia de Jesus pede extens\u00e3o de direito a c\u00f4mputo de tempo de servi\u00e7o na pandemia a todos os servidores do estado"},"content":{"rendered":"<p><img data-recalc-dims=\"1\" loading=\"lazy\" decoding=\"async\" data-attachment-id=\"37518\" data-permalink=\"http:\/\/blogdalucianaoliveira.com.br\/blog\/2025\/09\/22\/claudia-de-jesus-pede-extensao-de-direito-a-computo-de-tempo-de-servico-na-pandemia-a-todos-os-servidores-do-estado\/6u7a9691\/\" data-orig-file=\"https:\/\/i0.wp.com\/blogdalucianaoliveira.com.br\/blog\/wp-content\/uploads\/2025\/09\/6U7A9691.jpeg?fit=1050%2C700\" data-orig-size=\"1050,700\" data-comments-opened=\"0\" data-image-meta=\"{&quot;aperture&quot;:&quot;3.5&quot;,&quot;credit&quot;:&quot;&quot;,&quot;camera&quot;:&quot;Canon EOS 5D Mark III&quot;,&quot;caption&quot;:&quot;&quot;,&quot;created_timestamp&quot;:&quot;1757525857&quot;,&quot;copyright&quot;:&quot;&quot;,&quot;focal_length&quot;:&quot;200&quot;,&quot;iso&quot;:&quot;5000&quot;,&quot;shutter_speed&quot;:&quot;0.00625&quot;,&quot;title&quot;:&quot;&quot;,&quot;orientation&quot;:&quot;0&quot;}\" data-image-title=\"6U7A9691\" data-image-description=\"\" data-image-caption=\"\" data-medium-file=\"https:\/\/i0.wp.com\/blogdalucianaoliveira.com.br\/blog\/wp-content\/uploads\/2025\/09\/6U7A9691.jpeg?fit=300%2C200\" data-large-file=\"https:\/\/i0.wp.com\/blogdalucianaoliveira.com.br\/blog\/wp-content\/uploads\/2025\/09\/6U7A9691.jpeg?fit=600%2C400\" class=\"alignnone wp-image-37518\" src=\"https:\/\/i0.wp.com\/blogdalucianaoliveira.com.br\/blog\/wp-content\/uploads\/2025\/09\/6U7A9691.jpeg?resize=486%2C285\" alt=\"\" width=\"486\" height=\"285\" \/><\/p>\n<p><strong>A indica\u00e7\u00e3o foi feita ao Poder Executivo Estadual, extensivo \u00e0 Casa Civil e \u00e0 Secretaria de Estado do Planejamento, Or\u00e7amento e Gest\u00e3o &#8211; SEPOG.<\/strong><!--more--><\/p>\n<p>Da assessoria &#8211; A deputada Cl\u00e1udia de Jesus (PT), pede que seja elaborado e enviado um Projeto de Lei Complementar que disponha sobre o c\u00f4mputo, para fins de direito e vantagens funcionais, do tempo de servi\u00e7o prestado pelos agentes p\u00fablicos da Administra\u00e7\u00e3o P\u00fablica Direta e Indireta do Estado de Rond\u00f4nia, incluindo suas autarquias e funda\u00e7\u00f5es, durante o estado de calamidade p\u00fablica decorrente da pandemia da COVID-19.<\/p>\n<p>O c\u00f4mputo valer\u00e1, se comprovada a n\u00e3o interrup\u00e7\u00e3o da presta\u00e7\u00e3o do servi\u00e7o inerente ao cargo e que seja autorizada expressamente a contagem de tempos pret\u00e9ritos que se enquadrem na referida hip\u00f3tese.<\/p>\n<p><img data-recalc-dims=\"1\" loading=\"lazy\" decoding=\"async\" data-attachment-id=\"37522\" data-permalink=\"http:\/\/blogdalucianaoliveira.com.br\/blog\/2025\/09\/22\/claudia-de-jesus-pede-extensao-de-direito-a-computo-de-tempo-de-servico-na-pandemia-a-todos-os-servidores-do-estado\/img_7312-2\/\" data-orig-file=\"https:\/\/i0.wp.com\/blogdalucianaoliveira.com.br\/blog\/wp-content\/uploads\/2025\/09\/IMG_7312.jpeg?fit=1148%2C1574\" data-orig-size=\"1148,1574\" data-comments-opened=\"0\" data-image-meta=\"{&quot;aperture&quot;:&quot;0&quot;,&quot;credit&quot;:&quot;&quot;,&quot;camera&quot;:&quot;&quot;,&quot;caption&quot;:&quot;&quot;,&quot;created_timestamp&quot;:&quot;0&quot;,&quot;copyright&quot;:&quot;&quot;,&quot;focal_length&quot;:&quot;0&quot;,&quot;iso&quot;:&quot;0&quot;,&quot;shutter_speed&quot;:&quot;0&quot;,&quot;title&quot;:&quot;&quot;,&quot;orientation&quot;:&quot;1&quot;}\" data-image-title=\"IMG_7312\" data-image-description=\"\" data-image-caption=\"\" data-medium-file=\"https:\/\/i0.wp.com\/blogdalucianaoliveira.com.br\/blog\/wp-content\/uploads\/2025\/09\/IMG_7312.jpeg?fit=219%2C300\" data-large-file=\"https:\/\/i0.wp.com\/blogdalucianaoliveira.com.br\/blog\/wp-content\/uploads\/2025\/09\/IMG_7312.jpeg?fit=600%2C822\" class=\"alignnone size-medium wp-image-37522\" src=\"https:\/\/i0.wp.com\/blogdalucianaoliveira.com.br\/blog\/wp-content\/uploads\/2025\/09\/IMG_7312.jpeg?resize=219%2C300\" alt=\"\" width=\"219\" height=\"300\" srcset=\"https:\/\/i0.wp.com\/blogdalucianaoliveira.com.br\/blog\/wp-content\/uploads\/2025\/09\/IMG_7312.jpeg?resize=219%2C300 219w, https:\/\/i0.wp.com\/blogdalucianaoliveira.com.br\/blog\/wp-content\/uploads\/2025\/09\/IMG_7312.jpeg?resize=747%2C1024 747w, https:\/\/i0.wp.com\/blogdalucianaoliveira.com.br\/blog\/wp-content\/uploads\/2025\/09\/IMG_7312.jpeg?resize=768%2C1053 768w, https:\/\/i0.wp.com\/blogdalucianaoliveira.com.br\/blog\/wp-content\/uploads\/2025\/09\/IMG_7312.jpeg?resize=1120%2C1536 1120w, https:\/\/i0.wp.com\/blogdalucianaoliveira.com.br\/blog\/wp-content\/uploads\/2025\/09\/IMG_7312.jpeg?w=1148 1148w\" sizes=\"auto, (max-width: 219px) 100vw, 219px\" \/><\/p>\n<p>Na justificativa, a deputada ressalta que durante o per\u00edodo da pandemia, \u201cin\u00fameros agentes p\u00fablicos da Administra\u00e7\u00e3o Direta e Indireta do Estado de Rond\u00f4nia, com suas autarquias e funda\u00e7\u00f5es, continuaram exercendo suas atribui\u00e7\u00f5es, muitas vezes em regime de tele trabalho ou de forma h\u00edbrida, garantindo a continuidade dos servi\u00e7os p\u00fablicos essenciais \u00e0 popula\u00e7\u00e3o, em especial aos mais vulner\u00e1veis\u201d.<\/p>\n<p>Para a deputada, por conta de uma lacuna normativa, diversos servidores foram prejudicados por interpreta\u00e7\u00f5es restritivas que desconsideraram esse tempo de efetivo exerc\u00edcio para fins de est\u00e1gio probat\u00f3rio, progress\u00f5es, promo\u00e7\u00f5es, adicionais por tempo de servi\u00e7o, licen\u00e7as por assiduidade, entre outros direitos previstos em lei.<\/p>\n<p>Os servidores do Tribunal de Contas e da Defensoria P\u00fablica do estado, tiveram projetos da mesma natureza, aprovados recentemente para garantir o direito \u00e0 contagem do tempo de servi\u00e7o na pandemia para progress\u00e3o de carreira.<\/p>\n<p>Al\u00e9m disso, tramitam projetos que estendem o direito aos servidores do Tribunal de Justi\u00e7a e da Assembleia Legislativa do Estado.<\/p>\n<p>Cl\u00e1udia de Jesus quer garantir o mesmo, num \u00fanico projeto, para todos os servidores do estado.<\/p>\n<p>\u201cTrata-se de medida de justi\u00e7a administrativa, que n\u00e3o implica aumento de despesa imediata, pois apenas reconhece como v\u00e1lido o per\u00edodo j\u00e1 laborado por servidores que se mantiveram em exerc\u00edcio, ainda que em condi\u00e7\u00f5es excepcionais\u201d, disse a deputada.<\/p>\n<p>A iniciativa encontra respaldo no artigo 37 da Constitui\u00e7\u00e3o Federal, que estabelece os princ\u00edpios da legalidade, impessoalidade, \u00a0oralidade, publicidade e efici\u00eancia, os quais n\u00e3o podem ser desconsiderados em momentos de crise, como o vivido durante a pandemia.<\/p>\n<p><strong>Acesse o link para ler a indica\u00e7\u00e3o:<\/strong><\/p>\n<p><a href=\"http:\/\/blogdalucianaoliveira.com.br\/blog\/wp-content\/uploads\/2025\/09\/ind_14008-25.pdf\">ind_14008-25<\/a><\/p>\n","protected":false},"excerpt":{"rendered":"<p>A indica\u00e7\u00e3o foi feita ao Poder Executivo Estadual, extensivo \u00e0 Casa Civil e \u00e0 Secretaria de Estado do Planejamento, Or\u00e7amento e Gest\u00e3o &#8211; SEPOG.<\/p>\n","protected":false},"author":1,"featured_media":0,"comment_status":"closed","ping_status":"open","sticky":false,"template":"","format":"standard","meta":{"_exactmetrics_skip_tracking":false,"_exactmetrics_sitenote_active":false,"_exactmetrics_sitenote_note":"","_exactmetrics_sitenote_category":0,"jetpack_post_was_ever_published":false,"_jetpack_newsletter_access":"","_jetpack_dont_email_post_to_subs":false,"_jetpack_newsletter_tier_id":0,"_jetpack_memberships_contains_paywalled_content":false,"_jetpack_memberships_contains_paid_content":false,"footnotes":"","jetpack_publicize_message":"","jetpack_publicize_feature_enabled":true,"jetpack_social_post_already_shared":true,"jetpack_social_options":{"image_generator_settings":{"template":"highway","enabled":false},"version":2}},"categories":[1],"tags":[1429,991,366,1499],"class_list":["post-37517","post","type-post","status-publish","format-standard","hentry","category-notas","tag-deputada-claudia-de-jesus","tag-estado","tag-pandemia","tag-servidores"],"jetpack_publicize_connections":[],"jetpack_sharing_enabled":true,"jetpack_featured_media_url":"","jetpack_shortlink":"https:\/\/wp.me\/p7wKYW-9L7","jetpack-related-posts":[],"_links":{"self":[{"href":"http:\/\/blogdalucianaoliveira.com.br\/blog\/wp-json\/wp\/v2\/posts\/37517","targetHints":{"allow":["GET"]}}],"collection":[{"href":"http:\/\/blogdalucianaoliveira.com.br\/blog\/wp-json\/wp\/v2\/posts"}],"about":[{"href":"http:\/\/blogdalucianaoliveira.com.br\/blog\/wp-json\/wp\/v2\/types\/post"}],"author":[{"embeddable":true,"href":"http:\/\/blogdalucianaoliveira.com.br\/blog\/wp-json\/wp\/v2\/users\/1"}],"replies":[{"embeddable":true,"href":"http:\/\/blogdalucianaoliveira.com.br\/blog\/wp-json\/wp\/v2\/comments?post=37517"}],"version-history":[{"count":5,"href":"http:\/\/blogdalucianaoliveira.com.br\/blog\/wp-json\/wp\/v2\/posts\/37517\/revisions"}],"predecessor-version":[{"id":37525,"href":"http:\/\/blogdalucianaoliveira.com.br\/blog\/wp-json\/wp\/v2\/posts\/37517\/revisions\/37525"}],"wp:attachment":[{"href":"http:\/\/blogdalucianaoliveira.com.br\/blog\/wp-json\/wp\/v2\/media?parent=37517"}],"wp:term":[{"taxonomy":"category","embeddable":true,"href":"http:\/\/blogdalucianaoliveira.com.br\/blog\/wp-json\/wp\/v2\/categories?post=37517"},{"taxonomy":"post_tag","embeddable":true,"href":"http:\/\/blogdalucianaoliveira.com.br\/blog\/wp-json\/wp\/v2\/tags?post=37517"}],"curies":[{"name":"wp","href":"https:\/\/api.w.org\/{rel}","templated":true}]}}