{"id":37528,"date":"2025-09-23T07:45:02","date_gmt":"2025-09-23T11:45:02","guid":{"rendered":"https:\/\/blogdalucianaoliveira.com.br\/blog\/?p=37528"},"modified":"2025-09-23T07:45:02","modified_gmt":"2025-09-23T11:45:02","slug":"80-anos-da-onu-a-organizacao-perdeu-a-relevancia","status":"publish","type":"post","link":"http:\/\/blogdalucianaoliveira.com.br\/blog\/2025\/09\/23\/80-anos-da-onu-a-organizacao-perdeu-a-relevancia\/","title":{"rendered":"80 anos da ONU: a organiza\u00e7\u00e3o perdeu a relev\u00e2ncia?"},"content":{"rendered":"<p><img data-recalc-dims=\"1\" loading=\"lazy\" decoding=\"async\" data-attachment-id=\"37529\" data-permalink=\"http:\/\/blogdalucianaoliveira.com.br\/blog\/2025\/09\/23\/80-anos-da-onu-a-organizacao-perdeu-a-relevancia\/img_7335\/\" data-orig-file=\"https:\/\/i0.wp.com\/blogdalucianaoliveira.com.br\/blog\/wp-content\/uploads\/2025\/09\/IMG_7335.webp?fit=800%2C450\" data-orig-size=\"800,450\" data-comments-opened=\"0\" data-image-meta=\"{&quot;aperture&quot;:&quot;0&quot;,&quot;credit&quot;:&quot;&quot;,&quot;camera&quot;:&quot;&quot;,&quot;caption&quot;:&quot;&quot;,&quot;created_timestamp&quot;:&quot;0&quot;,&quot;copyright&quot;:&quot;&quot;,&quot;focal_length&quot;:&quot;0&quot;,&quot;iso&quot;:&quot;0&quot;,&quot;shutter_speed&quot;:&quot;0&quot;,&quot;title&quot;:&quot;&quot;,&quot;orientation&quot;:&quot;0&quot;}\" data-image-title=\"IMG_7335\" data-image-description=\"\" data-image-caption=\"\" data-medium-file=\"https:\/\/i0.wp.com\/blogdalucianaoliveira.com.br\/blog\/wp-content\/uploads\/2025\/09\/IMG_7335.webp?fit=300%2C169\" data-large-file=\"https:\/\/i0.wp.com\/blogdalucianaoliveira.com.br\/blog\/wp-content\/uploads\/2025\/09\/IMG_7335.webp?fit=600%2C338\" class=\"alignnone size-medium wp-image-37529\" src=\"https:\/\/i0.wp.com\/blogdalucianaoliveira.com.br\/blog\/wp-content\/uploads\/2025\/09\/IMG_7335.webp?resize=300%2C169\" alt=\"\" width=\"300\" height=\"169\" srcset=\"https:\/\/i0.wp.com\/blogdalucianaoliveira.com.br\/blog\/wp-content\/uploads\/2025\/09\/IMG_7335.webp?resize=300%2C169 300w, https:\/\/i0.wp.com\/blogdalucianaoliveira.com.br\/blog\/wp-content\/uploads\/2025\/09\/IMG_7335.webp?resize=768%2C432 768w, https:\/\/i0.wp.com\/blogdalucianaoliveira.com.br\/blog\/wp-content\/uploads\/2025\/09\/IMG_7335.webp?resize=533%2C300 533w, https:\/\/i0.wp.com\/blogdalucianaoliveira.com.br\/blog\/wp-content\/uploads\/2025\/09\/IMG_7335.webp?w=800 800w\" sizes=\"auto, (max-width: 300px) 100vw, 300px\" \/><\/p>\n<div class=\"bbc-19j92fr ebmt73l0\" dir=\"ltr\">\n<p class=\"bbc-hhl7in e17g058b0\" dir=\"ltr\">BBC, por Giulia Granchi &#8211; A <a class=\"focusIndicatorReducedWidth bbc-n8oauk e1p3sufg0\" href=\"https:\/\/www.bbc.com\/portuguese\/topics\/cwr9jr0y464t\">Organiza\u00e7\u00e3o das Na\u00e7\u00f5es Unidas (ONU)<\/a> inicia nesta ter\u00e7a-feira (23\/09) os debates de sua Assembleia Geral anual marcando seu 80\u00ba anivers\u00e1rio em meio a questionamentos sobre sua relev\u00e2ncia e real influ\u00eancia no tabuleiro geopol\u00edtico global.<\/p>\n<\/div>\n<p><!--more-->Criada em 1945, ap\u00f3s a <a class=\"focusIndicatorReducedWidth bbc-n8oauk e1p3sufg0\" href=\"https:\/\/www.bbc.com\/portuguese\/topics\/czpzkp950gwt\">Segunda Guerra Mundial<\/a>, a organiza\u00e7\u00e3o nasceu da necessidade de oferecer um espa\u00e7o permanente de di\u00e1logo entre pa\u00edses para que fossem evitados novos conflitos. Seu prop\u00f3sito original era claro: dar voz a todos os Estados soberanos e criar mecanismos coletivos de manuten\u00e7\u00e3o da paz.<\/p>\n<div class=\"bbc-19j92fr ebmt73l0\" dir=\"ltr\">\n<p class=\"bbc-hhl7in e17g058b0\" dir=\"ltr\">Ao longo de oito d\u00e9cadas, a institui\u00e7\u00e3o deixou marcas profundas \u2014 da descoloniza\u00e7\u00e3o de <a class=\"focusIndicatorReducedWidth bbc-n8oauk e1p3sufg0\" href=\"https:\/\/www.bbc.com\/portuguese\/topics\/c8y94yx9p2qt\">\u00c1frica<\/a> e <a class=\"focusIndicatorReducedWidth bbc-n8oauk e1p3sufg0\" href=\"https:\/\/www.bbc.com\/portuguese\/topics\/cwr9jrn91g3t\">\u00c1sia<\/a> \u00e0 condena\u00e7\u00e3o do apartheid, passando pela Declara\u00e7\u00e3o Universal dos Direitos Humanos e por miss\u00f5es de paz que ajudaram a encerrar conflitos e reconstruir na\u00e7\u00f5es.<\/p>\n<\/div>\n<div class=\"bbc-19j92fr ebmt73l0\" dir=\"ltr\">\n<p class=\"bbc-hhl7in e17g058b0\" dir=\"ltr\">Mas, diante das guerras atuais, das crises humanit\u00e1rias e das rivalidades entre pot\u00eancias, cresce a d\u00favida: a ONU ainda \u00e9 capaz de cumprir esse papel central ou se tornou uma organiza\u00e7\u00e3o mais simb\u00f3lica do que efetiva?<\/p>\n<p dir=\"ltr\">Especialistas ouvidos pela BBC News Brasil avaliam que um mundo sem a ONU seria mais inst\u00e1vel \u2014 n\u00e3o apenas no campo dos conflitos armados, mas tamb\u00e9m em \u00e1reas como alimenta\u00e7\u00e3o, <a class=\"focusIndicatorReducedWidth bbc-n8oauk e1p3sufg0\" href=\"https:\/\/www.bbc.com\/portuguese\/topics\/c340q430z4vt\">sa\u00fade<\/a> e <a class=\"focusIndicatorReducedWidth bbc-n8oauk e1p3sufg0\" href=\"https:\/\/www.bbc.com\/portuguese\/topics\/c340q430dzvt\">educa\u00e7\u00e3o<\/a>. Ao mesmo tempo, h\u00e1 consenso de que a organiza\u00e7\u00e3o precisa de reformas para se adaptar aos desafios atuais e de que sua atua\u00e7\u00e3o \u00e9, por defini\u00e7\u00e3o, limitada pela soberania dos Estados que a comp\u00f5em.<\/p>\n<div class=\"bbc-19j92fr ebmt73l0\" dir=\"ltr\">\n<h2 id=\"O-que-explica-a-pouca-capacidade-da-ONU-de-resolver-os-conflitos-atuais\" class=\"bbc-1lgzob2 eglt09e0\" tabindex=\"-1\">O que explica a pouca capacidade da ONU de resolver os conflitos atuais?<\/h2>\n<\/div>\n<div class=\"bbc-19j92fr ebmt73l0\" dir=\"ltr\">\n<p class=\"bbc-hhl7in e17g058b0\" dir=\"ltr\">A atua\u00e7\u00e3o da ONU em crises internacionais tem sido alvo de cr\u00edticas, sobretudo diante da escalada de conflitos recentes em diferentes regi\u00f5es do mundo \u2014 como a guerra na Ucr\u00e2nia, a ofensiva de Israel em Gaza e as tens\u00f5es em pa\u00edses africanos, a exemplo do Sud\u00e3o e da Som\u00e1lia. Persistem ainda amea\u00e7as como o ressurgimento do Estado Isl\u00e2mico e o fortalecimento de movimentos de extrema direita, que complicam o cen\u00e1rio internacional e ampliam a press\u00e3o sobre a organiza\u00e7\u00e3o.<\/p>\n<\/div>\n<div class=\"bbc-19j92fr ebmt73l0\" dir=\"ltr\">\n<p class=\"bbc-hhl7in e17g058b0\" dir=\"ltr\">Segundo Paulo Velasco, professor de pol\u00edtica internacional da Uerj (Universidade do Estado do Rio de Janeiro), a hist\u00f3ria da ONU ao longo de seus 80 anos mostra que essas dificuldades n\u00e3o s\u00e3o novas.<br \/>\nDurante 40 anos de Guerra Fria, por exemplo, a organiza\u00e7\u00e3o teve pouca relev\u00e2ncia em quest\u00f5es centrais devido \u00e0 bipolaridade entre Estados Unidos e Uni\u00e3o Sovi\u00e9tica, permanecendo muitas vezes \u00e0 margem de conflitos como a Guerra do Vietn\u00e3. Com o fim da Guerra Fria, acreditava-se que a ONU poderia desempenhar um papel mais protagonista, e os anos 1990 foram marcados por f\u00f3runs internacionais importantes para coordenar a\u00e7\u00f5es conjuntas nas \u00e1reas de meio ambiente \u2014 como a Rio-92 \u2014 e direitos humanos \u2014 como a Confer\u00eancia Mundial sobre Direitos Humanos em Viena (1993).<\/p>\n<div class=\"bbc-19j92fr ebmt73l0\" dir=\"ltr\">\n<p class=\"bbc-hhl7in e17g058b0\" dir=\"ltr\">Mas hoje a capacidade da ONU em resolver conflitos \u00e9 bastante limitada, e essa limita\u00e7\u00e3o, na avalia\u00e7\u00e3o de Rafaela Sanches, doutora em Rela\u00e7\u00f5es Internacionais pela PUC-Minas e professora do UNIBH (Centro Universit\u00e1rio de Belo Horizonte), est\u00e1 diretamente ligada \u00e0 sua pr\u00f3pria estrutura, especialmente ao Conselho de Seguran\u00e7a.<\/p>\n<\/div>\n<div class=\"bbc-19j92fr ebmt73l0\" dir=\"ltr\">\n<p class=\"bbc-hhl7in e17g058b0\" dir=\"ltr\">Hoje, cinco membros permanentes \u2014 Estados Unidos, R\u00fassia, China, Fran\u00e7a e Reino Unido \u2014 possuem poder de veto, o que dificulta a aprova\u00e7\u00e3o de resolu\u00e7\u00f5es pelo Conselho.<\/p>\n<\/div>\n<div class=\"bbc-19j92fr ebmt73l0\" dir=\"ltr\">\n<p class=\"bbc-hhl7in e17g058b0\" dir=\"ltr\">&#8220;Esse mecanismo permite que qualquer resolu\u00e7\u00e3o que conflite com os interesses nacionais desses pa\u00edses seja bloqueada. Na quest\u00e3o da Ucr\u00e2nia, por exemplo, a R\u00fassia veta resolu\u00e7\u00f5es que a impactariam diretamente. No conflito entre Israel e Palestina, os Estados Unidos j\u00e1 bloquearam mais de 30 vezes discuss\u00f5es sobre prote\u00e7\u00e3o de civis em Gaza e outras viola\u00e7\u00f5es.&#8221;<\/p>\n<\/div>\n<div class=\"bbc-19j92fr ebmt73l0\" dir=\"ltr\">\n<p class=\"bbc-hhl7in e17g058b0\" dir=\"ltr\">Matias Spektor, professor da FGV (Funda\u00e7\u00e3o Get\u00falio Vargas), acrescenta que essa limita\u00e7\u00e3o n\u00e3o \u00e9 nova.<\/p>\n<\/div>\n<div class=\"bbc-19j92fr ebmt73l0\" dir=\"ltr\">\n<p class=\"bbc-hhl7in e17g058b0\" dir=\"ltr\">&#8220;As Na\u00e7\u00f5es Unidas s\u00e3o t\u00e3o relevantes hoje quanto no passado, mas n\u00e3o podemos esperar que fa\u00e7am o que juridicamente n\u00e3o t\u00eam como fazer: domar as grandes pot\u00eancias que as controlam&#8221;, afirma.<\/p>\n<\/div>\n<div class=\"bbc-19j92fr ebmt73l0\" dir=\"ltr\">\n<p class=\"bbc-hhl7in e17g058b0\" dir=\"ltr\">Ele avalia que h\u00e1 dois tipos de crises, e que o poder de influ\u00eancia depende da geografia.<\/p>\n<\/div>\n<div class=\"bbc-19j92fr ebmt73l0\" dir=\"ltr\">\n<p class=\"bbc-hhl7in e17g058b0\" dir=\"ltr\">&#8220;Nos conflitos em que n\u00e3o h\u00e1 envolvimento direto de pot\u00eancias do Conselho de Seguran\u00e7a, a ONU costuma desempenhar papel central de media\u00e7\u00e3o, sobretudo em pa\u00edses da \u00c1frica, da \u00c1sia e, no passado, na Am\u00e9rica Latina. J\u00e1 quando o embate envolve um desses cinco membros permanentes, a ONU &#8216;fica de m\u00e3os amarradas&#8217;.&#8221;<\/p>\n<\/div>\n<div class=\"bbc-19j92fr ebmt73l0\" dir=\"ltr\">\n<p class=\"bbc-hhl7in e17g058b0\" dir=\"ltr\">Como exemplo, Spektor cita a Guerra das Malvinas, na d\u00e9cada de 1980, que envolvia o Reino Unido: por se tratar de um conflito diretamente ligado a um membro permanente do Conselho de Seguran\u00e7a, a ONU n\u00e3o conseguiu mediar a disputa nem impor san\u00e7\u00f5es efetivas. Ele compara essa situa\u00e7\u00e3o \u00e0s crises atuais em Gaza e na Ucr\u00e2nia.<\/p>\n<\/div>\n<div class=\"bbc-19j92fr ebmt73l0\" dir=\"ltr\">\n<p class=\"bbc-hhl7in e17g058b0\" dir=\"ltr\">Ainda assim, o professor aponta que o sistema da ONU garante transpar\u00eancia e cria o arcabou\u00e7o jur\u00eddico que possibilita, por exemplo, a abertura de processos contra indiv\u00edduos por crimes de guerra ou genoc\u00eddio, al\u00e9m de fornecer os dados mais confi\u00e1veis sobre o que se passa em campo.<\/p>\n<\/div>\n<figure class=\"bbc-1qn0xuy\">\n<div class=\"bbc-1gbs0ve\"><img data-recalc-dims=\"1\" loading=\"lazy\" decoding=\"async\" class=\"bbc-139onq\" src=\"https:\/\/i0.wp.com\/ichef.bbci.co.uk\/ace\/ws\/640\/cpsprodpb\/7e5d\/live\/f67d5870-976b-11f0-84c8-99de564f0440.jpg.webp?resize=600%2C400&#038;ssl=1\" sizes=\"auto, (min-width: 1008px) 760px, 100vw\" srcset=\"https:\/\/ichef.bbci.co.uk\/ace\/ws\/240\/cpsprodpb\/7e5d\/live\/f67d5870-976b-11f0-84c8-99de564f0440.jpg.webp 240w, https:\/\/ichef.bbci.co.uk\/ace\/ws\/320\/cpsprodpb\/7e5d\/live\/f67d5870-976b-11f0-84c8-99de564f0440.jpg.webp 320w, https:\/\/ichef.bbci.co.uk\/ace\/ws\/480\/cpsprodpb\/7e5d\/live\/f67d5870-976b-11f0-84c8-99de564f0440.jpg.webp 480w, https:\/\/ichef.bbci.co.uk\/ace\/ws\/624\/cpsprodpb\/7e5d\/live\/f67d5870-976b-11f0-84c8-99de564f0440.jpg.webp 624w, https:\/\/ichef.bbci.co.uk\/ace\/ws\/800\/cpsprodpb\/7e5d\/live\/f67d5870-976b-11f0-84c8-99de564f0440.jpg.webp 800w\" alt=\"O Conselho de Seguran\u00e7a da ONU durante a vota\u00e7\u00e3o de uma resolu\u00e7\u00e3o de cessar-fogo sobre a situa\u00e7\u00e3o no Oriente M\u00e9dio, em Nova York, em 18 de setembro\" width=\"600\" height=\"400\" \/><\/p>\n<p class=\"bbc-by8ykd\" role=\"text\"><span class=\"bbc-m04vo2\">CR\u00c9DITO, <\/span><span lang=\"en-GB\">GETTY IMAGES<\/span><\/p>\n<\/div><figcaption class=\"bbc-15f1ujd\" dir=\"ltr\"><span role=\"text\"><span class=\"bbc-m04vo2\">Legenda da foto, <\/span><span data-testid=\"caption-paragraph\">O Conselho de Seguran\u00e7a da ONU durante a vota\u00e7\u00e3o de uma resolu\u00e7\u00e3o de cessar-fogo sobre a situa\u00e7\u00e3o no Oriente M\u00e9dio, em Nova York, em 18 de setembro<\/span><\/span><\/figcaption><\/figure>\n<div class=\"bbc-19j92fr ebmt73l0\" dir=\"ltr\">\n<h2 id=\"A-ONU-n\u00e3o-\u00e9-um-governo-mundial-o-limite-imposto-pela-soberania-dos-Estados\" class=\"bbc-1lgzob2 eglt09e0\" tabindex=\"-1\">&#8216;A ONU n\u00e3o \u00e9 um governo mundial&#8217;: o limite imposto pela soberania dos Estados<\/h2>\n<\/div>\n<div class=\"bbc-19j92fr ebmt73l0\" dir=\"ltr\">\n<p class=\"bbc-hhl7in e17g058b0\" dir=\"ltr\">Especialistas em rela\u00e7\u00f5es internacionais apontam que a ONU \u00e9 frequentemente vista \u2014 \u00e0s vezes de forma equivocada \u2014 como um &#8220;super-Estado&#8221; capaz de intervir em qualquer crise global.<\/p>\n<\/div>\n<div class=\"bbc-19j92fr ebmt73l0\" dir=\"ltr\">\n<p class=\"bbc-hhl7in e17g058b0\" dir=\"ltr\">Essa expectativa esbarra, no entanto, em um princ\u00edpio fundamental da pr\u00f3pria organiza\u00e7\u00e3o: a soberania dos Estados. Segundo o analista da Uerj, Paulo Velasco, esse princ\u00edpio est\u00e1 no cerne da Carta da ONU, que determina que nenhum pa\u00eds deve ser alvo de interven\u00e7\u00e3o externa sem consentimento.<\/p>\n<\/div>\n<div class=\"bbc-19j92fr ebmt73l0\" dir=\"ltr\">\n<p class=\"bbc-hhl7in e17g058b0\" dir=\"ltr\">&#8220;A organiza\u00e7\u00e3o foi criada como um espa\u00e7o composto por Estados soberanos, que deveriam agir de forma coordenada em temas de interesse compartilhado. Quando n\u00e3o h\u00e1 esse interesse comum e a posi\u00e7\u00e3o soberana \u00e9 divergente, \u00e9 dif\u00edcil mobilizar a ONU para uma solu\u00e7\u00e3o conjunta, especialmente no Conselho de Seguran\u00e7a, onde as decis\u00f5es t\u00eam efeito obrigat\u00f3rio para os membros&#8221;, explica Velasco.<\/p>\n<\/div>\n<div class=\"bbc-19j92fr ebmt73l0\" dir=\"ltr\">\n<p class=\"bbc-hhl7in e17g058b0\" dir=\"ltr\">Velasco ressalta que, desde sua cria\u00e7\u00e3o, a ONU n\u00e3o foi pensada para constranger a soberania estatal, mas para concili\u00e1-la com objetivos compartilhados.<\/p>\n<\/div>\n<div class=\"bbc-19j92fr ebmt73l0\" dir=\"ltr\">\n<p class=\"bbc-hhl7in e17g058b0\" dir=\"ltr\">&#8220;Interven\u00e7\u00f5es humanit\u00e1rias e a doutrina da &#8216;responsabilidade de proteger&#8217; representam exce\u00e7\u00f5es, aplic\u00e1veis em crises como a da L\u00edbia em 2011 [quando a ONU autorizou a\u00e7\u00f5es militares para proteger civis durante a revolta contra o regime de Muammar Kadhafi], mas nunca em rela\u00e7\u00e3o a grandes pot\u00eancias.&#8221;<\/p>\n<\/div>\n<div class=\"bbc-19j92fr ebmt73l0\" dir=\"ltr\">\n<p class=\"bbc-hhl7in e17g058b0\" dir=\"ltr\">Velasco opina que a ONU \u00e9, por vezes, mal-interpretada. &#8220;Ela n\u00e3o \u00e9 um super-Estado, n\u00e3o \u00e9 um governo mundial, n\u00e3o est\u00e1 acima da soberania. Essa necessidade de compatibiliza\u00e7\u00e3o com a soberania dos Estados explica boa parte da in\u00e9rcia que testemunhamos em conflitos atuais.&#8221;<\/p>\n<\/div>\n<div class=\"bbc-19j92fr ebmt73l0\" dir=\"ltr\">\n<h2 id=\"O-papel-da-ONU-no-dia-a-dia-das-pessoas\" class=\"bbc-1lgzob2 eglt09e0\" tabindex=\"-1\">O papel da ONU no dia a dia das pessoas<\/h2>\n<\/div>\n<div class=\"bbc-19j92fr ebmt73l0\" dir=\"ltr\">\n<p class=\"bbc-hhl7in e17g058b0\" dir=\"ltr\">Mesmo diante da percep\u00e7\u00e3o de paralisia do Conselho de Seguran\u00e7a e de in\u00e9rcia em alguns conflitos, a organiza\u00e7\u00e3o cumpre fun\u00e7\u00f5es essenciais no cotidiano das pessoas, na avalia\u00e7\u00e3o do analista da Uerj, Paulo Velasco.<\/p>\n<\/div>\n<div class=\"bbc-19j92fr ebmt73l0\" dir=\"ltr\">\n<p class=\"bbc-hhl7in e17g058b0\" dir=\"ltr\">Ele observa que a ONU foi concebida para resolver guerras, mas tamb\u00e9m desempenha um papel fundamental na coordena\u00e7\u00e3o de esfor\u00e7os em \u00e1reas como desenvolvimento, combate \u00e0 pobreza e mudan\u00e7as clim\u00e1ticas.<\/p>\n<\/div>\n<div class=\"bbc-19j92fr ebmt73l0\" dir=\"ltr\">\n<p class=\"bbc-hhl7in e17g058b0\" dir=\"ltr\">&#8220;Antes de afirmar que a ONU n\u00e3o serve para nada, basta olharmos para coisas simples. Por exemplo: em qualquer supermercado do mundo, em uma lata de leite em p\u00f3, h\u00e1 a recomenda\u00e7\u00e3o de que, at\u00e9 os seis meses de idade, deve-se privilegiar o aleitamento materno. Isso vem da ONU, aprovado a partir de resolu\u00e7\u00f5es da organiza\u00e7\u00e3o.&#8221;<\/p>\n<\/div>\n<div class=\"bbc-19j92fr ebmt73l0\" dir=\"ltr\">\n<p class=\"bbc-hhl7in e17g058b0\" dir=\"ltr\">&#8220;O sistema da ONU \u00e9 vasto e vai muito al\u00e9m da Assembleia em Nova York, englobando ag\u00eancias como a Unesco (educa\u00e7\u00e3o, ci\u00eancia e cultura), a FAO (alimenta\u00e7\u00e3o e agricultura) e o Unicef (inf\u00e2ncia e direitos das crian\u00e7as).&#8221;<\/p>\n<\/div>\n<div class=\"bbc-19j92fr ebmt73l0\" dir=\"ltr\">\n<p class=\"bbc-hhl7in e17g058b0\" dir=\"ltr\">Segundo Velasco, mesmo nos temas de seguran\u00e7a e conflitos internacionais, \u00e9 preciso compreender as limita\u00e7\u00f5es impostas pelos interesses das grandes pot\u00eancias. &#8220;A ONU sempre funcionou dentro dessas restri\u00e7\u00f5es, mas, ainda assim, oferece freios diplom\u00e1ticos importantes e cria arcabou\u00e7os que evitam a escalada desenfreada de conflitos&#8221;, explica.<\/p>\n<\/div>\n<div class=\"bbc-19j92fr ebmt73l0\" dir=\"ltr\">\n<p class=\"bbc-hhl7in e17g058b0\" dir=\"ltr\">Rafaela Sanches, doutora e professora de Rela\u00e7\u00f5es Internacionais, refor\u00e7a essa vis\u00e3o: a organiza\u00e7\u00e3o tamb\u00e9m atua como mediadora e coordenadora de esfor\u00e7os internacionais em quest\u00f5es cruciais para a popula\u00e7\u00e3o.<\/p>\n<\/div>\n<div class=\"bbc-19j92fr ebmt73l0\" dir=\"ltr\">\n<p class=\"bbc-hhl7in e17g058b0\" dir=\"ltr\">&#8221; Sem a ONU, as a\u00e7\u00f5es estatais seriam ainda mais limitadas, por quest\u00f5es financeiras, tecnol\u00f3gicas e de coordena\u00e7\u00e3o&#8221;, aponta.<\/p>\n<\/div>\n<div class=\"bbc-19j92fr ebmt73l0\" dir=\"ltr\">\n<h2 id=\"Crise-financeira-e-cortes-internacionais\" class=\"bbc-1lgzob2 eglt09e0\" tabindex=\"-1\">Crise financeira e cortes internacionais<\/h2>\n<\/div>\n<div class=\"bbc-19j92fr ebmt73l0\" dir=\"ltr\">\n<p class=\"bbc-hhl7in e17g058b0\" dir=\"ltr\">A ONU enfrenta uma press\u00e3o crescente devido \u00e0 redu\u00e7\u00e3o de contribui\u00e7\u00f5es de grandes doadores, que afeta diretamente sua capacidade de atua\u00e7\u00e3o. Em 2025, v\u00e1rios pa\u00edses europeus reduziram seus repasses.<\/p>\n<\/div>\n<div class=\"bbc-19j92fr ebmt73l0\" dir=\"ltr\">\n<p class=\"bbc-hhl7in e17g058b0\" dir=\"ltr\">A Fran\u00e7a, por exemplo, anunciou cortes de \u20ac700 milh\u00f5es (cerca de R$ 4,3 bilh\u00f5es) em sua ajuda oficial ao desenvolvimento \u2014 recursos conhecidos como ODA, destinados a financiar projetos de combate \u00e0 pobreza, sa\u00fade, educa\u00e7\u00e3o e infraestrutura em pa\u00edses em desenvolvimento. O Reino Unido tamb\u00e9m diminuiu a ODA para 0,3% do PIB a partir de 2027, enquanto Alemanha, Pa\u00edses Baixos e B\u00e9lgica tamb\u00e9m reduziram suas contribui\u00e7\u00f5es.<\/p>\n<\/div>\n<div class=\"bbc-19j92fr ebmt73l0\" dir=\"ltr\">\n<p class=\"bbc-hhl7in e17g058b0\" dir=\"ltr\">Nos Estados Unidos, os cortes de recursos foram ainda mais dr\u00e1sticos. Nos primeiros meses de 2025, o presidente Donald Trump, que questiona publicamente a efic\u00e1cia da ONU, retirou o pa\u00eds de \u00f3rg\u00e3os como o Conselho de Direitos Humanos da ONU e da ag\u00eancia de assist\u00eancia a refugiados palestinos (UNRWA), suspendeu centenas de milh\u00f5es de d\u00f3lares de financiamento a entidades multilaterais, incluindo o Fundo de Popula\u00e7\u00e3o da ONU (UNFPA), e pausou a ajuda externa.<\/p>\n<\/div>\n<div class=\"bbc-19j92fr ebmt73l0\" dir=\"ltr\">\n<p class=\"bbc-hhl7in e17g058b0\" dir=\"ltr\">Segundo o analista da Uerj Paulo Velasco, essas medidas t\u00eam efeitos profundos. &#8220;Isso \u00e9 um problema grande, porque os Estados Unidos n\u00e3o s\u00e3o um pa\u00eds qualquer. S\u00e3o fundamentais para o funcionamento dessas organiza\u00e7\u00f5es. Cortes dessa magnitude impactam programas essenciais do PMA, do Unicef e do OCHA (\u00f3rg\u00e3o da ONU que coordena o envio de ajuda humanit\u00e1ria), resultando em redu\u00e7\u00e3o de servi\u00e7os, cortes de pessoal e atrasos em respostas humanit\u00e1rias&#8221;, avalia.<\/p>\n<\/div>\n<div class=\"bbc-19j92fr ebmt73l0\" dir=\"ltr\">\n<p class=\"bbc-hhl7in e17g058b0\" dir=\"ltr\">Velasco contextualiza que a postura de Trump se insere em uma ret\u00f3rica mais ampla de questionamento do multilateralismo, comum a governos de direita e de ultradireita, que enxergam a ONU e outras institui\u00e7\u00f5es internacionais como amea\u00e7as \u00e0 soberania nacional.<\/p>\n<\/div>\n<div class=\"bbc-19j92fr ebmt73l0\" dir=\"ltr\">\n<p class=\"bbc-hhl7in e17g058b0\" dir=\"ltr\">&#8220;Essa agenda antiglobalista entende, muitas vezes de maneira equivocada, que esses espa\u00e7os s\u00e3o pr\u00f3ximos a uma agenda de esquerda, por mobilizarem direitos de mulheres, povos ind\u00edgenas e da comunidade LGBT+. O Trump \u00e9 o expoente disso: retira os Estados Unidos do Conselho de Direitos Humanos, da OMS e do Acordo de Paris, enfraquecendo o multilateralismo&#8221;, explica Velasco.<\/p>\n<\/div>\n<div class=\"bbc-19j92fr ebmt73l0\" dir=\"ltr\">\n<p class=\"bbc-hhl7in e17g058b0\" dir=\"ltr\">O analista ressalta que, mesmo diante desses desafios, a ONU continua desempenhando fun\u00e7\u00f5es essenciais. &#8220;O multilateralismo n\u00e3o vive seu melhor momento, mas a organiza\u00e7\u00e3o ainda oferece freios diplom\u00e1ticos importantes, cria arcabou\u00e7os para coopera\u00e7\u00e3o e garante alguma coordena\u00e7\u00e3o global. Sem isso, o mundo seria ainda mais inst\u00e1vel&#8221;, conclui.<\/p>\n<\/div>\n<p dir=\"ltr\">\n<p dir=\"ltr\">\n<p dir=\"ltr\">\n<\/div>\n<\/div>\n","protected":false},"excerpt":{"rendered":"<p>BBC, por Giulia Granchi &#8211; A Organiza\u00e7\u00e3o das Na\u00e7\u00f5es Unidas (ONU) inicia nesta ter\u00e7a-feira (23\/09) os debates de sua Assembleia Geral anual marcando seu 80\u00ba anivers\u00e1rio em meio a questionamentos sobre sua relev\u00e2ncia e real influ\u00eancia no tabuleiro geopol\u00edtico global.<\/p>\n","protected":false},"author":1,"featured_media":0,"comment_status":"closed","ping_status":"open","sticky":false,"template":"","format":"standard","meta":{"_exactmetrics_skip_tracking":false,"_exactmetrics_sitenote_active":false,"_exactmetrics_sitenote_note":"","_exactmetrics_sitenote_category":0,"jetpack_post_was_ever_published":false,"_jetpack_newsletter_access":"","_jetpack_dont_email_post_to_subs":false,"_jetpack_newsletter_tier_id":0,"_jetpack_memberships_contains_paywalled_content":false,"_jetpack_memberships_contains_paid_content":false,"footnotes":"","jetpack_publicize_message":"","jetpack_publicize_feature_enabled":true,"jetpack_social_post_already_shared":true,"jetpack_social_options":{"image_generator_settings":{"template":"highway","enabled":false},"version":2}},"categories":[1],"tags":[1500,173],"class_list":["post-37528","post","type-post","status-publish","format-standard","hentry","category-notas","tag-1500","tag-onu"],"jetpack_publicize_connections":[],"jetpack_sharing_enabled":true,"jetpack_featured_media_url":"","jetpack_shortlink":"https:\/\/wp.me\/p7wKYW-9Li","jetpack-related-posts":[],"_links":{"self":[{"href":"http:\/\/blogdalucianaoliveira.com.br\/blog\/wp-json\/wp\/v2\/posts\/37528","targetHints":{"allow":["GET"]}}],"collection":[{"href":"http:\/\/blogdalucianaoliveira.com.br\/blog\/wp-json\/wp\/v2\/posts"}],"about":[{"href":"http:\/\/blogdalucianaoliveira.com.br\/blog\/wp-json\/wp\/v2\/types\/post"}],"author":[{"embeddable":true,"href":"http:\/\/blogdalucianaoliveira.com.br\/blog\/wp-json\/wp\/v2\/users\/1"}],"replies":[{"embeddable":true,"href":"http:\/\/blogdalucianaoliveira.com.br\/blog\/wp-json\/wp\/v2\/comments?post=37528"}],"version-history":[{"count":1,"href":"http:\/\/blogdalucianaoliveira.com.br\/blog\/wp-json\/wp\/v2\/posts\/37528\/revisions"}],"predecessor-version":[{"id":37530,"href":"http:\/\/blogdalucianaoliveira.com.br\/blog\/wp-json\/wp\/v2\/posts\/37528\/revisions\/37530"}],"wp:attachment":[{"href":"http:\/\/blogdalucianaoliveira.com.br\/blog\/wp-json\/wp\/v2\/media?parent=37528"}],"wp:term":[{"taxonomy":"category","embeddable":true,"href":"http:\/\/blogdalucianaoliveira.com.br\/blog\/wp-json\/wp\/v2\/categories?post=37528"},{"taxonomy":"post_tag","embeddable":true,"href":"http:\/\/blogdalucianaoliveira.com.br\/blog\/wp-json\/wp\/v2\/tags?post=37528"}],"curies":[{"name":"wp","href":"https:\/\/api.w.org\/{rel}","templated":true}]}}