{"id":37531,"date":"2025-09-23T19:08:15","date_gmt":"2025-09-23T23:08:15","guid":{"rendered":"https:\/\/blogdalucianaoliveira.com.br\/blog\/?p=37531"},"modified":"2025-09-23T19:08:15","modified_gmt":"2025-09-23T23:08:15","slug":"apoio-a-gaza-regulacao-de-redes-cop-de-belem-o-discurso-completo-de-lula-na-onu","status":"publish","type":"post","link":"http:\/\/blogdalucianaoliveira.com.br\/blog\/2025\/09\/23\/apoio-a-gaza-regulacao-de-redes-cop-de-belem-o-discurso-completo-de-lula-na-onu\/","title":{"rendered":"Apoio a Gaza, regula\u00e7\u00e3o de redes, COP de Bel\u00e9m: o discurso completo de Lula na ONU"},"content":{"rendered":"<p><img data-recalc-dims=\"1\" loading=\"lazy\" decoding=\"async\" data-attachment-id=\"37532\" data-permalink=\"http:\/\/blogdalucianaoliveira.com.br\/blog\/2025\/09\/23\/apoio-a-gaza-regulacao-de-redes-cop-de-belem-o-discurso-completo-de-lula-na-onu\/img_7382\/\" data-orig-file=\"https:\/\/i0.wp.com\/blogdalucianaoliveira.com.br\/blog\/wp-content\/uploads\/2025\/09\/IMG_7382.webp?fit=800%2C533\" data-orig-size=\"800,533\" data-comments-opened=\"0\" data-image-meta=\"{&quot;aperture&quot;:&quot;0&quot;,&quot;credit&quot;:&quot;&quot;,&quot;camera&quot;:&quot;&quot;,&quot;caption&quot;:&quot;&quot;,&quot;created_timestamp&quot;:&quot;0&quot;,&quot;copyright&quot;:&quot;&quot;,&quot;focal_length&quot;:&quot;0&quot;,&quot;iso&quot;:&quot;0&quot;,&quot;shutter_speed&quot;:&quot;0&quot;,&quot;title&quot;:&quot;&quot;,&quot;orientation&quot;:&quot;0&quot;}\" data-image-title=\"IMG_7382\" data-image-description=\"\" data-image-caption=\"\" data-medium-file=\"https:\/\/i0.wp.com\/blogdalucianaoliveira.com.br\/blog\/wp-content\/uploads\/2025\/09\/IMG_7382.webp?fit=300%2C200\" data-large-file=\"https:\/\/i0.wp.com\/blogdalucianaoliveira.com.br\/blog\/wp-content\/uploads\/2025\/09\/IMG_7382.webp?fit=600%2C400\" class=\"alignnone size-medium wp-image-37532\" src=\"https:\/\/i0.wp.com\/blogdalucianaoliveira.com.br\/blog\/wp-content\/uploads\/2025\/09\/IMG_7382.webp?resize=300%2C200\" alt=\"\" width=\"300\" height=\"200\" srcset=\"https:\/\/i0.wp.com\/blogdalucianaoliveira.com.br\/blog\/wp-content\/uploads\/2025\/09\/IMG_7382.webp?resize=300%2C200 300w, https:\/\/i0.wp.com\/blogdalucianaoliveira.com.br\/blog\/wp-content\/uploads\/2025\/09\/IMG_7382.webp?resize=768%2C512 768w, https:\/\/i0.wp.com\/blogdalucianaoliveira.com.br\/blog\/wp-content\/uploads\/2025\/09\/IMG_7382.webp?resize=450%2C300 450w, https:\/\/i0.wp.com\/blogdalucianaoliveira.com.br\/blog\/wp-content\/uploads\/2025\/09\/IMG_7382.webp?w=800 800w\" sizes=\"auto, (max-width: 300px) 100vw, 300px\" \/><\/p>\n<div class=\"bbc-19j92fr ebmt73l0\" dir=\"ltr\">\n<p class=\"bbc-hhl7in e17g058b0\" dir=\"ltr\">BBC &#8211; Nesta ter\u00e7a-feira (23\/9), o presidente <a class=\"focusIndicatorReducedWidth bbc-n8oauk e1p3sufg0\" href=\"https:\/\/www.bbc.com\/portuguese\/articles\/crkjl61z056o\">Luiz In\u00e1cio Lula da Silva (PT) subiu ao p\u00falpito da Assembleia Geral da ONU<\/a> pela d\u00e9cima vez.<\/p>\n<\/div>\n<p><!--more--><\/p>\n<div class=\"bbc-19j92fr ebmt73l0\" dir=\"ltr\">\n<p class=\"bbc-hhl7in e17g058b0\" dir=\"ltr\">Em seu discurso, o presidente brasileiro afirmou que o multilateralismo &#8220;est\u00e1 diante de nova encruzilhada&#8221; e que a autoridade das Na\u00e7\u00f5es Unidas est\u00e1 em xeque.<\/p>\n<\/div>\n<div class=\"bbc-19j92fr ebmt73l0\" dir=\"ltr\">\n<p class=\"bbc-hhl7in e17g058b0\" dir=\"ltr\">Lula defendeu maior participa\u00e7\u00e3o dos pa\u00edses do sul global em quest\u00f5es internacionais, como a guerra da Ucr\u00e2nia.<\/p>\n<\/div>\n<div class=\"bbc-19j92fr ebmt73l0\" dir=\"ltr\">\n<p class=\"bbc-hhl7in e17g058b0\" dir=\"ltr\">&#8220;A Iniciativa Africana e o Grupo de Amigos da Paz, criado por China e Brasil, podem contribuir para promover o di\u00e1logo&#8221;, disse. &#8220;A voz do Sul Global deve ser ouvida.&#8221;<\/p>\n<p dir=\"ltr\">Sobre conflitos globais, Lula afirmou que &#8220;nenhuma situa\u00e7\u00e3o \u00e9 mais emblem\u00e1tica do uso desproporcional e ilegal da for\u00e7a do que a da Palestina&#8221;.<\/p>\n<div class=\"bbc-19j92fr ebmt73l0\" dir=\"ltr\">\n<p class=\"bbc-hhl7in e17g058b0\" dir=\"ltr\">&#8220;Os atentados terroristas perpetrados pelo Hamas s\u00e3o indefens\u00e1veis sob qualquer \u00e2ngulo. Mas nada, absolutamente nada, justifica o genoc\u00eddio em curso em Gaza.&#8221;<\/p>\n<\/div>\n<div class=\"bbc-19j92fr ebmt73l0\" dir=\"ltr\">\n<p class=\"bbc-hhl7in e17g058b0\" dir=\"ltr\">O presidente tamb\u00e9m falou sobre mudan\u00e7as clim\u00e1ticas e a 30\u00aa Confer\u00eancia das Na\u00e7\u00f5es Unidas sobre Mudan\u00e7a do Clima (COP30), que ocorre em novembro no Par\u00e1.<\/p>\n<div class=\"bbc-19j92fr ebmt73l0\" dir=\"ltr\">\n<p class=\"bbc-hhl7in e17g058b0\" dir=\"ltr\">&#8220;Em Bel\u00e9m, o mundo vai conhecer a realidade da Amaz\u00f4nia&#8221;, disse Lula. &#8220;Ser\u00e1 o momento de os l\u00edderes mundiais provarem a seriedade de seu compromisso com o planeta.&#8221;<\/p>\n<\/div>\n<div class=\"bbc-19j92fr ebmt73l0\" dir=\"ltr\">\n<p class=\"bbc-hhl7in e17g058b0\" dir=\"ltr\">&#8220;Na\u00e7\u00f5es em desenvolvimento enfrentam a mudan\u00e7a do clima ao mesmo tempo em que lutam contra outros desafios. Enquanto isso, pa\u00edses ricos usufruem de padr\u00e3o de vida obtido \u00e0s custas de duzentos anos de emiss\u00f5es.&#8221;<\/p>\n<\/div>\n<div class=\"bbc-19j92fr ebmt73l0\" dir=\"ltr\">\n<p class=\"bbc-hhl7in e17g058b0\" dir=\"ltr\">Sem citar o governo de Donald Trump, que falou em seguida ao presidente brasileiro, Lula criticou &#8220;san\u00e7\u00f5es arbitr\u00e1rias&#8221; e &#8220;interven\u00e7\u00f5es unilaterais&#8221;.<\/p>\n<\/div>\n<div class=\"bbc-19j92fr ebmt73l0\" dir=\"ltr\">\n<p class=\"bbc-hhl7in e17g058b0\" dir=\"ltr\">No in\u00edcio de julho, <a class=\"focusIndicatorReducedWidth bbc-n8oauk e1p3sufg0\" href=\"https:\/\/www.bbc.com\/portuguese\/articles\/c1k8lp00xe4o\">Trump anunciou em suas redes sociais a taxa\u00e7\u00e3o em 50% de produtos brasileiros<\/a>, justificando para isso a suposta &#8220;ca\u00e7a \u00e0s bruxas&#8221; a que Bolsonaro estaria sendo submetido na Justi\u00e7a brasileira.<\/p>\n<\/div>\n<div class=\"bbc-19j92fr ebmt73l0\" dir=\"ltr\">\n<p class=\"bbc-hhl7in e17g058b0\" dir=\"ltr\">Cerca de 700 produtos acabaram depois <a class=\"focusIndicatorReducedWidth bbc-n8oauk e1p3sufg0\" href=\"https:\/\/www.bbc.com\/portuguese\/articles\/c0r7gewdpvjo\">isentos da taxa\u00e7\u00e3o.<\/a><\/p>\n<\/div>\n<div class=\"bbc-19j92fr ebmt73l0\" dir=\"ltr\">\n<p class=\"bbc-hhl7in e17g058b0\" dir=\"ltr\">Tamb\u00e9m em julho, o governo Trump anunciou <a class=\"focusIndicatorReducedWidth bbc-n8oauk e1p3sufg0\" href=\"https:\/\/www.bbc.com\/portuguese\/articles\/crrq80nx8d2o\">a abertura de uma investiga\u00e7\u00e3o comercial contra o Brasil<\/a>, mirando em v\u00e1rios assuntos, do Pix ao desmatamento.<\/p>\n<\/div>\n<div class=\"bbc-19j92fr ebmt73l0\" dir=\"ltr\">\n<p class=\"bbc-hhl7in e17g058b0\" dir=\"ltr\">Em seu discurso, o presidente brasileiro disse que a condena\u00e7\u00e3o de Jair Bolsonaro (PL) por golpe de Estado pelo Supremo Tribunal Federal (STF) \u00e9 um &#8220;recado aos candidatos a autocratas do mundo e \u00e0queles que os apoiam&#8221;.<\/p>\n<\/div>\n<div class=\"bbc-19j92fr ebmt73l0\" dir=\"ltr\">\n<p class=\"bbc-hhl7in e17g058b0\" dir=\"ltr\">&#8220;O Brasil deu um recado a todos os candidatos a autocratas e \u00e0queles que os apoiam: nossa democracia e nossa soberania s\u00e3o inegoci\u00e1veis.&#8221;<\/p>\n<\/div>\n<div class=\"bbc-19j92fr ebmt73l0\" dir=\"ltr\">\n<p class=\"bbc-hhl7in e17g058b0\" dir=\"ltr\">O presidente falou sobre o autoritarismo e a soberania. &#8220;O autoritarismo se fortalece quando nos omitimos frente \u00e0 arbitrariedade&#8221;, afirmou. &#8220;Seguiremos como na\u00e7\u00e3o independente e povo livre de qualquer tipo de tutelas.&#8221;<\/p>\n<\/div>\n<div class=\"bbc-19j92fr ebmt73l0\" dir=\"ltr\">\n<p class=\"bbc-hhl7in e17g058b0\" dir=\"ltr\">Na segunda-feira (22\/09), o Departamento de Estado americano anunciou que a advogada <a class=\"focusIndicatorReducedWidth bbc-n8oauk e1p3sufg0\" href=\"https:\/\/www.bbc.com\/portuguese\/articles\/c8647pq9gxpo\">Viviane Barci de Moraes, mulher do ministro do Supremo Tribunal Federal (STF) Alexandre de Moraes, seria punida pela Lei Magnitsky<\/a>.<\/p>\n<\/div>\n<div class=\"bbc-19j92fr ebmt73l0\" dir=\"ltr\">\n<p class=\"bbc-hhl7in e17g058b0\" dir=\"ltr\"><a class=\"focusIndicatorReducedWidth bbc-n8oauk e1p3sufg0\" href=\"https:\/\/www.bbc.com\/portuguese\/articles\/cp8j2n63vnxo\">Moraes<\/a>, relator da a\u00e7\u00e3o penal que <a class=\"focusIndicatorReducedWidth bbc-n8oauk e1p3sufg0\" href=\"https:\/\/www.bbc.com\/portuguese\/articles\/cy859egpl6jo\">condenou por golpe de Estado e outros crimes o ex-presidente Jair Bolsonaro (PL)<\/a> \u2014 alinhado ideologicamente a Trump \u2014, <a class=\"focusIndicatorReducedWidth bbc-n8oauk e1p3sufg0\" href=\"https:\/\/www.bbc.com\/portuguese\/articles\/cx2xnn4wplro\">j\u00e1 havia sido submetido \u00e0 Magnitsky no fim do julho.<\/a><\/p>\n<\/div>\n<div class=\"bbc-19j92fr ebmt73l0\" dir=\"ltr\">\n<p class=\"bbc-hhl7in e17g058b0\" dir=\"ltr\">A aplica\u00e7\u00e3o dessa <a class=\"focusIndicatorReducedWidth bbc-n8oauk e1p3sufg0\" href=\"https:\/\/www.bbc.com\/portuguese\/articles\/ckg4d2n6exyo\">lei<\/a> \u00e9 umas das puni\u00e7\u00f5es mais severas dispon\u00edveis contra estrangeiros considerados pelos EUA autores de graves viola\u00e7\u00f5es de direitos humanos e pr\u00e1ticas de corrup\u00e7\u00e3o.<\/p>\n<\/div>\n<div class=\"bbc-19j92fr ebmt73l0\" dir=\"ltr\">\n<p class=\"bbc-hhl7in e17g058b0\" dir=\"ltr\">Abaixo, confira a \u00edntegra do discurso do presidente brasileiro.<\/p>\n<\/div>\n<figure class=\"bbc-1qn0xuy\">\n<div class=\"bbc-1gbs0ve\"><img data-recalc-dims=\"1\" loading=\"lazy\" decoding=\"async\" class=\"bbc-139onq\" src=\"https:\/\/i0.wp.com\/ichef.bbci.co.uk\/ace\/ws\/640\/cpsprodpb\/71ae\/live\/e03af910-988c-11f0-858a-a904eacbef23.jpg.webp?resize=600%2C406&#038;ssl=1\" sizes=\"auto, (min-width: 1008px) 760px, 100vw\" srcset=\"https:\/\/ichef.bbci.co.uk\/ace\/ws\/240\/cpsprodpb\/71ae\/live\/e03af910-988c-11f0-858a-a904eacbef23.jpg.webp 240w, https:\/\/ichef.bbci.co.uk\/ace\/ws\/320\/cpsprodpb\/71ae\/live\/e03af910-988c-11f0-858a-a904eacbef23.jpg.webp 320w, https:\/\/ichef.bbci.co.uk\/ace\/ws\/480\/cpsprodpb\/71ae\/live\/e03af910-988c-11f0-858a-a904eacbef23.jpg.webp 480w, https:\/\/ichef.bbci.co.uk\/ace\/ws\/624\/cpsprodpb\/71ae\/live\/e03af910-988c-11f0-858a-a904eacbef23.jpg.webp 624w, https:\/\/ichef.bbci.co.uk\/ace\/ws\/800\/cpsprodpb\/71ae\/live\/e03af910-988c-11f0-858a-a904eacbef23.jpg.webp 800w\" alt=\"Lula na Assembleia Geral da ONU em 2025\" width=\"600\" height=\"406\" \/><\/p>\n<p class=\"bbc-by8ykd\" role=\"text\"><span class=\"bbc-m04vo2\">CR\u00c9DITO, <\/span><span lang=\"en-GB\">REUTERS\/AL DRAGO<\/span><\/p>\n<\/div><figcaption class=\"bbc-15f1ujd\" dir=\"ltr\"><span role=\"text\"><span class=\"bbc-m04vo2\">Legenda da foto, <\/span><span data-testid=\"caption-paragraph\">Foi a d\u00e9cima vez que Lula subiu ao p\u00falpito da Assembleia Geral da ONU <\/span><\/span><\/figcaption><\/figure>\n<div class=\"bbc-19j92fr ebmt73l0\" dir=\"ltr\">\n<p class=\"bbc-hhl7in e17g058b0\" dir=\"ltr\"><i class=\"bbc-h1y5j7 eih42320\">Senhora Presidenta da Assembleia Geral, Annalena Baerbock,<\/i><\/p>\n<\/div>\n<div class=\"bbc-19j92fr ebmt73l0\" dir=\"ltr\">\n<p class=\"bbc-hhl7in e17g058b0\" dir=\"ltr\"><i class=\"bbc-h1y5j7 eih42320\">Senhor Secret\u00e1rio-Geral, Ant\u00f3nio Guterres,<\/i><\/p>\n<\/div>\n<div class=\"bbc-19j92fr ebmt73l0\" dir=\"ltr\">\n<p class=\"bbc-hhl7in e17g058b0\" dir=\"ltr\"><i class=\"bbc-h1y5j7 eih42320\">Caros chefes de Estado e de Governo e representantes dos Estados-Membros aqui reunidos.<\/i><\/p>\n<\/div>\n<div class=\"bbc-19j92fr ebmt73l0\" dir=\"ltr\">\n<p class=\"bbc-hhl7in e17g058b0\" dir=\"ltr\"><i class=\"bbc-h1y5j7 eih42320\">Este deveria ser um momento de celebra\u00e7\u00e3o das Na\u00e7\u00f5es Unidas.<\/i><\/p>\n<\/div>\n<div class=\"bbc-19j92fr ebmt73l0\" dir=\"ltr\">\n<p class=\"bbc-hhl7in e17g058b0\" dir=\"ltr\"><i class=\"bbc-h1y5j7 eih42320\">Criada no fim da Guerra, a ONU simboliza a express\u00e3o mais elevada da aspira\u00e7\u00e3o pela paz e pela prosperidade.<\/i><\/p>\n<\/div>\n<div class=\"bbc-19j92fr ebmt73l0\" dir=\"ltr\">\n<p class=\"bbc-hhl7in e17g058b0\" dir=\"ltr\"><i class=\"bbc-h1y5j7 eih42320\">Hoje, contudo, os ideais que inspiraram seus fundadores em S\u00e3o Francisco est\u00e3o amea\u00e7ados, como nunca estiveram em toda a sua hist\u00f3ria.<\/i><\/p>\n<\/div>\n<div class=\"bbc-19j92fr ebmt73l0\" dir=\"ltr\">\n<p class=\"bbc-hhl7in e17g058b0\" dir=\"ltr\"><i class=\"bbc-h1y5j7 eih42320\">O multilateralismo est\u00e1 diante de nova encruzilhada.<\/i><\/p>\n<\/div>\n<div class=\"bbc-19j92fr ebmt73l0\" dir=\"ltr\">\n<p class=\"bbc-hhl7in e17g058b0\" dir=\"ltr\"><i class=\"bbc-h1y5j7 eih42320\">A autoridade desta Organiza\u00e7\u00e3o est\u00e1 em xeque.<\/i><\/p>\n<\/div>\n<div class=\"bbc-19j92fr ebmt73l0\" dir=\"ltr\">\n<p class=\"bbc-hhl7in e17g058b0\" dir=\"ltr\"><i class=\"bbc-h1y5j7 eih42320\">Assistimos \u00e0 consolida\u00e7\u00e3o de uma desordem internacional marcada por seguidas concess\u00f5es \u00e0 pol\u00edtica do poder.<\/i><\/p>\n<\/div>\n<div class=\"bbc-19j92fr ebmt73l0\" dir=\"ltr\">\n<p class=\"bbc-hhl7in e17g058b0\" dir=\"ltr\"><i class=\"bbc-h1y5j7 eih42320\">Atentados \u00e0 soberania, san\u00e7\u00f5es arbitr\u00e1rias e interven\u00e7\u00f5es unilaterais est\u00e3o se tornando a regra.<\/i><\/p>\n<\/div>\n<div class=\"bbc-19j92fr ebmt73l0\" dir=\"ltr\">\n<p class=\"bbc-hhl7in e17g058b0\" dir=\"ltr\"><i class=\"bbc-h1y5j7 eih42320\">Existe um evidente paralelo entre a crise do multilateralismo e o enfraquecimento da democracia.<\/i><\/p>\n<\/div>\n<div class=\"bbc-19j92fr ebmt73l0\" dir=\"ltr\">\n<p class=\"bbc-hhl7in e17g058b0\" dir=\"ltr\"><i class=\"bbc-h1y5j7 eih42320\">O autoritarismo se fortalece quando nos omitimos frente a arbitrariedades.<\/i><\/p>\n<\/div>\n<div class=\"bbc-19j92fr ebmt73l0\" dir=\"ltr\">\n<p class=\"bbc-hhl7in e17g058b0\" dir=\"ltr\"><i class=\"bbc-h1y5j7 eih42320\">Quando a sociedade internacional vacila na defesa da paz, da soberania e do direito, as consequ\u00eancias s\u00e3o tr\u00e1gicas.<\/i><\/p>\n<\/div>\n<div class=\"bbc-19j92fr ebmt73l0\" dir=\"ltr\">\n<p class=\"bbc-hhl7in e17g058b0\" dir=\"ltr\"><i class=\"bbc-h1y5j7 eih42320\">Em todo o mundo, for\u00e7as antidemocr\u00e1ticas tentam subjugar as institui\u00e7\u00f5es e sufocar as liberdades.<\/i><\/p>\n<\/div>\n<div class=\"bbc-19j92fr ebmt73l0\" dir=\"ltr\">\n<p class=\"bbc-hhl7in e17g058b0\" dir=\"ltr\"><i class=\"bbc-h1y5j7 eih42320\">Cultuam a viol\u00eancia, exaltam a ignor\u00e2ncia, atuam como mil\u00edcias f\u00edsicas e digitais, e cerceiam a imprensa.<\/i><\/p>\n<\/div>\n<div class=\"bbc-19j92fr ebmt73l0\" dir=\"ltr\">\n<p class=\"bbc-hhl7in e17g058b0\" dir=\"ltr\"><i class=\"bbc-h1y5j7 eih42320\">Mesmo sob ataque sem precedentes, o Brasil optou por resistir e defender sua democracia, reconquistada h\u00e1 quarenta anos pelo seu povo, depois de duas d\u00e9cadas de governos ditatoriais.<\/i><\/p>\n<\/div>\n<div class=\"bbc-19j92fr ebmt73l0\" dir=\"ltr\">\n<p class=\"bbc-hhl7in e17g058b0\" dir=\"ltr\"><i class=\"bbc-h1y5j7 eih42320\">N\u00e3o h\u00e1 justificativa para as medidas unilaterais e arbitr\u00e1rias contra nossas institui\u00e7\u00f5es e nossa economia.<\/i><\/p>\n<\/div>\n<div class=\"bbc-19j92fr ebmt73l0\" dir=\"ltr\">\n<p class=\"bbc-hhl7in e17g058b0\" dir=\"ltr\"><i class=\"bbc-h1y5j7 eih42320\">A agress\u00e3o contra a independ\u00eancia do Poder Judici\u00e1rio \u00e9 inaceit\u00e1vel.<\/i><\/p>\n<\/div>\n<div class=\"bbc-19j92fr ebmt73l0\" dir=\"ltr\">\n<p class=\"bbc-hhl7in e17g058b0\" dir=\"ltr\"><i class=\"bbc-h1y5j7 eih42320\">Essa inger\u00eancia em assuntos internos conta com o aux\u00edlio de uma extrema direita subserviente e saudosa de antigas hegemonias.<\/i><\/p>\n<\/div>\n<div class=\"bbc-19j92fr ebmt73l0\" dir=\"ltr\">\n<p class=\"bbc-hhl7in e17g058b0\" dir=\"ltr\"><i class=\"bbc-h1y5j7 eih42320\">Falsos patriotas arquitetam e promovem publicamente a\u00e7\u00f5es contra o Brasil.<\/i><\/p>\n<\/div>\n<div class=\"bbc-19j92fr ebmt73l0\" dir=\"ltr\">\n<p class=\"bbc-hhl7in e17g058b0\" dir=\"ltr\"><i class=\"bbc-h1y5j7 eih42320\">N\u00e3o h\u00e1 pacifica\u00e7\u00e3o com impunidade.<\/i><\/p>\n<\/div>\n<div class=\"bbc-19j92fr ebmt73l0\" dir=\"ltr\">\n<p class=\"bbc-hhl7in e17g058b0\" dir=\"ltr\"><i class=\"bbc-h1y5j7 eih42320\">H\u00e1 poucos dias, e pela primeira vez em 525 anos de nossa hist\u00f3ria, um ex-chefe de Estado foi condenado por atentar contra o Estado Democr\u00e1tico de Direito.<\/i><\/p>\n<\/div>\n<div class=\"bbc-19j92fr ebmt73l0\" dir=\"ltr\">\n<p class=\"bbc-hhl7in e17g058b0\" dir=\"ltr\"><i class=\"bbc-h1y5j7 eih42320\">Foi investigado, indiciado, julgado e responsabilizado pelos seus atos em um processo minucioso.<\/i><\/p>\n<\/div>\n<div class=\"bbc-19j92fr ebmt73l0\" dir=\"ltr\">\n<p class=\"bbc-hhl7in e17g058b0\" dir=\"ltr\"><i class=\"bbc-h1y5j7 eih42320\">Teve amplo direito de defesa, prerrogativa que as ditaduras negam \u00e0s suas v\u00edtimas.<\/i><\/p>\n<\/div>\n<div class=\"bbc-19j92fr ebmt73l0\" dir=\"ltr\">\n<p class=\"bbc-hhl7in e17g058b0\" dir=\"ltr\"><i class=\"bbc-h1y5j7 eih42320\">Diante dos olhos do mundo, o Brasil deu um recado a todos os candidatos a autocratas e \u00e0queles que os apoiam: nossa democracia e nossa soberania s\u00e3o inegoci\u00e1veis.<\/i><\/p>\n<\/div>\n<div class=\"bbc-19j92fr ebmt73l0\" dir=\"ltr\">\n<p class=\"bbc-hhl7in e17g058b0\" dir=\"ltr\"><i class=\"bbc-h1y5j7 eih42320\">Seguiremos como na\u00e7\u00e3o independente e como povo livre de qualquer tipo de tutela.<\/i><\/p>\n<\/div>\n<div class=\"bbc-19j92fr ebmt73l0\" dir=\"ltr\">\n<p class=\"bbc-hhl7in e17g058b0\" dir=\"ltr\"><i class=\"bbc-h1y5j7 eih42320\">Democracias s\u00f3lidas v\u00e3o al\u00e9m do ritual eleitoral.<\/i><\/p>\n<\/div>\n<div class=\"bbc-19j92fr ebmt73l0\" dir=\"ltr\">\n<p class=\"bbc-hhl7in e17g058b0\" dir=\"ltr\"><i class=\"bbc-h1y5j7 eih42320\">Seu vigor pressup\u00f5e a redu\u00e7\u00e3o das desigualdades e a garantia dos direitos mais elementares: a alimenta\u00e7\u00e3o, a seguran\u00e7a, o trabalho, a moradia, a educa\u00e7\u00e3o e a sa\u00fade.<\/i><\/p>\n<\/div>\n<div class=\"bbc-19j92fr ebmt73l0\" dir=\"ltr\">\n<p class=\"bbc-hhl7in e17g058b0\" dir=\"ltr\"><i class=\"bbc-h1y5j7 eih42320\">A democracia falha quando as mulheres ganham menos que os homens ou morrem pelas m\u00e3os de parceiros e familiares.<\/i><\/p>\n<\/div>\n<div class=\"bbc-19j92fr ebmt73l0\" dir=\"ltr\">\n<p class=\"bbc-hhl7in e17g058b0\" dir=\"ltr\"><i class=\"bbc-h1y5j7 eih42320\">Ela perde quando fecha suas portas e culpa migrantes pelas mazelas do mundo.<\/i><\/p>\n<\/div>\n<div class=\"bbc-19j92fr ebmt73l0\" dir=\"ltr\">\n<p class=\"bbc-hhl7in e17g058b0\" dir=\"ltr\"><i class=\"bbc-h1y5j7 eih42320\">A pobreza \u00e9 t\u00e3o inimiga da democracia quanto o extremismo.<\/i><\/p>\n<\/div>\n<div class=\"bbc-19j92fr ebmt73l0\" dir=\"ltr\">\n<p class=\"bbc-hhl7in e17g058b0\" dir=\"ltr\"><i class=\"bbc-h1y5j7 eih42320\">Por isso, foi com orgulho que recebemos da FAO a confirma\u00e7\u00e3o de que o Brasil voltou a sair do Mapa da Fome neste ano de 2025.<\/i><\/p>\n<\/div>\n<div class=\"bbc-19j92fr ebmt73l0\" dir=\"ltr\">\n<p class=\"bbc-hhl7in e17g058b0\" dir=\"ltr\"><i class=\"bbc-h1y5j7 eih42320\">Mas no mundo, ainda h\u00e1 670 milh\u00f5es de pessoas famintas. Cerca de 2,3 bilh\u00f5es enfrentam inseguran\u00e7a alimentar.<\/i><\/p>\n<\/div>\n<div class=\"bbc-19j92fr ebmt73l0\" dir=\"ltr\">\n<p class=\"bbc-hhl7in e17g058b0\" dir=\"ltr\"><i class=\"bbc-h1y5j7 eih42320\">A \u00fanica guerra de que todos podem sair vencedores \u00e9 a que travamos contra a fome e a pobreza.<\/i><\/p>\n<\/div>\n<div class=\"bbc-19j92fr ebmt73l0\" dir=\"ltr\">\n<p class=\"bbc-hhl7in e17g058b0\" dir=\"ltr\"><i class=\"bbc-h1y5j7 eih42320\">Esse \u00e9 o objetivo da Alian\u00e7a Global que lan\u00e7amos no G20, que j\u00e1 conta com o apoio de 103 pa\u00edses.<\/i><\/p>\n<\/div>\n<div class=\"bbc-19j92fr ebmt73l0\" dir=\"ltr\">\n<p class=\"bbc-hhl7in e17g058b0\" dir=\"ltr\"><i class=\"bbc-h1y5j7 eih42320\">A comunidade internacional precisar rever as suas prioridades:<\/i><\/p>\n<\/div>\n<div class=\"bbc-19j92fr ebmt73l0\" dir=\"ltr\">\n<p class=\"bbc-hhl7in e17g058b0\" dir=\"ltr\"><i class=\"bbc-h1y5j7 eih42320\">&#8211; Reduzir os gastos com guerras e aumentar a ajuda ao desenvolvimento;<\/i><\/p>\n<\/div>\n<div class=\"bbc-19j92fr ebmt73l0\" dir=\"ltr\">\n<p class=\"bbc-hhl7in e17g058b0\" dir=\"ltr\"><i class=\"bbc-h1y5j7 eih42320\">&#8211; Aliviar o servi\u00e7o da d\u00edvida externa dos pa\u00edses mais pobres, sobretudo os africanos; e<\/i><\/p>\n<\/div>\n<div class=\"bbc-19j92fr ebmt73l0\" dir=\"ltr\">\n<p class=\"bbc-hhl7in e17g058b0\" dir=\"ltr\"><i class=\"bbc-h1y5j7 eih42320\">&#8211; Definir padr\u00f5es m\u00ednimos de tributa\u00e7\u00e3o global, para que os super-ricos paguem mais impostos que os trabalhadores.<\/i><\/p>\n<\/div>\n<div class=\"bbc-19j92fr ebmt73l0\" dir=\"ltr\">\n<p class=\"bbc-hhl7in e17g058b0\" dir=\"ltr\"><i class=\"bbc-h1y5j7 eih42320\">A democracia tamb\u00e9m se mede pela capacidade de proteger as fam\u00edlias e a inf\u00e2ncia.<\/i><\/p>\n<\/div>\n<div class=\"bbc-19j92fr ebmt73l0\" dir=\"ltr\">\n<p class=\"bbc-hhl7in e17g058b0\" dir=\"ltr\"><i class=\"bbc-h1y5j7 eih42320\">As plataformas digitais trazem possibilidades de nos aproximar como jamais hav\u00edamos imaginado.<\/i><\/p>\n<\/div>\n<div class=\"bbc-19j92fr ebmt73l0\" dir=\"ltr\">\n<p class=\"bbc-hhl7in e17g058b0\" dir=\"ltr\"><i class=\"bbc-h1y5j7 eih42320\">Mas t\u00eam sido usadas para semear intoler\u00e2ncia, misoginia, xenofobia e desinforma\u00e7\u00e3o.<\/i><\/p>\n<\/div>\n<div class=\"bbc-19j92fr ebmt73l0\" dir=\"ltr\">\n<p class=\"bbc-hhl7in e17g058b0\" dir=\"ltr\"><i class=\"bbc-h1y5j7 eih42320\">A internet n\u00e3o pode ser uma &#8220;terra sem lei&#8221;. Cabe ao poder p\u00fablico proteger os mais vulner\u00e1veis.<\/i><\/p>\n<\/div>\n<div class=\"bbc-19j92fr ebmt73l0\" dir=\"ltr\">\n<p class=\"bbc-hhl7in e17g058b0\" dir=\"ltr\"><i class=\"bbc-h1y5j7 eih42320\">Regular n\u00e3o \u00e9 restringir a liberdade de express\u00e3o. \u00c9 garantir que o que j\u00e1 \u00e9 ilegal no mundo real seja tratado assim no ambiente virtual.<\/i><\/p>\n<\/div>\n<div class=\"bbc-19j92fr ebmt73l0\" dir=\"ltr\">\n<p class=\"bbc-hhl7in e17g058b0\" dir=\"ltr\"><i class=\"bbc-h1y5j7 eih42320\">Ataques \u00e0 regula\u00e7\u00e3o servem para encobrir interesses escusos e dar guarida a crimes, como fraudes, tr\u00e1fico de pessoas, pedofilia e investidas contra a democracia.<\/i><\/p>\n<\/div>\n<div class=\"bbc-19j92fr ebmt73l0\" dir=\"ltr\">\n<p class=\"bbc-hhl7in e17g058b0\" dir=\"ltr\"><i class=\"bbc-h1y5j7 eih42320\">O Parlamento brasileiro corretamente apressou-se em abordar esse problema.<\/i><\/p>\n<\/div>\n<div class=\"bbc-19j92fr ebmt73l0\" dir=\"ltr\">\n<p class=\"bbc-hhl7in e17g058b0\" dir=\"ltr\"><i class=\"bbc-h1y5j7 eih42320\">Com orgulho, promulguei na \u00faltima semana uma das leis mais avan\u00e7adas do mundo para a prote\u00e7\u00e3o de crian\u00e7as e adolescentes na esfera digital.<\/i><\/p>\n<\/div>\n<div class=\"bbc-19j92fr ebmt73l0\" dir=\"ltr\">\n<p class=\"bbc-hhl7in e17g058b0\" dir=\"ltr\"><i class=\"bbc-h1y5j7 eih42320\">Tamb\u00e9m enviamos ao Congresso Nacional projetos de lei para fomentar a concorr\u00eancia nos mercados digitais e para incentivar a instala\u00e7\u00e3o de datacenters sustent\u00e1veis.<\/i><\/p>\n<\/div>\n<div class=\"bbc-19j92fr ebmt73l0\" dir=\"ltr\">\n<p class=\"bbc-hhl7in e17g058b0\" dir=\"ltr\"><i class=\"bbc-h1y5j7 eih42320\">Para mitigar os riscos da intelig\u00eancia artificial, apostamos na constru\u00e7\u00e3o de uma governan\u00e7a multilateral em linha com o Pacto Digital Global aprovado neste plen\u00e1rio no ano passado.<\/i><\/p>\n<\/div>\n<div class=\"bbc-19j92fr ebmt73l0\" dir=\"ltr\">\n<p class=\"bbc-hhl7in e17g058b0\" dir=\"ltr\"><i class=\"bbc-h1y5j7 eih42320\">Senhoras e senhores,<\/i><\/p>\n<\/div>\n<div class=\"bbc-19j92fr ebmt73l0\" dir=\"ltr\">\n<p class=\"bbc-hhl7in e17g058b0\" dir=\"ltr\"><i class=\"bbc-h1y5j7 eih42320\">Na Am\u00e9rica Latina e Caribe, vivemos um momento de crescente polariza\u00e7\u00e3o e instabilidade.<\/i><\/p>\n<\/div>\n<div class=\"bbc-19j92fr ebmt73l0\" dir=\"ltr\">\n<p class=\"bbc-hhl7in e17g058b0\" dir=\"ltr\"><i class=\"bbc-h1y5j7 eih42320\">Manter a regi\u00e3o como zona de paz \u00e9 nossa prioridade.<\/i><\/p>\n<\/div>\n<div class=\"bbc-19j92fr ebmt73l0\" dir=\"ltr\">\n<p class=\"bbc-hhl7in e17g058b0\" dir=\"ltr\"><i class=\"bbc-h1y5j7 eih42320\">Somos um continente livre de armas de destrui\u00e7\u00e3o em massa, sem conflitos \u00e9tnicos ou religiosos.<\/i><\/p>\n<\/div>\n<div class=\"bbc-19j92fr ebmt73l0\" dir=\"ltr\">\n<p class=\"bbc-hhl7in e17g058b0\" dir=\"ltr\"><i class=\"bbc-h1y5j7 eih42320\">\u00c9 preocupante a equipara\u00e7\u00e3o entre a criminalidade e o terrorismo.<\/i><\/p>\n<\/div>\n<div class=\"bbc-19j92fr ebmt73l0\" dir=\"ltr\">\n<p class=\"bbc-hhl7in e17g058b0\" dir=\"ltr\"><i class=\"bbc-h1y5j7 eih42320\">A forma mais eficaz de combater o tr\u00e1fico de drogas \u00e9 a coopera\u00e7\u00e3o para reprimir a lavagem de dinheiro e limitar o com\u00e9rcio de armas.<\/i><\/p>\n<\/div>\n<div class=\"bbc-19j92fr ebmt73l0\" dir=\"ltr\">\n<p class=\"bbc-hhl7in e17g058b0\" dir=\"ltr\"><i class=\"bbc-h1y5j7 eih42320\">Usar for\u00e7a letal em situa\u00e7\u00f5es que n\u00e3o constituem conflitos armados equivale a executar pessoas sem julgamento.<\/i><\/p>\n<\/div>\n<div class=\"bbc-19j92fr ebmt73l0\" dir=\"ltr\">\n<p class=\"bbc-hhl7in e17g058b0\" dir=\"ltr\"><i class=\"bbc-h1y5j7 eih42320\">Outras partes do planeta j\u00e1 testemunharam interven\u00e7\u00f5es que causaram danos maiores do que se pretendia evitar, com graves consequ\u00eancias humanit\u00e1rias.<\/i><\/p>\n<\/div>\n<div class=\"bbc-19j92fr ebmt73l0\" dir=\"ltr\">\n<p class=\"bbc-hhl7in e17g058b0\" dir=\"ltr\"><i class=\"bbc-h1y5j7 eih42320\">A via do di\u00e1logo n\u00e3o deve estar fechada na Venezuela.<\/i><\/p>\n<\/div>\n<div class=\"bbc-19j92fr ebmt73l0\" dir=\"ltr\">\n<p class=\"bbc-hhl7in e17g058b0\" dir=\"ltr\"><i class=\"bbc-h1y5j7 eih42320\">O Haiti tem direito a um futuro livre de viol\u00eancia.<\/i><\/p>\n<\/div>\n<div class=\"bbc-19j92fr ebmt73l0\" dir=\"ltr\">\n<p class=\"bbc-hhl7in e17g058b0\" dir=\"ltr\"><i class=\"bbc-h1y5j7 eih42320\">E \u00e9 inadmiss\u00edvel que Cuba seja listada como pa\u00eds que patrocina o terrorismo.<\/i><\/p>\n<\/div>\n<div class=\"bbc-19j92fr ebmt73l0\" dir=\"ltr\">\n<p class=\"bbc-hhl7in e17g058b0\" dir=\"ltr\"><i class=\"bbc-h1y5j7 eih42320\">No conflito na Ucr\u00e2nia, todos j\u00e1 sabemos que n\u00e3o haver\u00e1 solu\u00e7\u00e3o militar.<\/i><\/p>\n<\/div>\n<div class=\"bbc-19j92fr ebmt73l0\" dir=\"ltr\">\n<p class=\"bbc-hhl7in e17g058b0\" dir=\"ltr\"><i class=\"bbc-h1y5j7 eih42320\">O recente encontro no Alaska despertou a esperan\u00e7a de uma sa\u00edda negociada.<\/i><\/p>\n<\/div>\n<div class=\"bbc-19j92fr ebmt73l0\" dir=\"ltr\">\n<p class=\"bbc-hhl7in e17g058b0\" dir=\"ltr\"><i class=\"bbc-h1y5j7 eih42320\">\u00c9 preciso pavimentar caminhos para uma solu\u00e7\u00e3o realista.<\/i><\/p>\n<\/div>\n<div class=\"bbc-19j92fr ebmt73l0\" dir=\"ltr\">\n<p class=\"bbc-hhl7in e17g058b0\" dir=\"ltr\"><i class=\"bbc-h1y5j7 eih42320\">Isso implica levar em conta as leg\u00edtimas preocupa\u00e7\u00f5es de seguran\u00e7a de todas as partes.<\/i><\/p>\n<\/div>\n<div class=\"bbc-19j92fr ebmt73l0\" dir=\"ltr\">\n<p class=\"bbc-hhl7in e17g058b0\" dir=\"ltr\"><i class=\"bbc-h1y5j7 eih42320\">A Iniciativa Africana e o Grupo de Amigos da Paz, criado por China e Brasil, podem contribuir para promover o di\u00e1logo.<\/i><\/p>\n<\/div>\n<div class=\"bbc-19j92fr ebmt73l0\" dir=\"ltr\">\n<p class=\"bbc-hhl7in e17g058b0\" dir=\"ltr\"><i class=\"bbc-h1y5j7 eih42320\">Nenhuma situa\u00e7\u00e3o \u00e9 mais emblem\u00e1tica do uso desproporcional e ilegal da for\u00e7a do que a da Palestina.<\/i><\/p>\n<\/div>\n<div class=\"bbc-19j92fr ebmt73l0\" dir=\"ltr\">\n<p class=\"bbc-hhl7in e17g058b0\" dir=\"ltr\"><i class=\"bbc-h1y5j7 eih42320\">Os atentados terroristas perpetrados pelo Hamas s\u00e3o indefens\u00e1veis sob qualquer \u00e2ngulo.<\/i><\/p>\n<\/div>\n<div class=\"bbc-19j92fr ebmt73l0\" dir=\"ltr\">\n<p class=\"bbc-hhl7in e17g058b0\" dir=\"ltr\"><i class=\"bbc-h1y5j7 eih42320\">Mas nada, absolutamente nada, justifica o genoc\u00eddio em curso em Gaza.<\/i><\/p>\n<\/div>\n<div class=\"bbc-19j92fr ebmt73l0\" dir=\"ltr\">\n<p class=\"bbc-hhl7in e17g058b0\" dir=\"ltr\"><i class=\"bbc-h1y5j7 eih42320\">Ali, sob toneladas de escombros, est\u00e3o enterradas dezenas de milhares de mulheres e crian\u00e7as inocentes.<\/i><\/p>\n<\/div>\n<div class=\"bbc-19j92fr ebmt73l0\" dir=\"ltr\">\n<p class=\"bbc-hhl7in e17g058b0\" dir=\"ltr\"><i class=\"bbc-h1y5j7 eih42320\">Ali tamb\u00e9m est\u00e3o sepultados o Direito Internacional Humanit\u00e1rio e o mito da superioridade \u00e9tica do Ocidente.<\/i><\/p>\n<\/div>\n<div class=\"bbc-19j92fr ebmt73l0\" dir=\"ltr\">\n<p class=\"bbc-hhl7in e17g058b0\" dir=\"ltr\"><i class=\"bbc-h1y5j7 eih42320\">Esse massacre n\u00e3o aconteceria sem a cumplicidade dos que poderiam evit\u00e1-lo.<\/i><\/p>\n<\/div>\n<div class=\"bbc-19j92fr ebmt73l0\" dir=\"ltr\">\n<p class=\"bbc-hhl7in e17g058b0\" dir=\"ltr\"><i class=\"bbc-h1y5j7 eih42320\">Em Gaza a fome \u00e9 usada como arma de guerra e o deslocamento for\u00e7ado de popula\u00e7\u00f5es \u00e9 praticado impunemente.<\/i><\/p>\n<\/div>\n<div class=\"bbc-19j92fr ebmt73l0\" dir=\"ltr\">\n<p class=\"bbc-hhl7in e17g058b0\" dir=\"ltr\"><i class=\"bbc-h1y5j7 eih42320\">Expresso minha admira\u00e7\u00e3o aos judeus que, dentro e fora de Israel, se op\u00f5em a essa puni\u00e7\u00e3o coletiva.<\/i><\/p>\n<\/div>\n<div class=\"bbc-19j92fr ebmt73l0\" dir=\"ltr\">\n<p class=\"bbc-hhl7in e17g058b0\" dir=\"ltr\"><i class=\"bbc-h1y5j7 eih42320\">O povo palestino corre o risco de desaparecer.<\/i><\/p>\n<\/div>\n<div class=\"bbc-19j92fr ebmt73l0\" dir=\"ltr\">\n<p class=\"bbc-hhl7in e17g058b0\" dir=\"ltr\"><i class=\"bbc-h1y5j7 eih42320\">S\u00f3 sobreviver\u00e1 com um Estado independente e integrado \u00e0 comunidade internacional.<\/i><\/p>\n<\/div>\n<div class=\"bbc-19j92fr ebmt73l0\" dir=\"ltr\">\n<p class=\"bbc-hhl7in e17g058b0\" dir=\"ltr\"><i class=\"bbc-h1y5j7 eih42320\">Esta \u00e9 a solu\u00e7\u00e3o defendida por mais de 150 membros da ONU, reafirmada ontem, aqui neste mesmo plen\u00e1rio, mas obstru\u00edda por um \u00fanico veto.<\/i><\/p>\n<\/div>\n<div class=\"bbc-19j92fr ebmt73l0\" dir=\"ltr\">\n<p class=\"bbc-hhl7in e17g058b0\" dir=\"ltr\"><i class=\"bbc-h1y5j7 eih42320\">\u00c9 lament\u00e1vel que o presidente Mahmoud Abbas tenha sido impedido pelo pa\u00eds anfitri\u00e3o de ocupar a bancada da Palestina nesse momento hist\u00f3rico.<\/i><\/p>\n<\/div>\n<div class=\"bbc-19j92fr ebmt73l0\" dir=\"ltr\">\n<p class=\"bbc-hhl7in e17g058b0\" dir=\"ltr\"><i class=\"bbc-h1y5j7 eih42320\">O alastramento desse conflito para o L\u00edbano, a S\u00edria, o Ir\u00e3 e o Catar fomenta escalada armamentista sem precedentes.<\/i><\/p>\n<\/div>\n<div class=\"bbc-19j92fr ebmt73l0\" dir=\"ltr\">\n<p class=\"bbc-hhl7in e17g058b0\" dir=\"ltr\"><i class=\"bbc-h1y5j7 eih42320\">Senhora presidenta,<\/i><\/p>\n<\/div>\n<div class=\"bbc-19j92fr ebmt73l0\" dir=\"ltr\">\n<p class=\"bbc-hhl7in e17g058b0\" dir=\"ltr\"><i class=\"bbc-h1y5j7 eih42320\">Bombas e armas nucleares n\u00e3o v\u00e3o nos proteger da crise clim\u00e1tica.<\/i><\/p>\n<\/div>\n<div class=\"bbc-19j92fr ebmt73l0\" dir=\"ltr\">\n<p class=\"bbc-hhl7in e17g058b0\" dir=\"ltr\"><i class=\"bbc-h1y5j7 eih42320\">O ano de 2024 foi o mais quente j\u00e1 registrado.<\/i><\/p>\n<\/div>\n<div class=\"bbc-19j92fr ebmt73l0\" dir=\"ltr\">\n<p class=\"bbc-hhl7in e17g058b0\" dir=\"ltr\"><i class=\"bbc-h1y5j7 eih42320\">A COP30, em Bel\u00e9m, ser\u00e1 a COP da verdade.<\/i><\/p>\n<\/div>\n<div class=\"bbc-19j92fr ebmt73l0\" dir=\"ltr\">\n<p class=\"bbc-hhl7in e17g058b0\" dir=\"ltr\"><i class=\"bbc-h1y5j7 eih42320\">Ser\u00e1 o momento de os l\u00edderes mundiais provarem a seriedade de seu compromisso com o planeta.<\/i><\/p>\n<\/div>\n<div class=\"bbc-19j92fr ebmt73l0\" dir=\"ltr\">\n<p class=\"bbc-hhl7in e17g058b0\" dir=\"ltr\"><i class=\"bbc-h1y5j7 eih42320\">Sem ter o quadro completo das Contribui\u00e7\u00f5es Nacionalmente Determinadas (as NDCs), caminharemos de olhos vendados para o abismo.<\/i><\/p>\n<\/div>\n<div class=\"bbc-19j92fr ebmt73l0\" dir=\"ltr\">\n<p class=\"bbc-hhl7in e17g058b0\" dir=\"ltr\"><i class=\"bbc-h1y5j7 eih42320\">O Brasil se comprometeu a reduzir entre 59 e 67% suas emiss\u00f5es, abrangendo todos os gases de efeito estufa e todos os setores da economia.<\/i><\/p>\n<\/div>\n<div class=\"bbc-19j92fr ebmt73l0\" dir=\"ltr\">\n<p class=\"bbc-hhl7in e17g058b0\" dir=\"ltr\"><i class=\"bbc-h1y5j7 eih42320\">Na\u00e7\u00f5es em desenvolvimento enfrentam a mudan\u00e7a do clima ao mesmo tempo em que lutam contra outros desafios.<\/i><\/p>\n<\/div>\n<div class=\"bbc-19j92fr ebmt73l0\" dir=\"ltr\">\n<p class=\"bbc-hhl7in e17g058b0\" dir=\"ltr\"><i class=\"bbc-h1y5j7 eih42320\">Enquanto isso, pa\u00edses ricos usufruem de padr\u00e3o de vida obtido \u00e0s custas de duzentos anos de emiss\u00f5es.<\/i><\/p>\n<\/div>\n<div class=\"bbc-19j92fr ebmt73l0\" dir=\"ltr\">\n<p class=\"bbc-hhl7in e17g058b0\" dir=\"ltr\"><i class=\"bbc-h1y5j7 eih42320\">Exigir maior ambi\u00e7\u00e3o e maior acesso a recursos e tecnologias n\u00e3o \u00e9 uma quest\u00e3o de caridade, mas de justi\u00e7a.<\/i><\/p>\n<\/div>\n<div class=\"bbc-19j92fr ebmt73l0\" dir=\"ltr\">\n<p class=\"bbc-hhl7in e17g058b0\" dir=\"ltr\"><i class=\"bbc-h1y5j7 eih42320\">A corrida por minerais cr\u00edticos, essenciais para a transi\u00e7\u00e3o energ\u00e9tica, n\u00e3o pode reproduzir a l\u00f3gica predat\u00f3ria que marcou os \u00faltimos s\u00e9culos.<\/i><\/p>\n<\/div>\n<div class=\"bbc-19j92fr ebmt73l0\" dir=\"ltr\">\n<p class=\"bbc-hhl7in e17g058b0\" dir=\"ltr\"><i class=\"bbc-h1y5j7 eih42320\">Em Bel\u00e9m, o mundo vai conhecer a realidade da Amaz\u00f4nia.<\/i><\/p>\n<\/div>\n<div class=\"bbc-19j92fr ebmt73l0\" dir=\"ltr\">\n<p class=\"bbc-hhl7in e17g058b0\" dir=\"ltr\"><i class=\"bbc-h1y5j7 eih42320\">O Brasil j\u00e1 reduziu pela metade o desmatamento na regi\u00e3o nos dois \u00faltimos anos.<\/i><\/p>\n<\/div>\n<div class=\"bbc-19j92fr ebmt73l0\" dir=\"ltr\">\n<p class=\"bbc-hhl7in e17g058b0\" dir=\"ltr\"><i class=\"bbc-h1y5j7 eih42320\">Erradic\u00e1-lo requer garantir condi\u00e7\u00f5es dignas de vida para seus milh\u00f5es de habitantes.<\/i><\/p>\n<\/div>\n<div class=\"bbc-19j92fr ebmt73l0\" dir=\"ltr\">\n<p class=\"bbc-hhl7in e17g058b0\" dir=\"ltr\"><i class=\"bbc-h1y5j7 eih42320\">Fomentar o desenvolvimento sustent\u00e1vel \u00e9 o objetivo do Fundo Florestas Tropicais para Sempre, que o Brasil pretende lan\u00e7ar para remunerar os pa\u00edses que mant\u00eam suas florestas em p\u00e9.<\/i><\/p>\n<\/div>\n<div class=\"bbc-19j92fr ebmt73l0\" dir=\"ltr\">\n<p class=\"bbc-hhl7in e17g058b0\" dir=\"ltr\"><i class=\"bbc-h1y5j7 eih42320\">\u00c9 chegado o momento de passar da fase de negocia\u00e7\u00e3o para a etapa de implementa\u00e7\u00e3o.<\/i><\/p>\n<\/div>\n<div class=\"bbc-19j92fr ebmt73l0\" dir=\"ltr\">\n<p class=\"bbc-hhl7in e17g058b0\" dir=\"ltr\"><i class=\"bbc-h1y5j7 eih42320\">O mundo deve muito ao regime criado pela Conven\u00e7\u00e3o do Clima.<\/i><\/p>\n<\/div>\n<div class=\"bbc-19j92fr ebmt73l0\" dir=\"ltr\">\n<p class=\"bbc-hhl7in e17g058b0\" dir=\"ltr\"><i class=\"bbc-h1y5j7 eih42320\">Mas \u00e9 necess\u00e1rio trazer o combate \u00e0 mudan\u00e7a do clima para o cora\u00e7\u00e3o da ONU, para que ela tenha a aten\u00e7\u00e3o que merece.<\/i><\/p>\n<\/div>\n<div class=\"bbc-19j92fr ebmt73l0\" dir=\"ltr\">\n<p class=\"bbc-hhl7in e17g058b0\" dir=\"ltr\"><i class=\"bbc-h1y5j7 eih42320\">Um Conselho vinculado \u00e0 Assembleia Geral com for\u00e7a e legitimidade para monitorar compromissos dar\u00e1 coer\u00eancia \u00e0 a\u00e7\u00e3o clim\u00e1tica.<\/i><\/p>\n<\/div>\n<div class=\"bbc-19j92fr ebmt73l0\" dir=\"ltr\">\n<p class=\"bbc-hhl7in e17g058b0\" dir=\"ltr\"><i class=\"bbc-h1y5j7 eih42320\">Trata-se de um passo fundamental na dire\u00e7\u00e3o de uma reforma mais abrangente da Organiza\u00e7\u00e3o, que contemple tamb\u00e9m um Conselho de Seguran\u00e7a ampliado nas duas categorias de membros.<\/i><\/p>\n<\/div>\n<div class=\"bbc-19j92fr ebmt73l0\" dir=\"ltr\">\n<p class=\"bbc-hhl7in e17g058b0\" dir=\"ltr\"><i class=\"bbc-h1y5j7 eih42320\">Poucas \u00e1reas retrocederam tanto como o sistema multilateral de com\u00e9rcio.<\/i><\/p>\n<\/div>\n<div class=\"bbc-19j92fr ebmt73l0\" dir=\"ltr\">\n<p class=\"bbc-hhl7in e17g058b0\" dir=\"ltr\"><i class=\"bbc-h1y5j7 eih42320\">Medidas unilaterais transformam em letra morta princ\u00edpios basilares como a cl\u00e1usula de Na\u00e7\u00e3o Mais Favorecida.<\/i><\/p>\n<\/div>\n<div class=\"bbc-19j92fr ebmt73l0\" dir=\"ltr\">\n<p class=\"bbc-hhl7in e17g058b0\" dir=\"ltr\"><i class=\"bbc-h1y5j7 eih42320\">Desorganizam cadeias de valor e lan\u00e7am a economia mundial em uma espiral perniciosa de pre\u00e7os altos e estagna\u00e7\u00e3o.<\/i><\/p>\n<\/div>\n<div class=\"bbc-19j92fr ebmt73l0\" dir=\"ltr\">\n<p class=\"bbc-hhl7in e17g058b0\" dir=\"ltr\"><i class=\"bbc-h1y5j7 eih42320\">\u00c9 urgente refundar a OMC em bases modernas e flex\u00edveis.<\/i><\/p>\n<\/div>\n<div class=\"bbc-19j92fr ebmt73l0\" dir=\"ltr\">\n<p class=\"bbc-hhl7in e17g058b0\" dir=\"ltr\"><i class=\"bbc-h1y5j7 eih42320\">Senhoras e senhores,<\/i><\/p>\n<\/div>\n<div class=\"bbc-19j92fr ebmt73l0\" dir=\"ltr\">\n<p class=\"bbc-hhl7in e17g058b0\" dir=\"ltr\"><i class=\"bbc-h1y5j7 eih42320\">Este ano, o mundo perdeu duas personalidades excepcionais: o ex-presidente do Uruguai, Pepe Mujica, e o Papa Francisco.<\/i><\/p>\n<\/div>\n<div class=\"bbc-19j92fr ebmt73l0\" dir=\"ltr\">\n<p class=\"bbc-hhl7in e17g058b0\" dir=\"ltr\"><i class=\"bbc-h1y5j7 eih42320\">Ambos encarnaram como ningu\u00e9m os melhores valores humanistas.<\/i><\/p>\n<\/div>\n<div class=\"bbc-19j92fr ebmt73l0\" dir=\"ltr\">\n<p class=\"bbc-hhl7in e17g058b0\" dir=\"ltr\"><i class=\"bbc-h1y5j7 eih42320\">Suas vidas se entrela\u00e7aram com as oito d\u00e9cadas de exist\u00eancia da ONU.<\/i><\/p>\n<\/div>\n<div class=\"bbc-19j92fr ebmt73l0\" dir=\"ltr\">\n<p class=\"bbc-hhl7in e17g058b0\" dir=\"ltr\"><i class=\"bbc-h1y5j7 eih42320\">Se ainda estivessem entre n\u00f3s, provavelmente usariam esta tribuna para lembrar:<\/i><\/p>\n<\/div>\n<div class=\"bbc-19j92fr ebmt73l0\" dir=\"ltr\">\n<p class=\"bbc-hhl7in e17g058b0\" dir=\"ltr\"><i class=\"bbc-h1y5j7 eih42320\">&#8211; Que o autoritarismo, a degrada\u00e7\u00e3o ambiental e a desigualdade n\u00e3o s\u00e3o inexor\u00e1veis;<\/i><\/p>\n<\/div>\n<div class=\"bbc-19j92fr ebmt73l0\" dir=\"ltr\">\n<p class=\"bbc-hhl7in e17g058b0\" dir=\"ltr\"><i class=\"bbc-h1y5j7 eih42320\">&#8211; Que os \u00fanicos derrotados s\u00e3o os que cruzam os bra\u00e7os, resignados;<\/i><\/p>\n<\/div>\n<div class=\"bbc-19j92fr ebmt73l0\" dir=\"ltr\">\n<p class=\"bbc-hhl7in e17g058b0\" dir=\"ltr\"><i class=\"bbc-h1y5j7 eih42320\">&#8211; Que podemos vencer os falsos profetas e oligarcas que exploram o medo e monetizam o \u00f3dio; e<\/i><\/p>\n<\/div>\n<div class=\"bbc-19j92fr ebmt73l0\" dir=\"ltr\">\n<p class=\"bbc-hhl7in e17g058b0\" dir=\"ltr\"><i class=\"bbc-h1y5j7 eih42320\">&#8211; Que o amanh\u00e3 \u00e9 feito de escolhas di\u00e1rias e \u00e9 preciso coragem de agir para transform\u00e1-lo.<\/i><\/p>\n<\/div>\n<div class=\"bbc-19j92fr ebmt73l0\" dir=\"ltr\">\n<p class=\"bbc-hhl7in e17g058b0\" dir=\"ltr\"><i class=\"bbc-h1y5j7 eih42320\">No futuro que o Brasil vislumbra n\u00e3o h\u00e1 espa\u00e7o para a reedi\u00e7\u00e3o de rivalidades ideol\u00f3gicas ou esferas de influ\u00eancia.<\/i><\/p>\n<\/div>\n<div class=\"bbc-19j92fr ebmt73l0\" dir=\"ltr\">\n<p class=\"bbc-hhl7in e17g058b0\" dir=\"ltr\"><i class=\"bbc-h1y5j7 eih42320\">A confronta\u00e7\u00e3o n\u00e3o \u00e9 inevit\u00e1vel.<\/i><\/p>\n<\/div>\n<div class=\"bbc-19j92fr ebmt73l0\" dir=\"ltr\">\n<p class=\"bbc-hhl7in e17g058b0\" dir=\"ltr\"><i class=\"bbc-h1y5j7 eih42320\">Precisamos de lideran\u00e7as com clareza de vis\u00e3o, que entendam que a ordem internacional n\u00e3o \u00e9 um &#8220;jogo de soma zero&#8221;.<\/i><\/p>\n<\/div>\n<div class=\"bbc-19j92fr ebmt73l0\" dir=\"ltr\">\n<p class=\"bbc-hhl7in e17g058b0\" dir=\"ltr\"><i class=\"bbc-h1y5j7 eih42320\">O s\u00e9culo 21 ser\u00e1 cada vez mais multipolar. Para se manter pac\u00edfico, n\u00e3o pode deixar de ser multilateral.<\/i><\/p>\n<\/div>\n<div class=\"bbc-19j92fr ebmt73l0\" dir=\"ltr\">\n<p class=\"bbc-hhl7in e17g058b0\" dir=\"ltr\"><i class=\"bbc-h1y5j7 eih42320\">O Brasil confere crescente import\u00e2ncia \u00e0 Uni\u00e3o Europeia, \u00e0 Uni\u00e3o Africana, \u00e0 ASEAN, \u00e0 CELAC, aos BRICS e ao G20.<\/i><\/p>\n<\/div>\n<div class=\"bbc-19j92fr ebmt73l0\" dir=\"ltr\">\n<p class=\"bbc-hhl7in e17g058b0\" dir=\"ltr\"><i class=\"bbc-h1y5j7 eih42320\">A voz do Sul Global deve ser ouvida.<\/i><\/p>\n<\/div>\n<div class=\"bbc-19j92fr ebmt73l0\" dir=\"ltr\">\n<p class=\"bbc-hhl7in e17g058b0\" dir=\"ltr\"><i class=\"bbc-h1y5j7 eih42320\">A ONU tem hoje quase quatro vezes mais membros do que os 51 que estiveram na sua funda\u00e7\u00e3o.<\/i><\/p>\n<\/div>\n<div class=\"bbc-19j92fr ebmt73l0\" dir=\"ltr\">\n<p class=\"bbc-hhl7in e17g058b0\" dir=\"ltr\"><i class=\"bbc-h1y5j7 eih42320\">Nossa miss\u00e3o hist\u00f3rica \u00e9 a de torn\u00e1-la novamente portadora de esperan\u00e7a e promotora da igualdade, da paz, do desenvolvimento sustent\u00e1vel, da diversidade e da toler\u00e2ncia.<\/i><\/p>\n<\/div>\n<div class=\"bbc-19j92fr ebmt73l0\" dir=\"ltr\">\n<p class=\"bbc-hhl7in e17g058b0\" dir=\"ltr\"><i class=\"bbc-h1y5j7 eih42320\">Que Deus nos aben\u00e7oe a todos.<\/i><\/p>\n<\/div>\n<div class=\"bbc-19j92fr ebmt73l0\" dir=\"ltr\">\n<p class=\"bbc-hhl7in e17g058b0\" dir=\"ltr\"><i class=\"bbc-h1y5j7 eih42320\">Muito obrigado.<\/i><\/p>\n<\/div>\n<\/div>\n<\/div>\n","protected":false},"excerpt":{"rendered":"<p>BBC &#8211; Nesta ter\u00e7a-feira (23\/9), o presidente Luiz In\u00e1cio Lula da Silva (PT) subiu ao p\u00falpito da Assembleia Geral da ONU pela d\u00e9cima vez.<\/p>\n","protected":false},"author":1,"featured_media":0,"comment_status":"closed","ping_status":"open","sticky":false,"template":"","format":"standard","meta":{"_exactmetrics_skip_tracking":false,"_exactmetrics_sitenote_active":false,"_exactmetrics_sitenote_note":"","_exactmetrics_sitenote_category":0,"jetpack_post_was_ever_published":false,"_jetpack_newsletter_access":"","_jetpack_dont_email_post_to_subs":false,"_jetpack_newsletter_tier_id":0,"_jetpack_memberships_contains_paywalled_content":false,"_jetpack_memberships_contains_paid_content":false,"footnotes":"","jetpack_publicize_message":"","jetpack_publicize_feature_enabled":true,"jetpack_social_post_already_shared":true,"jetpack_social_options":{"image_generator_settings":{"template":"highway","enabled":false},"version":2}},"categories":[1],"tags":[78,173],"class_list":["post-37531","post","type-post","status-publish","format-standard","hentry","category-notas","tag-lula","tag-onu"],"jetpack_publicize_connections":[],"jetpack_sharing_enabled":true,"jetpack_featured_media_url":"","jetpack_shortlink":"https:\/\/wp.me\/p7wKYW-9Ll","jetpack-related-posts":[],"_links":{"self":[{"href":"http:\/\/blogdalucianaoliveira.com.br\/blog\/wp-json\/wp\/v2\/posts\/37531","targetHints":{"allow":["GET"]}}],"collection":[{"href":"http:\/\/blogdalucianaoliveira.com.br\/blog\/wp-json\/wp\/v2\/posts"}],"about":[{"href":"http:\/\/blogdalucianaoliveira.com.br\/blog\/wp-json\/wp\/v2\/types\/post"}],"author":[{"embeddable":true,"href":"http:\/\/blogdalucianaoliveira.com.br\/blog\/wp-json\/wp\/v2\/users\/1"}],"replies":[{"embeddable":true,"href":"http:\/\/blogdalucianaoliveira.com.br\/blog\/wp-json\/wp\/v2\/comments?post=37531"}],"version-history":[{"count":1,"href":"http:\/\/blogdalucianaoliveira.com.br\/blog\/wp-json\/wp\/v2\/posts\/37531\/revisions"}],"predecessor-version":[{"id":37533,"href":"http:\/\/blogdalucianaoliveira.com.br\/blog\/wp-json\/wp\/v2\/posts\/37531\/revisions\/37533"}],"wp:attachment":[{"href":"http:\/\/blogdalucianaoliveira.com.br\/blog\/wp-json\/wp\/v2\/media?parent=37531"}],"wp:term":[{"taxonomy":"category","embeddable":true,"href":"http:\/\/blogdalucianaoliveira.com.br\/blog\/wp-json\/wp\/v2\/categories?post=37531"},{"taxonomy":"post_tag","embeddable":true,"href":"http:\/\/blogdalucianaoliveira.com.br\/blog\/wp-json\/wp\/v2\/tags?post=37531"}],"curies":[{"name":"wp","href":"https:\/\/api.w.org\/{rel}","templated":true}]}}