{"id":37534,"date":"2025-09-23T19:18:04","date_gmt":"2025-09-23T23:18:04","guid":{"rendered":"https:\/\/blogdalucianaoliveira.com.br\/blog\/?p=37534"},"modified":"2025-09-23T19:18:04","modified_gmt":"2025-09-23T23:18:04","slug":"saiba-os-bastidores-do-encontro-entre-trump-e-lula-na-onu","status":"publish","type":"post","link":"http:\/\/blogdalucianaoliveira.com.br\/blog\/2025\/09\/23\/saiba-os-bastidores-do-encontro-entre-trump-e-lula-na-onu\/","title":{"rendered":"Saiba os bastidores do encontro entre Trump e Lula na ONU"},"content":{"rendered":"<p><img data-recalc-dims=\"1\" loading=\"lazy\" decoding=\"async\" data-attachment-id=\"37535\" data-permalink=\"http:\/\/blogdalucianaoliveira.com.br\/blog\/2025\/09\/23\/saiba-os-bastidores-do-encontro-entre-trump-e-lula-na-onu\/img_7385\/\" data-orig-file=\"https:\/\/i0.wp.com\/blogdalucianaoliveira.com.br\/blog\/wp-content\/uploads\/2025\/09\/IMG_7385.webp?fit=500%2C240\" data-orig-size=\"500,240\" data-comments-opened=\"0\" data-image-meta=\"{&quot;aperture&quot;:&quot;0&quot;,&quot;credit&quot;:&quot;&quot;,&quot;camera&quot;:&quot;&quot;,&quot;caption&quot;:&quot;&quot;,&quot;created_timestamp&quot;:&quot;0&quot;,&quot;copyright&quot;:&quot;&quot;,&quot;focal_length&quot;:&quot;0&quot;,&quot;iso&quot;:&quot;0&quot;,&quot;shutter_speed&quot;:&quot;0&quot;,&quot;title&quot;:&quot;&quot;,&quot;orientation&quot;:&quot;0&quot;}\" data-image-title=\"IMG_7385\" data-image-description=\"\" data-image-caption=\"\" data-medium-file=\"https:\/\/i0.wp.com\/blogdalucianaoliveira.com.br\/blog\/wp-content\/uploads\/2025\/09\/IMG_7385.webp?fit=300%2C144\" data-large-file=\"https:\/\/i0.wp.com\/blogdalucianaoliveira.com.br\/blog\/wp-content\/uploads\/2025\/09\/IMG_7385.webp?fit=500%2C240\" class=\"alignnone size-medium wp-image-37535\" src=\"https:\/\/i0.wp.com\/blogdalucianaoliveira.com.br\/blog\/wp-content\/uploads\/2025\/09\/IMG_7385.webp?resize=300%2C144\" alt=\"\" width=\"300\" height=\"144\" srcset=\"https:\/\/i0.wp.com\/blogdalucianaoliveira.com.br\/blog\/wp-content\/uploads\/2025\/09\/IMG_7385.webp?resize=300%2C144 300w, https:\/\/i0.wp.com\/blogdalucianaoliveira.com.br\/blog\/wp-content\/uploads\/2025\/09\/IMG_7385.webp?w=500 500w\" sizes=\"auto, (max-width: 300px) 100vw, 300px\" \/><\/p>\n<h2 class=\"article__lead\">Cumprimento de segundos, elogios p\u00fablicos e expectativa de reuni\u00e3o marcam primeiro contato entre os presidentes do Brasil e dos EUA<\/h2>\n<p><!--more--><\/p>\n<p><b>247 &#8211; <\/b>O primeiro encontro entre Luiz In\u00e1cio Lula da Silva (PT) e Donald Trump foi breve, mas j\u00e1 movimentou a diplomacia, os mercados e a pol\u00edtica internacional. O epis\u00f3dio ocorreu nesta ter\u00e7a-feira (23) nos bastidores da 80\u00aa Assembleia Geral da ONU, em Nova York, e abriu caminho para uma poss\u00edvel reuni\u00e3o bilateral na pr\u00f3xima semana.<\/p>\n<h2>Encontro inesperado<\/h2>\n<p>Segundo relatos de diplomatas brasileiros, o cruzamento aconteceu de forma n\u00e3o planejada. Lula havia acabado de deixar a plen\u00e1ria, ap\u00f3s fazer o tradicional discurso de abertura da Assembleia, quando se dirigiu \u00e0 sala reservada aos chefes de Estado. Trump, escalado para falar em seguida, j\u00e1 estava no local e tomou a iniciativa de cumprimentar o presidente brasileiro.<\/p>\n<p>Fontes ouvidas pela ag\u00eancia Reuters relataram que o encontro durou cerca de 20 segundos, tempo suficiente para um aperto de m\u00e3os e uma r\u00e1pida troca de palavras, traduzida pelo chefe de cerimonial da Presid\u00eancia, Fernando Igreja. Trump comentou que os dois \u201cprecisavam conversar\u201d, ao que Lula respondeu estar sempre aberto ao di\u00e1logo. Em seguida, o republicano sugeriu uma reuni\u00e3o na semana seguinte, proposta aceita pelo brasileiro.<\/p>\n<h2>Elogios em meio \u00e0s tarifas<\/h2>\n<p>Minutos depois, j\u00e1 no p\u00falpito da ONU, Trump revelou o encontro, descrevendo Lula como um \u201chomem muito agrad\u00e1vel\u201d e elogiando a \u201cexcelente qu\u00edmica\u201d entre os dois.<\/p>\n<p>\u201cEu estava entrando e o l\u00edder do Brasil estava saindo. Eu o vi, ele me viu e nos cumprimentamos. Na verdade, combinamos de nos encontrar na pr\u00f3xima semana. N\u00e3o tivemos muito tempo para conversar, apenas uns 20 segundos. Tivemos uma boa conversa e combinamos de nos encontrar na pr\u00f3xima semana, se houver interesse\u201d, disse.<\/p>\n<p>\u201cEu gostei dele. E eu s\u00f3 fa\u00e7o neg\u00f3cios com quem eu gosto. Se eu n\u00e3o gosto, eu n\u00e3o gosto. Mas pelo menos por cerca de 39 segundos tivemos uma excelente qu\u00edmica. \u00c9 um bom sinal.\u201d<\/p>\n<p>O gesto surpreendeu pela cordialidade, j\u00e1 que os dois pa\u00edses atravessam semanas de tens\u00e3o. Trump imp\u00f4s tarifas de 50% a produtos brasileiros como forma de pressionar Bras\u00edlia durante o julgamento do ex-presidente Jair Bolsonaro, condenado por tentativa de golpe de Estado.<\/p>\n<p>Mesmo assim, em entrevista \u00e0 GloboNews, a porta-voz do Departamento de Estado Amanda Roberson refor\u00e7ou que a pol\u00edtica tarif\u00e1ria \u00e9 tamb\u00e9m uma \u201coportunidade para negociar\u201d novos acordos.<\/p>\n<h2>Clima de cautela no Itamaraty<\/h2>\n<p>O governo brasileiro confirmou a possibilidade de um encontro, mas evita cravar data ou formato. O ministro das Rela\u00e7\u00f5es Exteriores, Mauro Vieira, disse que a conversa pode ocorrer por telefone ou videoconfer\u00eancia, caso a agenda de Lula n\u00e3o permita uma reuni\u00e3o presencial.<\/p>\n<p>Vieira ressaltou que, embora o Brasil esteja aberto a discutir tarifas, \u201ca soberania e a independ\u00eancia dos poderes n\u00e3o s\u00e3o negoci\u00e1veis\u201d, ecoando a fala de Lula em seu discurso, no qual criticou \u201cmedidas unilaterais e arbitr\u00e1rias\u201d contra as institui\u00e7\u00f5es brasileiras.<\/p>\n<h2>Impacto imediato<\/h2>\n<p>A simples not\u00edcia de uma eventual aproxima\u00e7\u00e3o teve reflexo imediato nos mercados: o real se valorizou cerca de 1% frente ao d\u00f3lar, e o Ibovespa subiu mais de 1%, renovando m\u00e1ximas hist\u00f3ricas.<\/p>\n","protected":false},"excerpt":{"rendered":"<p>Cumprimento de segundos, elogios p\u00fablicos e expectativa de reuni\u00e3o marcam primeiro contato entre os presidentes do Brasil e dos EUA<\/p>\n","protected":false},"author":1,"featured_media":0,"comment_status":"closed","ping_status":"open","sticky":false,"template":"","format":"standard","meta":{"_exactmetrics_skip_tracking":false,"_exactmetrics_sitenote_active":false,"_exactmetrics_sitenote_note":"","_exactmetrics_sitenote_category":0,"jetpack_post_was_ever_published":false,"_jetpack_newsletter_access":"","_jetpack_dont_email_post_to_subs":false,"_jetpack_newsletter_tier_id":0,"_jetpack_memberships_contains_paywalled_content":false,"_jetpack_memberships_contains_paid_content":false,"footnotes":"","jetpack_publicize_message":"","jetpack_publicize_feature_enabled":true,"jetpack_social_post_already_shared":true,"jetpack_social_options":{"image_generator_settings":{"template":"highway","enabled":false},"version":2}},"categories":[1],"tags":[78,220],"class_list":["post-37534","post","type-post","status-publish","format-standard","hentry","category-notas","tag-lula","tag-trump"],"jetpack_publicize_connections":[],"jetpack_sharing_enabled":true,"jetpack_featured_media_url":"","jetpack_shortlink":"https:\/\/wp.me\/p7wKYW-9Lo","jetpack-related-posts":[],"_links":{"self":[{"href":"http:\/\/blogdalucianaoliveira.com.br\/blog\/wp-json\/wp\/v2\/posts\/37534","targetHints":{"allow":["GET"]}}],"collection":[{"href":"http:\/\/blogdalucianaoliveira.com.br\/blog\/wp-json\/wp\/v2\/posts"}],"about":[{"href":"http:\/\/blogdalucianaoliveira.com.br\/blog\/wp-json\/wp\/v2\/types\/post"}],"author":[{"embeddable":true,"href":"http:\/\/blogdalucianaoliveira.com.br\/blog\/wp-json\/wp\/v2\/users\/1"}],"replies":[{"embeddable":true,"href":"http:\/\/blogdalucianaoliveira.com.br\/blog\/wp-json\/wp\/v2\/comments?post=37534"}],"version-history":[{"count":1,"href":"http:\/\/blogdalucianaoliveira.com.br\/blog\/wp-json\/wp\/v2\/posts\/37534\/revisions"}],"predecessor-version":[{"id":37536,"href":"http:\/\/blogdalucianaoliveira.com.br\/blog\/wp-json\/wp\/v2\/posts\/37534\/revisions\/37536"}],"wp:attachment":[{"href":"http:\/\/blogdalucianaoliveira.com.br\/blog\/wp-json\/wp\/v2\/media?parent=37534"}],"wp:term":[{"taxonomy":"category","embeddable":true,"href":"http:\/\/blogdalucianaoliveira.com.br\/blog\/wp-json\/wp\/v2\/categories?post=37534"},{"taxonomy":"post_tag","embeddable":true,"href":"http:\/\/blogdalucianaoliveira.com.br\/blog\/wp-json\/wp\/v2\/tags?post=37534"}],"curies":[{"name":"wp","href":"https:\/\/api.w.org\/{rel}","templated":true}]}}