{"id":37537,"date":"2025-09-24T10:48:25","date_gmt":"2025-09-24T14:48:25","guid":{"rendered":"https:\/\/blogdalucianaoliveira.com.br\/blog\/?p=37537"},"modified":"2025-09-24T10:48:25","modified_gmt":"2025-09-24T14:48:25","slug":"mucura-conquista-melhor-filme-do-juri-jovem-no-maior-festival-de-cinema-da-amazonia","status":"publish","type":"post","link":"http:\/\/blogdalucianaoliveira.com.br\/blog\/2025\/09\/24\/mucura-conquista-melhor-filme-do-juri-jovem-no-maior-festival-de-cinema-da-amazonia\/","title":{"rendered":"Mucura conquista Melhor Filme do J\u00fari Jovem no maior festival de cinema da Amaz\u00f4nia"},"content":{"rendered":"<p><img data-recalc-dims=\"1\" loading=\"lazy\" decoding=\"async\" data-attachment-id=\"37538\" data-permalink=\"http:\/\/blogdalucianaoliveira.com.br\/blog\/2025\/09\/24\/mucura-conquista-melhor-filme-do-juri-jovem-no-maior-festival-de-cinema-da-amazonia\/fc2c28bf-9d84-415a-a4c6-c71ac4831e7c\/\" data-orig-file=\"https:\/\/i0.wp.com\/blogdalucianaoliveira.com.br\/blog\/wp-content\/uploads\/2025\/09\/fc2c28bf-9d84-415a-a4c6-c71ac4831e7c.jpeg?fit=1600%2C1066\" data-orig-size=\"1600,1066\" data-comments-opened=\"0\" data-image-meta=\"{&quot;aperture&quot;:&quot;0&quot;,&quot;credit&quot;:&quot;&quot;,&quot;camera&quot;:&quot;&quot;,&quot;caption&quot;:&quot;&quot;,&quot;created_timestamp&quot;:&quot;1758724893&quot;,&quot;copyright&quot;:&quot;&quot;,&quot;focal_length&quot;:&quot;0&quot;,&quot;iso&quot;:&quot;0&quot;,&quot;shutter_speed&quot;:&quot;0&quot;,&quot;title&quot;:&quot;&quot;,&quot;orientation&quot;:&quot;0&quot;}\" data-image-title=\"fc2c28bf-9d84-415a-a4c6-c71ac4831e7c\" data-image-description=\"\" data-image-caption=\"\" data-medium-file=\"https:\/\/i0.wp.com\/blogdalucianaoliveira.com.br\/blog\/wp-content\/uploads\/2025\/09\/fc2c28bf-9d84-415a-a4c6-c71ac4831e7c.jpeg?fit=300%2C200\" data-large-file=\"https:\/\/i0.wp.com\/blogdalucianaoliveira.com.br\/blog\/wp-content\/uploads\/2025\/09\/fc2c28bf-9d84-415a-a4c6-c71ac4831e7c.jpeg?fit=600%2C400\" class=\"alignnone size-medium wp-image-37538\" src=\"https:\/\/i0.wp.com\/blogdalucianaoliveira.com.br\/blog\/wp-content\/uploads\/2025\/09\/fc2c28bf-9d84-415a-a4c6-c71ac4831e7c.jpeg?resize=300%2C200\" alt=\"\" width=\"300\" height=\"200\" srcset=\"https:\/\/i0.wp.com\/blogdalucianaoliveira.com.br\/blog\/wp-content\/uploads\/2025\/09\/fc2c28bf-9d84-415a-a4c6-c71ac4831e7c.jpeg?resize=300%2C200 300w, https:\/\/i0.wp.com\/blogdalucianaoliveira.com.br\/blog\/wp-content\/uploads\/2025\/09\/fc2c28bf-9d84-415a-a4c6-c71ac4831e7c.jpeg?resize=1024%2C682 1024w, https:\/\/i0.wp.com\/blogdalucianaoliveira.com.br\/blog\/wp-content\/uploads\/2025\/09\/fc2c28bf-9d84-415a-a4c6-c71ac4831e7c.jpeg?resize=768%2C512 768w, https:\/\/i0.wp.com\/blogdalucianaoliveira.com.br\/blog\/wp-content\/uploads\/2025\/09\/fc2c28bf-9d84-415a-a4c6-c71ac4831e7c.jpeg?resize=1536%2C1023 1536w, https:\/\/i0.wp.com\/blogdalucianaoliveira.com.br\/blog\/wp-content\/uploads\/2025\/09\/fc2c28bf-9d84-415a-a4c6-c71ac4831e7c.jpeg?resize=450%2C300 450w, https:\/\/i0.wp.com\/blogdalucianaoliveira.com.br\/blog\/wp-content\/uploads\/2025\/09\/fc2c28bf-9d84-415a-a4c6-c71ac4831e7c.jpeg?w=1600 1600w, https:\/\/i0.wp.com\/blogdalucianaoliveira.com.br\/blog\/wp-content\/uploads\/2025\/09\/fc2c28bf-9d84-415a-a4c6-c71ac4831e7c.jpeg?w=1200 1200w\" sizes=\"auto, (max-width: 300px) 100vw, 300px\" \/><\/p>\n<p class=\"s7\"><span class=\"s5\"><span class=\"bumpedFont15\">Da assessoria &#8211; \u201cE agora, chegamos ao momento mais aguardado. O filme que, para o nosso j\u00fari, se destacou por sua execu\u00e7\u00e3o em todos os aspectos: a dire\u00e7\u00e3o, o roteiro, a atua\u00e7\u00e3o e a capacidade de nos envolver do in\u00edcio ao fim. \u00c9 uma obra que nos conta uma hist\u00f3ria dif\u00edcil de uma maneira extremamente inventiva e potente. O pr\u00eamio de Melhor Filme do J\u00fari Jovem vai para MUCURA!\u201d<\/span><\/span><span class=\"s5\"><span class=\"bumpedFont15\"><br \/>\n<\/span><\/span><!--more--><\/p>\n<p class=\"s7\"><span class=\"s6\"><span class=\"bumpedFont15\">Assim foi anunciado pelo J\u00fari Jovem na noite de premia\u00e7\u00e3o composto por Jenni Bonates, Denilson Costa e Randy Souza. <\/span><\/span><\/p>\n<p class=\"s8\"><span class=\"s6\"><span class=\"bumpedFont15\">O curta-metragem Mucura, dirigido por Fabiano Barros, conquistou o p\u00fablico e a cr\u00edtica na 7\u00aa edi\u00e7\u00e3o do Festival de Cinema da Amaz\u00f4nia \u2013 Olhar do Norte, realizada entre 17 e 21 de setembro no Teatro Amazonas, em Manaus. O filme reafirmou o vigor do cinema rondoniense ao vencer o pr\u00eamio de Melhor Filme do J\u00fari Jovem e tamb\u00e9m o pr\u00eamio de Melhor Dire\u00e7\u00e3o de Arte, destacando a ousadia e a pot\u00eancia de sua proposta.<\/span><\/span><\/p>\n<p><img data-recalc-dims=\"1\" loading=\"lazy\" decoding=\"async\" data-attachment-id=\"37540\" data-permalink=\"http:\/\/blogdalucianaoliveira.com.br\/blog\/2025\/09\/24\/mucura-conquista-melhor-filme-do-juri-jovem-no-maior-festival-de-cinema-da-amazonia\/b62b0e30-9c87-49d5-a00a-4a642f544b1b\/\" data-orig-file=\"https:\/\/i0.wp.com\/blogdalucianaoliveira.com.br\/blog\/wp-content\/uploads\/2025\/09\/b62b0e30-9c87-49d5-a00a-4a642f544b1b.jpeg?fit=1600%2C900\" data-orig-size=\"1600,900\" data-comments-opened=\"0\" data-image-meta=\"{&quot;aperture&quot;:&quot;0&quot;,&quot;credit&quot;:&quot;&quot;,&quot;camera&quot;:&quot;&quot;,&quot;caption&quot;:&quot;&quot;,&quot;created_timestamp&quot;:&quot;1758724895&quot;,&quot;copyright&quot;:&quot;&quot;,&quot;focal_length&quot;:&quot;0&quot;,&quot;iso&quot;:&quot;0&quot;,&quot;shutter_speed&quot;:&quot;0&quot;,&quot;title&quot;:&quot;&quot;,&quot;orientation&quot;:&quot;0&quot;}\" data-image-title=\"b62b0e30-9c87-49d5-a00a-4a642f544b1b\" data-image-description=\"\" data-image-caption=\"\" data-medium-file=\"https:\/\/i0.wp.com\/blogdalucianaoliveira.com.br\/blog\/wp-content\/uploads\/2025\/09\/b62b0e30-9c87-49d5-a00a-4a642f544b1b.jpeg?fit=300%2C169\" data-large-file=\"https:\/\/i0.wp.com\/blogdalucianaoliveira.com.br\/blog\/wp-content\/uploads\/2025\/09\/b62b0e30-9c87-49d5-a00a-4a642f544b1b.jpeg?fit=600%2C338\" class=\"alignnone size-medium wp-image-37540\" src=\"https:\/\/i0.wp.com\/blogdalucianaoliveira.com.br\/blog\/wp-content\/uploads\/2025\/09\/b62b0e30-9c87-49d5-a00a-4a642f544b1b.jpeg?resize=300%2C169\" alt=\"\" width=\"300\" height=\"169\" srcset=\"https:\/\/i0.wp.com\/blogdalucianaoliveira.com.br\/blog\/wp-content\/uploads\/2025\/09\/b62b0e30-9c87-49d5-a00a-4a642f544b1b.jpeg?resize=300%2C169 300w, https:\/\/i0.wp.com\/blogdalucianaoliveira.com.br\/blog\/wp-content\/uploads\/2025\/09\/b62b0e30-9c87-49d5-a00a-4a642f544b1b.jpeg?resize=1024%2C576 1024w, https:\/\/i0.wp.com\/blogdalucianaoliveira.com.br\/blog\/wp-content\/uploads\/2025\/09\/b62b0e30-9c87-49d5-a00a-4a642f544b1b.jpeg?resize=768%2C432 768w, https:\/\/i0.wp.com\/blogdalucianaoliveira.com.br\/blog\/wp-content\/uploads\/2025\/09\/b62b0e30-9c87-49d5-a00a-4a642f544b1b.jpeg?resize=1536%2C864 1536w, https:\/\/i0.wp.com\/blogdalucianaoliveira.com.br\/blog\/wp-content\/uploads\/2025\/09\/b62b0e30-9c87-49d5-a00a-4a642f544b1b.jpeg?resize=533%2C300 533w, https:\/\/i0.wp.com\/blogdalucianaoliveira.com.br\/blog\/wp-content\/uploads\/2025\/09\/b62b0e30-9c87-49d5-a00a-4a642f544b1b.jpeg?w=1600 1600w, https:\/\/i0.wp.com\/blogdalucianaoliveira.com.br\/blog\/wp-content\/uploads\/2025\/09\/b62b0e30-9c87-49d5-a00a-4a642f544b1b.jpeg?w=1200 1200w\" sizes=\"auto, (max-width: 300px) 100vw, 300px\" \/><\/p>\n<p class=\"s10\"><span class=\"s9\"><span class=\"bumpedFont15\">Um Cinema Amaz\u00f4nico Contempor\u00e2neo<\/span><\/span><\/p>\n<p class=\"s8\"><span class=\"s5\"><span class=\"bumpedFont15\">Mucura<\/span><\/span><span class=\"s6\"><span class=\"bumpedFont15\"> surpreende por romper estere\u00f3tipos e fetiches frequentemente associados \u00e0 representa\u00e7\u00e3o da Amaz\u00f4nia. A obra constr\u00f3i um filme de g\u00eanero com uma linguagem contempor\u00e2nea, sofisticada e profundamente conectada \u00e0 regi\u00e3o. A narrativa acompanha Marta, vivida por Kaline Leigue, que enfrenta momentos de medo e del\u00edrio em uma casa marcada por sil\u00eancios e sombras. Ru\u00eddos, vis\u00f5es e apari\u00e7\u00f5es inexplic\u00e1veis cruzam seu cotidiano, entrela\u00e7ando mem\u00f3ria, trauma e imagina\u00e7\u00e3o.<\/span><\/span><\/p>\n<p class=\"s11\"><span class=\"s6\"><span class=\"bumpedFont15\">Com produ\u00e7\u00e3o executiva de Artur Nestor e Jo\u00e3o Le\u00e3o, <\/span><\/span><span class=\"s5\"><span class=\"bumpedFont15\">Mucura<\/span><\/span><span class=\"s6\"><span class=\"bumpedFont15\"> \u00e9 produzido pela Cia de Artes Clandestinos em parceria com Conex\u00e3o Norte Produ\u00e7\u00f5es, Cenaviva Filmes, JLe\u00e3o Produ\u00e7\u00f5es e E.Produ\u00e7\u00f5es Culturais. O curta foi contemplado pelo Edital n\u00ba 01\/2024\/SEJUCEL \u2013 LPG Audiovisual: Bolsas para Artes em V\u00eddeo, da Lei Paulo Gustavo, e integrou a Mostra Amaz\u00f4nia, voltada \u00e0s produ\u00e7\u00f5es da Regi\u00e3o Norte.<\/span><\/span><\/p>\n<p class=\"s8\"><span class=\"s6\"><span class=\"bumpedFont15\">Al\u00e9m de <\/span><\/span><span class=\"s5\"><span class=\"bumpedFont15\">Mucura<\/span><\/span><span class=\"s6\"><span class=\"bumpedFont15\">, Rond\u00f4nia tamb\u00e9m brilhou no festival:<\/span><\/span><\/p>\n<p class=\"s8\"><span class=\"s6\"><span class=\"bumpedFont15\">Kaline Leigue, com o po\u00e9tico <\/span><\/span><span class=\"s5\"><span class=\"bumpedFont15\">A Mem\u00f3ria que Ficou<\/span><\/span><span class=\"s6\"><span class=\"bumpedFont15\">, recebeu pr\u00eamio de consultoria, garantindo uma consultoria especializada para desenvolvimento de roteiros. O filme mergulha nos registros fotogr\u00e1ficos de sua av\u00f3 para recriar imagens, cores e sons, transformando mem\u00f3rias em sementes de um futuro reimaginado.<\/span><\/span><span class=\"s6\"><span class=\"bumpedFont15\"><br \/>\n<\/span><\/span><\/p>\n<p class=\"s8\"><span class=\"s6\"><span class=\"bumpedFont15\">O curta \u201cE Assim Aprendi a Voar\u201d, dirigido por Antonio Fargoni e estrelado por Guilherme Sussu\u00e1rna, recebeu Men\u00e7\u00e3o Honrosa, refor\u00e7ando a for\u00e7a da produ\u00e7\u00e3o rondoniense no cen\u00e1rio audiovisual.<\/span><\/span><\/p>\n<p class=\"s10\"><span class=\"s9\"><span class=\"bumpedFont15\">Vozes dos Premiados<\/span><\/span><\/p>\n<p class=\"s12\"><span class=\"s6\"><span class=\"bumpedFont15\">Fabiano Barros, diretor de <\/span><\/span><span class=\"s5\"><span class=\"bumpedFont15\">Mucura<\/span><\/span><span class=\"s6\"><span class=\"bumpedFont15\">, celebrou o reconhecimento do J\u00fari Jovem: <\/span><\/span><span class=\"s5\"><span class=\"bumpedFont15\">\u201cReceber este pr\u00eamio do J\u00fari Jovem \u00e9 especialmente simb\u00f3lico. Significa que novas gera\u00e7\u00f5es est\u00e3o abertas a um olhar mais amplo e contempor\u00e2neo para o cinema da Amaz\u00f4nia, livre de estere\u00f3tipos. \u00c9 a confirma\u00e7\u00e3o de que nosso trabalho abre portas para um novo imagin\u00e1rio e inspira outros realizadores.\u201d<\/span><\/span><\/p>\n<p class=\"s12\"><span class=\"s6\"><span class=\"bumpedFont15\"><img data-recalc-dims=\"1\" loading=\"lazy\" decoding=\"async\" data-attachment-id=\"37539\" data-permalink=\"http:\/\/blogdalucianaoliveira.com.br\/blog\/2025\/09\/24\/mucura-conquista-melhor-filme-do-juri-jovem-no-maior-festival-de-cinema-da-amazonia\/8d74c3d0-a9ad-4616-9ea8-268e64a8f9eb\/\" data-orig-file=\"https:\/\/i0.wp.com\/blogdalucianaoliveira.com.br\/blog\/wp-content\/uploads\/2025\/09\/8d74c3d0-a9ad-4616-9ea8-268e64a8f9eb.jpeg?fit=1600%2C1066\" data-orig-size=\"1600,1066\" data-comments-opened=\"0\" data-image-meta=\"{&quot;aperture&quot;:&quot;0&quot;,&quot;credit&quot;:&quot;&quot;,&quot;camera&quot;:&quot;&quot;,&quot;caption&quot;:&quot;&quot;,&quot;created_timestamp&quot;:&quot;1758724894&quot;,&quot;copyright&quot;:&quot;&quot;,&quot;focal_length&quot;:&quot;0&quot;,&quot;iso&quot;:&quot;0&quot;,&quot;shutter_speed&quot;:&quot;0&quot;,&quot;title&quot;:&quot;&quot;,&quot;orientation&quot;:&quot;0&quot;}\" data-image-title=\"8d74c3d0-a9ad-4616-9ea8-268e64a8f9eb\" data-image-description=\"\" data-image-caption=\"\" data-medium-file=\"https:\/\/i0.wp.com\/blogdalucianaoliveira.com.br\/blog\/wp-content\/uploads\/2025\/09\/8d74c3d0-a9ad-4616-9ea8-268e64a8f9eb.jpeg?fit=300%2C200\" data-large-file=\"https:\/\/i0.wp.com\/blogdalucianaoliveira.com.br\/blog\/wp-content\/uploads\/2025\/09\/8d74c3d0-a9ad-4616-9ea8-268e64a8f9eb.jpeg?fit=600%2C400\" class=\"alignnone size-medium wp-image-37539\" src=\"https:\/\/i0.wp.com\/blogdalucianaoliveira.com.br\/blog\/wp-content\/uploads\/2025\/09\/8d74c3d0-a9ad-4616-9ea8-268e64a8f9eb.jpeg?resize=300%2C200\" alt=\"\" width=\"300\" height=\"200\" srcset=\"https:\/\/i0.wp.com\/blogdalucianaoliveira.com.br\/blog\/wp-content\/uploads\/2025\/09\/8d74c3d0-a9ad-4616-9ea8-268e64a8f9eb.jpeg?resize=300%2C200 300w, https:\/\/i0.wp.com\/blogdalucianaoliveira.com.br\/blog\/wp-content\/uploads\/2025\/09\/8d74c3d0-a9ad-4616-9ea8-268e64a8f9eb.jpeg?resize=1024%2C682 1024w, https:\/\/i0.wp.com\/blogdalucianaoliveira.com.br\/blog\/wp-content\/uploads\/2025\/09\/8d74c3d0-a9ad-4616-9ea8-268e64a8f9eb.jpeg?resize=768%2C512 768w, https:\/\/i0.wp.com\/blogdalucianaoliveira.com.br\/blog\/wp-content\/uploads\/2025\/09\/8d74c3d0-a9ad-4616-9ea8-268e64a8f9eb.jpeg?resize=1536%2C1023 1536w, https:\/\/i0.wp.com\/blogdalucianaoliveira.com.br\/blog\/wp-content\/uploads\/2025\/09\/8d74c3d0-a9ad-4616-9ea8-268e64a8f9eb.jpeg?resize=450%2C300 450w, https:\/\/i0.wp.com\/blogdalucianaoliveira.com.br\/blog\/wp-content\/uploads\/2025\/09\/8d74c3d0-a9ad-4616-9ea8-268e64a8f9eb.jpeg?w=1600 1600w, https:\/\/i0.wp.com\/blogdalucianaoliveira.com.br\/blog\/wp-content\/uploads\/2025\/09\/8d74c3d0-a9ad-4616-9ea8-268e64a8f9eb.jpeg?w=1200 1200w\" sizes=\"auto, (max-width: 300px) 100vw, 300px\" \/><br \/>\nKaline Leigue, atriz de <\/span><\/span><span class=\"s5\"><span class=\"bumpedFont15\">Mucura<\/span><\/span><span class=\"s6\"><span class=\"bumpedFont15\"> e diretora de <\/span><\/span><span class=\"s5\"><span class=\"bumpedFont15\">A Mem\u00f3ria que Ficou<\/span><\/span><span class=\"s6\"><span class=\"bumpedFont15\">, tamb\u00e9m destacou a import\u00e2ncia do momento: \u201c\u00c9 emocionante ver <\/span><\/span><span class=\"s5\"><span class=\"bumpedFont15\">A Mem\u00f3ria que Ficou<\/span><\/span><span class=\"s6\"><span class=\"bumpedFont15\"> alcan\u00e7ar tantas pessoas e, agora, receber essa consultoria que vai ampliar ainda mais meu processo criativo. Esse pr\u00eamio refor\u00e7a a pot\u00eancia das hist\u00f3rias que nascem da mem\u00f3ria e da nossa ancestralidade.\u201d<\/span><\/span><span class=\"s6\"><span class=\"bumpedFont15\"><br \/>\n<\/span><\/span><span class=\"s6\"><span class=\"bumpedFont15\"><br \/>\n<\/span><\/span><span class=\"s6\"><span class=\"bumpedFont15\">Guilherme Sussuarana afirmou: <\/span><\/span><span class=\"s5\"><span class=\"bumpedFont15\">\u201cQuase perdi as esperan\u00e7as, at\u00e9 que o audiovisual me ressuscitou, mostrando que a vida d\u00e1 voltas, que o destino se reinventa e que sempre h\u00e1 luz no fim do t\u00fanel, porque, no fim, a vida \u00e9 mesmo uma caixinha de surpresas.\u201d<\/span><\/span><\/p>\n<p class=\"s13\"><span class=\"s6\"><span class=\"bumpedFont15\">Com esses reconhecimentos, <\/span><\/span><span class=\"s5\"><span class=\"bumpedFont15\">Mucura<\/span><\/span><span class=\"s6\"><span class=\"bumpedFont15\"> n\u00e3o apenas consolida a trajet\u00f3ria do cinema rondoniense, mas tamb\u00e9m eleva a produ\u00e7\u00e3o regional a um patamar de inven\u00e7\u00e3o est\u00e9tica e narrativa que dialoga com o melhor do cinema contempor\u00e2neo brasileiro.<\/span><\/span><\/p>\n<p>&nbsp;<\/p>\n","protected":false},"excerpt":{"rendered":"<p>Da assessoria &#8211; \u201cE agora, chegamos ao momento mais aguardado. O filme que, para o nosso j\u00fari, se destacou por sua execu\u00e7\u00e3o em todos os aspectos: a dire\u00e7\u00e3o, o roteiro, a atua\u00e7\u00e3o e a capacidade de nos envolver do in\u00edcio ao fim. \u00c9 uma obra que nos conta uma hist\u00f3ria dif\u00edcil de uma maneira extremamente&#8230;<a class=\"more-link\" href=\"http:\/\/blogdalucianaoliveira.com.br\/blog\/2025\/09\/24\/mucura-conquista-melhor-filme-do-juri-jovem-no-maior-festival-de-cinema-da-amazonia\/\">Continue a leitura <span class=\"meta-nav\">&raquo;<\/span><\/a><\/p>\n","protected":false},"author":1,"featured_media":0,"comment_status":"closed","ping_status":"open","sticky":false,"template":"","format":"standard","meta":{"_exactmetrics_skip_tracking":false,"_exactmetrics_sitenote_active":false,"_exactmetrics_sitenote_note":"","_exactmetrics_sitenote_category":0,"jetpack_post_was_ever_published":false,"_jetpack_newsletter_access":"","_jetpack_dont_email_post_to_subs":false,"_jetpack_newsletter_tier_id":0,"_jetpack_memberships_contains_paywalled_content":false,"_jetpack_memberships_contains_paid_content":false,"footnotes":"","jetpack_publicize_message":"","jetpack_publicize_feature_enabled":true,"jetpack_social_post_already_shared":true,"jetpack_social_options":{"image_generator_settings":{"template":"highway","enabled":false},"version":2}},"categories":[1],"tags":[252,253,1488,7],"class_list":["post-37537","post","type-post","status-publish","format-standard","hentry","category-notas","tag-amazonia","tag-filme","tag-mucura","tag-rondonia"],"jetpack_publicize_connections":[],"jetpack_sharing_enabled":true,"jetpack_featured_media_url":"","jetpack_shortlink":"https:\/\/wp.me\/p7wKYW-9Lr","jetpack-related-posts":[],"_links":{"self":[{"href":"http:\/\/blogdalucianaoliveira.com.br\/blog\/wp-json\/wp\/v2\/posts\/37537","targetHints":{"allow":["GET"]}}],"collection":[{"href":"http:\/\/blogdalucianaoliveira.com.br\/blog\/wp-json\/wp\/v2\/posts"}],"about":[{"href":"http:\/\/blogdalucianaoliveira.com.br\/blog\/wp-json\/wp\/v2\/types\/post"}],"author":[{"embeddable":true,"href":"http:\/\/blogdalucianaoliveira.com.br\/blog\/wp-json\/wp\/v2\/users\/1"}],"replies":[{"embeddable":true,"href":"http:\/\/blogdalucianaoliveira.com.br\/blog\/wp-json\/wp\/v2\/comments?post=37537"}],"version-history":[{"count":1,"href":"http:\/\/blogdalucianaoliveira.com.br\/blog\/wp-json\/wp\/v2\/posts\/37537\/revisions"}],"predecessor-version":[{"id":37541,"href":"http:\/\/blogdalucianaoliveira.com.br\/blog\/wp-json\/wp\/v2\/posts\/37537\/revisions\/37541"}],"wp:attachment":[{"href":"http:\/\/blogdalucianaoliveira.com.br\/blog\/wp-json\/wp\/v2\/media?parent=37537"}],"wp:term":[{"taxonomy":"category","embeddable":true,"href":"http:\/\/blogdalucianaoliveira.com.br\/blog\/wp-json\/wp\/v2\/categories?post=37537"},{"taxonomy":"post_tag","embeddable":true,"href":"http:\/\/blogdalucianaoliveira.com.br\/blog\/wp-json\/wp\/v2\/tags?post=37537"}],"curies":[{"name":"wp","href":"https:\/\/api.w.org\/{rel}","templated":true}]}}