{"id":37542,"date":"2025-09-24T11:19:10","date_gmt":"2025-09-24T15:19:10","guid":{"rendered":"https:\/\/blogdalucianaoliveira.com.br\/blog\/?p=37542"},"modified":"2025-09-24T11:20:12","modified_gmt":"2025-09-24T15:20:12","slug":"37542","status":"publish","type":"post","link":"http:\/\/blogdalucianaoliveira.com.br\/blog\/2025\/09\/24\/37542\/","title":{"rendered":"iBest 2025: 247 passa para a final como melhor canal de not\u00edcias do Brasil"},"content":{"rendered":"<p><img data-recalc-dims=\"1\" loading=\"lazy\" decoding=\"async\" data-attachment-id=\"37543\" data-permalink=\"http:\/\/blogdalucianaoliveira.com.br\/blog\/2025\/09\/24\/37542\/img_7411\/\" data-orig-file=\"https:\/\/i0.wp.com\/blogdalucianaoliveira.com.br\/blog\/wp-content\/uploads\/2025\/09\/IMG_7411.webp?fit=500%2C240\" data-orig-size=\"500,240\" data-comments-opened=\"0\" data-image-meta=\"{&quot;aperture&quot;:&quot;0&quot;,&quot;credit&quot;:&quot;&quot;,&quot;camera&quot;:&quot;&quot;,&quot;caption&quot;:&quot;&quot;,&quot;created_timestamp&quot;:&quot;0&quot;,&quot;copyright&quot;:&quot;&quot;,&quot;focal_length&quot;:&quot;0&quot;,&quot;iso&quot;:&quot;0&quot;,&quot;shutter_speed&quot;:&quot;0&quot;,&quot;title&quot;:&quot;&quot;,&quot;orientation&quot;:&quot;0&quot;}\" data-image-title=\"IMG_7411\" data-image-description=\"\" data-image-caption=\"\" data-medium-file=\"https:\/\/i0.wp.com\/blogdalucianaoliveira.com.br\/blog\/wp-content\/uploads\/2025\/09\/IMG_7411.webp?fit=300%2C144\" data-large-file=\"https:\/\/i0.wp.com\/blogdalucianaoliveira.com.br\/blog\/wp-content\/uploads\/2025\/09\/IMG_7411.webp?fit=500%2C240\" class=\"alignnone size-medium wp-image-37543\" src=\"https:\/\/i0.wp.com\/blogdalucianaoliveira.com.br\/blog\/wp-content\/uploads\/2025\/09\/IMG_7411.webp?resize=300%2C144\" alt=\"\" width=\"300\" height=\"144\" srcset=\"https:\/\/i0.wp.com\/blogdalucianaoliveira.com.br\/blog\/wp-content\/uploads\/2025\/09\/IMG_7411.webp?resize=300%2C144 300w, https:\/\/i0.wp.com\/blogdalucianaoliveira.com.br\/blog\/wp-content\/uploads\/2025\/09\/IMG_7411.webp?w=500 500w\" sizes=\"auto, (max-width: 300px) 100vw, 300px\" \/><\/p>\n<p><b>247 &#8211;<\/b> Em mais um passo importante de reconhecimento, o Brasil 247 avan\u00e7ou em definitivo para a final do Pr\u00eamio iBest 2025 na categoria \u2018Not\u00edcias e Jornalismo\u2019, superando algumas marcas consagradas da comunica\u00e7\u00e3o brasileira, como g1, CNN Brasil e Folha de S. Paulo. <!--more--><\/p>\n<p>O 247 ainda concorre em uma segunda categoria \u2013 \u2018Canal de Pol\u00edtica\u2019 \u2013, onde disputa uma das duas vagas restantes para a final. Por isso, <b>contamos com seu apoio. <\/b><a href=\"https:\/\/app.premioibest.com\/votacao\/canal-de-politica\/103369059\" target=\"_blank\" rel=\"noopener noreferrer nofollow\"><b>Vote agora<\/b><\/a><b>.<\/b> O Brasil 247 busca o tricampeonato nesta categoria, na qual se sagrou vencedor em 2023 e 2024, consolidando sua relev\u00e2ncia no jornalismo digital brasileiro.<\/p>\n<p><b>N\u00e3o deixe de <\/b><a href=\"https:\/\/app.premioibest.com\/votacao\/canal-de-politica\/103369059\" target=\"_blank\" rel=\"noopener noreferrer nofollow\"><b>votar<\/b><\/a>. Cada apoio di\u00e1rio \u00e9 fundamental para que o jornalismo independente continue fortalecendo a democracia e ampliando o debate p\u00fablico no pa\u00eds.<\/p>\n<h2>Entenda a premia\u00e7\u00e3o<\/h2>\n<p>O Pr\u00eamio iBest \u00e9 considerado a maior refer\u00eancia no reconhecimento dos melhores da internet brasileira desde 1996. Em 2024, teve cerca de 31 milh\u00f5es de usu\u00e1rios \u00fanicos. A premia\u00e7\u00e3o ocorre entre abril de 2025 e mar\u00e7o de 2026, em cinco fases distintas.<\/p>\n<p>A primeira delas foi a Sele\u00e7\u00e3o iBest, que aconteceu de 23 de abril a 13 de junho. Nessa etapa, o iBest realizou a pr\u00e9-sele\u00e7\u00e3o das iniciativas digitais mais relevantes e submeteu essas listas a uma pr\u00e9-vota\u00e7\u00e3o nacional. Durante essa fase, por meio do site do pr\u00eamio, cada usu\u00e1rio p\u00f4de dar at\u00e9 tr\u00eas votos por dia em cada categoria, seja em uma \u00fanica intera\u00e7\u00e3o ou ao longo do dia, com o limite de um voto di\u00e1rio por concorrente em cada categoria. At\u00e9 quatro iniciativas mais votadas podem integrar o Top 20 de cada categoria e, destas, at\u00e9 duas podem ser autenticadas como iBest Top 10 para concorrer ao t\u00edtulo nacional.<\/p>\n<p>A segunda fase, a iBest Top 20, foi divulgada entre 14 de julho e 4 de agosto. Os 20 melhores de cada categoria foram escolhidos a partir dos Top 3 da edi\u00e7\u00e3o anterior, dos mais bem colocados na fase Sele\u00e7\u00e3o, do processo de Passe Direto e da an\u00e1lise t\u00e9cnica do Comit\u00ea iBest. Nas categorias novas, a composi\u00e7\u00e3o incluiu tamb\u00e9m a avalia\u00e7\u00e3o pelo algoritmo IRD (\u00cdndice de Relev\u00e2ncia Digital).<\/p>\n<p>A terceira fase \u00e9 a que est\u00e1 em andamento neste momento, a iBest Top 10, com vota\u00e7\u00e3o aberta entre 25 de agosto e 26 de outubro. Os finalistas s\u00e3o definidos com base no IRD, na an\u00e1lise t\u00e9cnica do Comit\u00ea e nos resultados da fase Sele\u00e7\u00e3o. Nesta etapa, inicia-se tamb\u00e9m o duplo processo de vota\u00e7\u00e3o: uma aberta ao p\u00fablico e outra realizada pela Academia iBest.<\/p>\n<p>Em seguida, acontece a fase iBest Top 3, com vota\u00e7\u00e3o entre 24 de novembro e 9 de janeiro de 2026. As tr\u00eas iniciativas mais votadas em cada categoria avan\u00e7am para a disputa final, podendo vencer pelo voto popular e\/ou pela escolha da Academia. Por fim, os vencedores do Pr\u00eamio iBest 2025 ser\u00e3o anunciados em mar\u00e7o de 2026.<\/p>\n<article class=\"article__full\">\n<div class=\"article__text article_speakable\">\n<div data-cy=\"articleBody\">\n<p>A participa\u00e7\u00e3o na premia\u00e7\u00e3o \u00e9 gratuita, tanto para votantes quanto para concorrentes, e aberta a iniciativas de pessoas f\u00edsicas e jur\u00eddicas indistintamente.<\/p>\n<\/div>\n<\/div>\n<\/article>\n<section class=\"section marginTop30 minHeight250\"><\/section>\n","protected":false},"excerpt":{"rendered":"<p>247 &#8211; Em mais um passo importante de reconhecimento, o Brasil 247 avan\u00e7ou em definitivo para a final do Pr\u00eamio iBest 2025 na categoria \u2018Not\u00edcias e Jornalismo\u2019, superando algumas marcas consagradas da comunica\u00e7\u00e3o brasileira, como g1, CNN Brasil e Folha de S. Paulo.<\/p>\n","protected":false},"author":1,"featured_media":0,"comment_status":"closed","ping_status":"open","sticky":false,"template":"","format":"standard","meta":{"_exactmetrics_skip_tracking":false,"_exactmetrics_sitenote_active":false,"_exactmetrics_sitenote_note":"","_exactmetrics_sitenote_category":0,"jetpack_post_was_ever_published":false,"_jetpack_newsletter_access":"","_jetpack_dont_email_post_to_subs":false,"_jetpack_newsletter_tier_id":0,"_jetpack_memberships_contains_paywalled_content":false,"_jetpack_memberships_contains_paid_content":false,"footnotes":"","jetpack_publicize_message":"","jetpack_publicize_feature_enabled":true,"jetpack_social_post_already_shared":true,"jetpack_social_options":{"image_generator_settings":{"template":"highway","enabled":false},"version":2}},"categories":[1],"tags":[765,1502,1501],"class_list":["post-37542","post","type-post","status-publish","format-standard","hentry","category-notas","tag-brasil-247","tag-ibest","tag-premio"],"jetpack_publicize_connections":[],"jetpack_sharing_enabled":true,"jetpack_featured_media_url":"","jetpack_shortlink":"https:\/\/wp.me\/s7wKYW-37542","jetpack-related-posts":[],"_links":{"self":[{"href":"http:\/\/blogdalucianaoliveira.com.br\/blog\/wp-json\/wp\/v2\/posts\/37542","targetHints":{"allow":["GET"]}}],"collection":[{"href":"http:\/\/blogdalucianaoliveira.com.br\/blog\/wp-json\/wp\/v2\/posts"}],"about":[{"href":"http:\/\/blogdalucianaoliveira.com.br\/blog\/wp-json\/wp\/v2\/types\/post"}],"author":[{"embeddable":true,"href":"http:\/\/blogdalucianaoliveira.com.br\/blog\/wp-json\/wp\/v2\/users\/1"}],"replies":[{"embeddable":true,"href":"http:\/\/blogdalucianaoliveira.com.br\/blog\/wp-json\/wp\/v2\/comments?post=37542"}],"version-history":[{"count":2,"href":"http:\/\/blogdalucianaoliveira.com.br\/blog\/wp-json\/wp\/v2\/posts\/37542\/revisions"}],"predecessor-version":[{"id":37545,"href":"http:\/\/blogdalucianaoliveira.com.br\/blog\/wp-json\/wp\/v2\/posts\/37542\/revisions\/37545"}],"wp:attachment":[{"href":"http:\/\/blogdalucianaoliveira.com.br\/blog\/wp-json\/wp\/v2\/media?parent=37542"}],"wp:term":[{"taxonomy":"category","embeddable":true,"href":"http:\/\/blogdalucianaoliveira.com.br\/blog\/wp-json\/wp\/v2\/categories?post=37542"},{"taxonomy":"post_tag","embeddable":true,"href":"http:\/\/blogdalucianaoliveira.com.br\/blog\/wp-json\/wp\/v2\/tags?post=37542"}],"curies":[{"name":"wp","href":"https:\/\/api.w.org\/{rel}","templated":true}]}}