{"id":37547,"date":"2025-09-24T12:28:17","date_gmt":"2025-09-24T16:28:17","guid":{"rendered":"https:\/\/blogdalucianaoliveira.com.br\/blog\/?p=37547"},"modified":"2025-09-24T12:28:17","modified_gmt":"2025-09-24T16:28:17","slug":"em-votacao-unanime-ccj-do-senado-rejeita-e-enterra-pec-da-blindagem","status":"publish","type":"post","link":"http:\/\/blogdalucianaoliveira.com.br\/blog\/2025\/09\/24\/em-votacao-unanime-ccj-do-senado-rejeita-e-enterra-pec-da-blindagem\/","title":{"rendered":"Em vota\u00e7\u00e3o un\u00e2nime, CCJ do Senado rejeita e enterra PEC da Blindagem"},"content":{"rendered":"<p><img data-recalc-dims=\"1\" loading=\"lazy\" decoding=\"async\" data-attachment-id=\"37548\" data-permalink=\"http:\/\/blogdalucianaoliveira.com.br\/blog\/2025\/09\/24\/em-votacao-unanime-ccj-do-senado-rejeita-e-enterra-pec-da-blindagem\/img_7414\/\" data-orig-file=\"https:\/\/i0.wp.com\/blogdalucianaoliveira.com.br\/blog\/wp-content\/uploads\/2025\/09\/IMG_7414.jpeg?fit=1000%2C667\" data-orig-size=\"1000,667\" data-comments-opened=\"0\" data-image-meta=\"{&quot;aperture&quot;:&quot;0&quot;,&quot;credit&quot;:&quot;Geraldo Magela&quot;,&quot;camera&quot;:&quot;&quot;,&quot;caption&quot;:&quot;&quot;,&quot;created_timestamp&quot;:&quot;0&quot;,&quot;copyright&quot;:&quot;Senado Federal do Brasil&quot;,&quot;focal_length&quot;:&quot;0&quot;,&quot;iso&quot;:&quot;0&quot;,&quot;shutter_speed&quot;:&quot;0&quot;,&quot;title&quot;:&quot;&quot;,&quot;orientation&quot;:&quot;1&quot;}\" data-image-title=\"IMG_7414\" data-image-description=\"\" data-image-caption=\"\" data-medium-file=\"https:\/\/i0.wp.com\/blogdalucianaoliveira.com.br\/blog\/wp-content\/uploads\/2025\/09\/IMG_7414.jpeg?fit=300%2C200\" data-large-file=\"https:\/\/i0.wp.com\/blogdalucianaoliveira.com.br\/blog\/wp-content\/uploads\/2025\/09\/IMG_7414.jpeg?fit=600%2C400\" class=\"alignnone size-medium wp-image-37548\" src=\"https:\/\/i0.wp.com\/blogdalucianaoliveira.com.br\/blog\/wp-content\/uploads\/2025\/09\/IMG_7414.jpeg?resize=300%2C200\" alt=\"\" width=\"300\" height=\"200\" srcset=\"https:\/\/i0.wp.com\/blogdalucianaoliveira.com.br\/blog\/wp-content\/uploads\/2025\/09\/IMG_7414.jpeg?resize=300%2C200 300w, https:\/\/i0.wp.com\/blogdalucianaoliveira.com.br\/blog\/wp-content\/uploads\/2025\/09\/IMG_7414.jpeg?resize=768%2C512 768w, https:\/\/i0.wp.com\/blogdalucianaoliveira.com.br\/blog\/wp-content\/uploads\/2025\/09\/IMG_7414.jpeg?resize=450%2C300 450w, https:\/\/i0.wp.com\/blogdalucianaoliveira.com.br\/blog\/wp-content\/uploads\/2025\/09\/IMG_7414.jpeg?w=1000 1000w\" sizes=\"auto, (max-width: 300px) 100vw, 300px\" \/><\/p>\n<h2 class=\"content-head__subtitle\">Decis\u00e3o do colegiado impede recursos e vota\u00e7\u00f5es no plen\u00e1rio. Alvo de press\u00f5es internas e protestos, texto ampliava prote\u00e7\u00e3o a parlamentares na Justi\u00e7a.<\/h2>\n<p><!--more--><\/p>\n<div id=\"chunk-3ebmj\">\n<div class=\"mc-column content-text active-extra-styles \" data-block-type=\"unstyled\" data-block-weight=\"28\" data-block-id=\"3\">\n<p class=\" content-text__container \" data-track-category=\"Link no Texto\" data-track-links=\"\">G1, por Kevin Lima &#8211; A Comiss\u00e3o de Constitui\u00e7\u00e3o e Justi\u00e7a (CCJ) do <a class=\"\" href=\"https:\/\/g1.globo.com\/tudo-sobre\/senado-federal\/\">Senado<\/a> rejeitou nesta quarta-feira (24) a <a class=\"\" href=\"https:\/\/g1.globo.com\/politica\/noticia\/2025\/09\/17\/pec-da-blindagem-centrao-articula-e-camara-retoma-votacao-secreta-para-abertura-de-processos.ghtml\">Proposta de Emenda \u00e0 Constitui\u00e7\u00e3o (PEC) que amplia a prote\u00e7\u00e3o de parlamentares na Justi\u00e7a<\/a>.<\/p>\n<\/div>\n<\/div>\n<div class=\"wall protected-content\">\n<div id=\"chunk-5v7om\">\n<div class=\"mc-column content-text active-extra-styles \" data-block-type=\"unstyled\" data-block-weight=\"47\" data-block-id=\"4\">\n<p class=\" content-text__container \" data-track-category=\"Link no Texto\" data-track-links=\"\"><span class=\"highlight highlighted\">A decis\u00e3o do colegiado, tomada de forma un\u00e2nime, enterra regimentalmente a chamada <\/span><a class=\"\" href=\"https:\/\/g1.globo.com\/politica\/noticia\/2025\/09\/17\/pec-da-blindagem-centrao-articula-e-camara-retoma-votacao-secreta-para-abertura-de-processos.ghtml\"><span class=\"highlight highlighted\">PEC da Blindagem<\/span><\/a><span class=\"highlight highlighted\"> no Congresso.<\/span> Pelas regras internas do Senado, um recurso para levar a proposta \u00e0 discuss\u00e3o no plen\u00e1rio principal da Casa somente poderia ser apresentado se a vota\u00e7\u00e3o da CCJ n\u00e3o fosse un\u00e2nime.<\/p>\n<\/div>\n<\/div>\n<div id=\"chunk-500ss\">\n<div class=\"mc-column content-text active-extra-styles \" data-block-type=\"unstyled\" data-block-weight=\"34\" data-block-id=\"5\">\n<p class=\" content-text__container \" data-track-category=\"Link no Texto\" data-track-links=\"\">O presidente da CCJ, senador <a class=\"\" href=\"https:\/\/g1.globo.com\/politica\/politico\/otto-alencar\/\">Otto Alencar<\/a>(<a class=\"\" href=\"https:\/\/g1.globo.com\/politica\/partido\/psd\/\">PSD<\/a>-BA), afirmou que, apesar da regra, h\u00e1 um acordo com o presidente do Senado, Davi Alcolumbre (Uni\u00e3o-AP), para que o texto v\u00e1 ao plen\u00e1rio da Casa.<\/p>\n<\/div>\n<\/div>\n<div id=\"chunk-e9p8d\">\n<div class=\"mc-column content-text active-extra-styles \" data-block-type=\"unstyled\" data-block-weight=\"24\" data-block-id=\"6\">\n<p class=\" content-text__container \" data-track-category=\"Link no Texto\" data-track-links=\"\">Procurada, a assessoria de Alcolumbre disse que a proposta n\u00e3o deve ser enviada ao plen\u00e1rio. <span class=\"highlight highlighted\">Caber\u00e1 a Alcolumbre, segundo assessores, apenas comunicar o arquivamento.<\/span><\/p>\n<\/div>\n<\/div>\n<div id=\"chunk-2n8rf\">\n<div class=\"mc-column content-text active-extra-styles \" data-block-type=\"unstyled\" data-block-weight=\"35\" data-block-id=\"7\">\n<p class=\" content-text__container \" data-track-category=\"Link no Texto\" data-track-links=\"\">A PEC havia sido aprovada pela <a class=\"\" href=\"https:\/\/g1.globo.com\/tudo-sobre\/camara-dos-deputados\/\">C\u00e2mara dos Deputados<\/a> na semana passada. Ao longo dos \u00faltimos dias, o <a class=\"\" href=\"https:\/\/g1.globo.com\/politica\/noticia\/2025\/09\/21\/atos-contra-a-pec-da-blindagem-e-o-pl-da-anistia-reunem-manifestantes-em-brasilia-salvador-e-joao-pessoa.ghtml\">texto foi alvo de manifesta\u00e7\u00f5es populares<\/a> e de press\u00f5es internas no Senado contr\u00e1rias ao avan\u00e7o da proposta.<\/p>\n<\/div>\n<\/div>\n<div id=\"chunk-7aod2\">\n<div class=\"mc-column content-text active-extra-styles \" data-block-type=\"unstyled\" data-block-weight=\"47\" data-block-id=\"8\">\n<p class=\" content-text__container \" data-track-category=\"Link no Texto\" data-track-links=\"\">Diante da repercuss\u00e3o negativa, o presidente da CCJ, senador Otto Alencar (PSD-BA), adotou um ritmo acelerado e decidiu colocar a PEC em vota\u00e7\u00e3o apenas uma semana depois de receber o texto. Ele escolheu o senador Alessandro Vieira (<a class=\"\" href=\"https:\/\/g1.globo.com\/politica\/partido\/mdb\/\">MDB<\/a>-SE) como relator, que tamb\u00e9m se manifestou contra a proposta.<\/p>\n<div id=\"chunk-2tcol\">\n<div class=\"mc-column content-text active-extra-styles \" data-block-type=\"unstyled\" data-block-weight=\"25\" data-block-id=\"10\">\n<p class=\" content-text__container \" data-track-category=\"Link no Texto\" data-track-links=\"\">A proposta aprovada pelos deputados estabelece que a <span class=\"highlight highlighted\">abertura de qualquer processo criminal contra parlamentares ter\u00e1 de passar pelo aval do Congresso, em vota\u00e7\u00e3o secreta<\/span>.<\/p>\n<\/div>\n<\/div>\n<div id=\"chunk-ccvsb\">\n<div class=\"mc-column content-text active-extra-styles \" data-block-type=\"unstyled\" data-block-weight=\"38\" data-block-id=\"11\">\n<p class=\" content-text__container \" data-track-category=\"Link no Texto\" data-track-links=\"\">O texto tamb\u00e9m <span class=\"highlight highlighted\">amplia o foro privilegiado para que presidentes nacionais de partidos<\/span>sejam julgados criminalmente pelo Supremo Tribunal Federal (STF), al\u00e9m de definir que deve haver <span class=\"highlight highlighted\">vota\u00e7\u00e3o secreta para o aval de pris\u00f5es em flagrante de parlamentares<\/span>.<\/p>\n<\/div>\n<\/div>\n<div id=\"chunk-88odq\">\n<div class=\"mc-column content-text active-extra-styles \" data-block-type=\"unstyled\" data-block-weight=\"39\" data-block-id=\"12\">\n<p class=\" content-text__container \" data-track-category=\"Link no Texto\" data-track-links=\"\">Em seu parecer, <a class=\"\" href=\"https:\/\/g1.globo.com\/politica\/politico\/delegado-alessandro-vieira\/\">Alessandro Vieira<\/a> avaliou que a proposta \u00e9 um &#8220;golpe fatal&#8221; na legitimidade do Congresso. Para o senador, o texto &#8220;configura portas abertas para a transforma\u00e7\u00e3o do Legislativo em abrigo seguro para criminosos de todos os tipos&#8221;.<\/p>\n<\/div>\n<\/div>\n<div id=\"chunk-1o7i8\">\n<div class=\"mc-column content-text active-extra-styles \" data-block-type=\"unstyled\" data-block-weight=\"34\" data-block-id=\"13\">\n<p class=\" content-text__container \" data-track-category=\"Link no Texto\" data-track-links=\"\"><a class=\"\" href=\"https:\/\/g1.globo.com\/politica\/noticia\/2025\/09\/17\/pec-da-blindagem-centrao-articula-e-camara-retoma-votacao-secreta-para-abertura-de-processos.ghtml\">Patrocinada pelo Centr\u00e3o<\/a>, a PEC tenta retomar, em partes, uma regra que existiu na Constitui\u00e7\u00e3o entre 1988 e 2001, que estabelecia justamente que deputados e senadores somente poderiam ser processados criminalmente com autoriza\u00e7\u00e3o pr\u00e9via.<\/p>\n<\/div>\n<\/div>\n<div id=\"chunk-buitb\">\n<div class=\"mc-column content-text active-extra-styles\" data-block-type=\"raw\" data-block-weight=\"22\" data-block-id=\"14\">\n<p class=\"content-text__container\">\n<ul class=\"content-unordered-list\">\n<li>No per\u00edodo, segundo levantamento do <a class=\"\" href=\"https:\/\/g1.globo.com\/\">g1<\/a>, o <a class=\"\" href=\"https:\/\/g1.globo.com\/politica\/noticia\/2025\/09\/16\/pec-da-blindagem-congresso-autorizou-apenas-um-processo-contra-parlamentar-entre-1988-e-2001.ghtml\">Congresso autorizou apenas uma a\u00e7\u00e3o e protegeu os seus parlamentares em mais de 250 pedidos<\/a>.<\/li>\n<\/ul>\n<p>&nbsp;<\/p>\n<\/div>\n<\/div>\n<div id=\"chunk-6qgss\">\n<div class=\"mc-column content-text active-extra-styles \" data-block-type=\"unstyled\" data-block-weight=\"46\" data-block-id=\"15\">\n<p class=\" content-text__container \" data-track-category=\"Link no Texto\" data-track-links=\"\">Bancadas partid\u00e1rias se manifestaram ao longo dos \u00faltimos dias e fecharam orienta\u00e7\u00e3o contr\u00e1ria \u00e0 PEC no Senado. A dire\u00e7\u00e3o nacional do <a class=\"\" href=\"https:\/\/g1.globo.com\/politica\/partido\/pt\/\"><strong>PT<\/strong><\/a>, por exemplo, aprovou uma resolu\u00e7\u00e3o que determina voto contr\u00e1rio \u00e0 proposta. O <strong>MDB <\/strong>e o <a class=\"\" href=\"https:\/\/g1.globo.com\/politica\/partido\/pdt\/\"><strong>PDT<\/strong><\/a>no Senado tamb\u00e9m se posicionaram contra o texto.<\/p>\n<div id=\"chunk-2m8qt\">\n<div class=\"mc-column content-text active-extra-styles \" data-block-type=\"unstyled\" data-block-weight=\"32\" data-block-id=\"18\">\n<p class=\" content-text__container \" data-track-category=\"Link no Texto\" data-track-links=\"\">O senador <a class=\"\" href=\"https:\/\/g1.globo.com\/politica\/politico\/delegado-alessandro-vieira\/\">Alessandro Vieira<\/a> afirmou que o hist\u00f3rico de prote\u00e7\u00e3o do Congresso aos pares entre 1988 e 2001 demonstra o &#8220;ardil para perpetuar a impunidade de parlamentares, mediante recusas ou meros&#8221;.<\/p>\n<\/div>\n<\/div>\n<div id=\"chunk-4uhtf\">\n<div class=\"mc-column content-text active-extra-styles \" data-block-type=\"unstyled\" data-block-weight=\"39\" data-block-id=\"19\">\n<p class=\" content-text__container \" data-track-category=\"Link no Texto\" data-track-links=\"\">&#8220;Sob apar\u00eancia de constitucionalidade, o que efetivamente se pretende n\u00e3o \u00e9 dar condi\u00e7\u00f5es plenas aos parlamentares para exercerem sua atividade-fim, mas, sim, blind\u00e1-los das penas e demais consequ\u00eancias legais do cometimento de crimes das mais variadas esp\u00e9cies&#8221;, escreveu Vieira.<\/p>\n<\/div>\n<\/div>\n<div id=\"chunk-gpkh\">\n<div class=\"mc-column content-text active-extra-styles\" data-block-type=\"raw\" data-block-weight=\"1\" data-block-id=\"20\">\n<p class=\"content-text__container\">\n<div class=\"content-intertitle\">\n<h2>Debate<\/h2>\n<\/div>\n<p>&nbsp;<\/p>\n<\/div>\n<\/div>\n<div id=\"chunk-6tnmd\">\n<div class=\"mc-column content-text active-extra-styles \" data-block-type=\"unstyled\" data-block-weight=\"17\" data-block-id=\"21\">\n<p class=\" content-text__container \" data-track-category=\"Link no Texto\" data-track-links=\"\">Ao longo desta manh\u00e3, senadores discutiram a proposta. Quase a totalidade dos parlamentares falaram contra a PEC.<\/p>\n<\/div>\n<\/div>\n<div id=\"chunk-35ttb\">\n<div class=\"mc-column content-text active-extra-styles \" data-block-type=\"unstyled\" data-block-weight=\"36\" data-block-id=\"22\">\n<p class=\" content-text__container \" data-track-category=\"Link no Texto\" data-track-links=\"\">Senadores da oposi\u00e7\u00e3o, que haviam apresentado uma sugest\u00e3o de mudan\u00e7a para limitar o alcance da blindagem, afirmaram que o debate sobre a proposta estava &#8220;contaminado&#8221; e sa\u00edram em defesa de mudan\u00e7as para proteger parlamentares da Justi\u00e7a.<\/p>\n<div id=\"chunk-99tpc\">\n<div class=\"mc-column content-text active-extra-styles \" data-block-type=\"unstyled\" data-block-weight=\"34\" data-block-id=\"24\">\n<p class=\" content-text__container \" data-track-category=\"Link no Texto\" data-track-links=\"\">Filho do ex-presidente Jair Bolsonaro (PL), o senador Fl\u00e1vio Bolsonaro (PL-RJ) afirmou que a blindagem era necess\u00e1ria para proteger congressistas de uma &#8220;categoria que est\u00e1 acima da lei&#8221;, em refer\u00eancia aos ministros do STF.<\/p>\n<\/div>\n<\/div>\n<div id=\"chunk-46mdj\">\n<div class=\"mc-column content-text active-extra-styles\" data-block-type=\"raw\" data-block-weight=\"10\" data-block-id=\"25\">\n<p class=\"content-text__container\">\n<blockquote class=\"content-blockquote theme-border-color-primary-before\"><p>&#8220;\u00c9 uma blindagem para que nada aconte\u00e7a&#8221;, afirmou o parlamentar.<\/p><\/blockquote>\n<p>&nbsp;<\/p>\n<\/div>\n<\/div>\n<div id=\"chunk-91chr\">\n<div class=\"mc-column content-text active-extra-styles \" data-block-type=\"unstyled\" data-block-weight=\"25\" data-block-id=\"26\">\n<p class=\" content-text__container \" data-track-category=\"Link no Texto\" data-track-links=\"\">O senador Magno Malta (PL-ES) defendeu a retomada do texto original da Constitui\u00e7\u00e3o para, nas palavras dele, impedir press\u00f5es do Supremo Tribunal Federal contra parlamentares.<\/p>\n<\/div>\n<\/div>\n<div id=\"chunk-7aj1m\">\n<div class=\"mc-column content-text active-extra-styles\" data-block-type=\"raw\" data-block-weight=\"3\" data-block-id=\"27\">\n<p class=\"content-text__container\">\n<div class=\"content-intertitle\">\n<h2>Manifesta\u00e7\u00f5es e entidades<\/h2>\n<\/div>\n<p>&nbsp;<\/p>\n<\/div>\n<\/div>\n<div id=\"chunk-ed3o6\">\n<div class=\"cxm-video-block mc-column glb-content-block--no-side-padding content-media content-video\" data-block-type=\"backstage-video\" data-block-id=\"28\">\n<div class=\"content-media__container content-media__container--codex-fallback\">\n<div class=\"content-video__bigger-player-description-fixer\">\n<article class=\"content-video\">\n<section class=\"content-video__video-container\">\n<div class=\"content-video__video\">\n<div class=\"content-video__placeholder\" data-video-id=\"13949731\"><img data-recalc-dims=\"1\" decoding=\"async\" class=\"content-video__placeholder__thumb\" title=\"Manifestantes v\u00e3o \u00e0s ruas, em todo o pa\u00eds, contra a PEC da blindagem\" src=\"https:\/\/i0.wp.com\/s04.video.glbimg.com\/x240\/13949731.jpg?w=600&#038;ssl=1\" alt=\"Manifestantes v\u00e3o \u00e0s ruas, em todo o pa\u00eds, contra a PEC da blindagem\" \/><\/p>\n<div>\n<div id=\"wp3-player-2\" class=\"clappr-player video-rec-after-end--enabled clappr-detach--is-detached clappr-detach--is-detached__visible\" tabindex=\"9999\" data-player=\"\">\n<div class=\"frame-ad h720 w360\">Manifestantes v\u00e3o \u00e0s ruas, em todo o pa\u00eds, contra a PEC da blindagem<\/div>\n<\/div>\n<\/div>\n<\/div>\n<\/div>\n<\/section>\n<\/article>\n<\/div>\n<\/div>\n<\/div>\n<\/div>\n<div id=\"chunk-1c04k\">\n<div class=\"mc-column content-text active-extra-styles \" data-block-type=\"unstyled\" data-block-weight=\"19\" data-block-id=\"29\">\n<p class=\" content-text__container \" data-track-category=\"Link no Texto\" data-track-links=\"\">A <a class=\"\" href=\"https:\/\/g1.globo.com\/politica\/noticia\/2025\/09\/21\/atos-contra-a-pec-da-blindagem-e-o-pl-da-anistia-reunem-manifestantes-em-brasilia-salvador-e-joao-pessoa.ghtml\">PEC da Blindagem foi alvo de protestos<\/a> registrados em todas as 27 capitais brasileiras no \u00faltimo domingo (21).<\/p>\n<\/div>\n<\/div>\n<div id=\"chunk-7dmu9\">\n<div class=\"mc-column content-text active-extra-styles \" data-block-type=\"unstyled\" data-block-weight=\"47\" data-block-id=\"30\">\n<p class=\" content-text__container \" data-track-category=\"Link no Texto\" data-track-links=\"\">Em S\u00e3o Paulo, segundo estimativa da equipe do Monitor do Debate Pol\u00edtico do Cebrap, <a class=\"\" href=\"https:\/\/g1.globo.com\/sp\/sao-paulo\/noticia\/2025\/09\/21\/no-apice-ato-contra-pec-da-blindagem-e-projeto-da-anistia-na-av-paulista-teve-424-mil-pessoas-diz-levantamento-da-usp.ghtml\">42,4 mil pessoas participaram do ato na avenida Paulista<\/a>. No Rio de Janeiro, a estimativa \u00e9 de que, no \u00e1pice da manifesta\u00e7\u00e3o, <a class=\"\" href=\"https:\/\/g1.globo.com\/rj\/rio-de-janeiro\/noticia\/2025\/09\/21\/manifestacao-reune-milhares-de-pessoas-em-copacabana.ghtml\">mais de 41 mil pessoas estavam presentes na Praia de Copacabana<\/a>.<\/p>\n<div id=\"chunk-33ac7\">\n<div class=\"mc-column content-text active-extra-styles \" data-block-type=\"unstyled\" data-block-weight=\"36\" data-block-id=\"32\">\n<p class=\" content-text__container \" data-track-category=\"Link no Texto\" data-track-links=\"\">Entidades de transpar\u00eancia tamb\u00e9m criticaram a proposta. O Pacto pela Democracia, uma coaliz\u00e3o de mais de 200 organiza\u00e7\u00f5es, manifestou-se contra o chamado PL da Anistia, afirma que a PEC &#8220;enfraquece os mecanismos de responsabiliza\u00e7\u00e3o de autoridades&#8221;.<\/p>\n<\/div>\n<\/div>\n<div id=\"chunk-4ejis\">\n<div class=\"mc-column content-text active-extra-styles \" data-block-type=\"unstyled\" data-block-weight=\"29\" data-block-id=\"33\">\n<p class=\" content-text__container \" data-track-category=\"Link no Texto\" data-track-links=\"\">O Centro de Lideran\u00e7a P\u00fablica, a Transpar\u00eancia Brasil, a Transpar\u00eancia Eleitoral Brasil e a ONG Fiquem Sabendo classificaram que a proposta &#8220;constituiria um grave retrocesso para a democracia brasileira&#8221;.<\/p>\n<\/div>\n<\/div>\n<div id=\"chunk-csjbg\">\n<div class=\"mc-column content-text active-extra-styles\" data-block-type=\"raw\" data-block-weight=\"69\" data-block-id=\"34\">\n<p class=\"content-text__container\">\n<blockquote class=\"content-blockquote theme-border-color-primary-before\"><p>&#8220;A proposta, que tem o potencial de enterrar investiga\u00e7\u00f5es sobre desvios no Or\u00e7amento Secreto e os ataques de 8 de janeiro, cria obst\u00e1culos \u00e0 responsabiliza\u00e7\u00e3o de autoridades. O efeito concreto ser\u00e1 o aumento da impunidade, o enfraquecimento do sistema de freios e contrapesos, a blindagem de parlamentares e l\u00edderes partid\u00e1rios frente \u00e0 lei, debilitando a cren\u00e7a de brasileiros na democracia&#8221;, diz nota assinada pelas entidades e mais oito organiza\u00e7\u00f5es.<\/p><\/blockquote>\n<p>&nbsp;<\/p>\n<\/div>\n<\/div>\n<div id=\"chunk-6fts0\">\n<div class=\"mc-column content-text active-extra-styles \" data-block-type=\"unstyled\" data-block-weight=\"43\" data-block-id=\"35\">\n<p class=\" content-text__container \" data-track-category=\"Link no Texto\" data-track-links=\"\">A Ordem dos Advogados do Paran\u00e1 enviou um parecer ao Senado que sustenta que a proposta \u00e9 inconstitucional em diversas frentes. Segundo a institui\u00e7\u00e3o, o texto tem v\u00edcios da vota\u00e7\u00e3o da C\u00e2mara e v\u00edcios formais, como a afronta \u00e0 separa\u00e7\u00e3o entre os Poderes.<\/p>\n<\/div>\n<\/div>\n<\/div>\n<\/div>\n<\/div>\n<\/div>\n<\/div>\n<\/div>\n<\/div>\n<\/div>\n<\/div>\n","protected":false},"excerpt":{"rendered":"<p>Decis\u00e3o do colegiado impede recursos e vota\u00e7\u00f5es no plen\u00e1rio. Alvo de press\u00f5es internas e protestos, texto ampliava prote\u00e7\u00e3o a parlamentares na Justi\u00e7a.<\/p>\n","protected":false},"author":1,"featured_media":0,"comment_status":"closed","ping_status":"open","sticky":false,"template":"","format":"standard","meta":{"_exactmetrics_skip_tracking":false,"_exactmetrics_sitenote_active":false,"_exactmetrics_sitenote_note":"","_exactmetrics_sitenote_category":0,"jetpack_post_was_ever_published":false,"_jetpack_newsletter_access":"","_jetpack_dont_email_post_to_subs":false,"_jetpack_newsletter_tier_id":0,"_jetpack_memberships_contains_paywalled_content":false,"_jetpack_memberships_contains_paid_content":false,"footnotes":"","jetpack_publicize_message":"","jetpack_publicize_feature_enabled":true,"jetpack_social_post_already_shared":true,"jetpack_social_options":{"image_generator_settings":{"template":"highway","enabled":false},"version":2}},"categories":[1],"tags":[1150,881,1495],"class_list":["post-37547","post","type-post","status-publish","format-standard","hentry","category-notas","tag-derrota","tag-impunidade","tag-pec-da-blindagem"],"jetpack_publicize_connections":[],"jetpack_sharing_enabled":true,"jetpack_featured_media_url":"","jetpack_shortlink":"https:\/\/wp.me\/p7wKYW-9LB","jetpack-related-posts":[],"_links":{"self":[{"href":"http:\/\/blogdalucianaoliveira.com.br\/blog\/wp-json\/wp\/v2\/posts\/37547","targetHints":{"allow":["GET"]}}],"collection":[{"href":"http:\/\/blogdalucianaoliveira.com.br\/blog\/wp-json\/wp\/v2\/posts"}],"about":[{"href":"http:\/\/blogdalucianaoliveira.com.br\/blog\/wp-json\/wp\/v2\/types\/post"}],"author":[{"embeddable":true,"href":"http:\/\/blogdalucianaoliveira.com.br\/blog\/wp-json\/wp\/v2\/users\/1"}],"replies":[{"embeddable":true,"href":"http:\/\/blogdalucianaoliveira.com.br\/blog\/wp-json\/wp\/v2\/comments?post=37547"}],"version-history":[{"count":1,"href":"http:\/\/blogdalucianaoliveira.com.br\/blog\/wp-json\/wp\/v2\/posts\/37547\/revisions"}],"predecessor-version":[{"id":37549,"href":"http:\/\/blogdalucianaoliveira.com.br\/blog\/wp-json\/wp\/v2\/posts\/37547\/revisions\/37549"}],"wp:attachment":[{"href":"http:\/\/blogdalucianaoliveira.com.br\/blog\/wp-json\/wp\/v2\/media?parent=37547"}],"wp:term":[{"taxonomy":"category","embeddable":true,"href":"http:\/\/blogdalucianaoliveira.com.br\/blog\/wp-json\/wp\/v2\/categories?post=37547"},{"taxonomy":"post_tag","embeddable":true,"href":"http:\/\/blogdalucianaoliveira.com.br\/blog\/wp-json\/wp\/v2\/tags?post=37547"}],"curies":[{"name":"wp","href":"https:\/\/api.w.org\/{rel}","templated":true}]}}