{"id":37553,"date":"2025-09-27T10:08:39","date_gmt":"2025-09-27T14:08:39","guid":{"rendered":"https:\/\/blogdalucianaoliveira.com.br\/blog\/?p=37553"},"modified":"2025-09-27T10:16:02","modified_gmt":"2025-09-27T14:16:02","slug":"a-ascensao-do-fascismo-no-mundo-e-no-brasil-artigo-de-leonardo-boff","status":"publish","type":"post","link":"http:\/\/blogdalucianaoliveira.com.br\/blog\/2025\/09\/27\/a-ascensao-do-fascismo-no-mundo-e-no-brasil-artigo-de-leonardo-boff\/","title":{"rendered":"A ascens\u00e3o do fascismo no mundo e no Brasil. Artigo de Leonardo Boff"},"content":{"rendered":"<p><img data-recalc-dims=\"1\" loading=\"lazy\" decoding=\"async\" data-attachment-id=\"37554\" data-permalink=\"http:\/\/blogdalucianaoliveira.com.br\/blog\/2025\/09\/27\/a-ascensao-do-fascismo-no-mundo-e-no-brasil-artigo-de-leonardo-boff\/img_7585\/\" data-orig-file=\"https:\/\/i0.wp.com\/blogdalucianaoliveira.com.br\/blog\/wp-content\/uploads\/2025\/09\/IMG_7585.png?fit=1200%2C400\" data-orig-size=\"1200,400\" data-comments-opened=\"0\" data-image-meta=\"{&quot;aperture&quot;:&quot;0&quot;,&quot;credit&quot;:&quot;&quot;,&quot;camera&quot;:&quot;&quot;,&quot;caption&quot;:&quot;&quot;,&quot;created_timestamp&quot;:&quot;0&quot;,&quot;copyright&quot;:&quot;&quot;,&quot;focal_length&quot;:&quot;0&quot;,&quot;iso&quot;:&quot;0&quot;,&quot;shutter_speed&quot;:&quot;0&quot;,&quot;title&quot;:&quot;&quot;,&quot;orientation&quot;:&quot;0&quot;}\" data-image-title=\"IMG_7585\" data-image-description=\"\" data-image-caption=\"\" data-medium-file=\"https:\/\/i0.wp.com\/blogdalucianaoliveira.com.br\/blog\/wp-content\/uploads\/2025\/09\/IMG_7585.png?fit=300%2C100\" data-large-file=\"https:\/\/i0.wp.com\/blogdalucianaoliveira.com.br\/blog\/wp-content\/uploads\/2025\/09\/IMG_7585.png?fit=600%2C200\" class=\"alignnone size-medium wp-image-37554\" src=\"https:\/\/i0.wp.com\/blogdalucianaoliveira.com.br\/blog\/wp-content\/uploads\/2025\/09\/IMG_7585.png?resize=300%2C100\" alt=\"\" width=\"300\" height=\"100\" srcset=\"https:\/\/i0.wp.com\/blogdalucianaoliveira.com.br\/blog\/wp-content\/uploads\/2025\/09\/IMG_7585.png?resize=300%2C100 300w, https:\/\/i0.wp.com\/blogdalucianaoliveira.com.br\/blog\/wp-content\/uploads\/2025\/09\/IMG_7585.png?resize=1024%2C341 1024w, https:\/\/i0.wp.com\/blogdalucianaoliveira.com.br\/blog\/wp-content\/uploads\/2025\/09\/IMG_7585.png?resize=768%2C256 768w, https:\/\/i0.wp.com\/blogdalucianaoliveira.com.br\/blog\/wp-content\/uploads\/2025\/09\/IMG_7585.png?resize=800%2C267 800w, https:\/\/i0.wp.com\/blogdalucianaoliveira.com.br\/blog\/wp-content\/uploads\/2025\/09\/IMG_7585.png?w=1200 1200w\" sizes=\"auto, (max-width: 300px) 100vw, 300px\" \/><\/p>\n<p>&nbsp;<\/p>\n<p data-pf_style_display=\"block\" data-pf_style_visibility=\"visible\"><span class=\"text-node\">&#8220;Combate-se o\u00a0<\/span><strong data-pf_style_display=\"inline\" data-pf_style_visibility=\"visible\"><span class=\"text-node\">fascismo<\/span><\/strong><span class=\"text-node\">\u00a0com mais democracia e povo na rua. Deve-se enfrentar as raz\u00f5es dos fascistas com a raz\u00e3o sensata e com a coragem de reafirmar os riscos que todos corremos. Deve-se combater duramente quem usa da liberdade para eliminar a liberdade. Devemos unirmo-nos pois n\u00e3o temos um outro planeta nem um outra\u00a0<\/span><strong data-pf_style_display=\"inline\" data-pf_style_visibility=\"visible\"><span class=\"text-node\">Arca de No\u00e9<\/span><\/strong><span class=\"text-node\">&#8220;, escreve\u00a0<\/span><a href=\"https:\/\/ihu.unisinos.br\/categorias\/636710-para-onde-estamos-indo-artigo-de-leonardo-boff\" target=\"_blank\" rel=\"noopener noreferrer\" data-pf_style_display=\"inline\" data-pf_style_visibility=\"visible\"><span class=\"text-node\">Leonardo Boff<\/span><\/a><span class=\"text-node\">, te\u00f3logo, fil\u00f3sofo e escritor,\u00a0escreveu:\u00a0<\/span><em data-pf_style_display=\"inline\" data-pf_style_visibility=\"visible\"><span class=\"text-node\">Fundamentalismo e terrorismo <\/span><\/em><span class=\"text-node\">(Vozes, 2009).<\/span><!--more--><\/p>\n<h2 data-pf_style_display=\"block\" data-pf_style_visibility=\"visible\"><span class=\"text-node\">Humanitas Unisinos &#8211; Eis o artigo.<\/span><\/h2>\n<p data-pf_style_display=\"block\" data-pf_style_visibility=\"visible\"><span class=\"text-node\">Nota-se no mundo inteiro e tamb\u00e9m no Brasil a <\/span><a href=\"https:\/\/ihu.unisinos.br\/categorias\/159-entrevistas\/650306-edicao-o-fascismo-como-um-traco-constitutivo-das-democracias-liberais-capitalistas-entrevista-especial-com-felipe-lazzari-da-silveira\" target=\"_blank\" rel=\"noopener noreferrer\" data-pf_style_display=\"inline\" data-pf_style_visibility=\"visible\"><span class=\"text-node\">ascens\u00e3o de ideias fascistas <\/span><\/a><span class=\"text-node\">ou de atitudes autorit\u00e1rias que rompem todas as leis e acordos como se nota claramente na pol\u00edtica do presidente dos <\/span><strong data-pf_style_display=\"inline\" data-pf_style_visibility=\"visible\"><span class=\"text-node\">EUA<\/span><\/strong> <a href=\"https:\/\/ihu.unisinos.br\/categorias\/657638-o-discurso-de-trump-cheio-de-mentiras-e-ilusoes-prova-a-degradacao-dos-eua-entrevista-com-jeffrey-sachs\" target=\"_blank\" rel=\"noopener noreferrer\" data-pf_style_display=\"inline\" data-pf_style_visibility=\"visible\"><span class=\"text-node\">Donald Trump<\/span><\/a><span class=\"text-node\"> com seu ufanismo <\/span><a href=\"https:\/\/ihu.unisinos.br\/657684-magaismo-a-doenca-senil-do-racismo-stalinista-artigo-de-franco-berardi\" target=\"_blank\" rel=\"noopener noreferrer\" data-pf_style_display=\"inline\" data-pf_style_visibility=\"visible\"><span class=\"text-node\">MAGA (<\/span><em data-pf_style_display=\"inline\" data-pf_style_visibility=\"visible\"><span class=\"text-node\">Make Amerika Great Again<\/span><\/em><span class=\"text-node\">)<\/span><\/a><span class=\"text-node\">. As promessas feitas pelas grandes narrativas modernas fracassaram. Produziram uma enome insatisfa\u00e7\u00e3o e depress\u00e3o mais ou menos generalizadas e ondas de raiva e de \u00f3dio. Cresce a convic\u00e7\u00e3o, especialmente devido ao clamor ecol\u00f3gico, que assim como o mundo est\u00e1 n\u00e3o pode continuar. Ou mudamos de rumo ou vamos ao encontro de uma cat\u00e1strofe b\u00edblica. \u00c9 neste contexto que vejo o fen\u00f4meno sinistro do <\/span><strong data-pf_style_display=\"inline\" data-pf_style_visibility=\"visible\"><span class=\"text-node\">fascismo <\/span><\/strong><span class=\"text-node\">e <\/span><strong data-pf_style_display=\"inline\" data-pf_style_visibility=\"visible\"><span class=\"text-node\">autoritarismo<\/span><\/strong><span class=\"text-node\"> se impondo em nossa hist\u00f3ria.<\/span><\/p>\n<p data-pf_style_display=\"block\" data-pf_style_visibility=\"visible\"><span class=\"text-node\">A palavra fascismo foi usada pela primeira vez por <\/span><a href=\"https:\/\/ihu.unisinos.br\/586608-mussolini-pio-xi-e-a-longa-noite-da-%20%20liberdade-de-culto-artigo-de-alberto-melloni\" target=\"_blank\" rel=\"noopener noreferrer\" data-pf_style_display=\"inline\" data-pf_style_visibility=\"visible\"><span class=\"text-node\">Benito Mussolini <\/span><\/a><span class=\"text-node\">em 1915 ao criar o grupo \u201c<\/span><em data-pf_style_display=\"inline\" data-pf_style_visibility=\"visible\"><span class=\"text-node\">Fasci d\u2019Azione Revolucionaria<\/span><\/em><span class=\"text-node\">\u201d. <\/span><strong data-pf_style_display=\"inline\" data-pf_style_visibility=\"visible\"><span class=\"text-node\">Fascismo<\/span><\/strong><span class=\"text-node\">\u00a0deriva do feixe (<\/span><em data-pf_style_display=\"inline\" data-pf_style_visibility=\"visible\"><span class=\"text-node\">fasci<\/span><\/em><span class=\"text-node\">) de varas, fortemente amarradas, com um machado preso ao lado. Uma vara pode ser quebrada, um feixe, \u00e9 quase imposs\u00edvel. Em 1922-1923 fundou o <\/span><strong data-pf_style_display=\"inline\" data-pf_style_visibility=\"visible\"><span class=\"text-node\">Partido Nacional Fascista<\/span><\/strong><span class=\"text-node\"> que perdurou at\u00e9 sua derrocada em 1945. Na <\/span><strong data-pf_style_display=\"inline\" data-pf_style_visibility=\"visible\"><span class=\"text-node\">Alemanha<\/span><\/strong><span class=\"text-node\"> se estabeleceu a partir de 1933 com <\/span><a href=\"https:\/\/ihu.unisinos.br\/categorias\/587990-as-origens-ideologicas-do-nazismo\" target=\"_blank\" rel=\"noopener noreferrer\" data-pf_style_display=\"inline\" data-pf_style_visibility=\"visible\"><span class=\"text-node\">Adolf Hitler<\/span><\/a><span class=\"text-node\"> que ao ser feito chanceler criou o <\/span><strong data-pf_style_display=\"inline\" data-pf_style_visibility=\"visible\"><span class=\"text-node\">Nacional-socialismo<\/span><\/strong><span class=\"text-node\">, o partido nazista que imp\u00f4s ao pa\u00eds dura disciplina, vigil\u00e2ncia e o terror dos <\/span><strong data-pf_style_display=\"inline\" data-pf_style_visibility=\"visible\"><span class=\"text-node\">SS<\/span><\/strong><span class=\"text-node\">.<\/span><\/p>\n<p data-pf_style_display=\"block\" data-pf_style_visibility=\"visible\"><span class=\"text-node\">A vigil\u00e2ncia, a viol\u00eancia direta, o terror e o exterm\u00ednio dos opositores s\u00e3o caracter\u00edsticas do fascismo hist\u00f3rico de <\/span><strong data-pf_style_display=\"inline\" data-pf_style_visibility=\"visible\"><span class=\"text-node\">Mussolini<\/span><\/strong><span class=\"text-node\"> e de <\/span><strong data-pf_style_display=\"inline\" data-pf_style_visibility=\"visible\"><span class=\"text-node\">Hitler<\/span><\/strong><span class=\"text-node\"> e entre n\u00f3s de <\/span><a href=\"https:\/\/ihu.unisinos.br\/categorias\/185-noticias-2016\/560942-pinochet-o-governante-mais-violento-e-criminoso-da-historia-do-chile\" target=\"_blank\" rel=\"noopener noreferrer\" data-pf_style_display=\"inline\" data-pf_style_visibility=\"visible\"><span class=\"text-node\">Pinochet <\/span><\/a><span class=\"text-node\">no <\/span><strong data-pf_style_display=\"inline\" data-pf_style_visibility=\"visible\"><span class=\"text-node\">Chile<\/span><\/strong><span class=\"text-node\">, de <\/span><a href=\"https:\/\/ihu.unisinos.br\/noticias\/520347-cidade-recusa-corpo-de-videla\" target=\"_blank\" rel=\"noopener noreferrer\" data-pf_style_display=\"inline\" data-pf_style_visibility=\"visible\"><span class=\"text-node\">Videla <\/span><\/a><span class=\"text-node\">na <\/span><strong data-pf_style_display=\"inline\" data-pf_style_visibility=\"visible\"><span class=\"text-node\">Argentina<\/span><\/strong><span class=\"text-node\">e no governo de <\/span><a href=\"https:\/\/ihu.unisinos.br\/entrevistas\/547493-relatorio-figueiredo-crimes-continuam-50-anos-depois-entrevista-especial-com-elena-guimaraes\" target=\"_blank\" rel=\"noopener noreferrer\" data-pf_style_display=\"inline\" data-pf_style_visibility=\"visible\"><span class=\"text-node\">Figueiredo<\/span><\/a><span class=\"text-node\">, de <\/span><a href=\"https:\/\/ihu.unisinos.br\/505145-%20biografiademediciviralibeloparamilitares\" target=\"_blank\" rel=\"noopener noreferrer\" data-pf_style_display=\"inline\" data-pf_style_visibility=\"visible\"><span class=\"text-node\">M\u00e9dici <\/span><\/a><span class=\"text-node\">e como tend\u00eancia, de <\/span><a href=\"https:\/\/ihu.unisinos.br\/categorias\/646288-bolsonarismo-e-fascismo-artigo-de-ruda-ricci\" target=\"_blank\" rel=\"noopener noreferrer\" data-pf_style_display=\"inline\" data-pf_style_visibility=\"visible\"><span class=\"text-node\">Bolsonaro <\/span><\/a><span class=\"text-node\">no Brasil.<\/span><\/p>\n<p data-pf_style_display=\"block\" data-pf_style_visibility=\"visible\"><span class=\"text-node\">O fascismo origin\u00e1rio \u00e9 deriva\u00e7\u00e3o extremada do fundamentalismo que tem larga tradi\u00e7\u00e3o em quase todas as culturas. <\/span><a href=\"https:\/\/ihu.unisinos.br\/categorias\/173-noticias-2011\/39609-nao-a-armadilha-do-choque-entre-as-civilizacoes\" target=\"_blank\" rel=\"noopener noreferrer\" data-pf_style_display=\"inline\" data-pf_style_visibility=\"visible\"><span class=\"text-node\">S. Huntington<\/span><\/a><span class=\"text-node\"> em sua discutida obra <\/span><strong data-pf_style_display=\"inline\" data-pf_style_visibility=\"visible\"><em data-pf_style_display=\"inline\" data-pf_style_visibility=\"visible\"><span class=\"text-node\">Choque de civivliza\u00e7\u00f5es\u00a0<\/span><\/em><\/strong><span class=\"text-node\">(1997) denuncia o Ocidente como um dos mais virulentos fundamentalistas e nas guerras coloniais mostrou claros sinais de fascismo. Imagina-se o melhor dos mundos, junto com os <\/span><strong data-pf_style_display=\"inline\" data-pf_style_visibility=\"visible\"><span class=\"text-node\">EUA<\/span><\/strong><span class=\"text-node\">, o que lhe confereria, segundo eles, a sua excepcionalidade. Quando o presidente<\/span><strong data-pf_style_display=\"inline\" data-pf_style_visibility=\"visible\"><span class=\"text-node\"> Donald Trump<\/span><\/strong><span class=\"text-node\"> afirma \u201c<\/span><em data-pf_style_display=\"inline\" data-pf_style_visibility=\"visible\"><span class=\"text-node\">America first<\/span><\/em><span class=\"text-node\">\u201d est\u00e1 entendendo \u201cs\u00f3 a Am\u00e9rica\u201d e o resto do mundo que se lasque.<\/span><\/p>\n<p data-pf_style_display=\"block\" data-pf_style_visibility=\"visible\"><span class=\"text-node\">Conhecemos o <\/span><a href=\"https:\/\/ihu.unisinos.br\/categorias\/169-noticias-2015\/549136-os-tres-fundamentalismos\" target=\"_blank\" rel=\"noopener noreferrer\" data-pf_style_display=\"inline\" data-pf_style_visibility=\"visible\"><span class=\"text-node\">fundamentalismo isl\u00e2mico <\/span><\/a><span class=\"text-node\">com seus in\u00fameros atentados e crimes e outros, tamb\u00e9m de grupos da Igreja Cat\u00f3lica atual. Estes creem ainda ser ela a \u00fanica e exclusiva Igreja de Cristo, fora da qual n\u00e3o h\u00e1 salva\u00e7\u00e3o. Tal vis\u00e3o err\u00f4nea e medieval, oficialmente publicada ainda no ano 2000 pelo ent\u00e3o Cardeal\u00a0<\/span><a href=\"https:\/\/ihu.unisinos.br\/625418-ratzinger-foi-um-representante-do-%20antigo-cristianismo-medieval-entrevista-com-leonardo-boff\" target=\"_blank\" rel=\"noopener noreferrer\" data-pf_style_display=\"inline\" data-pf_style_visibility=\"visible\"><span class=\"text-node\">Joseph Ratzinger<\/span><\/a><span class=\"text-node\">, depois Papa<\/span><strong data-pf_style_display=\"inline\" data-pf_style_visibility=\"visible\"><span class=\"text-node\"> Bento XVI<\/span><\/strong><span class=\"text-node\">, num documento \u201c<\/span><a href=\"https:\/\/ihu.unisinos.br\/categorias\/588719-dominus-iesus-desatou-esta-onda-de-violencia-entre-religioes-artigo-de-macario-ofilada\" target=\"_blank\" rel=\"noopener noreferrer\" data-pf_style_display=\"inline\" data-pf_style_visibility=\"visible\"><em data-pf_style_display=\"inline\" data-pf_style_visibility=\"visible\"><span class=\"text-node\">Dominus Jesus<\/span><\/em><\/a><span class=\"text-node\">\u201d, humilhou todas as igrejas, negando-lhes o t\u00edtulo de igrejas, sendo apenas comunidades com elementos eclesiais. Gra\u00e7as a Deus o <\/span><a href=\"https:\/\/ihu.unisinos.br\/650968-morreu-francisco-um-papa-contra-as-guerras-a-favor-da-ecologia-e-dos-pobres\" target=\"_blank\" rel=\"noopener noreferrer\" data-pf_style_display=\"inline\" data-pf_style_visibility=\"visible\"><span class=\"text-node\">Papa Francisco<\/span><\/a><span class=\"text-node\">, cheio de razoabilidade e de bom senso, invalidou tais distor\u00e7\u00f5es e favoreceu o m\u00fatuo reconhecimento das igrejas, todas unidas, no servi\u00e7o da humanidade e na salvaguarda do planeta seriamente amea\u00e7ado.<\/span><\/p>\n<p data-pf_style_display=\"block\" data-pf_style_visibility=\"visible\"><span class=\"text-node\">Todo aquele que pretende ser portador exclusivo da verdade est\u00e1 condenado a ser fundamentalista, com mentalidade fascistoide e sem di\u00e1logo com os outros. <\/span><a href=\"https:\/\/ihu.unisinos.br\/649630-os-90-anos-do-dalai-lama-lutem-com-paciencia-artigo-de-marco-ventura\" target=\"_blank\" rel=\"noopener noreferrer\" data-pf_style_display=\"inline\" data-pf_style_visibility=\"visible\"><span class=\"text-node\">Dalai Lama<\/span><\/a><span class=\"text-node\"> bem disse: n\u00e3o insista em dialogar com um fundamentalista. Apenas tenha compaix\u00e3o dele.<\/span><\/p>\n<p data-pf_style_display=\"block\" data-pf_style_visibility=\"visible\"><span class=\"text-node\">Aqui vale recordar as palavras do grande poeta espanhol <\/span><a href=\"https:\/\/ihu.unisinos.br\/categorias\/618722-em-meio-a-arquitetura-da-ecologia-selvagem-com-anna-tsing\" target=\"_blank\" rel=\"noopener noreferrer\" data-pf_style_display=\"inline\" data-pf_style_visibility=\"visible\"><span class=\"text-node\">Ant\u00f3nio Machado<\/span><\/a><span class=\"text-node\">, v\u00edtima da <\/span><a href=\"https:\/\/ihu.unisinos.br\/categorias\/640317-voce-realmente-viveu-melhor-com-franco-artigo-de-juan-arias\" target=\"_blank\" rel=\"noopener noreferrer\" data-pf_style_display=\"inline\" data-pf_style_visibility=\"visible\"><span class=\"text-node\">ditadura de Franco <\/span><\/a><span class=\"text-node\">na <\/span><strong data-pf_style_display=\"inline\" data-pf_style_visibility=\"visible\"><span class=\"text-node\">Espanha<\/span><\/strong><span class=\"text-node\">: \u201dN\u00e3o a tua verdade. Mas a verdade. Vem comigo busc\u00e1-la. A tua guarde-a para ti mesmo\u201d. Se juntos a procurarmos, ela ser\u00e1 ent\u00e3o mais plena.<\/span><\/p>\n<p data-pf_style_display=\"block\" data-pf_style_visibility=\"visible\"><span class=\"text-node\">O <\/span><strong data-pf_style_display=\"inline\" data-pf_style_visibility=\"visible\"><span class=\"text-node\">fascismo<\/span><\/strong><span class=\"text-node\"> nunca desapareceu totalmente, pois sempre h\u00e1 grupos que, movidos por um arqu\u00e9tipo fundamental desintegrado da totalidade, buscam a ordem de qualquer forma. \u00c9 o protofascismo atual.<\/span><\/p>\n<p data-pf_style_display=\"block\" data-pf_style_visibility=\"visible\"><span class=\"text-node\">No Brasil houve uma figura mais hil\u00e1ria que ideol\u00f3gica que prop\u00f4s o fascismo em nome do qual justificava a viol\u00eancia, a exalta\u00e7\u00e3o da tortura e de torturadores, da <\/span><a href=\"https:\/\/ihu.unisinos.br\/categorias\/590254-uma-mare-lgbt-contra-a-ameaca-bolsonaro\" target=\"_blank\" rel=\"noopener noreferrer\" data-pf_style_display=\"inline\" data-pf_style_visibility=\"visible\"><span class=\"text-node\">homofobia<\/span><\/a><span class=\"text-node\">, da misoginia e dos <\/span><strong data-pf_style_display=\"inline\" data-pf_style_visibility=\"visible\"><span class=\"text-node\">LGBTQ+<\/span><\/strong><span class=\"text-node\">. Sempre em nome de uma ordem a ser forjada contra a pretensa desordem vigente, usando de viol\u00eancia simb\u00f3lica e real.<\/span><\/p>\n<p data-pf_style_display=\"block\" data-pf_style_visibility=\"visible\"><span class=\"text-node\">Sob o condenado <\/span><a href=\"https:\/\/ihu.unisinos.br\/657144-a-queda-de-bolsonaro-as-chaves-de-uma-condenacao-historica\" target=\"_blank\" rel=\"noopener noreferrer\" data-pf_style_display=\"inline\" data-pf_style_visibility=\"visible\"><span class=\"text-node\">Jair M. Bolsonaro <\/span><\/a><span class=\"text-node\">o fascismo ganhou uma forma assassina e tr\u00e1gica: se op\u00f4s \u00e0 <\/span><a href=\"https:\/\/ihu.unisinos.br\/605882-a-pandemia-decifrou-e-revelou-a-verdade-profunda-de-bolsonaro-dos-bolsonaristas-e-do-projeto-politico-que-estao-impondo-ao-brasil-entrevista-especial-com-jose-de-souza-martins\" target=\"_blank\" rel=\"noopener noreferrer\" data-pf_style_display=\"inline\" data-pf_style_visibility=\"visible\"><span class=\"text-node\">vacina contra o Covid-19<\/span><\/a><span class=\"text-node\">, estimulou as conglomera\u00e7\u00f5es e ridicularizou o uso da m\u00e1scara e, o que \u00e9 pior, deixou morrer mais de 300 mil dentre os 716.626 vitimados, sem qualquer sentido de empatia pelos familiares e pr\u00f3ximos. Foi a express\u00e3o criminosa de desprezo pela vida de seus compatriotas. Deixou um legado sinistro.<\/span><\/p>\n<p data-pf_style_display=\"block\" data-pf_style_visibility=\"visible\"><span class=\"text-node\">Mas finalmente o l\u00edder desse protofascismo rude,<\/span><strong data-pf_style_display=\"inline\" data-pf_style_visibility=\"visible\"><span class=\"text-node\">Jair Messias Bolsonaro<\/span><\/strong><span class=\"text-node\">, forjou uma organiza\u00e7\u00e3o criminosa com militares de alta patente e outros, tentando dar um golpe de estado com o eventual assassinato das mais altas autoridades a fim de impor sua vis\u00e3o tosca do mundo. Mas foram denunciados, julgados e condenados e assim nos livramos de um tempo de trevas e de crimes hediondos.<\/span><\/p>\n<p data-pf_style_display=\"block\" data-pf_style_visibility=\"visible\"><span class=\"text-node\">O <\/span><strong data-pf_style_display=\"inline\" data-pf_style_visibility=\"visible\"><span class=\"text-node\">fascismo<\/span><\/strong><span class=\"text-node\"> sempre foi criminal como se viu recentemente em <\/span><strong data-pf_style_display=\"inline\" data-pf_style_visibility=\"visible\"><span class=\"text-node\">Utah<\/span><\/strong><span class=\"text-node\"> nos <\/span><strong data-pf_style_display=\"inline\" data-pf_style_visibility=\"visible\"><span class=\"text-node\">EUA<\/span><\/strong><span class=\"text-node\"> com o assassinato de um fundamentalista<\/span><a href=\"https:\/\/ihu.unisinos.br\/categorias\/657679-o-martirio-de-charlie-kirk-e-o-novo-estilo-apocaliptico-nos-estados-unidos-entrevista-com-pasquale-annicchino\" target=\"_blank\" rel=\"noopener noreferrer\" data-pf_style_display=\"inline\" data-pf_style_visibility=\"visible\"><span class=\"text-node\"> Charlie Kirk<\/span><\/a><span class=\"text-node\">, supremacista, anti-isl\u00e2mico e homof\u00f3bico, proclamado falsamente de m\u00e1rtir. Sob <\/span><strong data-pf_style_display=\"inline\" data-pf_style_visibility=\"visible\"><span class=\"text-node\">Hitler<\/span><\/strong><span class=\"text-node\"> criou-se a <\/span><a href=\"https:\/\/ihu.unisinos.br\/588005\" target=\"_blank\" rel=\"noopener noreferrer\" data-pf_style_display=\"inline\" data-pf_style_visibility=\"visible\"><em data-pf_style_display=\"inline\" data-pf_style_visibility=\"visible\"><span class=\"text-node\">Schoah<\/span><\/em> <\/a><span class=\"text-node\">(elimina\u00e7\u00e3o de milh\u00f5es de judeus e de outros). Usou a viol\u00eancia como forma de se relacionar com a sociedade, por isso nunca pode nem poder\u00e1 se consolidar por longo tempo. \u00c9 a pervers\u00e3o maior da sociabilidade essencial nos seres humanos.<\/span><\/p>\n<p data-pf_style_display=\"block\" data-pf_style_visibility=\"visible\"><span class=\"text-node\">Combate-se o <\/span><strong data-pf_style_display=\"inline\" data-pf_style_visibility=\"visible\"><span class=\"text-node\">fascismo<\/span><\/strong><span class=\"text-node\"> com mais democracia e povo na rua. Deve-se enfrentar as raz\u00f5es dos fascistas com a raz\u00e3o sensata e com a coragem de reafirmar os riscos que todos corremos. Deve-se combater duramente quem usa da liberdade para eliminar a liberdade. Devemos unirmo-nos pois n\u00e3o temos um outro planeta nem um outra <\/span><strong data-pf_style_display=\"inline\" data-pf_style_visibility=\"visible\"><span class=\"text-node\">Arca de No\u00e9<\/span><\/strong><span class=\"text-node\">.<\/span><\/p>\n","protected":false},"excerpt":{"rendered":"<p>&nbsp; &#8220;Combate-se o\u00a0fascismo\u00a0com mais democracia e povo na rua. Deve-se enfrentar as raz\u00f5es dos fascistas com a raz\u00e3o sensata e com a coragem de reafirmar os riscos que todos corremos. Deve-se combater duramente quem usa da liberdade para eliminar a liberdade. Devemos unirmo-nos pois n\u00e3o temos um outro planeta nem um outra\u00a0Arca de No\u00e9&#8220;, escreve\u00a0Leonardo&#8230;<a class=\"more-link\" href=\"http:\/\/blogdalucianaoliveira.com.br\/blog\/2025\/09\/27\/a-ascensao-do-fascismo-no-mundo-e-no-brasil-artigo-de-leonardo-boff\/\">Continue a leitura <span class=\"meta-nav\">&raquo;<\/span><\/a><\/p>\n","protected":false},"author":1,"featured_media":0,"comment_status":"closed","ping_status":"open","sticky":false,"template":"","format":"standard","meta":{"_exactmetrics_skip_tracking":false,"_exactmetrics_sitenote_active":false,"_exactmetrics_sitenote_note":"","_exactmetrics_sitenote_category":0,"jetpack_post_was_ever_published":false,"_jetpack_newsletter_access":"","_jetpack_dont_email_post_to_subs":false,"_jetpack_newsletter_tier_id":0,"_jetpack_memberships_contains_paywalled_content":false,"_jetpack_memberships_contains_paid_content":false,"footnotes":"","jetpack_publicize_message":"","jetpack_publicize_feature_enabled":true,"jetpack_social_post_already_shared":true,"jetpack_social_options":{"image_generator_settings":{"template":"highway","enabled":false},"version":2}},"categories":[1],"tags":[973,1260],"class_list":["post-37553","post","type-post","status-publish","format-standard","hentry","category-notas","tag-extrema-direita","tag-fascismo"],"jetpack_publicize_connections":[],"jetpack_sharing_enabled":true,"jetpack_featured_media_url":"","jetpack_shortlink":"https:\/\/wp.me\/p7wKYW-9LH","jetpack-related-posts":[],"_links":{"self":[{"href":"http:\/\/blogdalucianaoliveira.com.br\/blog\/wp-json\/wp\/v2\/posts\/37553","targetHints":{"allow":["GET"]}}],"collection":[{"href":"http:\/\/blogdalucianaoliveira.com.br\/blog\/wp-json\/wp\/v2\/posts"}],"about":[{"href":"http:\/\/blogdalucianaoliveira.com.br\/blog\/wp-json\/wp\/v2\/types\/post"}],"author":[{"embeddable":true,"href":"http:\/\/blogdalucianaoliveira.com.br\/blog\/wp-json\/wp\/v2\/users\/1"}],"replies":[{"embeddable":true,"href":"http:\/\/blogdalucianaoliveira.com.br\/blog\/wp-json\/wp\/v2\/comments?post=37553"}],"version-history":[{"count":2,"href":"http:\/\/blogdalucianaoliveira.com.br\/blog\/wp-json\/wp\/v2\/posts\/37553\/revisions"}],"predecessor-version":[{"id":37556,"href":"http:\/\/blogdalucianaoliveira.com.br\/blog\/wp-json\/wp\/v2\/posts\/37553\/revisions\/37556"}],"wp:attachment":[{"href":"http:\/\/blogdalucianaoliveira.com.br\/blog\/wp-json\/wp\/v2\/media?parent=37553"}],"wp:term":[{"taxonomy":"category","embeddable":true,"href":"http:\/\/blogdalucianaoliveira.com.br\/blog\/wp-json\/wp\/v2\/categories?post=37553"},{"taxonomy":"post_tag","embeddable":true,"href":"http:\/\/blogdalucianaoliveira.com.br\/blog\/wp-json\/wp\/v2\/tags?post=37553"}],"curies":[{"name":"wp","href":"https:\/\/api.w.org\/{rel}","templated":true}]}}