{"id":37566,"date":"2025-09-30T14:06:39","date_gmt":"2025-09-30T18:06:39","guid":{"rendered":"https:\/\/blogdalucianaoliveira.com.br\/blog\/?p=37566"},"modified":"2025-09-30T14:06:39","modified_gmt":"2025-09-30T18:06:39","slug":"super-ricos-pagam-menos-imposto-de-renda-que-classe-media-desde-2009-revela-estudo-inedito","status":"publish","type":"post","link":"http:\/\/blogdalucianaoliveira.com.br\/blog\/2025\/09\/30\/super-ricos-pagam-menos-imposto-de-renda-que-classe-media-desde-2009-revela-estudo-inedito\/","title":{"rendered":"Super-ricos pagam menos Imposto de Renda que classe m\u00e9dia desde 2009, revela estudo in\u00e9dito"},"content":{"rendered":"<p><img data-recalc-dims=\"1\" loading=\"lazy\" decoding=\"async\" data-attachment-id=\"37567\" data-permalink=\"http:\/\/blogdalucianaoliveira.com.br\/blog\/2025\/09\/30\/super-ricos-pagam-menos-imposto-de-renda-que-classe-media-desde-2009-revela-estudo-inedito\/img_7789\/\" data-orig-file=\"https:\/\/i0.wp.com\/blogdalucianaoliveira.com.br\/blog\/wp-content\/uploads\/2025\/09\/IMG_7789.webp?fit=800%2C533\" data-orig-size=\"800,533\" data-comments-opened=\"0\" data-image-meta=\"{&quot;aperture&quot;:&quot;0&quot;,&quot;credit&quot;:&quot;&quot;,&quot;camera&quot;:&quot;&quot;,&quot;caption&quot;:&quot;&quot;,&quot;created_timestamp&quot;:&quot;0&quot;,&quot;copyright&quot;:&quot;&quot;,&quot;focal_length&quot;:&quot;0&quot;,&quot;iso&quot;:&quot;0&quot;,&quot;shutter_speed&quot;:&quot;0&quot;,&quot;title&quot;:&quot;&quot;,&quot;orientation&quot;:&quot;0&quot;}\" data-image-title=\"IMG_7789\" data-image-description=\"\" data-image-caption=\"\" data-medium-file=\"https:\/\/i0.wp.com\/blogdalucianaoliveira.com.br\/blog\/wp-content\/uploads\/2025\/09\/IMG_7789.webp?fit=300%2C200\" data-large-file=\"https:\/\/i0.wp.com\/blogdalucianaoliveira.com.br\/blog\/wp-content\/uploads\/2025\/09\/IMG_7789.webp?fit=600%2C400\" class=\"alignnone size-medium wp-image-37567\" src=\"https:\/\/i0.wp.com\/blogdalucianaoliveira.com.br\/blog\/wp-content\/uploads\/2025\/09\/IMG_7789.webp?resize=300%2C200\" alt=\"\" width=\"300\" height=\"200\" srcset=\"https:\/\/i0.wp.com\/blogdalucianaoliveira.com.br\/blog\/wp-content\/uploads\/2025\/09\/IMG_7789.webp?resize=300%2C200 300w, https:\/\/i0.wp.com\/blogdalucianaoliveira.com.br\/blog\/wp-content\/uploads\/2025\/09\/IMG_7789.webp?resize=768%2C512 768w, https:\/\/i0.wp.com\/blogdalucianaoliveira.com.br\/blog\/wp-content\/uploads\/2025\/09\/IMG_7789.webp?resize=450%2C300 450w, https:\/\/i0.wp.com\/blogdalucianaoliveira.com.br\/blog\/wp-content\/uploads\/2025\/09\/IMG_7789.webp?w=800 800w\" sizes=\"auto, (max-width: 300px) 100vw, 300px\" \/><\/p>\n<div class=\"bbc-19j92fr ebmt73l0\" dir=\"ltr\">\n<p class=\"bbc-hhl7in e17g058b0\" dir=\"ltr\">BBC &#8211; Os <a class=\"focusIndicatorReducedWidth bbc-n8oauk e1p3sufg0\" href=\"https:\/\/www.bbc.com\/portuguese\/articles\/ckg5l7epj14o\">super-ricos brasileiros<\/a>, contribuintes com ganhos <a class=\"focusIndicatorReducedWidth bbc-n8oauk e1p3sufg0\" href=\"https:\/\/www.bbc.com\/portuguese\/articles\/czxyq7lq7rlo\">milion\u00e1rios<\/a>, pagam proporcionalmente menos da metade do Imposto de Renda da classe m\u00e9dia, mostra um levantamento in\u00e9dito do Sindifisco Nacional, sindicato que representa os auditores-fiscais da Receita Federal.<\/p>\n<\/div>\n<p><!--more--><\/p>\n<div class=\"bbc-19j92fr ebmt73l0\" dir=\"ltr\">\n<p class=\"bbc-hhl7in e17g058b0\" dir=\"ltr\">Os dados detalhados para a BBC News Brasil revelam que a tributa\u00e7\u00e3o da renda dos contribuintes mais ricos apresentou tend\u00eancia de queda nas duas \u00faltimas d\u00e9cadas, recuando quase 40% entre 2007 e 2023, devido aos ganhos mais elevados com dividendos \u2014 lucros distribu\u00eddos pelas empresas a acionistas que n\u00e3o s\u00e3o tributados no pa\u00eds desde 1996.<\/p>\n<\/div>\n<div class=\"bbc-19j92fr ebmt73l0\" dir=\"ltr\">\n<p class=\"bbc-hhl7in e17g058b0\" dir=\"ltr\">Por outro lado, brasileiros de ganho intermedi\u00e1rio est\u00e3o pagando cada vez mais imposto, devido ao congelamento da tabela do IR, que tem ficado defasada em rela\u00e7\u00e3o \u00e0 <a class=\"focusIndicatorReducedWidth bbc-n8oauk e1p3sufg0\" href=\"https:\/\/www.bbc.com\/portuguese\/topics\/cjgn7g82yjjt\">infla\u00e7\u00e3o.<\/a><\/p>\n<\/div>\n<div class=\"bbc-19j92fr ebmt73l0\" dir=\"ltr\">\n<p class=\"bbc-hhl7in e17g058b0\" dir=\"ltr\">Com isso, desde 2009, brasileiros milion\u00e1rios, com ganhos mensais acima de 320 sal\u00e1rios m\u00ednimos, passaram a pagar proporcionalmente menos IR que a classe m\u00e9dia \u2014 e a diferen\u00e7a entre os dois grupos vem aumentando ao longo dos anos (entenda melhor os n\u00fameros ao longo da reportagem).<\/p>\n<p dir=\"ltr\">O governo de <a class=\"focusIndicatorReducedWidth bbc-n8oauk e1p3sufg0\" href=\"https:\/\/www.bbc.com\/portuguese\/topics\/cpzd4zx0272t\">Luiz In\u00e1cio Lula da Silva (PT)<\/a> tenta mudar essa realidade com uma <a class=\"focusIndicatorReducedWidth bbc-n8oauk e1p3sufg0\" href=\"https:\/\/www.bbc.com\/portuguese\/articles\/cp82r41wyywo\">reforma do Imposto de Renda<\/a> prevista para ser votada na C\u00e2mara dos Deputados na quarta-feira (1\/10). A proposta \u00e9 criar um imposto m\u00ednimo de at\u00e9 10% para brasileiros de renda elevada, ao mesmo tempo que aumenta o limite de isen\u00e7\u00e3o do IR para rendas mensais de at\u00e9 R$ 5 mil.<\/p>\n<div class=\"bbc-19j92fr ebmt73l0\" dir=\"ltr\">\n<p class=\"bbc-hhl7in e17g058b0\" dir=\"ltr\">Caso a proposta seja aprovada, brasileiros milion\u00e1rios passar\u00e3o a pagar um patamar similar ao imposto de renda da classe m\u00e9dia (grupo que n\u00e3o \u00e9 afetado pela proposta de Lula), enquanto brasileiros com ganhos abaixo de R$ 5 mil deixar\u00e3o de contribuir.<\/p>\n<\/div>\n<p dir=\"ltr\"><iframe loading=\"lazy\" id=\"flourish-id-ae1c3aef\" class=\"bbc-axsk9o\" title=\"Interactive or visual content\" src=\"https:\/\/flo.uri.sh\/visualisation\/25333181\/embed?auto=1\" width=\"700\" height=\"575\" frameborder=\"0\" scrolling=\"no\" data-mce-fragment=\"1\"><\/iframe><\/p>\n<div class=\"bbc-19j92fr ebmt73l0\" dir=\"ltr\">\n<h2 id=\"Como-ricos-passaram-a-pagar-menos-que-a-classe-m\u00e9dia\" class=\"bbc-1lgzob2 eglt09e0\" tabindex=\"-1\">Como ricos passaram a pagar menos que a classe m\u00e9dia<\/h2>\n<\/div>\n<figure class=\"bbc-1qn0xuy\">\n<div class=\"bbc-1gbs0ve\"><img data-recalc-dims=\"1\" loading=\"lazy\" decoding=\"async\" class=\"bbc-139onq\" src=\"https:\/\/i0.wp.com\/ichef.bbci.co.uk\/ace\/ws\/640\/cpsprodpb\/cbd3\/live\/927c4df0-9da5-11f0-92db-77261a15b9d2.jpg.webp?resize=600%2C400&#038;ssl=1\" sizes=\"auto, (min-width: 1008px) 760px, 100vw\" srcset=\"https:\/\/ichef.bbci.co.uk\/ace\/ws\/240\/cpsprodpb\/cbd3\/live\/927c4df0-9da5-11f0-92db-77261a15b9d2.jpg.webp 240w, https:\/\/ichef.bbci.co.uk\/ace\/ws\/320\/cpsprodpb\/cbd3\/live\/927c4df0-9da5-11f0-92db-77261a15b9d2.jpg.webp 320w, https:\/\/ichef.bbci.co.uk\/ace\/ws\/480\/cpsprodpb\/cbd3\/live\/927c4df0-9da5-11f0-92db-77261a15b9d2.jpg.webp 480w, https:\/\/ichef.bbci.co.uk\/ace\/ws\/624\/cpsprodpb\/cbd3\/live\/927c4df0-9da5-11f0-92db-77261a15b9d2.jpg.webp 624w, https:\/\/ichef.bbci.co.uk\/ace\/ws\/800\/cpsprodpb\/cbd3\/live\/927c4df0-9da5-11f0-92db-77261a15b9d2.jpg.webp 800w\" alt=\"Homem de terno contando dinheiro\" width=\"600\" height=\"400\" \/><\/p>\n<p class=\"bbc-by8ykd\" role=\"text\"><span class=\"bbc-m04vo2\">CR\u00c9DITO, <\/span><span lang=\"en-GB\">GETTY IMAGES<\/span><\/p>\n<\/div>\n<\/figure>\n<div class=\"bbc-19j92fr ebmt73l0\" dir=\"ltr\">\n<p class=\"bbc-hhl7in e17g058b0\" dir=\"ltr\">O levantamento do Sindifisco mostra que a tributa\u00e7\u00e3o da classe m\u00e9dia n\u00e3o para de subir desde 2010.<\/p>\n<\/div>\n<div class=\"bbc-19j92fr ebmt73l0\" dir=\"ltr\">\n<p class=\"bbc-hhl7in e17g058b0\" dir=\"ltr\">A partir dos dados dispon\u00edveis da Receita Federal, o sindicato dos auditores fiscais p\u00f4de calcular a al\u00edquota efetiva m\u00e9dia de imposto paga por cada faixa de renda de 2007 a 2023.<\/p>\n<\/div>\n<div class=\"bbc-19j92fr ebmt73l0\" dir=\"ltr\">\n<p class=\"bbc-hhl7in e17g058b0\" dir=\"ltr\">A al\u00edquota efetiva \u00e9 o percentual da renda total que de fato \u00e9 consumida pelo IR. Por exemplo, se uma pessoa ganhou R$ 200 mil em um ano (cerca de R$ 16 mil por m\u00eas) e pagou R$ 20 mil de Imposto de Renda no mesmo per\u00edodo, sua al\u00edquota m\u00e9dia foi de 10%.<\/p>\n<\/div>\n<div class=\"bbc-19j92fr ebmt73l0\" dir=\"ltr\">\n<p class=\"bbc-hhl7in e17g058b0\" dir=\"ltr\">J\u00e1 se um contribuinte ganhou R$ 6 milh\u00f5es em um ano e pagou R$ 300 mil de IR, sua al\u00edquota efetiva foi de 5%. Ou seja, embora essa pessoa tenha contribu\u00eddo para a Receita Federal com um valor absoluto maior que contribuintes de renda mais baixa, ela perdeu uma parcela menor de seus ganhos.<\/p>\n<\/div>\n<div class=\"bbc-19j92fr ebmt73l0\" dir=\"ltr\">\n<p class=\"bbc-hhl7in e17g058b0\" dir=\"ltr\">O levantamento do Sindifisco mostra que contribuintes com ganhos acima de 320 sal\u00e1rios m\u00ednimos por m\u00eas em 2023 \u2014 o equivalente a R$ 5,068 milh\u00f5es de renda total naquele ano \u2014 pagaram, em m\u00e9dia, uma al\u00edquota efetiva de 4,34%.<\/p>\n<\/div>\n<div class=\"bbc-19j92fr ebmt73l0\" dir=\"ltr\">\n<p class=\"bbc-hhl7in e17g058b0\" dir=\"ltr\">\u00c9 menos da metade do que pagaram aqueles com ganhos mensais entre 5 e 30 sal\u00e1rios m\u00ednimos (uma renda anual entre 79,2 mil a R$ 475,2 mil em 2023), que foram tributados, em m\u00e9dia, em 9,85% no mesmo ano.<\/p>\n<\/div>\n<div class=\"bbc-19j92fr ebmt73l0\" dir=\"ltr\">\n<p class=\"bbc-hhl7in e17g058b0\" dir=\"ltr\">Os dados hist\u00f3ricos calculados pelo Sindifisco mostram que a situa\u00e7\u00e3o era diferente em 2007, quando os dois grupos tinham al\u00edquotas efetivas pr\u00f3ximas, sendo que os mais ricos pagavam um pouco mais.<\/p>\n<\/div>\n<div class=\"bbc-19j92fr ebmt73l0\" dir=\"ltr\">\n<p class=\"bbc-hhl7in e17g058b0\" dir=\"ltr\">Naquele ano, os contribuintes com ganho mensal acima de 320 sal\u00e1rios m\u00ednimos pagavam, em m\u00e9dia, al\u00edquota efetiva de 6,9%. E o grupo com renda mensal entre 5 e 30 sal\u00e1rios m\u00ednimos tinha uma taxa efetiva m\u00e9dia de 6,3%.<\/p>\n<\/div>\n<div class=\"bbc-19j92fr ebmt73l0\" dir=\"ltr\">\n<p class=\"bbc-hhl7in e17g058b0\" dir=\"ltr\">O sal\u00e1rio m\u00ednimo em 2007 era de R$ 380, ou seja, uma renda de 320 sal\u00e1rios m\u00ednimos significava um ganho anual de R$ 1,459 milh\u00e3o naquela \u00e9poca. Atualizado pela infla\u00e7\u00e3o, seria o equivalente a quase R$ 4 milh\u00f5es hoje.<\/p>\n<\/div>\n<div class=\"bbc-19j92fr ebmt73l0\" dir=\"ltr\">\n<p class=\"bbc-hhl7in e17g058b0\" dir=\"ltr\">J\u00e1 uma renda de 5 a 30 sal\u00e1rios m\u00ednimos de 2007 equivaleria nos dias de hoje, j\u00e1 atualizado pela infla\u00e7\u00e3o, a um ganho anual em torno de R$ 61 mil a 370 mil.<\/p>\n<\/div>\n<p dir=\"ltr\"><iframe loading=\"lazy\" id=\"flourish-id-db3ad906\" class=\"bbc-axsk9o\" title=\"Interactive or visual content\" src=\"https:\/\/flo.uri.sh\/visualisation\/25332717\/embed?auto=1\" width=\"700\" height=\"575\" frameborder=\"0\" scrolling=\"no\" data-mce-fragment=\"1\"><\/iframe><\/p>\n<div class=\"bbc-19j92fr ebmt73l0\" dir=\"ltr\">\n<p class=\"bbc-hhl7in e17g058b0\" dir=\"ltr\">Segundo o Sindifisco, o que explica o recuo da al\u00edquota efetiva paga pelos milion\u00e1rios nos \u00faltimos anos \u00e9 o aumento da sua parcela de renda que n\u00e3o sofre tributa\u00e7\u00e3o, principalmente devido aos ganhos maiores com dividendos \u2014 parte dos lucros que as empresas distribuem para seus acionistas.<\/p>\n<\/div>\n<div class=\"bbc-19j92fr ebmt73l0\" dir=\"ltr\">\n<p class=\"bbc-hhl7in e17g058b0\" dir=\"ltr\">Ou seja, parte da renda dos super-ricos \u00e9 isenta de IR e esse tipo de ganho tem crescido.<\/p>\n<\/div>\n<div class=\"bbc-19j92fr ebmt73l0\" dir=\"ltr\">\n<p class=\"bbc-hhl7in e17g058b0\" dir=\"ltr\">Segundo o auditor fiscal D\u00e3o Real, presidente do Sindifisco Nacional, o aumento dos ganhos com dividendos \u00e9 um processo que j\u00e1 vinha ocorrendo antes, mas se intensificou recentemente, ap\u00f3s a pandemia de covid-19.<\/p>\n<\/div>\n<div class=\"bbc-19j92fr ebmt73l0\" dir=\"ltr\">\n<p class=\"bbc-hhl7in e17g058b0\" dir=\"ltr\">Ele diz que ainda n\u00e3o est\u00e1 claro a correla\u00e7\u00e3o desse processo com a pandemia, mas os dados mostram que, nesse per\u00edodo, os lucros das empresas cresceram mais que outras rendas.<\/p>\n<\/div>\n<div class=\"bbc-19j92fr ebmt73l0\" dir=\"ltr\">\n<p class=\"bbc-hhl7in e17g058b0\" dir=\"ltr\">&#8220;H\u00e1 um crescimento muito expressivo. Quando comparamos o ano de 2020 com o ano de 2023, a gente v\u00ea que a renda de lucros e dividendos cresceu 43% e as rendas totais cresceram 31%. Ent\u00e3o, a renda isenta cresce mais do que o crescimento normal das rendas totais&#8221;, ressalta.<\/p>\n<\/div>\n<div class=\"bbc-19j92fr ebmt73l0\" dir=\"ltr\">\n<p class=\"bbc-hhl7in e17g058b0\" dir=\"ltr\">Na outra ponta, nota ele, o fato de a tabela do Imposto de Renda estar h\u00e1 muitos anos sem ser atualizada pela infla\u00e7\u00e3o explica o aumento da al\u00edquota efetiva para grupos de renda m\u00e9dia e baixa.<\/p>\n<\/div>\n<div class=\"bbc-19j92fr ebmt73l0\" dir=\"ltr\">\n<p class=\"bbc-hhl7in e17g058b0\" dir=\"ltr\">Como os sal\u00e1rios costumam ter algum reajuste anual para compensar a infla\u00e7\u00e3o, trabalhadores acabam subindo de faixa de contribui\u00e7\u00e3o e passam a pagar mais IR, mesmo que seu poder de compra n\u00e3o tenha necessariamente aumentado.<\/p>\n<\/div>\n<div class=\"bbc-19j92fr ebmt73l0\" dir=\"ltr\">\n<p class=\"bbc-hhl7in e17g058b0\" dir=\"ltr\">Desde 2009, a tabela brasileira tem cinco faixas de renda. Ap\u00f3s a faixa isenta, a al\u00edquota sobre gradativamente, de 7,5% at\u00e9 27,5%.<\/p>\n<\/div>\n<div class=\"bbc-19j92fr ebmt73l0\" dir=\"ltr\">\n<p class=\"bbc-hhl7in e17g058b0\" dir=\"ltr\">A taxa mais alta incide sobre ganhos mensais acima de R$ 4.664.68 \u2014 esse valor \u00e9 o mesmo desde 2015, por exemplo.<\/p>\n<\/div>\n<div class=\"bbc-19j92fr ebmt73l0\" dir=\"ltr\">\n<p class=\"bbc-hhl7in e17g058b0\" dir=\"ltr\">&#8220;O congelamento da tabela faz com que todas as rendas tribut\u00e1veis paguem a cada ano um pouco mais de imposto&#8221;, ressalta D\u00e3o Real.<\/p>\n<\/div>\n<div class=\"bbc-19j92fr ebmt73l0\" dir=\"ltr\">\n<p class=\"bbc-hhl7in e17g058b0\" dir=\"ltr\">&#8220;No entanto, quando a gente coloca as rendas totais, a gente v\u00ea que a al\u00edquota efetiva, que deveria subir sempre em um congelamento na tabela, est\u00e1 caindo para as altas rendas. E essa redu\u00e7\u00e3o para as altas rendas se d\u00e1 pela eleva\u00e7\u00e3o da renda isenta&#8221;, refor\u00e7ou.<\/p>\n<\/div>\n<div class=\"bbc-19j92fr ebmt73l0\" dir=\"ltr\">\n<h2 id=\"Entenda-a-proposta-do-governo-Lula\" class=\"bbc-1lgzob2 eglt09e0\" tabindex=\"-1\">Entenda a proposta do governo Lula<\/h2>\n<\/div>\n<figure class=\"bbc-1qn0xuy\">\n<div class=\"bbc-1gbs0ve\"><img data-recalc-dims=\"1\" loading=\"lazy\" decoding=\"async\" class=\"bbc-139onq\" src=\"https:\/\/i0.wp.com\/ichef.bbci.co.uk\/ace\/ws\/640\/cpsprodpb\/a5d7\/live\/63a7aaf0-9da6-11f0-928c-71dbb8619e94.jpg.webp?resize=600%2C337&#038;ssl=1\" sizes=\"auto, (min-width: 1008px) 760px, 100vw\" srcset=\"https:\/\/ichef.bbci.co.uk\/ace\/ws\/240\/cpsprodpb\/a5d7\/live\/63a7aaf0-9da6-11f0-928c-71dbb8619e94.jpg.webp 240w, https:\/\/ichef.bbci.co.uk\/ace\/ws\/320\/cpsprodpb\/a5d7\/live\/63a7aaf0-9da6-11f0-928c-71dbb8619e94.jpg.webp 320w, https:\/\/ichef.bbci.co.uk\/ace\/ws\/480\/cpsprodpb\/a5d7\/live\/63a7aaf0-9da6-11f0-928c-71dbb8619e94.jpg.webp 480w, https:\/\/ichef.bbci.co.uk\/ace\/ws\/624\/cpsprodpb\/a5d7\/live\/63a7aaf0-9da6-11f0-928c-71dbb8619e94.jpg.webp 624w, https:\/\/ichef.bbci.co.uk\/ace\/ws\/800\/cpsprodpb\/a5d7\/live\/63a7aaf0-9da6-11f0-928c-71dbb8619e94.jpg.webp 800w\" alt=\"Lula posa com o presidente da C\u00e2mara, Hugo Motta, segurando o projeto de lei com sua proposta de reforma do IR\" width=\"600\" height=\"337\" \/><\/p>\n<p class=\"bbc-by8ykd\" role=\"text\"><span class=\"bbc-m04vo2\">CR\u00c9DITO, <\/span><span lang=\"en-GB\">REUTERS<\/span><\/p>\n<\/div><figcaption class=\"bbc-15f1ujd\" dir=\"ltr\"><span role=\"text\"><span class=\"bbc-m04vo2\">Legenda da foto, <\/span><span data-testid=\"caption-paragraph\">Lula enviou sua proposta de mudan\u00e7a do IR em mar\u00e7o para o Congresso<\/span><\/span><\/figcaption><\/figure>\n<div class=\"bbc-19j92fr ebmt73l0\" dir=\"ltr\">\n<p class=\"bbc-hhl7in e17g058b0\" dir=\"ltr\">Na lei, o limite atual de isen\u00e7\u00e3o para todos os brasileiros \u00e9 de R$ 2.259 e, nos ganhos acima disso, s\u00e3o cobradas al\u00edquotas progressivas at\u00e9 27,5%.<\/p>\n<\/div>\n<div class=\"bbc-19j92fr ebmt73l0\" dir=\"ltr\">\n<p class=\"bbc-hhl7in e17g058b0\" dir=\"ltr\">Com o mecanismo de &#8220;desconto simplificado&#8221; adotado pelo governo Lula desde 2023, na pr\u00e1tica, a isen\u00e7\u00e3o j\u00e1 beneficia quem ganha at\u00e9 dois sal\u00e1rios m\u00ednimos (R$ 3.036).<\/p>\n<\/div>\n<div class=\"bbc-19j92fr ebmt73l0\" dir=\"ltr\">\n<p class=\"bbc-hhl7in e17g058b0\" dir=\"ltr\">A proposta encaminhada pelo presidente ao Congresso em mar\u00e7o \u00e9 ampliar a isen\u00e7\u00e3o do IR para rendas de at\u00e9 R$ 5 mil.<\/p>\n<\/div>\n<div class=\"bbc-19j92fr ebmt73l0\" dir=\"ltr\">\n<p class=\"bbc-hhl7in e17g058b0\" dir=\"ltr\">A reforma prev\u00ea ainda reduzir a tributa\u00e7\u00e3o dos que ganham entre R$ 5 mil e R$ 7 mil \u2014 esse limite depois foi ampliado para R$ 7.350 pela comiss\u00e3o especial da C\u00e2mara que aprovou o projeto de lei enviado pelo governo, etapa anterior \u00e0 vota\u00e7\u00e3o no plen\u00e1rio da Casa.<\/p>\n<\/div>\n<div class=\"bbc-19j92fr ebmt73l0\" dir=\"ltr\">\n<p class=\"bbc-hhl7in e17g058b0\" dir=\"ltr\">Para compensar a perda de arrecada\u00e7\u00e3o com essas mudan\u00e7as, a reforma estabelece um imposto m\u00ednimo de at\u00e9 10% para contribuintes com ganhos a partir de R$ 50 mil ao m\u00eas (R$ 600 mil ao ano).<\/p>\n<\/div>\n<div class=\"bbc-19j92fr ebmt73l0\" dir=\"ltr\">\n<p class=\"bbc-hhl7in e17g058b0\" dir=\"ltr\">A proposta do governo \u00e9 que a al\u00edquota subir\u00e1 gradativamente de zero a 10%, de forma que o patamar m\u00e1ximo incidir\u00e1 apenas sobre contribuintes com ganhos acima de R$ 1,2 milh\u00e3o ao ano.<\/p>\n<\/div>\n<div class=\"bbc-19j92fr ebmt73l0\" dir=\"ltr\">\n<p class=\"bbc-hhl7in e17g058b0\" dir=\"ltr\">O levantamento do Sindifisco indica, por exemplo, que pessoas com renda entre 80 e 320 sal\u00e1rios m\u00ednimos em 2023 (de R$ 1,267 milh\u00e3o a R$ 5,068 milh\u00f5es em valores daquele ano) pagavam al\u00edquota m\u00e9dia efetiva de 6,11%.<\/p>\n<\/div>\n<div class=\"bbc-19j92fr ebmt73l0\" dir=\"ltr\">\n<p class=\"bbc-hhl7in e17g058b0\" dir=\"ltr\">Caso a proposta do governo seja aprovada na C\u00e2mara e no Senado, essas pessoas passar\u00e3o a pagar no m\u00ednimo 10%.<\/p>\n<\/div>\n<div class=\"bbc-19j92fr ebmt73l0\" dir=\"ltr\">\n<p class=\"bbc-hhl7in e17g058b0\" dir=\"ltr\">Funcionar\u00e1 assim: o contribuinte com renda anual a partir de R$ 1,2 milh\u00e3o que tiver pago menos do que o patamar m\u00ednimo, ter\u00e1 que pagar a diferen\u00e7a at\u00e9 completar a al\u00edquota de 10%, no ajuste anual do IR.<\/p>\n<\/div>\n<div class=\"bbc-19j92fr ebmt73l0\" dir=\"ltr\">\n<p class=\"bbc-hhl7in e17g058b0\" dir=\"ltr\">Se por acaso, a pessoa j\u00e1 tiver contribu\u00eddo com mais de 10% de sua renda, n\u00e3o ter\u00e1 qualquer cobran\u00e7a adicional.<\/p>\n<\/div>\n<div class=\"bbc-19j92fr ebmt73l0\" dir=\"ltr\">\n<p class=\"bbc-hhl7in e17g058b0\" dir=\"ltr\">Para o presidente do Sindifisco, D\u00e3o Real, a reforma do governo &#8220;resolve parcialmente&#8221; as distor\u00e7\u00f5es da tributa\u00e7\u00e3o de renda no Brasil.<\/p>\n<\/div>\n<div class=\"bbc-19j92fr ebmt73l0\" dir=\"ltr\">\n<p class=\"bbc-hhl7in e17g058b0\" dir=\"ltr\">Segundo ele, o ideal era que as al\u00edquotas efetivas fossem progressivas, ou seja, quanto maior a renda, maior o IR pago. Com a proposta do governo, por\u00e9m, a classe m\u00e9dia ainda pagar\u00e1 uma al\u00edquota similar a dos ricos.<\/p>\n<\/div>\n<div class=\"bbc-19j92fr ebmt73l0\" dir=\"ltr\">\n<p class=\"bbc-hhl7in e17g058b0\" dir=\"ltr\">Por outro lado, ressalta, a proposta interromper\u00e1 a alta do IR sobre os contribuintes de menor renda, aumento tamb\u00e9m provocado pelo congelamento da tabela.<\/p>\n<\/div>\n<div class=\"bbc-19j92fr ebmt73l0\" dir=\"ltr\">\n<p class=\"bbc-hhl7in e17g058b0\" dir=\"ltr\">Segundo o levantamento do Sindifisco, a al\u00edquota efetiva m\u00e9dia dos declarantes com renda de at\u00e9 5 sal\u00e1rios m\u00ednimos era de 2,66% em 2023, cerca de 12 vezes maior que a de 2007 (0,22%).<\/p>\n<\/div>\n<div class=\"bbc-19j92fr ebmt73l0\" dir=\"ltr\">\n<p class=\"bbc-hhl7in e17g058b0\" dir=\"ltr\">Caso seja aprovada a isen\u00e7\u00e3o para rendas de at\u00e9 R$ 5 mil e a tributa\u00e7\u00e3o menor para rendas de at\u00e9 7.350, a al\u00edquota m\u00e9dia paga pelos que ganham at\u00e9 5 sal\u00e1rios m\u00ednimos (atualmente R$ 7.590) ter\u00e1 forte redu\u00e7\u00e3o.<\/p>\n<\/div>\n<div class=\"bbc-19j92fr ebmt73l0\" dir=\"ltr\">\n<p class=\"bbc-hhl7in e17g058b0\" dir=\"ltr\">&#8220;Ou seja, a proposta do governo vai mexer nos dois extremos: vai derrubar a al\u00edquota efetiva dos que ganham at\u00e9 cinco sal\u00e1rios m\u00ednimos e subir a dos mais ricos&#8221;, destaca D\u00e3o Real.<\/p>\n<\/div>\n<div class=\"bbc-19j92fr ebmt73l0\" dir=\"ltr\">\n<p class=\"bbc-hhl7in e17g058b0\" dir=\"ltr\">O Sindifisco defende que a mudan\u00e7a poderia ser ainda maior, com a corre\u00e7\u00e3o da tabela do IR pela infla\u00e7\u00e3o passada, reduzindo a cobran\u00e7a sobre a classe m\u00e9dia.<\/p>\n<\/div>\n<div class=\"bbc-19j92fr ebmt73l0\" dir=\"ltr\">\n<p class=\"bbc-hhl7in e17g058b0\" dir=\"ltr\">O sindicato apresentou ao Congresso uma proposta em que o imposto m\u00ednimo sobre os mais ricos teria al\u00edquota maior, de at\u00e9 15%, o que cobriria a desonera\u00e7\u00e3o de rendas intermedi\u00e1rias.<\/p>\n<\/div>\n<div class=\"bbc-19j92fr ebmt73l0\" dir=\"ltr\">\n<p class=\"bbc-hhl7in e17g058b0\" dir=\"ltr\">O governo, por\u00e9m, j\u00e1 enfrenta resist\u00eancias para criar o imposto m\u00ednimo de 10%, o que indica ser dif\u00edcil, no momento, aprovar uma al\u00edquota ainda maior sobre os super-ricos.<\/p>\n<\/div>\n<div class=\"bbc-19j92fr ebmt73l0\" dir=\"ltr\">\n<p class=\"bbc-hhl7in e17g058b0\" dir=\"ltr\"><i class=\"bbc-h1y5j7 eih42320\">Gr\u00e1ficos por Carla Rosch, Equipe de Jornalismo Visual da BBC News Brasil<\/i><\/p>\n<\/div>\n<\/div>\n","protected":false},"excerpt":{"rendered":"<p>BBC &#8211; Os super-ricos brasileiros, contribuintes com ganhos milion\u00e1rios, pagam proporcionalmente menos da metade do Imposto de Renda da classe m\u00e9dia, mostra um levantamento in\u00e9dito do Sindifisco Nacional, sindicato que representa os auditores-fiscais da Receita Federal.<\/p>\n","protected":false},"author":1,"featured_media":0,"comment_status":"closed","ping_status":"open","sticky":false,"template":"","format":"standard","meta":{"_exactmetrics_skip_tracking":false,"_exactmetrics_sitenote_active":false,"_exactmetrics_sitenote_note":"","_exactmetrics_sitenote_category":0,"jetpack_post_was_ever_published":false,"_jetpack_newsletter_access":"","_jetpack_dont_email_post_to_subs":false,"_jetpack_newsletter_tier_id":0,"_jetpack_memberships_contains_paywalled_content":false,"_jetpack_memberships_contains_paid_content":false,"footnotes":"","jetpack_publicize_message":"","jetpack_publicize_feature_enabled":true,"jetpack_social_post_already_shared":true,"jetpack_social_options":{"image_generator_settings":{"template":"highway","enabled":false},"version":2}},"categories":[1],"tags":[1506,78,1461],"class_list":["post-37566","post","type-post","status-publish","format-standard","hentry","category-notas","tag-imposto-de-renda","tag-lula","tag-super-ricos"],"jetpack_publicize_connections":[],"jetpack_sharing_enabled":true,"jetpack_featured_media_url":"","jetpack_shortlink":"https:\/\/wp.me\/p7wKYW-9LU","jetpack-related-posts":[],"_links":{"self":[{"href":"http:\/\/blogdalucianaoliveira.com.br\/blog\/wp-json\/wp\/v2\/posts\/37566","targetHints":{"allow":["GET"]}}],"collection":[{"href":"http:\/\/blogdalucianaoliveira.com.br\/blog\/wp-json\/wp\/v2\/posts"}],"about":[{"href":"http:\/\/blogdalucianaoliveira.com.br\/blog\/wp-json\/wp\/v2\/types\/post"}],"author":[{"embeddable":true,"href":"http:\/\/blogdalucianaoliveira.com.br\/blog\/wp-json\/wp\/v2\/users\/1"}],"replies":[{"embeddable":true,"href":"http:\/\/blogdalucianaoliveira.com.br\/blog\/wp-json\/wp\/v2\/comments?post=37566"}],"version-history":[{"count":1,"href":"http:\/\/blogdalucianaoliveira.com.br\/blog\/wp-json\/wp\/v2\/posts\/37566\/revisions"}],"predecessor-version":[{"id":37568,"href":"http:\/\/blogdalucianaoliveira.com.br\/blog\/wp-json\/wp\/v2\/posts\/37566\/revisions\/37568"}],"wp:attachment":[{"href":"http:\/\/blogdalucianaoliveira.com.br\/blog\/wp-json\/wp\/v2\/media?parent=37566"}],"wp:term":[{"taxonomy":"category","embeddable":true,"href":"http:\/\/blogdalucianaoliveira.com.br\/blog\/wp-json\/wp\/v2\/categories?post=37566"},{"taxonomy":"post_tag","embeddable":true,"href":"http:\/\/blogdalucianaoliveira.com.br\/blog\/wp-json\/wp\/v2\/tags?post=37566"}],"curies":[{"name":"wp","href":"https:\/\/api.w.org\/{rel}","templated":true}]}}