{"id":37569,"date":"2025-09-30T20:30:00","date_gmt":"2025-10-01T00:30:00","guid":{"rendered":"https:\/\/blogdalucianaoliveira.com.br\/blog\/?p=37569"},"modified":"2025-09-30T20:30:00","modified_gmt":"2025-10-01T00:30:00","slug":"feriados-de-2026-quase-todos-caem-em-dias-uteis-e-viram-folga-prolongada-veja-como-aproveitar","status":"publish","type":"post","link":"http:\/\/blogdalucianaoliveira.com.br\/blog\/2025\/09\/30\/feriados-de-2026-quase-todos-caem-em-dias-uteis-e-viram-folga-prolongada-veja-como-aproveitar\/","title":{"rendered":"Feriados de 2026: quase todos caem em dias \u00fateis e viram folga prolongada; veja como aproveitar"},"content":{"rendered":"<p><img data-recalc-dims=\"1\" loading=\"lazy\" decoding=\"async\" data-attachment-id=\"37575\" data-permalink=\"http:\/\/blogdalucianaoliveira.com.br\/blog\/2025\/09\/30\/feriados-de-2026-quase-todos-caem-em-dias-uteis-e-viram-folga-prolongada-veja-como-aproveitar\/img_7809\/\" data-orig-file=\"https:\/\/i0.wp.com\/blogdalucianaoliveira.com.br\/blog\/wp-content\/uploads\/2025\/09\/IMG_7809.jpeg?fit=540%2C304\" data-orig-size=\"540,304\" data-comments-opened=\"0\" data-image-meta=\"{&quot;aperture&quot;:&quot;0&quot;,&quot;credit&quot;:&quot;&quot;,&quot;camera&quot;:&quot;&quot;,&quot;caption&quot;:&quot;&quot;,&quot;created_timestamp&quot;:&quot;0&quot;,&quot;copyright&quot;:&quot;&quot;,&quot;focal_length&quot;:&quot;0&quot;,&quot;iso&quot;:&quot;0&quot;,&quot;shutter_speed&quot;:&quot;0&quot;,&quot;title&quot;:&quot;&quot;,&quot;orientation&quot;:&quot;1&quot;}\" data-image-title=\"IMG_7809\" data-image-description=\"\" data-image-caption=\"\" data-medium-file=\"https:\/\/i0.wp.com\/blogdalucianaoliveira.com.br\/blog\/wp-content\/uploads\/2025\/09\/IMG_7809.jpeg?fit=300%2C169\" data-large-file=\"https:\/\/i0.wp.com\/blogdalucianaoliveira.com.br\/blog\/wp-content\/uploads\/2025\/09\/IMG_7809.jpeg?fit=540%2C304\" class=\"alignnone size-medium wp-image-37575\" src=\"https:\/\/i0.wp.com\/blogdalucianaoliveira.com.br\/blog\/wp-content\/uploads\/2025\/09\/IMG_7809.jpeg?resize=300%2C169\" alt=\"\" width=\"300\" height=\"169\" srcset=\"https:\/\/i0.wp.com\/blogdalucianaoliveira.com.br\/blog\/wp-content\/uploads\/2025\/09\/IMG_7809.jpeg?resize=300%2C169 300w, https:\/\/i0.wp.com\/blogdalucianaoliveira.com.br\/blog\/wp-content\/uploads\/2025\/09\/IMG_7809.jpeg?resize=533%2C300 533w, https:\/\/i0.wp.com\/blogdalucianaoliveira.com.br\/blog\/wp-content\/uploads\/2025\/09\/IMG_7809.jpeg?w=540 540w\" sizes=\"auto, (max-width: 300px) 100vw, 300px\" \/><\/p>\n<p><strong>G1 &#8211; Em 2026, nove dos 10 feriados nacionais cair\u00e3o em dias \u00fateis<\/strong>, um dos calend\u00e1rios mais favor\u00e1veis dos \u00faltimos anos para quem deseja planejar grandes folgas ao longo do ano.<!--more--><\/p>\n<div id=\"chunk-7da60\">\n<div class=\"mc-column content-text active-extra-styles \" data-block-type=\"unstyled\" data-block-weight=\"23\" data-block-id=\"6\">\n<p class=\" content-text__container \" data-track-category=\"Link no Texto\" data-track-links=\"\"><strong>Sete dessas datas ocorrer\u00e3o em segundas ou sextas-feiras<\/strong>, o que facilita a forma\u00e7\u00e3o de feriados prolongados sem a necessidade de folgas adicionais.<\/p>\n<\/div>\n<\/div>\n<div id=\"chunk-9nd4r\">\n<div class=\"mc-column content-text active-extra-styles \" data-block-type=\"unstyled\" data-block-weight=\"11\" data-block-id=\"7\">\n<p class=\" content-text__container \" data-track-category=\"Link no Texto\" data-track-links=\"\">\u26a0\ufe0f As chances de feriad\u00f5es, no entanto, podem ser ainda maiores.<\/p>\n<\/div>\n<\/div>\n<div id=\"chunk-6n54k\">\n<div class=\"mc-column content-text active-extra-styles \" data-block-type=\"unstyled\" data-block-weight=\"34\" data-block-id=\"8\">\n<p class=\" content-text__container \" data-track-category=\"Link no Texto\" data-track-links=\"\">Al\u00e9m dos feriados que j\u00e1 coincidem com o in\u00edcio ou o fim da semana, como o Dia do Trabalho (sexta-feira) e a Independ\u00eancia do Brasil (segunda-feira), outras datas podem ser estendidas com algum planejamento.<\/p>\n<\/div>\n<\/div>\n<div id=\"chunk-mpo6\">\n<div class=\"mc-column content-text active-extra-styles \" data-block-type=\"unstyled\" data-block-weight=\"38\" data-block-id=\"9\">\n<p class=\" content-text__container \" data-track-category=\"Link no Texto\" data-track-links=\"\">\u00c9 o caso da Confraterniza\u00e7\u00e3o Universal (quinta-feira) e o feriado de Tiradentes (ter\u00e7a-feira). Com um dia de folga extra, essas datas tamb\u00e9m podem se transformar em feriad\u00f5es. <span class=\"highlight highlighted\">Se houver essa possibilidade, at\u00e9 nove feriados nacionais poder\u00e3o ser emendados.<\/span><\/p>\n<\/div>\n<\/div>\n<div id=\"chunk-cgutb\">\n<div class=\"mc-column content-text active-extra-styles \" data-block-type=\"unstyled\" data-block-weight=\"25\" data-block-id=\"10\">\n<p class=\" content-text__container \" data-track-category=\"Link no Texto\" data-track-links=\"\">Ao incluir os pontos facultativos, como o Carnaval e o Corpus Christi, <span class=\"highlight highlighted\">o n\u00famero de dias \u00fateis com chance de folga ou emenda ultrapassa 10.<\/span><\/p>\n<\/div>\n<\/div>\n<div id=\"chunk-adjas\">\n<div class=\"mc-column content-text active-extra-styles\" data-block-type=\"raw\" data-block-weight=\"40\" data-block-id=\"11\">\n<p class=\"content-text__container\">\n<ul class=\"content-unordered-list\">\n<li><em>\ud83d\udcce No caso do Carnaval, que abrange tr\u00eas dias consecutivos (segunda, ter\u00e7a e quarta-feira de Cinzas), esta reportagem considerou o per\u00edodo como um \u00fanico feriad\u00e3o, j\u00e1 que as datas se sucedem e costumam ser tratadas em conjunto como ponto facultativo.<\/em><\/li>\n<\/ul>\n<div id=\"chunk-1a7c8\">\n<div class=\"mc-column content-text active-extra-styles \" data-block-type=\"unstyled\" data-block-weight=\"17\" data-block-id=\"13\">\n<p class=\" content-text__container \" data-track-category=\"Link no Texto\" data-track-links=\"\">Embora n\u00e3o sejam feriados nacionais, essas datas costumam ser tratadas como tal em diversos estados e munic\u00edpios.<\/p>\n<\/div>\n<\/div>\n<div id=\"chunk-e0vag\">\n<div class=\"mc-column content-text active-extra-styles\" data-block-type=\"raw\" data-block-weight=\"37\" data-block-id=\"14\">\n<p class=\"content-text__container\">\n<ul class=\"content-unordered-list\">\n<li><strong><em>\u27a1\ufe0f Feriados estaduais e municipais, como anivers\u00e1rios de cidades ou celebra\u00e7\u00f5es religiosas<\/em><\/strong><em>, podem deixar o calend\u00e1rio ainda mais favor\u00e1vel, dependendo da regi\u00e3o. Em S\u00e3o Paulo, por exemplo, o anivers\u00e1rio da cidade (25 de janeiro) \u00e9 feriado municipal.<\/em><\/li>\n<\/ul>\n<p>&nbsp;<\/p>\n<\/div>\n<\/div>\n<div id=\"chunk-2baj1\">\n<div class=\"mc-column content-text active-extra-styles \" data-block-type=\"unstyled\" data-block-weight=\"22\" data-block-id=\"15\">\n<p class=\" content-text__container \" data-track-category=\"Link no Texto\" data-track-links=\"\">O governo ainda n\u00e3o divulgou a portaria oficial com os pontos facultativos, mas as datas citadas a seguir costumam ser tradicionalmente adotadas.<\/p>\n<\/div>\n<\/div>\n<div id=\"chunk-517pv\">\n<div class=\"mc-column content-text active-extra-styles \" data-block-type=\"unstyled\" data-block-weight=\"10\" data-block-id=\"16\">\n<p class=\" content-text__container \" data-track-category=\"Link no Texto\" data-track-links=\"\"><strong>Confira a seguir os feriados e pontos facultativos de 2026:<\/strong><\/p>\n<p data-track-category=\"Link no Texto\" data-track-links=\"\"><img data-recalc-dims=\"1\" loading=\"lazy\" decoding=\"async\" data-attachment-id=\"37572\" data-permalink=\"http:\/\/blogdalucianaoliveira.com.br\/blog\/2025\/09\/30\/feriados-de-2026-quase-todos-caem-em-dias-uteis-e-viram-folga-prolongada-veja-como-aproveitar\/img_7807\/\" data-orig-file=\"https:\/\/i0.wp.com\/blogdalucianaoliveira.com.br\/blog\/wp-content\/uploads\/2025\/09\/IMG_7807.jpeg?fit=1130%2C1702\" data-orig-size=\"1130,1702\" data-comments-opened=\"0\" data-image-meta=\"{&quot;aperture&quot;:&quot;0&quot;,&quot;credit&quot;:&quot;&quot;,&quot;camera&quot;:&quot;&quot;,&quot;caption&quot;:&quot;&quot;,&quot;created_timestamp&quot;:&quot;0&quot;,&quot;copyright&quot;:&quot;&quot;,&quot;focal_length&quot;:&quot;0&quot;,&quot;iso&quot;:&quot;0&quot;,&quot;shutter_speed&quot;:&quot;0&quot;,&quot;title&quot;:&quot;&quot;,&quot;orientation&quot;:&quot;1&quot;}\" data-image-title=\"IMG_7807\" data-image-description=\"\" data-image-caption=\"\" data-medium-file=\"https:\/\/i0.wp.com\/blogdalucianaoliveira.com.br\/blog\/wp-content\/uploads\/2025\/09\/IMG_7807.jpeg?fit=199%2C300\" data-large-file=\"https:\/\/i0.wp.com\/blogdalucianaoliveira.com.br\/blog\/wp-content\/uploads\/2025\/09\/IMG_7807.jpeg?fit=600%2C904\" class=\"alignnone size-medium wp-image-37572\" src=\"https:\/\/i0.wp.com\/blogdalucianaoliveira.com.br\/blog\/wp-content\/uploads\/2025\/09\/IMG_7807.jpeg?resize=199%2C300\" alt=\"\" width=\"199\" height=\"300\" srcset=\"https:\/\/i0.wp.com\/blogdalucianaoliveira.com.br\/blog\/wp-content\/uploads\/2025\/09\/IMG_7807.jpeg?resize=199%2C300 199w, https:\/\/i0.wp.com\/blogdalucianaoliveira.com.br\/blog\/wp-content\/uploads\/2025\/09\/IMG_7807.jpeg?resize=680%2C1024 680w, https:\/\/i0.wp.com\/blogdalucianaoliveira.com.br\/blog\/wp-content\/uploads\/2025\/09\/IMG_7807.jpeg?resize=768%2C1157 768w, https:\/\/i0.wp.com\/blogdalucianaoliveira.com.br\/blog\/wp-content\/uploads\/2025\/09\/IMG_7807.jpeg?resize=1020%2C1536 1020w, https:\/\/i0.wp.com\/blogdalucianaoliveira.com.br\/blog\/wp-content\/uploads\/2025\/09\/IMG_7807.jpeg?w=1130 1130w\" sizes=\"auto, (max-width: 199px) 100vw, 199px\" \/> <img data-recalc-dims=\"1\" loading=\"lazy\" decoding=\"async\" data-attachment-id=\"37573\" data-permalink=\"http:\/\/blogdalucianaoliveira.com.br\/blog\/2025\/09\/30\/feriados-de-2026-quase-todos-caem-em-dias-uteis-e-viram-folga-prolongada-veja-como-aproveitar\/img_7808\/\" data-orig-file=\"https:\/\/i0.wp.com\/blogdalucianaoliveira.com.br\/blog\/wp-content\/uploads\/2025\/09\/IMG_7808.jpeg?fit=1160%2C1655\" data-orig-size=\"1160,1655\" data-comments-opened=\"0\" data-image-meta=\"{&quot;aperture&quot;:&quot;0&quot;,&quot;credit&quot;:&quot;&quot;,&quot;camera&quot;:&quot;&quot;,&quot;caption&quot;:&quot;&quot;,&quot;created_timestamp&quot;:&quot;0&quot;,&quot;copyright&quot;:&quot;&quot;,&quot;focal_length&quot;:&quot;0&quot;,&quot;iso&quot;:&quot;0&quot;,&quot;shutter_speed&quot;:&quot;0&quot;,&quot;title&quot;:&quot;&quot;,&quot;orientation&quot;:&quot;1&quot;}\" data-image-title=\"IMG_7808\" data-image-description=\"\" data-image-caption=\"\" data-medium-file=\"https:\/\/i0.wp.com\/blogdalucianaoliveira.com.br\/blog\/wp-content\/uploads\/2025\/09\/IMG_7808.jpeg?fit=210%2C300\" data-large-file=\"https:\/\/i0.wp.com\/blogdalucianaoliveira.com.br\/blog\/wp-content\/uploads\/2025\/09\/IMG_7808.jpeg?fit=600%2C856\" class=\"alignnone size-medium wp-image-37573\" src=\"https:\/\/i0.wp.com\/blogdalucianaoliveira.com.br\/blog\/wp-content\/uploads\/2025\/09\/IMG_7808.jpeg?resize=210%2C300\" alt=\"\" width=\"210\" height=\"300\" srcset=\"https:\/\/i0.wp.com\/blogdalucianaoliveira.com.br\/blog\/wp-content\/uploads\/2025\/09\/IMG_7808.jpeg?resize=210%2C300 210w, https:\/\/i0.wp.com\/blogdalucianaoliveira.com.br\/blog\/wp-content\/uploads\/2025\/09\/IMG_7808.jpeg?resize=718%2C1024 718w, https:\/\/i0.wp.com\/blogdalucianaoliveira.com.br\/blog\/wp-content\/uploads\/2025\/09\/IMG_7808.jpeg?resize=768%2C1096 768w, https:\/\/i0.wp.com\/blogdalucianaoliveira.com.br\/blog\/wp-content\/uploads\/2025\/09\/IMG_7808.jpeg?resize=1077%2C1536 1077w, https:\/\/i0.wp.com\/blogdalucianaoliveira.com.br\/blog\/wp-content\/uploads\/2025\/09\/IMG_7808.jpeg?w=1160 1160w\" sizes=\"auto, (max-width: 210px) 100vw, 210px\" \/><\/p>\n<\/div>\n<\/div>\n<\/div>\n<\/div>\n","protected":false},"excerpt":{"rendered":"<p>G1 &#8211; Em 2026, nove dos 10 feriados nacionais cair\u00e3o em dias \u00fateis, um dos calend\u00e1rios mais favor\u00e1veis dos \u00faltimos anos para quem deseja planejar grandes folgas ao longo do ano.<\/p>\n","protected":false},"author":1,"featured_media":0,"comment_status":"closed","ping_status":"open","sticky":false,"template":"","format":"standard","meta":{"_exactmetrics_skip_tracking":false,"_exactmetrics_sitenote_active":false,"_exactmetrics_sitenote_note":"","_exactmetrics_sitenote_category":0,"jetpack_post_was_ever_published":false,"_jetpack_newsletter_access":"","_jetpack_dont_email_post_to_subs":false,"_jetpack_newsletter_tier_id":0,"_jetpack_memberships_contains_paywalled_content":false,"_jetpack_memberships_contains_paid_content":false,"footnotes":"","jetpack_publicize_message":"","jetpack_publicize_feature_enabled":true,"jetpack_social_post_already_shared":true,"jetpack_social_options":{"image_generator_settings":{"template":"highway","enabled":false},"version":2}},"categories":[1],"tags":[1508,1507],"class_list":["post-37569","post","type-post","status-publish","format-standard","hentry","category-notas","tag-1508","tag-feriados"],"jetpack_publicize_connections":[],"jetpack_sharing_enabled":true,"jetpack_featured_media_url":"","jetpack_shortlink":"https:\/\/wp.me\/p7wKYW-9LX","jetpack-related-posts":[],"_links":{"self":[{"href":"http:\/\/blogdalucianaoliveira.com.br\/blog\/wp-json\/wp\/v2\/posts\/37569","targetHints":{"allow":["GET"]}}],"collection":[{"href":"http:\/\/blogdalucianaoliveira.com.br\/blog\/wp-json\/wp\/v2\/posts"}],"about":[{"href":"http:\/\/blogdalucianaoliveira.com.br\/blog\/wp-json\/wp\/v2\/types\/post"}],"author":[{"embeddable":true,"href":"http:\/\/blogdalucianaoliveira.com.br\/blog\/wp-json\/wp\/v2\/users\/1"}],"replies":[{"embeddable":true,"href":"http:\/\/blogdalucianaoliveira.com.br\/blog\/wp-json\/wp\/v2\/comments?post=37569"}],"version-history":[{"count":3,"href":"http:\/\/blogdalucianaoliveira.com.br\/blog\/wp-json\/wp\/v2\/posts\/37569\/revisions"}],"predecessor-version":[{"id":37576,"href":"http:\/\/blogdalucianaoliveira.com.br\/blog\/wp-json\/wp\/v2\/posts\/37569\/revisions\/37576"}],"wp:attachment":[{"href":"http:\/\/blogdalucianaoliveira.com.br\/blog\/wp-json\/wp\/v2\/media?parent=37569"}],"wp:term":[{"taxonomy":"category","embeddable":true,"href":"http:\/\/blogdalucianaoliveira.com.br\/blog\/wp-json\/wp\/v2\/categories?post=37569"},{"taxonomy":"post_tag","embeddable":true,"href":"http:\/\/blogdalucianaoliveira.com.br\/blog\/wp-json\/wp\/v2\/tags?post=37569"}],"curies":[{"name":"wp","href":"https:\/\/api.w.org\/{rel}","templated":true}]}}