{"id":37580,"date":"2025-09-30T22:22:06","date_gmt":"2025-10-01T02:22:06","guid":{"rendered":"https:\/\/blogdalucianaoliveira.com.br\/blog\/?p=37580"},"modified":"2025-09-30T22:22:06","modified_gmt":"2025-10-01T02:22:06","slug":"cedeca-denuncia-vacuo-de-transparencia-e-abandono-de-politica-publica-educacional","status":"publish","type":"post","link":"http:\/\/blogdalucianaoliveira.com.br\/blog\/2025\/09\/30\/cedeca-denuncia-vacuo-de-transparencia-e-abandono-de-politica-publica-educacional\/","title":{"rendered":"CEDECA denuncia v\u00e1cuo de transpar\u00eancia e abandono de pol\u00edtica p\u00fablica educacional"},"content":{"rendered":"<p><img data-recalc-dims=\"1\" loading=\"lazy\" decoding=\"async\" data-attachment-id=\"37581\" data-permalink=\"http:\/\/blogdalucianaoliveira.com.br\/blog\/2025\/09\/30\/cedeca-denuncia-vacuo-de-transparencia-e-abandono-de-politica-publica-educacional\/img_7814\/\" data-orig-file=\"https:\/\/i0.wp.com\/blogdalucianaoliveira.com.br\/blog\/wp-content\/uploads\/2025\/09\/IMG_7814.jpeg?fit=605%2C326\" data-orig-size=\"605,326\" data-comments-opened=\"0\" data-image-meta=\"{&quot;aperture&quot;:&quot;0&quot;,&quot;credit&quot;:&quot;&quot;,&quot;camera&quot;:&quot;&quot;,&quot;caption&quot;:&quot;&quot;,&quot;created_timestamp&quot;:&quot;0&quot;,&quot;copyright&quot;:&quot;&quot;,&quot;focal_length&quot;:&quot;0&quot;,&quot;iso&quot;:&quot;0&quot;,&quot;shutter_speed&quot;:&quot;0&quot;,&quot;title&quot;:&quot;&quot;,&quot;orientation&quot;:&quot;1&quot;}\" data-image-title=\"IMG_7814\" data-image-description=\"\" data-image-caption=\"\" data-medium-file=\"https:\/\/i0.wp.com\/blogdalucianaoliveira.com.br\/blog\/wp-content\/uploads\/2025\/09\/IMG_7814.jpeg?fit=300%2C162\" data-large-file=\"https:\/\/i0.wp.com\/blogdalucianaoliveira.com.br\/blog\/wp-content\/uploads\/2025\/09\/IMG_7814.jpeg?fit=600%2C323\" class=\"alignnone size-medium wp-image-37581\" src=\"https:\/\/i0.wp.com\/blogdalucianaoliveira.com.br\/blog\/wp-content\/uploads\/2025\/09\/IMG_7814.jpeg?resize=300%2C162\" alt=\"\" width=\"300\" height=\"162\" srcset=\"https:\/\/i0.wp.com\/blogdalucianaoliveira.com.br\/blog\/wp-content\/uploads\/2025\/09\/IMG_7814.jpeg?resize=300%2C162 300w, https:\/\/i0.wp.com\/blogdalucianaoliveira.com.br\/blog\/wp-content\/uploads\/2025\/09\/IMG_7814.jpeg?resize=557%2C300 557w, https:\/\/i0.wp.com\/blogdalucianaoliveira.com.br\/blog\/wp-content\/uploads\/2025\/09\/IMG_7814.jpeg?w=605 605w\" sizes=\"auto, (max-width: 300px) 100vw, 300px\" \/><\/p>\n<p>Da assessoria do Cedeca &#8211; H\u00e1 anos, o Estado de Rond\u00f4nia convive com uma estranha combina\u00e7\u00e3o: nenhum dado confi\u00e1vel divulgado e a n\u00e3o implanta\u00e7\u00e3o efetiva do servi\u00e7o de psic\u00f3logos e assistentes sociais nas escolas estaduais, tudo isso somado \u00e0 pr\u00e1tica cont\u00ednua de cont contratos tempor\u00e1rios e aus\u00eancia de concursos p\u00fablicos na SEDUC.<!--more--><\/p>\n<p>Dados ausentes, servi\u00e7o inexistente<\/p>\n<p>A Lei Federal n\u00ba 13.935\/2019 determina que as redes p\u00fablicas de ensino garantam a presen\u00e7a de psic\u00f3logos e assistentes sociais nas escolas.<\/p>\n<p>No entanto, at\u00e9 hoje isso n\u00e3o acontece em Rond\u00f4nia \u2014 nem indicadores p\u00fablicos, nem lota\u00e7\u00f5es oficiais, nem relat\u00f3rios de execu\u00e7\u00e3o or\u00e7ament\u00e1ria vinculados a essa pol\u00edtica social.<\/p>\n<p>Pedidos de acesso \u00e0 informa\u00e7\u00e3o, protocolados via e-SIC\/RO feitos pela organiza\u00e7\u00e3o de Direitos Humanos Centro de Defesa da Crian\u00e7a e do Adolescente Maria dos Anjos (documentos de n\u00fameros 20250708232519969; 20250708233208326; 20250708232727549), foram negados sistematicamente pela SEDUC, que alega \u201cvolume de dados\u201d ou \u201ctrabalho adicional\u201d \u2014 justificativas vagas e insuficientes, segundo a lei.<\/p>\n<p>Em nenhum caso foi indicado onde tais informa\u00e7\u00f5es poderiam ser acessadas, configurando uma pol\u00edtica deliberada de sigilo institucional.<\/p>\n<p>Mais grave: a negativa de dados funciona tamb\u00e9m como uma barreira \u00e0 comprova\u00e7\u00e3o da n\u00e3o implanta\u00e7\u00e3o do servi\u00e7o.<\/p>\n<p>Ou seja: como provar que n\u00e3o existe o servi\u00e7o, se n\u00e3o h\u00e1 transpar\u00eancia ou dado formal que confirme ou desminta sua exist\u00eancia?<\/p>\n<p>Concurso p\u00fablico: promessa sempre adiada<\/p>\n<p>O v\u00e1cuo informacional se estende tamb\u00e9m ao regime de contrata\u00e7\u00e3o de pessoal da educa\u00e7\u00e3o.<\/p>\n<p>H\u00e1 provas de que a SEDUC n\u00e3o promove concursos p\u00fablicos regulares h\u00e1 anos, recorrendo quase que exclusivamente a processos seletivos simplificados e contratos tempor\u00e1rios para suprir fun\u00e7\u00f5es permanentes.<\/p>\n<p>O Tribunal de Contas de Rond\u00f4nia j\u00e1 fez alertas formais \u00e0 SEDUC por essa omiss\u00e3o. Segundo o TCE, a aus\u00eancia de concursos compromete os princ\u00edpios da legalidade, efici\u00eancia e estabilidade do quadro funcional.<\/p>\n<p>Conforme relato do Minist\u00e9rio P\u00fablico junto ao Tribunal de Contas (MPC\/RO), o \u00faltimo concurso efetivo da SEDUC teria sido realizado em 2016, e desde ent\u00e3o o \u00f3rg\u00e3o tem utilizado sele\u00e7\u00f5es simplificadas para fun\u00e7\u00f5es estruturais da educa\u00e7\u00e3o \u2014 pr\u00e1tica que afronta o art. 37, II, da Constitui\u00e7\u00e3o e decis\u00f5es anteriores da Corte de Contas.<\/p>\n<p>Nos meios p\u00fablicos de divulga\u00e7\u00e3o da SEDUC, observa-se apenas editais de processos seletivos simplificados e contratos tempor\u00e1rios, sem tra\u00e7os de concursos amplos e permanentes (por exemplo, EDITAL n. 6\/2025 para \u201cPrograma Amigo Volunt\u00e1rio do Educando\u201d)<\/p>\n<p>A pr\u00f3pria inst\u00e2ncia de fiscaliza\u00e7\u00e3o j\u00e1 determinou ao governo que promova concurso ainda em 2025, sob pena de san\u00e7\u00f5es ou bloqueios.<\/p>\n<p>A falha institucional<\/p>\n<p>O cen\u00e1rio \u00e9 desolador. A SEDUC de Rond\u00f4nia parece operar sob duas omiss\u00f5es estrat\u00e9gicas.<\/p>\n<p>A um, impede que sejam conhecidos dados concretos sobre psic\u00f3logos e assistentes sociais \u2014 tornando imposs\u00edvel o controle social e a responsabiliza\u00e7\u00e3o.<\/p>\n<p>Ainda, adia indefinidamente a realiza\u00e7\u00e3o de concursos p\u00fablicos efetivos, mantendo um padr\u00e3o de precariza\u00e7\u00e3o laboral e instabilidade administrativa.<\/p>\n<p>Se n\u00e3o h\u00e1 servi\u00e7o implantado \u2014 ou se ele \u00e9 residual \u2014 tampouco h\u00e1 como exigir responsabilidade, fiscaliza\u00e7\u00e3o ou reconstru\u00e7\u00e3o da pol\u00edtica.<\/p>\n<p>De acordo com a organiza\u00e7\u00e3o de direitos humanos que acompanha o tema h\u00e1 3 anos, n\u00e3o h\u00e1 qualquer sinal de avan\u00e7o.<\/p>\n<p>&#8220;Nada tem sido promovido de planejamento ou execu\u00e7\u00e3o. E se n\u00e3o h\u00e1 um plano, se n\u00e3o h\u00e1 concursos, como produzir quadro efetivo para cumprir a lei? A equa\u00e7\u00e3o se fecha num c\u00edrculo vicioso: sil\u00eancio, omiss\u00e3o e descumprimento&#8221;, manifesta a organiza\u00e7\u00e3o Centro de Defesa da Crian\u00e7a e do Adolescente Maria dos Anjos em sua nota.<\/p>\n<p>A neglig\u00eancia da SEDUC com concursos e dados p\u00fablicos n\u00e3o \u00e9 somente uma falha t\u00e9cnica: \u00e9 uma evidente escolha administrativa.<\/p>\n<p>E enquanto essa escolha prevalecer, crian\u00e7as e adolescentes da rede estadual continuar\u00e3o sem garantia de servi\u00e7o social e psicol\u00f3gico, e sem controle social efetivo.<\/p>\n<p>Rond\u00f4nia precisa romper esse sil\u00eancio institucional.<\/p>\n<p>&nbsp;<\/p>\n<p>Centro do Defesa da Crian\u00e7a e do Adolescente &#8211; Rond\u00f4nia<\/p>\n<p>&nbsp;<\/p>\n<p>REFER\u00caNCIAS<\/p>\n<p>ROND\u00d4NIA LIVE. O Imp\u00e9rio do Segredo \u2013 Parte II: quando saber onde trabalham assistentes sociais vira uma miss\u00e3o imposs\u00edvel. Rond\u00f4nia Live, Porto Velho, 29 ago. 2025. Dispon\u00edvel em: https:\/\/rondonialive.com.br\/o-imperio-do-segredo-parte-ii-quando-saber-onde-trabalham-assistentes-sociais-vira-uma-missao-impossivel\/. Acesso em: 29 ago. 2025.<\/p>\n<p>ROND\u00d4NIA LIVE. SEDUC nega mais uma vez acesso a dados sobre aplica\u00e7\u00e3o do FUNDEB e contrata\u00e7\u00e3o de profissionais da educa\u00e7\u00e3o. Rond\u00f4nia Live, Porto Velho, 29 ago. 2025. Dispon\u00edvel em: https:\/\/rondonialive.com.br\/seduc-nega-mais-uma-vez-acesso-a-dados-sobre-aplicacao-do-fundeb-e-contratacao-de-profissionais-da-educacao\/. Acesso em: 29 ago. 2025.<\/p>\n<p>ROND\u00d4NIA AO VIVO. Sem transpar\u00eancia: Governo de Rond\u00f4nia nega acesso \u00e0 informa\u00e7\u00e3o sobre profissionais de psicologia e assist\u00eancia social nas escolas. Rond\u00f4nia ao Vivo, Porto Velho, 29 ago. 2025. Dispon\u00edvel em: https:\/\/rondoniaovivo.com\/noticia\/politica\/2025\/08\/29\/sem-transparencia-governo-de-rondonia-nega-acesso-a-informacao-sobre-profissionais-de-psicologia-e-assistencia-social-nas-escolas.html. Acesso em: 29 ago. 2025.<\/p>\n<p>TVC AMAZ\u00d4NIA. Caixa-preta: Governo Marcos Rocha nega informa\u00e7\u00f5es sobre psic\u00f3logos e assistentes sociais nas escolas estaduais. TVC Amaz\u00f4nia, Porto Velho, 29 ago. 2025. Dispon\u00edvel em: https:\/\/tvcamazonia.com.br\/caixa-preta-governo-marcos-rocha-nega-informacoes-sobre-psicologos-e-assistentes-sociais-nas-escolas-estaduais\/. Acesso em: 29 ago. 2025.<\/p>\n<p>ROND\u00d4NIA, Tribunal de Contas do Estado. TCE-RO aponta omiss\u00e3o de concursos na SEDUC e determina alerta formal \u00e0 Secretaria de Educa\u00e7\u00e3o. CEDECA Rond\u00f4nia, [s. l.], 2025. Dispon\u00edvel em: https:\/\/cedecarondonia.org.br\/tce-ro-aponta-omissao-de-concursos-na-seduc-e-determina-alerta-formal-a-secretaria-de-educacao\/?utm_source=chatgpt.com. Acesso em: 30 set. 2025.<\/p>\n<p>CENTRO PREPARAT\u00d3RIO. Tribunal de Contas do Estado de Rond\u00f4nia exige concurso urgente para a SEDUC. Blog Centro Preparat\u00f3rio, [s. l.], 2025. Dispon\u00edvel em: https:\/\/blog.centropreparatorio.com\/tribunal-de-contas-do-estado-de-rondonia-exige-concurso-urgente-para-a-seduc\/?utm_source=chatgpt.com. Acesso em: 30 set. 2025.<\/p>\n<p>ROND\u00d4NIA. Secretaria de Estado da Educa\u00e7\u00e3o. Edital n\u00ba 6\/2025 \u2013 Abertura de Processo Seletivo Programa Amigo Volunt\u00e1rio do Educando. Portal do Governo de Rond\u00f4nia, Porto Velho, 2025. Dispon\u00edvel em: https:\/\/rondonia.ro.gov.br\/wp-content\/uploads\/2025\/04\/EDITAL-N.-6-ABERTURA-DE-PROCESSO-SELETIVO-2025.pdf?utm_source=chatgpt.com. Acesso em: 30 set. 2025.<\/p>\n<p>EU IDEAL. Secretaria da Educa\u00e7\u00e3o \u00e9 intimada pelo TCE por aus\u00eancia de concurso p\u00fablico no setor. Eu Ideal, Porto Velho, 2025. Dispon\u00edvel em: https:\/\/www.euideal.com\/noticia\/52592\/porto-velho\/justica\/secretaria-da-educacao-e-intimada-pelo-tce-por-ausencia-de-concurso-publico-no-setor.html?utm_source=chatgpt.com. Acesso em: 30 set. 2025.<\/p>\n","protected":false},"excerpt":{"rendered":"<p>Da assessoria do Cedeca &#8211; H\u00e1 anos, o Estado de Rond\u00f4nia convive com uma estranha combina\u00e7\u00e3o: nenhum dado confi\u00e1vel divulgado e a n\u00e3o implanta\u00e7\u00e3o efetiva do servi\u00e7o de psic\u00f3logos e assistentes sociais nas escolas estaduais, tudo isso somado \u00e0 pr\u00e1tica cont\u00ednua de cont contratos tempor\u00e1rios e aus\u00eancia de concursos p\u00fablicos na SEDUC.<\/p>\n","protected":false},"author":1,"featured_media":0,"comment_status":"closed","ping_status":"open","sticky":false,"template":"","format":"standard","meta":{"_exactmetrics_skip_tracking":false,"_exactmetrics_sitenote_active":false,"_exactmetrics_sitenote_note":"","_exactmetrics_sitenote_category":0,"jetpack_post_was_ever_published":false,"_jetpack_newsletter_access":"","_jetpack_dont_email_post_to_subs":false,"_jetpack_newsletter_tier_id":0,"_jetpack_memberships_contains_paywalled_content":false,"_jetpack_memberships_contains_paid_content":false,"footnotes":"","jetpack_publicize_message":"","jetpack_publicize_feature_enabled":true,"jetpack_social_post_already_shared":true,"jetpack_social_options":{"image_generator_settings":{"template":"highway","enabled":false},"version":2}},"categories":[1],"tags":[1510,1509,1511,1512],"class_list":["post-37580","post","type-post","status-publish","format-standard","hentry","category-notas","tag-assistentes-sociais","tag-cedeca","tag-psicologos","tag-seduc"],"jetpack_publicize_connections":[],"jetpack_sharing_enabled":true,"jetpack_featured_media_url":"","jetpack_shortlink":"https:\/\/wp.me\/p7wKYW-9M8","jetpack-related-posts":[],"_links":{"self":[{"href":"http:\/\/blogdalucianaoliveira.com.br\/blog\/wp-json\/wp\/v2\/posts\/37580","targetHints":{"allow":["GET"]}}],"collection":[{"href":"http:\/\/blogdalucianaoliveira.com.br\/blog\/wp-json\/wp\/v2\/posts"}],"about":[{"href":"http:\/\/blogdalucianaoliveira.com.br\/blog\/wp-json\/wp\/v2\/types\/post"}],"author":[{"embeddable":true,"href":"http:\/\/blogdalucianaoliveira.com.br\/blog\/wp-json\/wp\/v2\/users\/1"}],"replies":[{"embeddable":true,"href":"http:\/\/blogdalucianaoliveira.com.br\/blog\/wp-json\/wp\/v2\/comments?post=37580"}],"version-history":[{"count":1,"href":"http:\/\/blogdalucianaoliveira.com.br\/blog\/wp-json\/wp\/v2\/posts\/37580\/revisions"}],"predecessor-version":[{"id":37582,"href":"http:\/\/blogdalucianaoliveira.com.br\/blog\/wp-json\/wp\/v2\/posts\/37580\/revisions\/37582"}],"wp:attachment":[{"href":"http:\/\/blogdalucianaoliveira.com.br\/blog\/wp-json\/wp\/v2\/media?parent=37580"}],"wp:term":[{"taxonomy":"category","embeddable":true,"href":"http:\/\/blogdalucianaoliveira.com.br\/blog\/wp-json\/wp\/v2\/categories?post=37580"},{"taxonomy":"post_tag","embeddable":true,"href":"http:\/\/blogdalucianaoliveira.com.br\/blog\/wp-json\/wp\/v2\/tags?post=37580"}],"curies":[{"name":"wp","href":"https:\/\/api.w.org\/{rel}","templated":true}]}}