{"id":37590,"date":"2025-10-05T15:39:24","date_gmt":"2025-10-05T19:39:24","guid":{"rendered":"https:\/\/blogdalucianaoliveira.com.br\/blog\/?p=37590"},"modified":"2025-10-07T11:41:29","modified_gmt":"2025-10-07T15:41:29","slug":"claudia-de-jesus-destaca-importancia-da-uniao-do-campo-progressista-na-caminhada-esperanca","status":"publish","type":"post","link":"http:\/\/blogdalucianaoliveira.com.br\/blog\/2025\/10\/05\/claudia-de-jesus-destaca-importancia-da-uniao-do-campo-progressista-na-caminhada-esperanca\/","title":{"rendered":"Cl\u00e1udia de Jesus destaca import\u00e2ncia da uni\u00e3o do campo progressista na Caminhada Esperan\u00e7a"},"content":{"rendered":"<p><img data-recalc-dims=\"1\" loading=\"lazy\" decoding=\"async\" data-attachment-id=\"37592\" data-permalink=\"http:\/\/blogdalucianaoliveira.com.br\/blog\/2025\/10\/05\/claudia-de-jesus-destaca-importancia-da-uniao-do-campo-progressista-na-caminhada-esperanca\/img_8039\/\" data-orig-file=\"https:\/\/i0.wp.com\/blogdalucianaoliveira.com.br\/blog\/wp-content\/uploads\/2025\/10\/IMG_8039.jpeg?fit=1134%2C787\" data-orig-size=\"1134,787\" data-comments-opened=\"0\" data-image-meta=\"{&quot;aperture&quot;:&quot;0&quot;,&quot;credit&quot;:&quot;&quot;,&quot;camera&quot;:&quot;&quot;,&quot;caption&quot;:&quot;&quot;,&quot;created_timestamp&quot;:&quot;0&quot;,&quot;copyright&quot;:&quot;&quot;,&quot;focal_length&quot;:&quot;0&quot;,&quot;iso&quot;:&quot;0&quot;,&quot;shutter_speed&quot;:&quot;0&quot;,&quot;title&quot;:&quot;&quot;,&quot;orientation&quot;:&quot;1&quot;}\" data-image-title=\"IMG_8039\" data-image-description=\"\" data-image-caption=\"\" data-medium-file=\"https:\/\/i0.wp.com\/blogdalucianaoliveira.com.br\/blog\/wp-content\/uploads\/2025\/10\/IMG_8039.jpeg?fit=300%2C208\" data-large-file=\"https:\/\/i0.wp.com\/blogdalucianaoliveira.com.br\/blog\/wp-content\/uploads\/2025\/10\/IMG_8039.jpeg?fit=600%2C417\" class=\"alignnone size-medium wp-image-37592\" src=\"https:\/\/i0.wp.com\/blogdalucianaoliveira.com.br\/blog\/wp-content\/uploads\/2025\/10\/IMG_8039.jpeg?resize=300%2C208\" alt=\"\" width=\"300\" height=\"208\" srcset=\"https:\/\/i0.wp.com\/blogdalucianaoliveira.com.br\/blog\/wp-content\/uploads\/2025\/10\/IMG_8039.jpeg?resize=300%2C208 300w, https:\/\/i0.wp.com\/blogdalucianaoliveira.com.br\/blog\/wp-content\/uploads\/2025\/10\/IMG_8039.jpeg?resize=1024%2C711 1024w, https:\/\/i0.wp.com\/blogdalucianaoliveira.com.br\/blog\/wp-content\/uploads\/2025\/10\/IMG_8039.jpeg?resize=768%2C533 768w, https:\/\/i0.wp.com\/blogdalucianaoliveira.com.br\/blog\/wp-content\/uploads\/2025\/10\/IMG_8039.jpeg?resize=432%2C300 432w, https:\/\/i0.wp.com\/blogdalucianaoliveira.com.br\/blog\/wp-content\/uploads\/2025\/10\/IMG_8039.jpeg?w=1134 1134w\" sizes=\"auto, (max-width: 300px) 100vw, 300px\" \/><\/p>\n<p class=\"p1\"><span class=\"s1\">Luciana Oliveira, de J\u00ed-Paran\u00e1 &#8211; O movimento que une nove partidos do campo democr\u00e1tico<span class=\"Apple-converted-space\">\u00a0 <\/span>em Rond\u00f4nia realizou um grande ato, na ch\u00e1cara da Eucatur, em J\u00ed-Paran\u00e1. <\/span><\/p>\n<p class=\"p1\"><span class=\"s1\">A caminhada Esperan\u00e7a j\u00e1 foi lan\u00e7ada em Porto Velho e Ariquemes e re\u00fane lideran\u00e7as e militantes do MDB, PSB, PDT, PT, PV, Rede, PCdoB, PSOL e Cidadania, al\u00e9m de organiza\u00e7\u00f5es sociais.<\/span><!--more--><\/p>\n<p><img data-recalc-dims=\"1\" loading=\"lazy\" decoding=\"async\" data-attachment-id=\"37593\" data-permalink=\"http:\/\/blogdalucianaoliveira.com.br\/blog\/2025\/10\/05\/claudia-de-jesus-destaca-importancia-da-uniao-do-campo-progressista-na-caminhada-esperanca\/img_8002\/\" data-orig-file=\"https:\/\/i0.wp.com\/blogdalucianaoliveira.com.br\/blog\/wp-content\/uploads\/2025\/10\/IMG_8002-scaled.jpeg?fit=2560%2C1440\" data-orig-size=\"2560,1440\" data-comments-opened=\"0\" data-image-meta=\"{&quot;aperture&quot;:&quot;2.2&quot;,&quot;credit&quot;:&quot;&quot;,&quot;camera&quot;:&quot;iPhone 16&quot;,&quot;caption&quot;:&quot;&quot;,&quot;created_timestamp&quot;:&quot;1759582042&quot;,&quot;copyright&quot;:&quot;&quot;,&quot;focal_length&quot;:&quot;2.2200000286119&quot;,&quot;iso&quot;:&quot;80&quot;,&quot;shutter_speed&quot;:&quot;0.0083333333333333&quot;,&quot;title&quot;:&quot;&quot;,&quot;orientation&quot;:&quot;1&quot;}\" data-image-title=\"IMG_8002\" data-image-description=\"\" data-image-caption=\"\" data-medium-file=\"https:\/\/i0.wp.com\/blogdalucianaoliveira.com.br\/blog\/wp-content\/uploads\/2025\/10\/IMG_8002-scaled.jpeg?fit=300%2C169\" data-large-file=\"https:\/\/i0.wp.com\/blogdalucianaoliveira.com.br\/blog\/wp-content\/uploads\/2025\/10\/IMG_8002-scaled.jpeg?fit=600%2C338\" class=\"alignnone size-medium wp-image-37593\" src=\"https:\/\/i0.wp.com\/blogdalucianaoliveira.com.br\/blog\/wp-content\/uploads\/2025\/10\/IMG_8002.jpeg?resize=300%2C169\" alt=\"\" width=\"300\" height=\"169\" srcset=\"https:\/\/i0.wp.com\/blogdalucianaoliveira.com.br\/blog\/wp-content\/uploads\/2025\/10\/IMG_8002-scaled.jpeg?resize=300%2C169 300w, https:\/\/i0.wp.com\/blogdalucianaoliveira.com.br\/blog\/wp-content\/uploads\/2025\/10\/IMG_8002-scaled.jpeg?resize=1024%2C576 1024w, https:\/\/i0.wp.com\/blogdalucianaoliveira.com.br\/blog\/wp-content\/uploads\/2025\/10\/IMG_8002-scaled.jpeg?resize=768%2C432 768w, https:\/\/i0.wp.com\/blogdalucianaoliveira.com.br\/blog\/wp-content\/uploads\/2025\/10\/IMG_8002-scaled.jpeg?resize=1536%2C864 1536w, https:\/\/i0.wp.com\/blogdalucianaoliveira.com.br\/blog\/wp-content\/uploads\/2025\/10\/IMG_8002-scaled.jpeg?resize=2048%2C1152 2048w, https:\/\/i0.wp.com\/blogdalucianaoliveira.com.br\/blog\/wp-content\/uploads\/2025\/10\/IMG_8002-scaled.jpeg?resize=533%2C300 533w, https:\/\/i0.wp.com\/blogdalucianaoliveira.com.br\/blog\/wp-content\/uploads\/2025\/10\/IMG_8002-scaled.jpeg?w=1200 1200w, https:\/\/i0.wp.com\/blogdalucianaoliveira.com.br\/blog\/wp-content\/uploads\/2025\/10\/IMG_8002-scaled.jpeg?w=1800 1800w\" sizes=\"auto, (max-width: 300px) 100vw, 300px\" \/><\/p>\n<p class=\"p1\"><span class=\"s1\">A a\u00e7\u00e3o \u00e9 para qualificar a disputa pol\u00edtica unindo os que defendem a democracia, o fortalecimento das pol\u00edticas sociais, a transpar\u00eancia na gest\u00e3o p\u00fablica, a preserva\u00e7\u00e3o da Amaz\u00f4nia e o fomento ao desenvolvimento sustent\u00e1vel.<\/span><\/p>\n<p class=\"p1\"><span class=\"s1\">Para Cl\u00e1udia de Jesus, \u201co campo democr\u00e1tico tem condi\u00e7\u00f5es de fazer mais por Rond\u00f4nia, pois imprime o olhar humano e valoriza a participa\u00e7\u00e3o popular em seus projetos\u201d. <\/span><\/p>\n<p class=\"p1\"><span class=\"s1\">Ap\u00f3s Ji-Paran\u00e1, est\u00e3o programados lan\u00e7amentos em Cacoal, Rolim de Moura e Vilhena, com o objetivo de ampliar a mobiliza\u00e7\u00e3o no interior do estado rumo \u00e0s elei\u00e7\u00f5es de 2026. <\/span><\/p>\n<p class=\"p1\"><span class=\"s1\">\u201cVamos estimular e fortalecer todas as candidaturas que tenham um projeto inclusivo e respons\u00e1vel para nosso estado. Os que possuem compromisso verdadeiro com o bem da coletividade, podem contar com meu apoio\u201d, disse Cl\u00e1udia. <\/span><\/p>\n<p class=\"p1\"><span class=\"s1\">Para ela, n\u00e3o h\u00e1 como avan\u00e7ar sem compromisso coletivo, com mentiras e \u00f3dio e sem reconhecer as importantes obras e pol\u00edticas p\u00fablicas do governo Lula nos 52 munic\u00edpios de Rond\u00f4nia. <\/span><\/p>\n<p class=\"p1\"><span class=\"s1\">Ela lembrou que em agosto, o presidente esteve na capital e anunciou 1,5 bilh\u00e3o em investimentos que v\u00e3o melhorar a sa\u00fade, educa\u00e7\u00e3o, infraestrutura e integra\u00e7\u00e3o regional do estado.<\/span><\/p>\n<p class=\"p1\"><span class=\"s1\">\u201cO presidente Lula governa para todos e todas, driblando as diverg\u00eancias com di\u00e1logo. \u00c9 esse esp\u00edrito de boa pr\u00e1tica na pol\u00edtica que queremos difundir com o movimento\u201d, finalizou a deputada. <\/span><\/p>\n","protected":false},"excerpt":{"rendered":"<p>Luciana Oliveira, de J\u00ed-Paran\u00e1 &#8211; O movimento que une nove partidos do campo democr\u00e1tico\u00a0 em Rond\u00f4nia realizou um grande ato, na ch\u00e1cara da Eucatur, em J\u00ed-Paran\u00e1. A caminhada Esperan\u00e7a j\u00e1 foi lan\u00e7ada em Porto Velho e Ariquemes e re\u00fane lideran\u00e7as e militantes do MDB, PSB, PDT, PT, PV, Rede, PCdoB, PSOL e Cidadania, al\u00e9m de&#8230;<a class=\"more-link\" href=\"http:\/\/blogdalucianaoliveira.com.br\/blog\/2025\/10\/05\/claudia-de-jesus-destaca-importancia-da-uniao-do-campo-progressista-na-caminhada-esperanca\/\">Continue a leitura <span class=\"meta-nav\">&raquo;<\/span><\/a><\/p>\n","protected":false},"author":1,"featured_media":0,"comment_status":"closed","ping_status":"open","sticky":false,"template":"","format":"standard","meta":{"_exactmetrics_skip_tracking":false,"_exactmetrics_sitenote_active":false,"_exactmetrics_sitenote_note":"","_exactmetrics_sitenote_category":0,"jetpack_post_was_ever_published":false,"_jetpack_newsletter_access":"","_jetpack_dont_email_post_to_subs":false,"_jetpack_newsletter_tier_id":0,"_jetpack_memberships_contains_paywalled_content":false,"_jetpack_memberships_contains_paid_content":false,"footnotes":"","jetpack_publicize_message":"","jetpack_publicize_feature_enabled":true,"jetpack_social_post_already_shared":true,"jetpack_social_options":{"image_generator_settings":{"template":"highway","enabled":false},"version":2}},"categories":[1],"tags":[1458,1429,1515],"class_list":["post-37590","post","type-post","status-publish","format-standard","hentry","category-notas","tag-caminhada-da-esperanca","tag-deputada-claudia-de-jesus","tag-ji-parana"],"jetpack_publicize_connections":[],"jetpack_sharing_enabled":true,"jetpack_featured_media_url":"","jetpack_shortlink":"https:\/\/wp.me\/p7wKYW-9Mi","jetpack-related-posts":[],"_links":{"self":[{"href":"http:\/\/blogdalucianaoliveira.com.br\/blog\/wp-json\/wp\/v2\/posts\/37590","targetHints":{"allow":["GET"]}}],"collection":[{"href":"http:\/\/blogdalucianaoliveira.com.br\/blog\/wp-json\/wp\/v2\/posts"}],"about":[{"href":"http:\/\/blogdalucianaoliveira.com.br\/blog\/wp-json\/wp\/v2\/types\/post"}],"author":[{"embeddable":true,"href":"http:\/\/blogdalucianaoliveira.com.br\/blog\/wp-json\/wp\/v2\/users\/1"}],"replies":[{"embeddable":true,"href":"http:\/\/blogdalucianaoliveira.com.br\/blog\/wp-json\/wp\/v2\/comments?post=37590"}],"version-history":[{"count":2,"href":"http:\/\/blogdalucianaoliveira.com.br\/blog\/wp-json\/wp\/v2\/posts\/37590\/revisions"}],"predecessor-version":[{"id":37609,"href":"http:\/\/blogdalucianaoliveira.com.br\/blog\/wp-json\/wp\/v2\/posts\/37590\/revisions\/37609"}],"wp:attachment":[{"href":"http:\/\/blogdalucianaoliveira.com.br\/blog\/wp-json\/wp\/v2\/media?parent=37590"}],"wp:term":[{"taxonomy":"category","embeddable":true,"href":"http:\/\/blogdalucianaoliveira.com.br\/blog\/wp-json\/wp\/v2\/categories?post=37590"},{"taxonomy":"post_tag","embeddable":true,"href":"http:\/\/blogdalucianaoliveira.com.br\/blog\/wp-json\/wp\/v2\/tags?post=37590"}],"curies":[{"name":"wp","href":"https:\/\/api.w.org\/{rel}","templated":true}]}}