{"id":37595,"date":"2025-10-06T18:03:53","date_gmt":"2025-10-06T22:03:53","guid":{"rendered":"https:\/\/blogdalucianaoliveira.com.br\/blog\/?p=37595"},"modified":"2025-10-06T18:03:53","modified_gmt":"2025-10-06T22:03:53","slug":"o-fim-do-feminicidio-lesbocidio-e-transfeminicidio-e-pauta-na-conferencia-nacional-de-mulheres","status":"publish","type":"post","link":"http:\/\/blogdalucianaoliveira.com.br\/blog\/2025\/10\/06\/o-fim-do-feminicidio-lesbocidio-e-transfeminicidio-e-pauta-na-conferencia-nacional-de-mulheres\/","title":{"rendered":"O FIM DO FEMINIC\u00cdDIO, LESBOC\u00cdDIO E TRANSFEMINIC\u00cdDIO \u00c9 PAUTA NA CONFER\u00caNCIA NACIONAL DE MULHERES"},"content":{"rendered":"<p><img data-recalc-dims=\"1\" loading=\"lazy\" decoding=\"async\" data-attachment-id=\"37596\" data-permalink=\"http:\/\/blogdalucianaoliveira.com.br\/blog\/2025\/10\/06\/o-fim-do-feminicidio-lesbocidio-e-transfeminicidio-e-pauta-na-conferencia-nacional-de-mulheres\/586bfe8e-7466-4fe0-bf7e-c09153a6d6b4\/\" data-orig-file=\"https:\/\/i0.wp.com\/blogdalucianaoliveira.com.br\/blog\/wp-content\/uploads\/2025\/10\/586bfe8e-7466-4fe0-bf7e-c09153a6d6b4.jpeg?fit=1600%2C1200\" data-orig-size=\"1600,1200\" data-comments-opened=\"0\" data-image-meta=\"{&quot;aperture&quot;:&quot;0&quot;,&quot;credit&quot;:&quot;&quot;,&quot;camera&quot;:&quot;&quot;,&quot;caption&quot;:&quot;&quot;,&quot;created_timestamp&quot;:&quot;1759788015&quot;,&quot;copyright&quot;:&quot;&quot;,&quot;focal_length&quot;:&quot;0&quot;,&quot;iso&quot;:&quot;0&quot;,&quot;shutter_speed&quot;:&quot;0&quot;,&quot;title&quot;:&quot;&quot;,&quot;orientation&quot;:&quot;0&quot;}\" data-image-title=\"586bfe8e-7466-4fe0-bf7e-c09153a6d6b4\" data-image-description=\"\" data-image-caption=\"\" data-medium-file=\"https:\/\/i0.wp.com\/blogdalucianaoliveira.com.br\/blog\/wp-content\/uploads\/2025\/10\/586bfe8e-7466-4fe0-bf7e-c09153a6d6b4.jpeg?fit=300%2C225\" data-large-file=\"https:\/\/i0.wp.com\/blogdalucianaoliveira.com.br\/blog\/wp-content\/uploads\/2025\/10\/586bfe8e-7466-4fe0-bf7e-c09153a6d6b4.jpeg?fit=600%2C450\" class=\"alignnone size-medium wp-image-37596\" src=\"https:\/\/i0.wp.com\/blogdalucianaoliveira.com.br\/blog\/wp-content\/uploads\/2025\/10\/586bfe8e-7466-4fe0-bf7e-c09153a6d6b4.jpeg?resize=300%2C225\" alt=\"\" width=\"300\" height=\"225\" srcset=\"https:\/\/i0.wp.com\/blogdalucianaoliveira.com.br\/blog\/wp-content\/uploads\/2025\/10\/586bfe8e-7466-4fe0-bf7e-c09153a6d6b4.jpeg?resize=300%2C225 300w, https:\/\/i0.wp.com\/blogdalucianaoliveira.com.br\/blog\/wp-content\/uploads\/2025\/10\/586bfe8e-7466-4fe0-bf7e-c09153a6d6b4.jpeg?resize=1024%2C768 1024w, https:\/\/i0.wp.com\/blogdalucianaoliveira.com.br\/blog\/wp-content\/uploads\/2025\/10\/586bfe8e-7466-4fe0-bf7e-c09153a6d6b4.jpeg?resize=768%2C576 768w, https:\/\/i0.wp.com\/blogdalucianaoliveira.com.br\/blog\/wp-content\/uploads\/2025\/10\/586bfe8e-7466-4fe0-bf7e-c09153a6d6b4.jpeg?resize=1536%2C1152 1536w, https:\/\/i0.wp.com\/blogdalucianaoliveira.com.br\/blog\/wp-content\/uploads\/2025\/10\/586bfe8e-7466-4fe0-bf7e-c09153a6d6b4.jpeg?resize=400%2C300 400w, https:\/\/i0.wp.com\/blogdalucianaoliveira.com.br\/blog\/wp-content\/uploads\/2025\/10\/586bfe8e-7466-4fe0-bf7e-c09153a6d6b4.jpeg?w=1600 1600w, https:\/\/i0.wp.com\/blogdalucianaoliveira.com.br\/blog\/wp-content\/uploads\/2025\/10\/586bfe8e-7466-4fe0-bf7e-c09153a6d6b4.jpeg?w=1200 1200w\" sizes=\"auto, (max-width: 300px) 100vw, 300px\" \/><\/p>\n<p class=\"s2\">O Levante Feminista de Rond\u00f4nia integrante da Campanha Nacional pelo fim do Feminic\u00eddio, Lesboc\u00eddio e Transfeminic\u00eddio participou com quatro representantes juntamente com companheiras de outros 13 Estados (AM, AC, AM, AP, RS, SP, MA, BA, PE, PI, RJ, MT, MS, MG) e DF da 5\u00aa Confer\u00eancia Nacional de Pol\u00edticas P\u00fablicas para as Mulheres realizada nos dias 29 de setembro a 1\u00ba de outubro, em Bras\u00edlia. O evento com o lema &#8220;<span class=\"s5\">Mais democracia, mais igualdade, mais conquistas para todas<\/span>&#8221; reuniu mais de 5 mil mulheres eleitas pelas Confer\u00eancias Estaduais, Municipais, Regionais e Livres, de um total de 156 mil participantes.<!--more--><\/p>\n<p class=\"s2\">Ap\u00f3s 10 anos sem discutir com a sociedade civil as demandas para a melhoria e igualdade para mulheres, o Minist\u00e9rio das Mulheres promoveu uma ampla discuss\u00e3o com maior diversidade e representatividade dos territ\u00f3rios por meio das Confer\u00eancias Livres, com 1400 inscritas e mais de 700 validadas, e com aproximadamente 1.200 representantes de todo o pa\u00eds. A metodologia possibilitou a inclus\u00e3o de mulheres negras, ind\u00edgenas, do campo, das florestas, da periferia, idosas, com defici\u00eancia, entre outras.<\/p>\n<p><img data-recalc-dims=\"1\" loading=\"lazy\" decoding=\"async\" data-attachment-id=\"37597\" data-permalink=\"http:\/\/blogdalucianaoliveira.com.br\/blog\/2025\/10\/06\/o-fim-do-feminicidio-lesbocidio-e-transfeminicidio-e-pauta-na-conferencia-nacional-de-mulheres\/7be6bb2e-8f3b-49c4-b116-2bb624a8ed85\/\" data-orig-file=\"https:\/\/i0.wp.com\/blogdalucianaoliveira.com.br\/blog\/wp-content\/uploads\/2025\/10\/7be6bb2e-8f3b-49c4-b116-2bb624a8ed85.jpeg?fit=1200%2C1600\" data-orig-size=\"1200,1600\" data-comments-opened=\"0\" data-image-meta=\"{&quot;aperture&quot;:&quot;0&quot;,&quot;credit&quot;:&quot;&quot;,&quot;camera&quot;:&quot;&quot;,&quot;caption&quot;:&quot;&quot;,&quot;created_timestamp&quot;:&quot;1759788115&quot;,&quot;copyright&quot;:&quot;&quot;,&quot;focal_length&quot;:&quot;0&quot;,&quot;iso&quot;:&quot;0&quot;,&quot;shutter_speed&quot;:&quot;0&quot;,&quot;title&quot;:&quot;&quot;,&quot;orientation&quot;:&quot;0&quot;}\" data-image-title=\"7be6bb2e-8f3b-49c4-b116-2bb624a8ed85\" data-image-description=\"\" data-image-caption=\"\" data-medium-file=\"https:\/\/i0.wp.com\/blogdalucianaoliveira.com.br\/blog\/wp-content\/uploads\/2025\/10\/7be6bb2e-8f3b-49c4-b116-2bb624a8ed85.jpeg?fit=225%2C300\" data-large-file=\"https:\/\/i0.wp.com\/blogdalucianaoliveira.com.br\/blog\/wp-content\/uploads\/2025\/10\/7be6bb2e-8f3b-49c4-b116-2bb624a8ed85.jpeg?fit=600%2C800\" class=\"size-medium wp-image-37597 alignleft\" src=\"https:\/\/i0.wp.com\/blogdalucianaoliveira.com.br\/blog\/wp-content\/uploads\/2025\/10\/7be6bb2e-8f3b-49c4-b116-2bb624a8ed85.jpeg?resize=225%2C300\" alt=\"\" width=\"225\" height=\"300\" srcset=\"https:\/\/i0.wp.com\/blogdalucianaoliveira.com.br\/blog\/wp-content\/uploads\/2025\/10\/7be6bb2e-8f3b-49c4-b116-2bb624a8ed85.jpeg?resize=225%2C300 225w, https:\/\/i0.wp.com\/blogdalucianaoliveira.com.br\/blog\/wp-content\/uploads\/2025\/10\/7be6bb2e-8f3b-49c4-b116-2bb624a8ed85.jpeg?resize=768%2C1024 768w, https:\/\/i0.wp.com\/blogdalucianaoliveira.com.br\/blog\/wp-content\/uploads\/2025\/10\/7be6bb2e-8f3b-49c4-b116-2bb624a8ed85.jpeg?resize=1152%2C1536 1152w, https:\/\/i0.wp.com\/blogdalucianaoliveira.com.br\/blog\/wp-content\/uploads\/2025\/10\/7be6bb2e-8f3b-49c4-b116-2bb624a8ed85.jpeg?w=1200 1200w\" sizes=\"auto, (max-width: 225px) 100vw, 225px\" \/><\/p>\n<p class=\"s6\">Durante a Confer\u00eancia houve a aprova\u00e7\u00e3o do Regimento e a discuss\u00e3o de 15 temas distribu\u00eddos em grupos de trabalho para delibera\u00e7\u00e3o sobre os ajustes das a\u00e7\u00f5es priorit\u00e1rias, preliminarmente condensadas pelo Conselho Nacional de Direitos da Mulher (CNDM) e o Minist\u00e9rio das Mulheres. Os temas discutidos foram 1- Trabalho, Emprego e Autonomia Econ\u00f4mica das Mulheres, 2- Pol\u00edticas do Cuidado e a Autonomia das Mulheres, 3- Mulheres, Empreendedorismo e Economia Solid\u00e1ria<\/p>\n<p class=\"s6\">4- Educa\u00e7\u00e3o para Igualdade e Cidadania, 5- Sa\u00fade Integral das Mulheres, Direitos Sexuais e Direitos Reprodutivos, 6- Viol\u00eancia Contra as Mulheres, 7- Viol\u00eancia Pol\u00edtica e das Redes contra as Mulheres, 8- Participa\u00e7\u00e3o das Mulheres nos Espa\u00e7os de Poder e Decis\u00e3o, 9- Desenvolvimento Sustent\u00e1vel com Igualdade Econ\u00f4mica e Social, 10- Direito \u00e0 Terra com Igualdade para Mulheres do Campo e da Floresta, 11- Cultura, Esporte, Comunica\u00e7\u00e3o e M\u00eddia, 12 &#8211; Enfrentamento do Racismo, Sexismo, Transfobia e Lesbofobia, 13 &#8211; Igualdade para Mulheres Jovens, Idosas e com Defici\u00eancia, 14 &#8211; Outras Pol\u00edticas P\u00fablicas para as Mulheres e 15 &#8211; Institucionaliza\u00e7\u00e3o dos Organismos para Mulheres.<\/p>\n<p class=\"s6\">O Levante Feminista atuou diretamente nas discuss\u00f5es dos temas de Viol\u00eancia Contra as Mulheres e de Viol\u00eancia Pol\u00edtica e das Redes contra as Mulheres, destacando a inclus\u00e3o do termo \u201cfeminic\u00eddio\u201d nas a\u00e7\u00f5es de combate e a aprova\u00e7\u00e3o de uma Mo\u00e7\u00e3o para prioriza\u00e7\u00e3o de um Plano Nacional de Preven\u00e7\u00e3o e Enfrentamento ao Feminic\u00eddio, Lesboc\u00eddio e Transfeminic\u00eddio, de car\u00e1ter interseccional, feminista e antirracista.<\/p>\n<p class=\"s6\">Nestes dias diante das discuss\u00f5es acirradas, das trocas sinceras, dos reencontros calorosos, da energia da milit\u00e2ncia e dos apertos no campo de disputa das prioridades frente \u00e0s realidades enfrentadas pelas brasileiras, trazemos no peito a certeza que muito foi constru\u00eddo em pluralidade para um pa\u00eds com caminhos mais justos, igualit\u00e1rios e democr\u00e1ticos para todas mulheres.<\/p>\n<p class=\"s2\">\n<p class=\"s6\">VIVAS NOS QUEREMOS!<\/p>\n<p class=\"s2\">\n<p class=\"s6\">Fonte: Levante Feminista de Rond\u00f4nia<\/p>\n<p class=\"s6\">Texto e imagens: Izabela Lima, articuladora do Levante Feminista contra o Feminicidio, Transfeminicidio e Lesbocidio\/Rond\u00f4nia<\/p>\n","protected":false},"excerpt":{"rendered":"<p>O Levante Feminista de Rond\u00f4nia integrante da Campanha Nacional pelo fim do Feminic\u00eddio, Lesboc\u00eddio e Transfeminic\u00eddio participou com quatro representantes juntamente com companheiras de outros 13 Estados (AM, AC, AM, AP, RS, SP, MA, BA, PE, PI, RJ, MT, MS, MG) e DF da 5\u00aa Confer\u00eancia Nacional de Pol\u00edticas P\u00fablicas para as Mulheres realizada nos&#8230;<a class=\"more-link\" href=\"http:\/\/blogdalucianaoliveira.com.br\/blog\/2025\/10\/06\/o-fim-do-feminicidio-lesbocidio-e-transfeminicidio-e-pauta-na-conferencia-nacional-de-mulheres\/\">Continue a leitura <span class=\"meta-nav\">&raquo;<\/span><\/a><\/p>\n","protected":false},"author":1,"featured_media":0,"comment_status":"closed","ping_status":"open","sticky":false,"template":"","format":"standard","meta":{"_exactmetrics_skip_tracking":false,"_exactmetrics_sitenote_active":false,"_exactmetrics_sitenote_note":"","_exactmetrics_sitenote_category":0,"jetpack_post_was_ever_published":false,"_jetpack_newsletter_access":"","_jetpack_dont_email_post_to_subs":false,"_jetpack_newsletter_tier_id":0,"_jetpack_memberships_contains_paywalled_content":false,"_jetpack_memberships_contains_paid_content":false,"footnotes":"","jetpack_publicize_message":"","jetpack_publicize_feature_enabled":true,"jetpack_social_post_already_shared":true,"jetpack_social_options":{"image_generator_settings":{"template":"highway","enabled":false},"version":2}},"categories":[1],"tags":[1503,1075,46],"class_list":["post-37595","post","type-post","status-publish","format-standard","hentry","category-notas","tag-conferencia","tag-levante-feminista","tag-mulheres"],"jetpack_publicize_connections":[],"jetpack_sharing_enabled":true,"jetpack_featured_media_url":"","jetpack_shortlink":"https:\/\/wp.me\/p7wKYW-9Mn","jetpack-related-posts":[],"_links":{"self":[{"href":"http:\/\/blogdalucianaoliveira.com.br\/blog\/wp-json\/wp\/v2\/posts\/37595","targetHints":{"allow":["GET"]}}],"collection":[{"href":"http:\/\/blogdalucianaoliveira.com.br\/blog\/wp-json\/wp\/v2\/posts"}],"about":[{"href":"http:\/\/blogdalucianaoliveira.com.br\/blog\/wp-json\/wp\/v2\/types\/post"}],"author":[{"embeddable":true,"href":"http:\/\/blogdalucianaoliveira.com.br\/blog\/wp-json\/wp\/v2\/users\/1"}],"replies":[{"embeddable":true,"href":"http:\/\/blogdalucianaoliveira.com.br\/blog\/wp-json\/wp\/v2\/comments?post=37595"}],"version-history":[{"count":1,"href":"http:\/\/blogdalucianaoliveira.com.br\/blog\/wp-json\/wp\/v2\/posts\/37595\/revisions"}],"predecessor-version":[{"id":37598,"href":"http:\/\/blogdalucianaoliveira.com.br\/blog\/wp-json\/wp\/v2\/posts\/37595\/revisions\/37598"}],"wp:attachment":[{"href":"http:\/\/blogdalucianaoliveira.com.br\/blog\/wp-json\/wp\/v2\/media?parent=37595"}],"wp:term":[{"taxonomy":"category","embeddable":true,"href":"http:\/\/blogdalucianaoliveira.com.br\/blog\/wp-json\/wp\/v2\/categories?post=37595"},{"taxonomy":"post_tag","embeddable":true,"href":"http:\/\/blogdalucianaoliveira.com.br\/blog\/wp-json\/wp\/v2\/tags?post=37595"}],"curies":[{"name":"wp","href":"https:\/\/api.w.org\/{rel}","templated":true}]}}