{"id":37599,"date":"2025-10-07T07:19:32","date_gmt":"2025-10-07T11:19:32","guid":{"rendered":"https:\/\/blogdalucianaoliveira.com.br\/blog\/?p=37599"},"modified":"2025-10-07T07:19:32","modified_gmt":"2025-10-07T11:19:32","slug":"no-brasil-247-32","status":"publish","type":"post","link":"http:\/\/blogdalucianaoliveira.com.br\/blog\/2025\/10\/07\/no-brasil-247-32\/","title":{"rendered":"No Brasil 247"},"content":{"rendered":"<p><img data-recalc-dims=\"1\" loading=\"lazy\" decoding=\"async\" data-attachment-id=\"37601\" data-permalink=\"http:\/\/blogdalucianaoliveira.com.br\/blog\/2025\/10\/07\/no-brasil-247-32\/0d958b2c-55aa-405a-91da-2841d3deefd0\/\" data-orig-file=\"https:\/\/i0.wp.com\/blogdalucianaoliveira.com.br\/blog\/wp-content\/uploads\/2025\/10\/0d958b2c-55aa-405a-91da-2841d3deefd0.jpeg?fit=1600%2C900\" data-orig-size=\"1600,900\" data-comments-opened=\"0\" data-image-meta=\"{&quot;aperture&quot;:&quot;0&quot;,&quot;credit&quot;:&quot;&quot;,&quot;camera&quot;:&quot;&quot;,&quot;caption&quot;:&quot;&quot;,&quot;created_timestamp&quot;:&quot;1759826927&quot;,&quot;copyright&quot;:&quot;&quot;,&quot;focal_length&quot;:&quot;0&quot;,&quot;iso&quot;:&quot;0&quot;,&quot;shutter_speed&quot;:&quot;0&quot;,&quot;title&quot;:&quot;&quot;,&quot;orientation&quot;:&quot;0&quot;}\" data-image-title=\"0d958b2c-55aa-405a-91da-2841d3deefd0\" data-image-description=\"\" data-image-caption=\"\" data-medium-file=\"https:\/\/i0.wp.com\/blogdalucianaoliveira.com.br\/blog\/wp-content\/uploads\/2025\/10\/0d958b2c-55aa-405a-91da-2841d3deefd0.jpeg?fit=300%2C169\" data-large-file=\"https:\/\/i0.wp.com\/blogdalucianaoliveira.com.br\/blog\/wp-content\/uploads\/2025\/10\/0d958b2c-55aa-405a-91da-2841d3deefd0.jpeg?fit=600%2C338\" class=\"alignnone size-medium wp-image-37601\" src=\"https:\/\/i0.wp.com\/blogdalucianaoliveira.com.br\/blog\/wp-content\/uploads\/2025\/10\/0d958b2c-55aa-405a-91da-2841d3deefd0.jpeg?resize=300%2C169\" alt=\"\" width=\"300\" height=\"169\" srcset=\"https:\/\/i0.wp.com\/blogdalucianaoliveira.com.br\/blog\/wp-content\/uploads\/2025\/10\/0d958b2c-55aa-405a-91da-2841d3deefd0.jpeg?resize=300%2C169 300w, https:\/\/i0.wp.com\/blogdalucianaoliveira.com.br\/blog\/wp-content\/uploads\/2025\/10\/0d958b2c-55aa-405a-91da-2841d3deefd0.jpeg?resize=1024%2C576 1024w, https:\/\/i0.wp.com\/blogdalucianaoliveira.com.br\/blog\/wp-content\/uploads\/2025\/10\/0d958b2c-55aa-405a-91da-2841d3deefd0.jpeg?resize=768%2C432 768w, https:\/\/i0.wp.com\/blogdalucianaoliveira.com.br\/blog\/wp-content\/uploads\/2025\/10\/0d958b2c-55aa-405a-91da-2841d3deefd0.jpeg?resize=1536%2C864 1536w, https:\/\/i0.wp.com\/blogdalucianaoliveira.com.br\/blog\/wp-content\/uploads\/2025\/10\/0d958b2c-55aa-405a-91da-2841d3deefd0.jpeg?resize=533%2C300 533w, https:\/\/i0.wp.com\/blogdalucianaoliveira.com.br\/blog\/wp-content\/uploads\/2025\/10\/0d958b2c-55aa-405a-91da-2841d3deefd0.jpeg?w=1600 1600w, https:\/\/i0.wp.com\/blogdalucianaoliveira.com.br\/blog\/wp-content\/uploads\/2025\/10\/0d958b2c-55aa-405a-91da-2841d3deefd0.jpeg?w=1200 1200w\" sizes=\"auto, (max-width: 300px) 100vw, 300px\" \/><\/p>\n<p class=\"yiv3435573036ydpa645acc2MsoNormal\"><strong>No Brasil 247<\/strong> &#8211; A concess\u00e3o marca uma nova fase para a infraestrutura vi\u00e1ria de Rond\u00f4nia no trecho da Br 364 que liga a capital Porto Velho a Vilhena.<!--more--><\/p>\n<p class=\"yiv3435573036ydpa645acc2MsoNormal\">Em m\u00e9dia cinco mil ve\u00edculos circulam diariamente nos 686 quil\u00f4metros concedidos, considerados estrat\u00e9gicos para o escoamento da produ\u00e7\u00e3o agropecu\u00e1ria e a integra\u00e7\u00e3o regional.<\/p>\n<p class=\"yiv3435573036ydpa645acc2MsoNormal\">Ser\u00e3o 12 bilh\u00f5es em investimentos que v\u00e3o gerar anualmente 41 milh\u00f5es em arrecada\u00e7\u00e3o de impostos para o estado. O contrato prev\u00ea 107 quil\u00f4metros de duplica\u00e7\u00e3o, 190 quil\u00f4metros de faixas adicionais e 17 quil\u00f4metros de vias marginais.<\/p>\n<p>Assista:<\/p>\n<div class=\"jetpack-video-wrapper\"><iframe loading=\"lazy\" title=\"OBRAS AVAN\u00c7AM NA PRIMEIRA CONCESS\u00c3O DE RODOVIA FEDERAL EM ROND\u00d4NIA \" width=\"600\" height=\"338\" src=\"https:\/\/www.youtube.com\/embed\/g8irOe8Lmuo?feature=oembed\" frameborder=\"0\" allow=\"accelerometer; autoplay; clipboard-write; encrypted-media; gyroscope; picture-in-picture; web-share\" referrerpolicy=\"strict-origin-when-cross-origin\" allowfullscreen><\/iframe><\/div>\n","protected":false},"excerpt":{"rendered":"<p>No Brasil 247 &#8211; A concess\u00e3o marca uma nova fase para a infraestrutura vi\u00e1ria de Rond\u00f4nia no trecho da Br 364 que liga a capital Porto Velho a Vilhena.<\/p>\n","protected":false},"author":1,"featured_media":0,"comment_status":"closed","ping_status":"open","sticky":false,"template":"","format":"standard","meta":{"_exactmetrics_skip_tracking":false,"_exactmetrics_sitenote_active":false,"_exactmetrics_sitenote_note":"","_exactmetrics_sitenote_category":0,"jetpack_post_was_ever_published":false,"_jetpack_newsletter_access":"","_jetpack_dont_email_post_to_subs":false,"_jetpack_newsletter_tier_id":0,"_jetpack_memberships_contains_paywalled_content":false,"_jetpack_memberships_contains_paid_content":false,"footnotes":"","jetpack_publicize_message":"","jetpack_publicize_feature_enabled":true,"jetpack_social_post_already_shared":true,"jetpack_social_options":{"image_generator_settings":{"template":"highway","enabled":false},"version":2}},"categories":[1],"tags":[1517,1518,1516,7],"class_list":["post-37599","post","type-post","status-publish","format-standard","hentry","category-notas","tag-1517","tag-concessao","tag-nova","tag-rondonia"],"jetpack_publicize_connections":[],"jetpack_sharing_enabled":true,"jetpack_featured_media_url":"","jetpack_shortlink":"https:\/\/wp.me\/p7wKYW-9Mr","jetpack-related-posts":[],"_links":{"self":[{"href":"http:\/\/blogdalucianaoliveira.com.br\/blog\/wp-json\/wp\/v2\/posts\/37599","targetHints":{"allow":["GET"]}}],"collection":[{"href":"http:\/\/blogdalucianaoliveira.com.br\/blog\/wp-json\/wp\/v2\/posts"}],"about":[{"href":"http:\/\/blogdalucianaoliveira.com.br\/blog\/wp-json\/wp\/v2\/types\/post"}],"author":[{"embeddable":true,"href":"http:\/\/blogdalucianaoliveira.com.br\/blog\/wp-json\/wp\/v2\/users\/1"}],"replies":[{"embeddable":true,"href":"http:\/\/blogdalucianaoliveira.com.br\/blog\/wp-json\/wp\/v2\/comments?post=37599"}],"version-history":[{"count":2,"href":"http:\/\/blogdalucianaoliveira.com.br\/blog\/wp-json\/wp\/v2\/posts\/37599\/revisions"}],"predecessor-version":[{"id":37602,"href":"http:\/\/blogdalucianaoliveira.com.br\/blog\/wp-json\/wp\/v2\/posts\/37599\/revisions\/37602"}],"wp:attachment":[{"href":"http:\/\/blogdalucianaoliveira.com.br\/blog\/wp-json\/wp\/v2\/media?parent=37599"}],"wp:term":[{"taxonomy":"category","embeddable":true,"href":"http:\/\/blogdalucianaoliveira.com.br\/blog\/wp-json\/wp\/v2\/categories?post=37599"},{"taxonomy":"post_tag","embeddable":true,"href":"http:\/\/blogdalucianaoliveira.com.br\/blog\/wp-json\/wp\/v2\/tags?post=37599"}],"curies":[{"name":"wp","href":"https:\/\/api.w.org\/{rel}","templated":true}]}}