{"id":37603,"date":"2025-10-07T11:26:33","date_gmt":"2025-10-07T15:26:33","guid":{"rendered":"https:\/\/blogdalucianaoliveira.com.br\/blog\/?p=37603"},"modified":"2025-10-07T11:26:33","modified_gmt":"2025-10-07T15:26:33","slug":"trump-diz-a-lula-que-eua-estao-sentindo-falta-do-cafe-brasileiro-o-efeito-do-tarifaco-no-bolso-americano","status":"publish","type":"post","link":"http:\/\/blogdalucianaoliveira.com.br\/blog\/2025\/10\/07\/trump-diz-a-lula-que-eua-estao-sentindo-falta-do-cafe-brasileiro-o-efeito-do-tarifaco-no-bolso-americano\/","title":{"rendered":"Trump diz a Lula que EUA &#8216;est\u00e3o sentindo falta&#8217; do caf\u00e9 brasileiro: o efeito do tarifa\u00e7o no bolso americano"},"content":{"rendered":"<div class=\"bbc-19j92fr ebmt73l0\" dir=\"ltr\">\n<p dir=\"ltr\"><img data-recalc-dims=\"1\" decoding=\"async\" src=\"https:\/\/i0.wp.com\/ichef.bbci.co.uk\/ace\/ws\/640\/cpsprodpb\/cba2\/live\/81b97810-a2ed-11f0-928c-71dbb8619e94.jpg.webp?w=600&#038;ssl=1\" alt=\"Atendente prepara caf\u00e9 com leite num restaurante\" \/><\/p>\n<p class=\"bbc-hhl7in e17g058b0\" dir=\"ltr\"><strong>BBC &#8211;<\/strong> O cafezinho mais caro na mesa dos americanos teve destaque na <a class=\"focusIndicatorReducedWidth bbc-n8oauk e1p3sufg0\" href=\"https:\/\/www.bbc.com\/portuguese\/articles\/c3w5j4vg0wno\">videoconfer\u00eancia\u00a0<\/a>realizada nesta segunda-feira (6\/10) entre o presidente\u00a0<a class=\"focusIndicatorReducedWidth bbc-n8oauk e1p3sufg0\" href=\"https:\/\/www.bbc.com\/portuguese\/topics\/cpzd4zx0272t\">Luiz In\u00e1cio Lula da Silva (PT)<\/a>\u00a0e o presidente dos Estados Unidos,\u00a0<a class=\"focusIndicatorReducedWidth bbc-n8oauk e1p3sufg0\" href=\"https:\/\/www.bbc.com\/portuguese\/topics\/cdr56r28jgvt\">Donald Trump.<\/a><\/p>\n<\/div>\n<div class=\"bbc-19j92fr ebmt73l0\" dir=\"ltr\">\n<p class=\"bbc-hhl7in e17g058b0\" dir=\"ltr\">A conversa foi um novo marco na aproxima\u00e7\u00e3o entre os l\u00edderes, iniciada em setembro,\u00a0<a class=\"focusIndicatorReducedWidth bbc-n8oauk e1p3sufg0\" href=\"https:\/\/www.bbc.com\/portuguese\/articles\/c33rp0klerzo\">quando os dois tiveram um breve contato nos bastidores da Assembleia Geral da ONU, em Nova York.<\/a>\u00a0Os dois pa\u00edses ainda negociam um encontro presencial.<\/p>\n<\/div>\n<p><!--more--><\/p>\n<div class=\"bbc-19j92fr ebmt73l0\" dir=\"ltr\">\n<p class=\"bbc-hhl7in e17g058b0\" dir=\"ltr\">Segundo apurou a BBC News Brasil, Trump admitiu, na videoconfer\u00eancia, que os EUA est\u00e3o &#8220;sentindo falta&#8221; de alguns produtos brasileiros afetados pela\u00a0<a class=\"focusIndicatorReducedWidth bbc-n8oauk e1p3sufg0\" href=\"https:\/\/www.bbc.com\/portuguese\/articles\/c1k8lp00xe4o\">tarifa de 50% imposta por seu governo sobre boa parte das exporta\u00e7\u00f5es do Brasil,<\/a>\u00a0e citou especificamente o\u00a0<a class=\"focusIndicatorReducedWidth bbc-n8oauk e1p3sufg0\" href=\"https:\/\/www.bbc.com\/portuguese\/articles\/c5ypjd8x85jo\">caf\u00e9.<\/a><\/p>\n<\/div>\n<div class=\"bbc-19j92fr ebmt73l0\" dir=\"ltr\">\n<p class=\"bbc-hhl7in e17g058b0\" dir=\"ltr\">O produto acumula forte infla\u00e7\u00e3o nos EUA e a tarifa imposta sobre a produ\u00e7\u00e3o brasileira est\u00e1 agravando o cen\u00e1rio, j\u00e1 que o Brasil \u00e9 o maior fornecedor do mercado americano.<\/p>\n<div class=\"bbc-19j92fr ebmt73l0\" dir=\"ltr\">\n<p class=\"bbc-hhl7in e17g058b0\" dir=\"ltr\">Segundo o escrit\u00f3rio americano de estat\u00edsticas, o pre\u00e7o do caf\u00e9 cobrado de consumidores nos EUA registrou a maior alta mensal em quatorze anos ao subir 3,6% em agosto, primeiro m\u00eas da vig\u00eancia da tarifa contra o Brasil. A taxa \u00e9 nove vezes maior do que a m\u00e9dia da infla\u00e7\u00e3o registrada naquele m\u00eas (0,4%).<\/p>\n<\/div>\n<section class=\"bbc-1o3v5ug\" role=\"region\" data-e2e=\"recommendations-heading\" aria-labelledby=\"recommendations-heading\">\n<div class=\"bbc-bjn8wh eveec6k2\">\n<div class=\"bbc-19j92fr ebmt73l0\" dir=\"ltr\">\n<p class=\"bbc-hhl7in e17g058b0\" dir=\"ltr\">J\u00e1 na compara\u00e7\u00e3o com um ano antes, o pre\u00e7o do caf\u00e9 acumula alta de 20,9% nos EUA, tamb\u00e9m bem acima da infla\u00e7\u00e3o m\u00e9dia do per\u00edodo 2,9%. Foi o maior aumento anual desde 1997.<\/p>\n<\/div>\n<div class=\"bbc-19j92fr ebmt73l0\" dir=\"ltr\">\n<p class=\"bbc-hhl7in e17g058b0\" dir=\"ltr\">Uma reportagem do final de setembro do\u00a0<a class=\"focusIndicatorReducedWidth bbc-n8oauk e1p3sufg0\" href=\"https:\/\/www.foxbusiness.com\/economy\/latte-cappuccino-could-get-more-expensive-coffee-prices-continue-rise\" aria-label=\"canal americano Fox Business, externo\">canal americano Fox Business<\/a>, atribui a alta dos pre\u00e7os a dois fatores: quest\u00f5es clim\u00e1ticas que v\u00eam afetando a produ\u00e7\u00e3o em grandes fornecedores como o Brasil e a tarifa contra o produto brasileiro.<\/p>\n<\/div>\n<div class=\"bbc-19j92fr ebmt73l0\" dir=\"ltr\">\n<p class=\"bbc-hhl7in e17g058b0\" dir=\"ltr\">&#8220;A tarifa de 50% do governo Trump sobre o Brasil agrava as interrup\u00e7\u00f5es no fornecimento causadas pelo clima nos principais pa\u00edses produtores&#8221;, dizia a chamada da reportagem.<\/p>\n<\/div>\n<div class=\"bbc-19j92fr ebmt73l0\" dir=\"ltr\">\n<p class=\"bbc-hhl7in e17g058b0\" dir=\"ltr\">J\u00e1 uma reportagem de setembro do\u00a0<a class=\"focusIndicatorReducedWidth bbc-n8oauk e1p3sufg0\" href=\"https:\/\/edition.cnn.com\/2025\/09\/12\/food\/coffee-prices\" aria-label=\"canal americano CNN, externo\">canal americano CNN<\/a>\u00a0tamb\u00e9m destaca a forte infla\u00e7\u00e3o do caf\u00e9 e indica que os pre\u00e7os seguir\u00e3o subindo, conforme o impacto da tarifa sobre o Brasil continue a chegar \u00e0s prateleiras.<\/p>\n<\/div>\n<div class=\"bbc-19j92fr ebmt73l0\" dir=\"ltr\">\n<p class=\"bbc-hhl7in e17g058b0\" dir=\"ltr\">O texto ressalta ainda que outro grande fornecedor de caf\u00e9 para os EUA tamb\u00e9m foi tarifado pelo governo Trump, embora em n\u00edvel menor: o caf\u00e9 da Col\u00f4mbia recebeu uma taxa de 10%.<\/p>\n<\/div>\n<div class=\"bbc-19j92fr ebmt73l0\" dir=\"ltr\">\n<p class=\"bbc-hhl7in e17g058b0\" dir=\"ltr\">Ainda n\u00e3o h\u00e1 dados oficiais sobre a infla\u00e7\u00e3o de setembro nos EUA.<\/p>\n<\/div>\n<figure class=\"bbc-1qn0xuy\">\n<div class=\"bbc-1gbs0ve\"><img data-recalc-dims=\"1\" loading=\"lazy\" decoding=\"async\" class=\"bbc-139onq\" src=\"https:\/\/i0.wp.com\/ichef.bbci.co.uk\/ace\/ws\/640\/cpsprodpb\/4c31\/live\/e1bc0570-a2ed-11f0-b741-177e3e2c2fc7.png.webp?resize=600%2C400&#038;ssl=1\" sizes=\"auto, (min-width: 1008px) 760px, 100vw\" srcset=\"https:\/\/ichef.bbci.co.uk\/ace\/ws\/240\/cpsprodpb\/4c31\/live\/e1bc0570-a2ed-11f0-b741-177e3e2c2fc7.png.webp 240w, https:\/\/ichef.bbci.co.uk\/ace\/ws\/320\/cpsprodpb\/4c31\/live\/e1bc0570-a2ed-11f0-b741-177e3e2c2fc7.png.webp 320w, https:\/\/ichef.bbci.co.uk\/ace\/ws\/480\/cpsprodpb\/4c31\/live\/e1bc0570-a2ed-11f0-b741-177e3e2c2fc7.png.webp 480w, https:\/\/ichef.bbci.co.uk\/ace\/ws\/624\/cpsprodpb\/4c31\/live\/e1bc0570-a2ed-11f0-b741-177e3e2c2fc7.png.webp 624w, https:\/\/ichef.bbci.co.uk\/ace\/ws\/800\/cpsprodpb\/4c31\/live\/e1bc0570-a2ed-11f0-b741-177e3e2c2fc7.png.webp 800w\" alt=\"Trump assiste fala de Lula na ONU\" width=\"600\" height=\"400\" \/><\/p>\n<p class=\"bbc-by8ykd\" role=\"text\"><span class=\"bbc-m04vo2\">Cr\u00e9dito,<\/span><span lang=\"en-GB\">ONU\/MARK GARTEN<\/span><\/p>\n<\/div><figcaption class=\"bbc-15f1ujd\" dir=\"ltr\"><span role=\"text\"><span class=\"bbc-m04vo2\">Legenda da foto,<\/span><span data-testid=\"caption-paragraph\">Lula e Trump se falaram pela primeira vez em breve contato na ONU<\/span><\/span><\/figcaption><\/figure>\n<div class=\"bbc-4quw3x e1rfboeq7\" dir=\"ltr\" data-e2e=\"podcast-promo\">\n<section class=\"e1rfboeq6 bbc-12e4ke4 e1s8ztj50\" role=\"region\" aria-labelledby=\"podcast-promo\">\n<div class=\"bbc-bjn8wh eveec6k2\"><main class=\"bbc-1i6u33\" role=\"main\"><\/p>\n<div class=\"bbc-19j92fr ebmt73l0\" dir=\"ltr\">\n<p class=\"bbc-hhl7in e17g058b0\" dir=\"ltr\">A sede por caf\u00e9 entre os americanos \u00e9 enorme. O pa\u00eds \u00e9 o maior importador e consumidor global da bebida, e tamb\u00e9m o maior destino das exporta\u00e7\u00f5es brasileiras do produto.<\/p>\n<\/div>\n<div class=\"bbc-19j92fr ebmt73l0\" dir=\"ltr\">\n<p class=\"bbc-hhl7in e17g058b0\" dir=\"ltr\">Dois ter\u00e7os dos adultos americanos bebem caf\u00e9 todos os dias, segundo dados da Associa\u00e7\u00e3o Nacional de Caf\u00e9 dos EUA. Cada americano que bebe caf\u00e9 consome em m\u00e9dia tr\u00eas x\u00edcaras por dia.<\/p>\n<\/div>\n<div class=\"bbc-19j92fr ebmt73l0\" dir=\"ltr\">\n<p class=\"bbc-hhl7in e17g058b0\" dir=\"ltr\">E essa sede vem crescendo. O consumo de caf\u00e9 entre americanos cresceu 7% desde 2020. E o consumo de caf\u00e9 gourmet cresceu 18%.<\/p>\n<\/div>\n<div class=\"bbc-19j92fr ebmt73l0\" dir=\"ltr\">\n<p class=\"bbc-hhl7in e17g058b0\" dir=\"ltr\">Mas o problema, no caso do caf\u00e9, \u00e9 que o produto n\u00e3o \u00e9 cultivado nos EUA.<\/p>\n<\/div>\n<div class=\"bbc-19j92fr ebmt73l0\" dir=\"ltr\">\n<p class=\"bbc-hhl7in e17g058b0\" dir=\"ltr\">E nem pode ser. O caf\u00e9 \u00e9 uma fruta tropical que cresce em uma estreita faixa de terra ao redor do Equador.<\/p>\n<\/div>\n<div class=\"bbc-19j92fr ebmt73l0\" dir=\"ltr\">\n<p class=\"bbc-hhl7in e17g058b0\" dir=\"ltr\">Nos EUA, o caf\u00e9 \u00e9 cultivado em algumas partes do Hava\u00ed e Porto Rico e em uma pequena parte do sul da Calif\u00f3rnia. E isso n\u00e3o \u00e9 nem de longe suficiente para abastecer as 450 milh\u00f5es de x\u00edcaras de caf\u00e9 que os americanos bebem todos os dias.<\/p>\n<\/div>\n<div class=\"bbc-19j92fr ebmt73l0\" dir=\"ltr\">\n<p class=\"bbc-hhl7in e17g058b0\" dir=\"ltr\">Por isso, praticamente todo o caf\u00e9 bebido nos EUA precisa ser importado. E o Brasil \u00e9 fundamental nesse mercado, pois o pa\u00eds fornece cerca de um ter\u00e7o de todo o caf\u00e9 consumido pelos americanos.<\/p>\n<\/div>\n<div class=\"bbc-19j92fr ebmt73l0\" dir=\"ltr\">\n<h2 id=\"Exporta\u00e7\u00f5es-de-caf\u00e9-para-os-EUA-despencam\" class=\"bbc-1lgzob2 eglt09e0\" tabindex=\"-1\">Exporta\u00e7\u00f5es de caf\u00e9 para os EUA despencam<\/h2>\n<\/div>\n<div class=\"bbc-19j92fr ebmt73l0\" dir=\"ltr\">\n<p class=\"bbc-hhl7in e17g058b0\" dir=\"ltr\">A tarifa de 50% imposta sobre produtos brasileiros teve forte impacto nas exporta\u00e7\u00f5es de setembro, com destaque para o caf\u00e9.<\/p>\n<\/div>\n<div class=\"bbc-19j92fr ebmt73l0\" dir=\"ltr\">\n<p class=\"bbc-hhl7in e17g058b0\" dir=\"ltr\">Segundo dados divulgados pelo Minist\u00e9rio do Desenvolvimento, Ind\u00fastria e Com\u00e9rcio (MDIC) nesta segunda-feira (6\/10), as vendas totais para os EUA ca\u00edram 20,3% no m\u00eas passado em compara\u00e7\u00e3o com o mesmo m\u00eas de 2024, somando US$ 2,58 bilh\u00f5es.<\/p>\n<\/div>\n<div class=\"bbc-19j92fr ebmt73l0\" dir=\"ltr\">\n<p class=\"bbc-hhl7in e17g058b0\" dir=\"ltr\">Pesquisa da BBC News Brasil nos dados oficiais do MDIC mostra o baque para o setor cafeicultor. Em setembro, a quantidade enviada aos EUA caiu quase pela metade (-47%). J\u00e1 em valores, houve uma queda 31,5%, para US$ 113,8 milh\u00f5es.<\/p>\n<\/div>\n<div class=\"bbc-19j92fr ebmt73l0\" dir=\"ltr\">\n<p class=\"bbc-hhl7in e17g058b0\" dir=\"ltr\">A pesquisa considerou a soma das exporta\u00e7\u00f5es de caf\u00e9 em gr\u00e3os, torrado e sol\u00favel.<\/p>\n<\/div>\n<div class=\"bbc-19j92fr ebmt73l0\" dir=\"ltr\">\n<p class=\"bbc-hhl7in e17g058b0\" dir=\"ltr\">J\u00e1 as compras do Brasil vindas dos EUA aumentaram 14,3% e chegaram a US$ 4,35 bilh\u00f5es no m\u00eas passado. Com isso, a balan\u00e7a comercial entre os dois pa\u00edses ficou negativa para o Brasil em US$ 1,77 bilh\u00e3o.<\/p>\n<\/div>\n<div class=\"bbc-19j92fr ebmt73l0\" dir=\"ltr\">\n<p class=\"bbc-hhl7in e17g058b0\" dir=\"ltr\">O d\u00e9ficit brasileiro foi mencionado na conversa com Trump por Lula, quando o presidente pediu a retirada da tarifa extra sobre o Brasil.<\/p>\n<\/div>\n<div class=\"bbc-19j92fr ebmt73l0\" dir=\"ltr\">\n<p class=\"bbc-hhl7in e17g058b0\" dir=\"ltr\">A piora do com\u00e9rcio com os EUA afetou a balan\u00e7a comercial brasileira. O super\u00e1vit do Brasil com o mundo caiu para US$ 3 bilh\u00f5es em setembro, recuo de 41% ante o obtido um ano antes (superavit de US$ 5,1 bilh\u00f5es).<\/p>\n<\/div>\n<div class=\"bbc-19j92fr ebmt73l0\" dir=\"ltr\">\n<p class=\"bbc-hhl7in e17g058b0\" dir=\"ltr\">No total, as exporta\u00e7\u00f5es brasileiras cresceram 7,2% no m\u00eas passado para US$ 30,53 bilh\u00f5es, enquanto as importa\u00e7\u00f5es aumentaram 17,7%, somando US$ 27,54 bilh\u00f5es.<\/p>\n<\/div>\n<figure class=\"bbc-1qn0xuy\">\n<div class=\"bbc-1gbs0ve\"><img data-recalc-dims=\"1\" loading=\"lazy\" decoding=\"async\" class=\"bbc-139onq\" src=\"https:\/\/i0.wp.com\/ichef.bbci.co.uk\/ace\/ws\/640\/cpsprodpb\/62e0\/live\/b09b0170-a2ee-11f0-b741-177e3e2c2fc7.jpg.webp?resize=600%2C400&#038;ssl=1\" sizes=\"auto, (min-width: 1008px) 760px, 100vw\" srcset=\"https:\/\/ichef.bbci.co.uk\/ace\/ws\/240\/cpsprodpb\/62e0\/live\/b09b0170-a2ee-11f0-b741-177e3e2c2fc7.jpg.webp 240w, https:\/\/ichef.bbci.co.uk\/ace\/ws\/320\/cpsprodpb\/62e0\/live\/b09b0170-a2ee-11f0-b741-177e3e2c2fc7.jpg.webp 320w, https:\/\/ichef.bbci.co.uk\/ace\/ws\/480\/cpsprodpb\/62e0\/live\/b09b0170-a2ee-11f0-b741-177e3e2c2fc7.jpg.webp 480w, https:\/\/ichef.bbci.co.uk\/ace\/ws\/624\/cpsprodpb\/62e0\/live\/b09b0170-a2ee-11f0-b741-177e3e2c2fc7.jpg.webp 624w, https:\/\/ichef.bbci.co.uk\/ace\/ws\/800\/cpsprodpb\/62e0\/live\/b09b0170-a2ee-11f0-b741-177e3e2c2fc7.jpg.webp 800w\" alt=\"Lula s\u00e9rio com blusa vermelha\" width=\"600\" height=\"400\" \/><\/p>\n<p class=\"bbc-by8ykd\" role=\"text\"><span class=\"bbc-m04vo2\">Cr\u00e9dito,<\/span><span lang=\"en-GB\">Reuters<\/span><\/p>\n<\/div><figcaption class=\"bbc-15f1ujd\" dir=\"ltr\"><span role=\"text\"><span class=\"bbc-m04vo2\">Legenda da foto,<\/span><span data-testid=\"caption-paragraph\">Lula convidou Trump a visitar o Brasil e se disp\u00f4s a encontr\u00e1-lo nos EUA<\/span><\/span><\/figcaption><\/figure>\n<div class=\"bbc-19j92fr ebmt73l0\" dir=\"ltr\">\n<h2 id=\"Gostei-da-conversa-disse-Trump-ap\u00f3s-falar-com-Lula\" class=\"bbc-1lgzob2 eglt09e0\" tabindex=\"-1\">&#8216;Gostei da conversa&#8217;, disse Trump ap\u00f3s falar com Lula<\/h2>\n<\/div>\n<div class=\"bbc-19j92fr ebmt73l0\" dir=\"ltr\">\n<p class=\"bbc-hhl7in e17g058b0\" dir=\"ltr\">Na conversa com Trump, Lula pediu a Trump tamb\u00e9m a retirada das medidas restritivas aplicadas contra autoridades brasileiras, como a cassa\u00e7\u00e3o de vistos e aplica\u00e7\u00e3o de san\u00e7\u00f5es financeiras contra o ministro Alexandre de Moraes, do STF (Supremo Tribunal Federal).<\/p>\n<\/div>\n<div class=\"bbc-19j92fr ebmt73l0\" dir=\"ltr\">\n<p class=\"bbc-hhl7in e17g058b0\" dir=\"ltr\">Segundo a BBC News Brasil apurou com uma fonte do Pal\u00e1cio do Planalto, a videoconfer\u00eancia aconteceu a pedido do lado americano.<\/p>\n<\/div>\n<div class=\"bbc-19j92fr ebmt73l0\" dir=\"ltr\">\n<p class=\"bbc-hhl7in e17g058b0\" dir=\"ltr\">Representantes de Trump buscaram os de Lula na semana passada para fazer os acertos.<\/p>\n<\/div>\n<div class=\"bbc-19j92fr ebmt73l0\" dir=\"ltr\">\n<p class=\"bbc-hhl7in e17g058b0\" dir=\"ltr\">Uma nova conversa entre os dois presidentes era esperada desde que eles se encontraram pessoalmente durante a Assembleia da Organiza\u00e7\u00e3o das Na\u00e7\u00f5es Unidas (ONU) em Nova York, quando Trump disse que houve uma &#8220;qu\u00edmica excelente&#8221; entre os dois.<\/p>\n<\/div>\n<div class=\"bbc-19j92fr ebmt73l0\" dir=\"ltr\">\n<p class=\"bbc-hhl7in e17g058b0\" dir=\"ltr\">Em nota, o Pal\u00e1cio do Planalto afirmou que a conversa ocorreu por 30 minutos &#8220;em tom amistoso&#8221; e informou que ambos concordaram em se encontrar pessoalmente &#8220;em breve&#8221;.<\/p>\n<\/div>\n<div class=\"bbc-19j92fr ebmt73l0\" dir=\"ltr\">\n<p class=\"bbc-hhl7in e17g058b0\" dir=\"ltr\">&#8220;O presidente Lula aventou a possibilidade de encontro na C\u00fapula da Asean, na Mal\u00e1sia; reiterou convite a Trump para participar da COP30, em Bel\u00e9m (PA); e tamb\u00e9m se disp\u00f4s a viajar aos EUA.&#8221;<\/p>\n<\/div>\n<div class=\"bbc-19j92fr ebmt73l0\" dir=\"ltr\">\n<p class=\"bbc-hhl7in e17g058b0\" dir=\"ltr\">Trump n\u00e3o quis estabelecer uma nova data de encontro, mas determinou que as tratativas para isso continuem por meio dos assessores.<\/p>\n<\/div>\n<div class=\"bbc-19j92fr ebmt73l0\" dir=\"ltr\">\n<p class=\"bbc-hhl7in e17g058b0\" dir=\"ltr\">Na conversa, em tom amig\u00e1vel, Trump chegou a comentar que estava mal humorado na Assembleia da ONU com os problemas na escada rolante e no teleprompter e que a intera\u00e7\u00e3o com Lula teria sido o lado positivo: &#8220;Pelo menos a ONU serviu para alguma coisa&#8221;, disse, segundo o relato da mesma fonte.<\/p>\n<\/div>\n<div class=\"bbc-19j92fr ebmt73l0\" dir=\"ltr\">\n<p class=\"bbc-hhl7in e17g058b0\" dir=\"ltr\">Ao comentar sobre o assunto na rede Truth Social, Trump disse que teve &#8220;uma \u00f3tima conversa telef\u00f4nica&#8221; com Lula.<\/p>\n<\/div>\n<div class=\"bbc-19j92fr ebmt73l0\" dir=\"ltr\">\n<p class=\"bbc-hhl7in e17g058b0\" dir=\"ltr\">&#8220;Discutimos muitos assuntos, mas o foco principal foi a economia e o com\u00e9rcio entre nossos dois pa\u00edses. Teremos novas discuss\u00f5es e nos encontraremos em um futuro n\u00e3o muito distante, tanto no Brasil quanto nos EUA. Gostei da conversa \u2014 nossos pa\u00edses se dar\u00e3o muito bem juntos!&#8221;<\/p>\n<\/div>\n<div class=\"bbc-19j92fr ebmt73l0\" dir=\"ltr\">\n<p class=\"bbc-hhl7in e17g058b0\" dir=\"ltr\">Participaram, do lado brasileiro, o vice-presidente Geraldo Alckmin, os ministros Mauro Vieira (Rela\u00e7\u00f5es Exteriores), Fernando Haddad (Fazenda), Sid\u00f4nio Palmeira (Comunica\u00e7\u00e3o) e o assessor especial Celso Amorim.<\/p>\n<\/div>\n<div class=\"bbc-19j92fr ebmt73l0\" dir=\"ltr\">\n<p class=\"bbc-hhl7in e17g058b0\" dir=\"ltr\">&#8220;O presidente Lula descreveu o contato como uma oportunidade para a restaura\u00e7\u00e3o das rela\u00e7\u00f5es amig\u00e1veis de 201 anos entre as duas maiores democracias do Ocidente&#8221;, destacou ainda a nota do Pal\u00e1cio do Planalto.<\/p>\n<\/div>\n<div class=\"bbc-19j92fr ebmt73l0\" dir=\"ltr\">\n<p class=\"bbc-hhl7in e17g058b0\" dir=\"ltr\">&#8220;[Lula] Recordou que o Brasil \u00e9 um dos tr\u00eas pa\u00edses do G20 com quem os EUA mant\u00eam super\u00e1vit na balan\u00e7a de bens e servi\u00e7os&#8221;.<\/p>\n<\/div>\n<div class=\"bbc-19j92fr ebmt73l0\" dir=\"ltr\">\n<p class=\"bbc-hhl7in e17g058b0\" dir=\"ltr\">Ainda segundo o Planalto, Trump designou o secret\u00e1rio de Estado americano, Marco Rubio, para dar sequ\u00eancia \u00e0s negocia\u00e7\u00f5es com o vice-presidente Geraldo Alckmin (PSB), o chanceler Mauro Vieira e o ministro da Fazenda, Fernando Haddad (PT).<\/p>\n<\/div>\n<div class=\"bbc-19j92fr ebmt73l0\" dir=\"ltr\">\n<p class=\"bbc-hhl7in e17g058b0\" dir=\"ltr\"><i class=\"bbc-h1y5j7 eih42320\">*Com reportagem adicional de Daniel Gallas<\/i><\/p>\n<\/div>\n<p><\/main><\/p>\n<aside class=\"bbc-1wsxggw e5jcirq1\" role=\"complementary\" data-testid=\"related-topics\" aria-labelledby=\"related-topics\">\n<div class=\"e5jcirq0 bbc-1f2ds04 e1m6nvxw1\">\n<h2 id=\"section-label-heading-related-topics\" class=\"bbc-a5e1ct e1m6nvxw0\" tabindex=\"-1\"><\/h2>\n<\/div>\n<\/aside>\n<\/div>\n<\/section>\n<\/div>\n<\/div>\n<\/section>\n<\/div>\n","protected":false},"excerpt":{"rendered":"<p>BBC &#8211; O cafezinho mais caro na mesa dos americanos teve destaque na videoconfer\u00eancia\u00a0realizada nesta segunda-feira (6\/10) entre o presidente\u00a0Luiz In\u00e1cio Lula da Silva (PT)\u00a0e o presidente dos Estados Unidos,\u00a0Donald Trump. A conversa foi um novo marco na aproxima\u00e7\u00e3o entre os l\u00edderes, iniciada em setembro,\u00a0quando os dois tiveram um breve contato nos bastidores da Assembleia&#8230;<a class=\"more-link\" href=\"http:\/\/blogdalucianaoliveira.com.br\/blog\/2025\/10\/07\/trump-diz-a-lula-que-eua-estao-sentindo-falta-do-cafe-brasileiro-o-efeito-do-tarifaco-no-bolso-americano\/\">Continue a leitura <span class=\"meta-nav\">&raquo;<\/span><\/a><\/p>\n","protected":false},"author":1,"featured_media":0,"comment_status":"closed","ping_status":"open","sticky":false,"template":"","format":"standard","meta":{"_exactmetrics_skip_tracking":false,"_exactmetrics_sitenote_active":false,"_exactmetrics_sitenote_note":"","_exactmetrics_sitenote_category":0,"jetpack_post_was_ever_published":false,"_jetpack_newsletter_access":"","_jetpack_dont_email_post_to_subs":false,"_jetpack_newsletter_tier_id":0,"_jetpack_memberships_contains_paywalled_content":false,"_jetpack_memberships_contains_paid_content":false,"footnotes":"","jetpack_publicize_message":"","jetpack_publicize_feature_enabled":true,"jetpack_social_post_already_shared":true,"jetpack_social_options":{"image_generator_settings":{"template":"highway","enabled":false},"version":2}},"categories":[1],"tags":[5,930,304,220],"class_list":["post-37603","post","type-post","status-publish","format-standard","hentry","category-notas","tag-brasil","tag-cafe","tag-eua","tag-trump"],"jetpack_publicize_connections":[],"jetpack_sharing_enabled":true,"jetpack_featured_media_url":"","jetpack_shortlink":"https:\/\/wp.me\/p7wKYW-9Mv","jetpack-related-posts":[],"_links":{"self":[{"href":"http:\/\/blogdalucianaoliveira.com.br\/blog\/wp-json\/wp\/v2\/posts\/37603","targetHints":{"allow":["GET"]}}],"collection":[{"href":"http:\/\/blogdalucianaoliveira.com.br\/blog\/wp-json\/wp\/v2\/posts"}],"about":[{"href":"http:\/\/blogdalucianaoliveira.com.br\/blog\/wp-json\/wp\/v2\/types\/post"}],"author":[{"embeddable":true,"href":"http:\/\/blogdalucianaoliveira.com.br\/blog\/wp-json\/wp\/v2\/users\/1"}],"replies":[{"embeddable":true,"href":"http:\/\/blogdalucianaoliveira.com.br\/blog\/wp-json\/wp\/v2\/comments?post=37603"}],"version-history":[{"count":1,"href":"http:\/\/blogdalucianaoliveira.com.br\/blog\/wp-json\/wp\/v2\/posts\/37603\/revisions"}],"predecessor-version":[{"id":37605,"href":"http:\/\/blogdalucianaoliveira.com.br\/blog\/wp-json\/wp\/v2\/posts\/37603\/revisions\/37605"}],"wp:attachment":[{"href":"http:\/\/blogdalucianaoliveira.com.br\/blog\/wp-json\/wp\/v2\/media?parent=37603"}],"wp:term":[{"taxonomy":"category","embeddable":true,"href":"http:\/\/blogdalucianaoliveira.com.br\/blog\/wp-json\/wp\/v2\/categories?post=37603"},{"taxonomy":"post_tag","embeddable":true,"href":"http:\/\/blogdalucianaoliveira.com.br\/blog\/wp-json\/wp\/v2\/tags?post=37603"}],"curies":[{"name":"wp","href":"https:\/\/api.w.org\/{rel}","templated":true}]}}