{"id":37610,"date":"2025-10-07T11:52:41","date_gmt":"2025-10-07T15:52:41","guid":{"rendered":"https:\/\/blogdalucianaoliveira.com.br\/blog\/?p=37610"},"modified":"2025-10-07T11:52:41","modified_gmt":"2025-10-07T15:52:41","slug":"conversa-entre-trump-e-lula-repercute-no-mundo-abandono-de-bolsonaro","status":"publish","type":"post","link":"http:\/\/blogdalucianaoliveira.com.br\/blog\/2025\/10\/07\/conversa-entre-trump-e-lula-repercute-no-mundo-abandono-de-bolsonaro\/","title":{"rendered":"Conversa entre Trump e Lula repercute no mundo: &#8220;abandono de Bolsonaro&#8221;"},"content":{"rendered":"<p><img data-recalc-dims=\"1\" loading=\"lazy\" decoding=\"async\" data-attachment-id=\"37611\" data-permalink=\"http:\/\/blogdalucianaoliveira.com.br\/blog\/2025\/10\/07\/conversa-entre-trump-e-lula-repercute-no-mundo-abandono-de-bolsonaro\/img_8208\/\" data-orig-file=\"https:\/\/i0.wp.com\/blogdalucianaoliveira.com.br\/blog\/wp-content\/uploads\/2025\/10\/IMG_8208.webp?fit=425%2C230\" data-orig-size=\"425,230\" data-comments-opened=\"0\" data-image-meta=\"{&quot;aperture&quot;:&quot;0&quot;,&quot;credit&quot;:&quot;&quot;,&quot;camera&quot;:&quot;&quot;,&quot;caption&quot;:&quot;&quot;,&quot;created_timestamp&quot;:&quot;0&quot;,&quot;copyright&quot;:&quot;&quot;,&quot;focal_length&quot;:&quot;0&quot;,&quot;iso&quot;:&quot;0&quot;,&quot;shutter_speed&quot;:&quot;0&quot;,&quot;title&quot;:&quot;&quot;,&quot;orientation&quot;:&quot;0&quot;}\" data-image-title=\"IMG_8208\" data-image-description=\"\" data-image-caption=\"\" data-medium-file=\"https:\/\/i0.wp.com\/blogdalucianaoliveira.com.br\/blog\/wp-content\/uploads\/2025\/10\/IMG_8208.webp?fit=300%2C162\" data-large-file=\"https:\/\/i0.wp.com\/blogdalucianaoliveira.com.br\/blog\/wp-content\/uploads\/2025\/10\/IMG_8208.webp?fit=425%2C230\" class=\"alignnone size-medium wp-image-37611\" src=\"https:\/\/i0.wp.com\/blogdalucianaoliveira.com.br\/blog\/wp-content\/uploads\/2025\/10\/IMG_8208.webp?resize=300%2C162\" alt=\"\" width=\"300\" height=\"162\" srcset=\"https:\/\/i0.wp.com\/blogdalucianaoliveira.com.br\/blog\/wp-content\/uploads\/2025\/10\/IMG_8208.webp?resize=300%2C162 300w, https:\/\/i0.wp.com\/blogdalucianaoliveira.com.br\/blog\/wp-content\/uploads\/2025\/10\/IMG_8208.webp?w=425 425w\" sizes=\"auto, (max-width: 300px) 100vw, 300px\" \/><\/p>\n<h2 class=\"bajada\">Jornais internacionais destacam import\u00e2ncia do telefonema e estreitamento das rela\u00e7\u00f5es entre pa\u00edses e lembram que principal motivo das tens\u00f5es n\u00e3o foi mencionado pelos l\u00edderes<\/h2>\n<p><!--more--><\/p>\n<p>Revista F\u00f3rum &#8211; A conversa por telefone entre Luiz In\u00e1cio Lula da Silva (PT) e Donald Trump nesta segunda-feira (6) foi destacada pela m\u00eddia internacional, em diferentes continentes, como um al\u00edvio nas tens\u00f5es bilaterais. O di\u00e1logo, que durou 30 minutos, foi o primeiro entre os dois desde o r\u00e1pido encontro durante a Assembleia Geral das Na\u00e7\u00f5es Unidas (ONU) em setembro.<\/p>\n<p>O caso Brasil-EUA ganhou repercuss\u00e3o internacional ap\u00f3s o presidente republicano proferir ataques, aplicar san\u00e7\u00f5es e tarifas e tentar interferir no pa\u00eds, que passou a ser destacado na imprensa como um exemplo de democracia por enfrentar Trump, e condenar o ex-presidente acusado de tentativa de golpe de Estado. Agora, o tom da imprensa internacional \u00e9 de um estreitamento das rela\u00e7\u00f5es, embora ainda seja cedo para afirmar isso.<\/p>\n<p>Ao reproduzir a not\u00edcia, o\u00a0<strong><a href=\"https:\/\/elpais.com\/internacional\/2025-10-06\/lula-pide-por-telefono-a-trump-que-elimine-los-aranceles-perjudiciales-para-brasil.html\">El Pa\u00eds<\/a> <\/strong>ressaltou o pedido pelo fim das tarifas por Lula e lembrou das tens\u00f5es entre os pa\u00edses: &#8220;O di\u00e1logo telef\u00f4nico entre os presidentes parece pavimentar uma rela\u00e7\u00e3o&#8221;.<\/p>\n<p><img data-recalc-dims=\"1\" decoding=\"async\" class=\"i-amphtml-fill-content i-amphtml-replaced-content\" src=\"https:\/\/i0.wp.com\/revistaforum.com.br\/u\/fotografias\/m\/2025\/10\/7\/f768x1-160063_160190_5050.png?w=600&#038;ssl=1\" alt=\"\" \/><\/p>\n<p>A <a href=\"https:\/\/www.bloomberg.com\/news\/articles\/2025-10-06\/trump-lula-hold-positive-phone-call-amid-tariff-spat\"><strong>Bloomberg<\/strong><\/a> destacou a rea\u00e7\u00e3o positiva de Fernando Haddad e informou que o Brasil busca uma solu\u00e7\u00e3o para a crise tarif\u00e1ria via di\u00e1logo, embora a necess\u00e1ria regulamenta\u00e7\u00e3o das redes sociais ainda represente um impasse.<\/p>\n<p><img data-recalc-dims=\"1\" decoding=\"async\" class=\"i-amphtml-fill-content i-amphtml-replaced-content\" src=\"https:\/\/i0.wp.com\/revistaforum.com.br\/u\/fotografias\/m\/2025\/10\/7\/f768x1-160057_160184_5050.png?w=600&#038;ssl=1\" alt=\"\" \/><\/p>\n<p>Segundo o <a href=\"https:\/\/www.theguardian.com\/world\/2025\/oct\/06\/brazil-president-lula-trump-tariffs-sanctions\"><strong>The Guardian<\/strong><\/a>, a liga\u00e7\u00e3o entre os presidentes ocorreu em clima \u201camig\u00e1vel\u201d e um encontro presencial deve acontecer no pr\u00f3ximo m\u00eas, no Haiti. Contudo, o professor da FGV Matias Spektor alertou ao jornal brit\u00e2nico que \u00e9 \u201ccedo demais para declarar o fim do atrito\u201d entre os dois governos.<\/p>\n<blockquote><p>&#8220;O Haiti \u00e9 um exemplo em que a demanda vinda da Casa Branca poderia ser atendida pelo Brasil \u2013 e \u00e9 algo que o Brasil j\u00e1 fez no passado e&#8230; que Lula poderia apresentar como a contribui\u00e7\u00e3o do Brasil para a ordem mundial, a estabilidade e a paz em um momento em que as coisas est\u00e3o t\u00e3o confusas&#8221;, afirmou Spektor ao The Guardian.<\/p><\/blockquote>\n<p>De acordo com Spektor, em entrevista ao The Guardian, Lula n\u00e3o poderia intervir na quest\u00e3o envolvendo Bolsonaro, embora pudesse apoiar Trump na proposta de mobilizar \u201cFor\u00e7as de Repress\u00e3o a Guangues\u201d no Haiti por meio do Conselho de Seguran\u00e7a da ONU.<\/p>\n<p><img data-recalc-dims=\"1\" decoding=\"async\" class=\"i-amphtml-fill-content i-amphtml-replaced-content\" src=\"https:\/\/i0.wp.com\/revistaforum.com.br\/u\/fotografias\/m\/2025\/10\/7\/f768x1-160064_160191_5050.png?w=600&#038;ssl=1\" alt=\"\" \/><\/p>\n<p>O jornal <a href=\"https:\/\/marreta.pcdomanual.com\/p\/https:\/\/www.washingtonpost.com\/business\/2025\/10\/06\/trump-lula-brazil-us-tariffs\/e55e0a98-a2ca-11f0-a79e-ccb5b1f59130_story.html\"><strong>Washington Post<\/strong><\/a> destacou que a chamada entre Lula e Trump durou cerca de meia hora e que, nesse tempo, o presidente brasileiro solicitou o fim das tarifas de 40% sobre produtos do Brasil, al\u00e9m de refor\u00e7ar o convite para que Trump participe da COP 30 em Bel\u00e9m.<\/p>\n<p><img data-recalc-dims=\"1\" decoding=\"async\" class=\"i-amphtml-fill-content i-amphtml-replaced-content\" src=\"https:\/\/i0.wp.com\/revistaforum.com.br\/u\/fotografias\/m\/2025\/10\/7\/f768x1-160065_160192_5050.png?w=600&#038;ssl=1\" alt=\"\" \/><\/p>\n<p>J\u00e1 a <a href=\"https:\/\/www.reuters.com\/world\/americas\/brazils-lula-trump-hold-video-call-says-source-2025-10-06\/\"><strong>Reuters<\/strong><\/a>\u00a0informou que durante a liga\u00e7\u00e3o de 30 minutos, o gabinete de Lula afirmou que os l\u00edderes discutiram suas impress\u00f5es positivas de um breve encontro nas Na\u00e7\u00f5es Unidas no m\u00eas passado e trocaram n\u00fameros de telefone para abrir uma linha direta de comunica\u00e7\u00e3o. Segundo a ag\u00eancia,\u00a0o presidente brasileiro sugeriu que a reuni\u00e3o ocorra durante a c\u00fapula da Associa\u00e7\u00e3o de Na\u00e7\u00f5es do Sudeste Asi\u00e1tico (ASEAN) neste m\u00eas, na Mal\u00e1sia, e expressou sua disposi\u00e7\u00e3o de viajar para os Estados Unidos.<\/p>\n<p>A ag\u00eancia lembrou que os dois l\u00edderes est\u00e3o em desacordo h\u00e1 meses sobre o julgamento e a condena\u00e7\u00e3o do ex-presidente Jair Bolsonaro, e que Trump aumentou tarifas sobre diversos bens brasileiros de 10% para 50%, classificando o caso como &#8220;ca\u00e7a \u00e0s bruxas&#8221;.\u00a0A Reuters ainda escreveu que Trump designou o secret\u00e1rio de Estado Marco Rubio para continuar as negocia\u00e7\u00f5es tarif\u00e1rias com o vice-presidente brasileiro, Geraldo Alckmin, o ministro das Rela\u00e7\u00f5es Exteriores, Mauro Vieira, e o ministro das Finan\u00e7as, Fernando Haddad.<\/p>\n<p>Al\u00e9m disso, a ag\u00eancia destacou o fator caf\u00e9 nos EUA com o tarifa\u00e7o, que est\u00e1 em falta nos mercados estadunidenses:<\/p>\n<blockquote><p>&#8220;Os pre\u00e7os do caf\u00e9 nos EUA, que tradicionalmente dependem do Brasil para um ter\u00e7o de sua oferta de gr\u00e3os de caf\u00e9, subiram acentuadamente devido em grande parte \u00e0s tarifas, que for\u00e7aram os torrefadores a comprar caf\u00e9 mais caro em outros lugares&#8221;<\/p><\/blockquote>\n<p><img data-recalc-dims=\"1\" decoding=\"async\" class=\"i-amphtml-fill-content i-amphtml-replaced-content\" src=\"https:\/\/i0.wp.com\/revistaforum.com.br\/u\/fotografias\/m\/2025\/10\/7\/f768x1-160066_160193_5050.png?w=600&#038;ssl=1\" alt=\"\" \/><\/p>\n<p>A\u00a0<strong>BBC News\u00a0<\/strong>informou que, segundo uma fonte pr\u00f3xima ao governo brasileiro, a nomea\u00e7\u00e3o de Marco Rubio como principal negociador sobre a quest\u00e3o tarif\u00e1ria ainda estava sendo revisada pela equipe liderada pelo vice-presidente Geraldo Alckmin. De acordo com o jornal, a fonte afirmou que, para o governo, seria prefer\u00edvel ter um negociador diretamente conectado ao presidente Lula e com seu aval, em vez de algu\u00e9m sem comunica\u00e7\u00e3o direta com Trump.<\/p>\n<blockquote><p>&#8220;Outra fonte, tamb\u00e9m envolvida nas negocia\u00e7\u00f5es e falando \u00e0 BBC Brasil sob condi\u00e7\u00e3o de anonimato, foi mais direta: disseram que o governo de Lula teria preferido um interlocutor diferente de Rubio&#8221;<\/p><\/blockquote>\n<p><img data-recalc-dims=\"1\" decoding=\"async\" class=\"i-amphtml-fill-content i-amphtml-replaced-content\" src=\"https:\/\/i0.wp.com\/revistaforum.com.br\/u\/fotografias\/m\/2025\/10\/7\/f768x1-160069_160196_5050.png?w=600&#038;ssl=1\" alt=\"\" \/><\/p>\n<p>Um dos principais jornais asi\u00e1ticos, o <a href=\"https:\/\/www.japantimes.co.jp\/news\/2025\/10\/07\/world\/politics\/trump-bolsonaro-lula-call\/\"><strong>The Japan Times<\/strong><\/a> destacou que Jair Bolsonaro foi ignorado por Trump, tanto na liga\u00e7\u00e3o, quanto na Truth Social.<\/p>\n<blockquote><p>&#8220;Quando o presidente brasileiro Luiz In\u00e1cio Lula da Silva e EUA O presidente Donald Trump finalmente falou sobre suas diferen\u00e7as na segunda-feira, o homem no centro de suas disputas de meses nem mereceu uma men\u00e7\u00e3o.<\/p>\n<p>Um post de m\u00eddia social de Trump saudando a discuss\u00e3o como &#8216;muito bom&#8217; n\u00e3o incluiu o nome de Jair Bolsonaro, o ex-presidente brasileiro cujo julgamento por acusa\u00e7\u00f5es de tentativa de golpe inspirou o l\u00edder dos EUA a impor tarifas de 50% sobre muitos bens brasileiros no in\u00edcio deste ano&#8221;<\/p><\/blockquote>\n<p>Ainda segundo o peri\u00f3dico, &#8220;se o chamado em si sugeriu um degelo nas rela\u00e7\u00f5es entre Brasil e EUA, o s\u00fabito abandono de Bolsonaro ofereceu um sinal ainda mais claro de que o impulso permanece firmemente para tr\u00e1s Lula, o l\u00edder de esquerda que j\u00e1 viu seus \u00edndices de aprova\u00e7\u00e3o aumentarem em meio a sua disputa com Trump&#8221;, escreveu.<\/p>\n<blockquote><p>&#8220;Mas o governo de Lula sente que Trump, e n\u00e3o Rubio, acabar\u00e1 impulsionando o processo de tomada de decis\u00e3o, disse uma das autoridades brasileiras.\u00a0E depois de meses em que Eduardo parecia ser o \u00fanico brasileiro com acesso de alto n\u00edvel a Washington, \u00e9 Lula que parece ter estabelecido uma liga\u00e7\u00e3o direta com o pr\u00f3prio Trump: eles trocaram n\u00fameros de telefone durante a liga\u00e7\u00e3o, e Lula, disse uma autoridade brasileira, disse a Trump para ligar para ele a qualquer momento&#8221;<\/p><\/blockquote>\n<p><img data-recalc-dims=\"1\" decoding=\"async\" class=\"i-amphtml-fill-content i-amphtml-replaced-content\" src=\"https:\/\/i0.wp.com\/revistaforum.com.br\/u\/fotografias\/m\/2025\/10\/7\/f768x1-160072_160199_5050.png?w=600&#038;ssl=1\" alt=\"\" \/><\/p>\n<p>&nbsp;<\/p>\n","protected":false},"excerpt":{"rendered":"<p>Jornais internacionais destacam import\u00e2ncia do telefonema e estreitamento das rela\u00e7\u00f5es entre pa\u00edses e lembram que principal motivo das tens\u00f5es n\u00e3o foi mencionado pelos l\u00edderes<\/p>\n","protected":false},"author":1,"featured_media":0,"comment_status":"closed","ping_status":"open","sticky":false,"template":"","format":"standard","meta":{"_exactmetrics_skip_tracking":false,"_exactmetrics_sitenote_active":false,"_exactmetrics_sitenote_note":"","_exactmetrics_sitenote_category":0,"jetpack_post_was_ever_published":false,"_jetpack_newsletter_access":"","_jetpack_dont_email_post_to_subs":false,"_jetpack_newsletter_tier_id":0,"_jetpack_memberships_contains_paywalled_content":false,"_jetpack_memberships_contains_paid_content":false,"footnotes":"","jetpack_publicize_message":"","jetpack_publicize_feature_enabled":true,"jetpack_social_post_already_shared":true,"jetpack_social_options":{"image_generator_settings":{"template":"highway","enabled":false},"version":2}},"categories":[1],"tags":[1519,78,220],"class_list":["post-37610","post","type-post","status-publish","format-standard","hentry","category-notas","tag-conversa","tag-lula","tag-trump"],"jetpack_publicize_connections":[],"jetpack_sharing_enabled":true,"jetpack_featured_media_url":"","jetpack_shortlink":"https:\/\/wp.me\/p7wKYW-9MC","jetpack-related-posts":[],"_links":{"self":[{"href":"http:\/\/blogdalucianaoliveira.com.br\/blog\/wp-json\/wp\/v2\/posts\/37610","targetHints":{"allow":["GET"]}}],"collection":[{"href":"http:\/\/blogdalucianaoliveira.com.br\/blog\/wp-json\/wp\/v2\/posts"}],"about":[{"href":"http:\/\/blogdalucianaoliveira.com.br\/blog\/wp-json\/wp\/v2\/types\/post"}],"author":[{"embeddable":true,"href":"http:\/\/blogdalucianaoliveira.com.br\/blog\/wp-json\/wp\/v2\/users\/1"}],"replies":[{"embeddable":true,"href":"http:\/\/blogdalucianaoliveira.com.br\/blog\/wp-json\/wp\/v2\/comments?post=37610"}],"version-history":[{"count":1,"href":"http:\/\/blogdalucianaoliveira.com.br\/blog\/wp-json\/wp\/v2\/posts\/37610\/revisions"}],"predecessor-version":[{"id":37612,"href":"http:\/\/blogdalucianaoliveira.com.br\/blog\/wp-json\/wp\/v2\/posts\/37610\/revisions\/37612"}],"wp:attachment":[{"href":"http:\/\/blogdalucianaoliveira.com.br\/blog\/wp-json\/wp\/v2\/media?parent=37610"}],"wp:term":[{"taxonomy":"category","embeddable":true,"href":"http:\/\/blogdalucianaoliveira.com.br\/blog\/wp-json\/wp\/v2\/categories?post=37610"},{"taxonomy":"post_tag","embeddable":true,"href":"http:\/\/blogdalucianaoliveira.com.br\/blog\/wp-json\/wp\/v2\/tags?post=37610"}],"curies":[{"name":"wp","href":"https:\/\/api.w.org\/{rel}","templated":true}]}}