{"id":37617,"date":"2025-10-08T17:08:00","date_gmt":"2025-10-08T21:08:00","guid":{"rendered":"https:\/\/blogdalucianaoliveira.com.br\/blog\/?p=37617"},"modified":"2025-10-08T17:08:00","modified_gmt":"2025-10-08T21:08:00","slug":"lula-levara-compromissos-ambientais-de-jovens-para-a-cop30","status":"publish","type":"post","link":"http:\/\/blogdalucianaoliveira.com.br\/blog\/2025\/10\/08\/lula-levara-compromissos-ambientais-de-jovens-para-a-cop30\/","title":{"rendered":"Lula levar\u00e1 compromissos ambientais de jovens para a COP30"},"content":{"rendered":"<p><img data-recalc-dims=\"1\" loading=\"lazy\" decoding=\"async\" data-attachment-id=\"37618\" data-permalink=\"http:\/\/blogdalucianaoliveira.com.br\/blog\/2025\/10\/08\/lula-levara-compromissos-ambientais-de-jovens-para-a-cop30\/img_8265\/\" data-orig-file=\"https:\/\/i0.wp.com\/blogdalucianaoliveira.com.br\/blog\/wp-content\/uploads\/2025\/10\/IMG_8265.webp?fit=1170%2C700\" data-orig-size=\"1170,700\" data-comments-opened=\"0\" data-image-meta=\"{&quot;aperture&quot;:&quot;0&quot;,&quot;credit&quot;:&quot;&quot;,&quot;camera&quot;:&quot;&quot;,&quot;caption&quot;:&quot;&quot;,&quot;created_timestamp&quot;:&quot;0&quot;,&quot;copyright&quot;:&quot;&quot;,&quot;focal_length&quot;:&quot;0&quot;,&quot;iso&quot;:&quot;0&quot;,&quot;shutter_speed&quot;:&quot;0&quot;,&quot;title&quot;:&quot;&quot;,&quot;orientation&quot;:&quot;0&quot;}\" data-image-title=\"IMG_8265\" data-image-description=\"\" data-image-caption=\"\" data-medium-file=\"https:\/\/i0.wp.com\/blogdalucianaoliveira.com.br\/blog\/wp-content\/uploads\/2025\/10\/IMG_8265.webp?fit=300%2C179\" data-large-file=\"https:\/\/i0.wp.com\/blogdalucianaoliveira.com.br\/blog\/wp-content\/uploads\/2025\/10\/IMG_8265.webp?fit=600%2C359\" class=\"alignnone size-medium wp-image-37618\" src=\"https:\/\/i0.wp.com\/blogdalucianaoliveira.com.br\/blog\/wp-content\/uploads\/2025\/10\/IMG_8265.webp?resize=300%2C179\" alt=\"\" width=\"300\" height=\"179\" srcset=\"https:\/\/i0.wp.com\/blogdalucianaoliveira.com.br\/blog\/wp-content\/uploads\/2025\/10\/IMG_8265.webp?resize=300%2C179 300w, https:\/\/i0.wp.com\/blogdalucianaoliveira.com.br\/blog\/wp-content\/uploads\/2025\/10\/IMG_8265.webp?resize=1024%2C613 1024w, https:\/\/i0.wp.com\/blogdalucianaoliveira.com.br\/blog\/wp-content\/uploads\/2025\/10\/IMG_8265.webp?resize=768%2C459 768w, https:\/\/i0.wp.com\/blogdalucianaoliveira.com.br\/blog\/wp-content\/uploads\/2025\/10\/IMG_8265.webp?resize=501%2C300 501w, https:\/\/i0.wp.com\/blogdalucianaoliveira.com.br\/blog\/wp-content\/uploads\/2025\/10\/IMG_8265.webp?w=1170 1170w\" sizes=\"auto, (max-width: 300px) 100vw, 300px\" \/><\/p>\n<p style=\"text-align: left;\">\nPresidente participou de Confer\u00eancia Infantojuvenil pelo Meio Ambiente<!--more--><\/p>\n<p>Ag\u00eancia Brasil &#8211; O presidente Luiz In\u00e1cio Lula da Silva anunciou nesta quarta-feira (8), ao participar da 6\u00aa Confer\u00eancia Nacional Infantojuvenil pelo Meio Ambiente, que levar\u00e1 aos chefes de Estado na confer\u00eancia do clima os <a href=\"https:\/\/agenciabrasil.ebc.com.br\/meio-ambiente\/noticia\/2025-10\/mudancas-climaticas-ja-afetam-cotidiano-da-populacao-na-amazonia-legal\" target=\"_blank\" rel=\"noopener\">compromissos das crian\u00e7as e adolescentes<\/a> com a prote\u00e7\u00e3o ao meio ambiente. Lula parabenizou o protagonismo dos estudantes e defendeu que a educa\u00e7\u00e3o para o clima deve ser sistematizada nas escolas.<img data-recalc-dims=\"1\" decoding=\"async\" src=\"https:\/\/i0.wp.com\/agenciabrasil.ebc.com.br\/ebc.png?w=600&#038;ssl=1\" \/><img data-recalc-dims=\"1\" decoding=\"async\" src=\"https:\/\/i0.wp.com\/agenciabrasil.ebc.com.br\/ebc.gif?w=600&#038;ssl=1\" \/><\/p>\n<p><strong>\u201c[Temos que] fazer com que a educa\u00e7\u00e3o do clima n\u00e3o seja uma coisa eventual, que ela fa\u00e7a parte do nosso dia a dia, que ela fa\u00e7a parte da nossa cultura sistematizada. Isso aqui \u00e9 um exemplo\u201d, disse no evento, na cidade de Luzi\u00e2nia, em Goi\u00e1s, no entorno do Distrito Federal. A confer\u00eancia vai at\u00e9 10 de outubro.<\/strong><\/p>\n<p>Este ano, a <a href=\"https:\/\/agenciabrasil.ebc.com.br\/meio-ambiente\/noticia\/2025-10\/em-conferencia-jovens-debatem-propostas-para-levar-cop30\" target=\"_blank\" rel=\"noopener\">confer\u00eancia discute educa\u00e7\u00e3o e justi\u00e7a clim\u00e1tica<\/a>\u00a0e faz parte do movimento de prepara\u00e7\u00e3o do pa\u00eds para a 30\u00aa Confer\u00eancia das Na\u00e7\u00f5es Unidas sobre as Mudan\u00e7as Clim\u00e1ticas (COP30), que ocorre em novembro, em Bel\u00e9m, no Par\u00e1. O ponto de vista das crian\u00e7as e dos adolescentes ser\u00e1 levado ao Balan\u00e7o \u00c9tico Global (BEG), espa\u00e7o de engajamento social da COP30.<\/p>\n<p><strong>\u201cVoc\u00eas est\u00e3o fazendo uma pequena revolu\u00e7\u00e3o nesse pa\u00eds\u201d, disse Lula sobre a carta entregue a ele pelos estudantes.<\/strong><\/p>\n<p>\u201cN\u00f3s vamos ter a reuni\u00e3o dos chefes de Estado na cidade de Bel\u00e9m, e eu quero entregar uma carta dessa para cada presidente de pa\u00eds estrangeiro que chegar aqui no Brasil. Eu quero que eles saibam o grau de maturidade pol\u00edtica do nosso jovem\u201d, se comprometeu o presidente.<\/p>\n<p><strong>A carta cont\u00e9m os compromissos constru\u00eddos coletivamente durante a confer\u00eancia. Entres eles est\u00e3o:<\/strong><\/p>\n<ul>\n<li>\u201cAssumimos que n\u00e3o existem problemas ambientais, mas sim apenas sintomas ambientais dos problemas causados pelos seres humanos\u201d;<\/li>\n<li>\u201cPor isso, nos comprometemos a apoiar a luta e resist\u00eancia de povos ind\u00edgenas, comunidades quilombolas, agricultores familiares, pois s\u00e3o essenciais, para qualquer transforma\u00e7\u00e3o social e ambiental, as suas tecnologias ancestrais\u201d;<\/li>\n<li>\u201cProteger as pessoas e toda a vida do planeta com equidade, igualdade e inclus\u00e3o. Justi\u00e7a clim\u00e1tica n\u00e3o \u00e9 s\u00f3 sobre o meio ambiente ou o clima\u201d;<\/li>\n<li>\u201cAmpliar a nossa capacidade de preven\u00e7\u00e3o de riscos, assumindo que a consci\u00eancia das diferentes vulnerabilidades nos torna mais humanos, verdadeiros e potentes para lidar com os impactos dos desastres clim\u00e1ticos\u201d;<\/li>\n<li>\u201cResistir a um sistema que for\u00e7a as pessoas a competirem por poder e dinheiro gerando desigualdades e preconceitos, como o racismo, a homofobia, a exclus\u00e3o, a intoler\u00e2ncia religiosa, o racismo ambiental, entre outras diversas formas de discrimina\u00e7\u00e3o\u201d.<\/li>\n<\/ul>\n<p><strong>O presidente ainda destacou a import\u00e2ncia de criar incentivos e facilidades, inclusive por parte do governo, para que os jovens conhe\u00e7am as riquezas naturais do Brasil.<\/strong><\/p>\n<p>\u201c\u00c9 assim que a gente desenvolve uma consci\u00eancia de na\u00e7\u00e3o, uma consci\u00eancia de cidad\u00e3os, uma consci\u00eancia de soberania sobre o seu territ\u00f3rio, sobre as suas coisas\u201d, afirmou.<\/p>\n<blockquote><p>\u201cPor que a gente n\u00e3o pega as nossas crian\u00e7as e a gente faz um turismo pelo Rio Amazonas? Pelo Rio Tapaj\u00f3s, pelo Rio Solim\u00f5es. Por que a gente n\u00e3o leva as nossas crian\u00e7as para conhecer a riqueza do Pantanal? Isso \u00e9 turismo. Isso \u00e9 desenvolvimento de conhecimento, \u00e9 fazer com que a gente possa crer, ver aquilo que \u00e9 nosso, aquilo que nos \u00e9 \u00fatil\u201d, defendeu Lula.<\/p><\/blockquote>\n<h2>Compromisso<\/h2>\n<p>Idealizadora da primeira confer\u00eancia, realizada em 2003, a ministra do Meio Ambiente e Mudan\u00e7a do Clima, Marina Silva, destacou o comprometimento dos estudantes com as mudan\u00e7as que precisam ser feitas para o equil\u00edbrio clim\u00e1tico.<\/p>\n<p><strong>\u201cEm vez de dizer para o presidente o que ele deve fazer, voc\u00eas sempre dizem o que voc\u00eas est\u00e3o fazendo e o que voc\u00eas est\u00e3o comprometidos em fazer\u201d, disse.<\/strong><\/p>\n<blockquote><p>\u201cAs crian\u00e7as, os adolescentes, s\u00e3o as melhores mensagens que n\u00f3s podemos enviar para o futuro. Voc\u00eas s\u00e3o as mensagens que est\u00e3o sendo enviadas para o futuro. Porque, como voc\u00eas disseram, o futuro \u00e9 agora, e para que esse futuro seja justo, democr\u00e1tico, sustent\u00e1vel, \u00e9 fundamental que a gente tenha um ecossistema saud\u00e1vel\u201d, acrescentou.<\/p><\/blockquote>\n<p>A confer\u00eancia infantojuvenil \u00e9 um processo de mobiliza\u00e7\u00e3o que convida as escolas a desenvolverem jornadas pedag\u00f3gicas, por meio de pesquisas e produ\u00e7\u00e3o de conhecimentos, para o enfrentamento \u00e0s mudan\u00e7as do clima, engajando crian\u00e7as e adolescentes na transforma\u00e7\u00e3o dos seus territ\u00f3rios e comunidades escolares.<\/p>\n<p><strong>Desde o primeiro semestre, foram mobilizadas\u202f8.732 escolas, em\u202f2.307 munic\u00edpios, sendo que 1.293 escolas est\u00e3o em \u00e1reas de risco socioambiental\u202fe\u202f158\u202fatendem estudantes com defici\u00eancia (PCDs).<\/strong><\/p>\n<p>O Minist\u00e9rio da Educa\u00e7\u00e3o ainda contabiliza o envolvimento de 1.478 escolas da zona rural,\u202f186 ind\u00edgenas\u202fe\u202f139 quilombolas, de todos os estados e do Distrito Federal.<\/p>\n<p>O evento em Luzi\u00e2nia conta com cerca de 800 pessoas de todo o pa\u00eds, entre delegados infantojuvenis de 11 a 14 anos de idade; professores, acompanhantes e representantes das comiss\u00f5es organizadoras estaduais.<\/p>\n<p><strong>Ao longo de cinco edi\u00e7\u00f5es, de 2003 a 2018, a confer\u00eancia envolveu mais de 20 milh\u00f5es de pessoas, incluindo crian\u00e7as, adolescentes, jovens, professores, gestores da educa\u00e7\u00e3o e do meio ambiente.<\/strong> Ela \u00e9 organizada pelos minist\u00e9rios da Educa\u00e7\u00e3o e do Meio Ambiente e Mudan\u00e7a do Clima, em parceria com o Minist\u00e9rio da Ci\u00eancia, Tecnologia e Inova\u00e7\u00e3o (MCTI).<\/p>\n","protected":false},"excerpt":{"rendered":"<p>Presidente participou de Confer\u00eancia Infantojuvenil pelo Meio Ambiente<\/p>\n","protected":false},"author":1,"featured_media":0,"comment_status":"closed","ping_status":"open","sticky":false,"template":"","format":"standard","meta":{"_exactmetrics_skip_tracking":false,"_exactmetrics_sitenote_active":false,"_exactmetrics_sitenote_note":"","_exactmetrics_sitenote_category":0,"jetpack_post_was_ever_published":false,"_jetpack_newsletter_access":"","_jetpack_dont_email_post_to_subs":false,"_jetpack_newsletter_tier_id":0,"_jetpack_memberships_contains_paywalled_content":false,"_jetpack_memberships_contains_paid_content":false,"footnotes":"","jetpack_publicize_message":"","jetpack_publicize_feature_enabled":true,"jetpack_social_post_already_shared":true,"jetpack_social_options":{"image_generator_settings":{"template":"highway","enabled":false},"version":2}},"categories":[1],"tags":[],"class_list":["post-37617","post","type-post","status-publish","format-standard","hentry","category-notas"],"jetpack_publicize_connections":[],"jetpack_sharing_enabled":true,"jetpack_featured_media_url":"","jetpack_shortlink":"https:\/\/wp.me\/p7wKYW-9MJ","jetpack-related-posts":[],"_links":{"self":[{"href":"http:\/\/blogdalucianaoliveira.com.br\/blog\/wp-json\/wp\/v2\/posts\/37617","targetHints":{"allow":["GET"]}}],"collection":[{"href":"http:\/\/blogdalucianaoliveira.com.br\/blog\/wp-json\/wp\/v2\/posts"}],"about":[{"href":"http:\/\/blogdalucianaoliveira.com.br\/blog\/wp-json\/wp\/v2\/types\/post"}],"author":[{"embeddable":true,"href":"http:\/\/blogdalucianaoliveira.com.br\/blog\/wp-json\/wp\/v2\/users\/1"}],"replies":[{"embeddable":true,"href":"http:\/\/blogdalucianaoliveira.com.br\/blog\/wp-json\/wp\/v2\/comments?post=37617"}],"version-history":[{"count":1,"href":"http:\/\/blogdalucianaoliveira.com.br\/blog\/wp-json\/wp\/v2\/posts\/37617\/revisions"}],"predecessor-version":[{"id":37619,"href":"http:\/\/blogdalucianaoliveira.com.br\/blog\/wp-json\/wp\/v2\/posts\/37617\/revisions\/37619"}],"wp:attachment":[{"href":"http:\/\/blogdalucianaoliveira.com.br\/blog\/wp-json\/wp\/v2\/media?parent=37617"}],"wp:term":[{"taxonomy":"category","embeddable":true,"href":"http:\/\/blogdalucianaoliveira.com.br\/blog\/wp-json\/wp\/v2\/categories?post=37617"},{"taxonomy":"post_tag","embeddable":true,"href":"http:\/\/blogdalucianaoliveira.com.br\/blog\/wp-json\/wp\/v2\/tags?post=37617"}],"curies":[{"name":"wp","href":"https:\/\/api.w.org\/{rel}","templated":true}]}}