{"id":37622,"date":"2025-10-08T17:41:45","date_gmt":"2025-10-08T21:41:45","guid":{"rendered":"https:\/\/blogdalucianaoliveira.com.br\/blog\/?p=37622"},"modified":"2025-10-08T17:41:45","modified_gmt":"2025-10-08T21:41:45","slug":"lula-e-pobreza-de-espirito-misturar-votacao-da-mp-1303-com-eleicao","status":"publish","type":"post","link":"http:\/\/blogdalucianaoliveira.com.br\/blog\/2025\/10\/08\/lula-e-pobreza-de-espirito-misturar-votacao-da-mp-1303-com-eleicao\/","title":{"rendered":"Lula: \u00e9 &#8220;pobreza de esp\u00edrito&#8221; misturar vota\u00e7\u00e3o da MP 1303 com elei\u00e7\u00e3o"},"content":{"rendered":"<p><img data-recalc-dims=\"1\" loading=\"lazy\" decoding=\"async\" data-attachment-id=\"37623\" data-permalink=\"http:\/\/blogdalucianaoliveira.com.br\/blog\/2025\/10\/08\/lula-e-pobreza-de-espirito-misturar-votacao-da-mp-1303-com-eleicao\/img_8268\/\" data-orig-file=\"https:\/\/i0.wp.com\/blogdalucianaoliveira.com.br\/blog\/wp-content\/uploads\/2025\/10\/IMG_8268.webp?fit=500%2C240\" data-orig-size=\"500,240\" data-comments-opened=\"0\" data-image-meta=\"{&quot;aperture&quot;:&quot;0&quot;,&quot;credit&quot;:&quot;&quot;,&quot;camera&quot;:&quot;&quot;,&quot;caption&quot;:&quot;&quot;,&quot;created_timestamp&quot;:&quot;0&quot;,&quot;copyright&quot;:&quot;&quot;,&quot;focal_length&quot;:&quot;0&quot;,&quot;iso&quot;:&quot;0&quot;,&quot;shutter_speed&quot;:&quot;0&quot;,&quot;title&quot;:&quot;&quot;,&quot;orientation&quot;:&quot;0&quot;}\" data-image-title=\"IMG_8268\" data-image-description=\"\" data-image-caption=\"\" data-medium-file=\"https:\/\/i0.wp.com\/blogdalucianaoliveira.com.br\/blog\/wp-content\/uploads\/2025\/10\/IMG_8268.webp?fit=300%2C144\" data-large-file=\"https:\/\/i0.wp.com\/blogdalucianaoliveira.com.br\/blog\/wp-content\/uploads\/2025\/10\/IMG_8268.webp?fit=500%2C240\" class=\"alignnone size-medium wp-image-37623\" src=\"https:\/\/i0.wp.com\/blogdalucianaoliveira.com.br\/blog\/wp-content\/uploads\/2025\/10\/IMG_8268.webp?resize=300%2C144\" alt=\"\" width=\"300\" height=\"144\" srcset=\"https:\/\/i0.wp.com\/blogdalucianaoliveira.com.br\/blog\/wp-content\/uploads\/2025\/10\/IMG_8268.webp?resize=300%2C144 300w, https:\/\/i0.wp.com\/blogdalucianaoliveira.com.br\/blog\/wp-content\/uploads\/2025\/10\/IMG_8268.webp?w=500 500w\" sizes=\"auto, (max-width: 300px) 100vw, 300px\" \/><\/p>\n<h2 class=\"article__lead\">Presidente disse esperar que Congresso d\u00ea uma &#8220;demonstra\u00e7\u00e3o de maturidade&#8221; e cumpra com os acordos firmados sobre o tema<\/h2>\n<p><!--more--><\/p>\n<p><b>BRAS\u00cdLIA (Reuters) &#8211;<\/b> O presidente Luiz In\u00e1cio Lula da Silva afirmou nesta quarta-feira que contaminar a vota\u00e7\u00e3o da Medida Provis\u00f3ria 1303, que trata da taxa\u00e7\u00e3o de aplica\u00e7\u00f5es financeiras, com o clima eleitoral para 2026 \u00e9 uma &#8220;pobreza de esp\u00edrito&#8221;.<\/p>\n<p>O governo corre contra o tempo para destravar a vota\u00e7\u00e3o da MP, em meio ao que considera &#8220;sabotagem&#8221; da oposi\u00e7\u00e3o, de governadores e de que partidos do centr\u00e3o, que n\u00e3o estariam cumprindo acordos firmados nas negocia\u00e7\u00f5es por motivos pol\u00edticos.<\/p>\n<p>&#8220;Eu espero que o Congresso d\u00ea uma demonstra\u00e7\u00e3o de maturidade. \u00c9 uma bobagem colocar isso como quest\u00e3o eleitoral&#8221;, disse Lula em entrevista a rep\u00f3rteres ap\u00f3s participar de evento no Pal\u00e1cio do Planalto.<\/p>\n<p>&#8220;Se algu\u00e9m quer misturar isso com elei\u00e7\u00e3o, eu sinceramente s\u00f3 posso dizer que \u00e9 uma pobreza de esp\u00edrito extraordin\u00e1ria&#8221;, acrescentou.<\/p>\n<p>Editada em junho na inten\u00e7\u00e3o de compensar a perda de arrecada\u00e7\u00e3o ap\u00f3s o governo recuar de parte do aumento de Imposto sobre Opera\u00e7\u00f5es Financeiras (IOF), a proposta precisa ser votada ainda nesta quarta-feira pelos plen\u00e1rios da C\u00e2mara e do Senado ou perde a validade.<\/p>\n","protected":false},"excerpt":{"rendered":"<p>Presidente disse esperar que Congresso d\u00ea uma &#8220;demonstra\u00e7\u00e3o de maturidade&#8221; e cumpra com os acordos firmados sobre o tema<\/p>\n","protected":false},"author":1,"featured_media":0,"comment_status":"closed","ping_status":"open","sticky":false,"template":"","format":"standard","meta":{"_exactmetrics_skip_tracking":false,"_exactmetrics_sitenote_active":false,"_exactmetrics_sitenote_note":"","_exactmetrics_sitenote_category":0,"jetpack_post_was_ever_published":false,"_jetpack_newsletter_access":"","_jetpack_dont_email_post_to_subs":false,"_jetpack_newsletter_tier_id":0,"_jetpack_memberships_contains_paywalled_content":false,"_jetpack_memberships_contains_paid_content":false,"footnotes":"","jetpack_publicize_message":"","jetpack_publicize_feature_enabled":true,"jetpack_social_post_already_shared":true,"jetpack_social_options":{"image_generator_settings":{"template":"highway","enabled":false},"version":2}},"categories":[1],"tags":[],"class_list":["post-37622","post","type-post","status-publish","format-standard","hentry","category-notas"],"jetpack_publicize_connections":[],"jetpack_sharing_enabled":true,"jetpack_featured_media_url":"","jetpack_shortlink":"https:\/\/wp.me\/p7wKYW-9MO","jetpack-related-posts":[],"_links":{"self":[{"href":"http:\/\/blogdalucianaoliveira.com.br\/blog\/wp-json\/wp\/v2\/posts\/37622","targetHints":{"allow":["GET"]}}],"collection":[{"href":"http:\/\/blogdalucianaoliveira.com.br\/blog\/wp-json\/wp\/v2\/posts"}],"about":[{"href":"http:\/\/blogdalucianaoliveira.com.br\/blog\/wp-json\/wp\/v2\/types\/post"}],"author":[{"embeddable":true,"href":"http:\/\/blogdalucianaoliveira.com.br\/blog\/wp-json\/wp\/v2\/users\/1"}],"replies":[{"embeddable":true,"href":"http:\/\/blogdalucianaoliveira.com.br\/blog\/wp-json\/wp\/v2\/comments?post=37622"}],"version-history":[{"count":1,"href":"http:\/\/blogdalucianaoliveira.com.br\/blog\/wp-json\/wp\/v2\/posts\/37622\/revisions"}],"predecessor-version":[{"id":37624,"href":"http:\/\/blogdalucianaoliveira.com.br\/blog\/wp-json\/wp\/v2\/posts\/37622\/revisions\/37624"}],"wp:attachment":[{"href":"http:\/\/blogdalucianaoliveira.com.br\/blog\/wp-json\/wp\/v2\/media?parent=37622"}],"wp:term":[{"taxonomy":"category","embeddable":true,"href":"http:\/\/blogdalucianaoliveira.com.br\/blog\/wp-json\/wp\/v2\/categories?post=37622"},{"taxonomy":"post_tag","embeddable":true,"href":"http:\/\/blogdalucianaoliveira.com.br\/blog\/wp-json\/wp\/v2\/tags?post=37622"}],"curies":[{"name":"wp","href":"https:\/\/api.w.org\/{rel}","templated":true}]}}