{"id":37625,"date":"2025-10-08T17:47:52","date_gmt":"2025-10-08T21:47:52","guid":{"rendered":"https:\/\/blogdalucianaoliveira.com.br\/blog\/?p=37625"},"modified":"2025-10-08T17:47:52","modified_gmt":"2025-10-08T21:47:52","slug":"atraso-de-r-6-milhoes-ameaca-hospital-e-deputada-claudia-de-jesus-pede-providencias","status":"publish","type":"post","link":"http:\/\/blogdalucianaoliveira.com.br\/blog\/2025\/10\/08\/atraso-de-r-6-milhoes-ameaca-hospital-e-deputada-claudia-de-jesus-pede-providencias\/","title":{"rendered":"Atraso de R$ 6 milh\u00f5es amea\u00e7a hospital e deputada Cl\u00e1udia de Jesus pede provid\u00eancias"},"content":{"rendered":"<p><img data-recalc-dims=\"1\" loading=\"lazy\" decoding=\"async\" data-attachment-id=\"37627\" data-permalink=\"http:\/\/blogdalucianaoliveira.com.br\/blog\/2025\/10\/08\/atraso-de-r-6-milhoes-ameaca-hospital-e-deputada-claudia-de-jesus-pede-providencias\/img_8264\/\" data-orig-file=\"https:\/\/i0.wp.com\/blogdalucianaoliveira.com.br\/blog\/wp-content\/uploads\/2025\/10\/IMG_8264.jpeg?fit=1620%2C1080\" data-orig-size=\"1620,1080\" data-comments-opened=\"0\" data-image-meta=\"{&quot;aperture&quot;:&quot;5&quot;,&quot;credit&quot;:&quot;&quot;,&quot;camera&quot;:&quot;Canon EOS Rebel SL3&quot;,&quot;caption&quot;:&quot;&quot;,&quot;created_timestamp&quot;:&quot;1759850729&quot;,&quot;copyright&quot;:&quot;&quot;,&quot;focal_length&quot;:&quot;38&quot;,&quot;iso&quot;:&quot;2500&quot;,&quot;shutter_speed&quot;:&quot;0.00625&quot;,&quot;title&quot;:&quot;&quot;,&quot;orientation&quot;:&quot;1&quot;}\" data-image-title=\"IMG_8264\" data-image-description=\"\" data-image-caption=\"\" data-medium-file=\"https:\/\/i0.wp.com\/blogdalucianaoliveira.com.br\/blog\/wp-content\/uploads\/2025\/10\/IMG_8264.jpeg?fit=300%2C200\" data-large-file=\"https:\/\/i0.wp.com\/blogdalucianaoliveira.com.br\/blog\/wp-content\/uploads\/2025\/10\/IMG_8264.jpeg?fit=600%2C400\" class=\"alignnone size-medium wp-image-37627\" src=\"https:\/\/i0.wp.com\/blogdalucianaoliveira.com.br\/blog\/wp-content\/uploads\/2025\/10\/IMG_8264.jpeg?resize=300%2C200\" alt=\"\" width=\"300\" height=\"200\" srcset=\"https:\/\/i0.wp.com\/blogdalucianaoliveira.com.br\/blog\/wp-content\/uploads\/2025\/10\/IMG_8264.jpeg?resize=300%2C200 300w, https:\/\/i0.wp.com\/blogdalucianaoliveira.com.br\/blog\/wp-content\/uploads\/2025\/10\/IMG_8264.jpeg?resize=1024%2C683 1024w, https:\/\/i0.wp.com\/blogdalucianaoliveira.com.br\/blog\/wp-content\/uploads\/2025\/10\/IMG_8264.jpeg?resize=768%2C512 768w, https:\/\/i0.wp.com\/blogdalucianaoliveira.com.br\/blog\/wp-content\/uploads\/2025\/10\/IMG_8264.jpeg?resize=1536%2C1024 1536w, https:\/\/i0.wp.com\/blogdalucianaoliveira.com.br\/blog\/wp-content\/uploads\/2025\/10\/IMG_8264.jpeg?resize=450%2C300 450w, https:\/\/i0.wp.com\/blogdalucianaoliveira.com.br\/blog\/wp-content\/uploads\/2025\/10\/IMG_8264.jpeg?w=1620 1620w, https:\/\/i0.wp.com\/blogdalucianaoliveira.com.br\/blog\/wp-content\/uploads\/2025\/10\/IMG_8264.jpeg?w=1200 1200w\" sizes=\"auto, (max-width: 300px) 100vw, 300px\" \/><\/p>\n<p><i><br \/>\n<strong>Parlamentar cobra provid\u00eancias para evitar paralisa\u00e7\u00e3o do hospital Santa Marcelina.<\/strong><br \/>\n<\/i><br \/>\nPreocupada com a amea\u00e7a de interrup\u00e7\u00e3o dos servi\u00e7os do Hospital Santa Marcelina, a deputada estadual Cl\u00e1udia de Jesus (PT) cobrou do Governo de Rond\u00f4nia informa\u00e7\u00f5es e medidas urgentes para regularizar os repasses.<!--more--><\/p>\n<p>O requerimento apresentado pela parlamentar \u00e0 Secretaria de Estado da Sa\u00fade (Sesau) pede detalhes sobre a situa\u00e7\u00e3o financeira do conv\u00eanio firmado com a institui\u00e7\u00e3o, al\u00e9m de provid\u00eancias administrativas e or\u00e7ament\u00e1rias que assegurem a continuidade do atendimento \u00e0 popula\u00e7\u00e3o. \u201cN\u00e3o podemos admitir que um hospital hist\u00f3rico e fundamental para o atendimento de m\u00e9dia complexidade em Rond\u00f4nia seja levado \u00e0 paralisa\u00e7\u00e3o por falta de repasses\u201d, afirmou Cl\u00e1udia de Jesus.<\/p>\n<p>De acordo com relatos da dire\u00e7\u00e3o t\u00e9cnica, o hospital filantr\u00f3pico, refer\u00eancia h\u00e1 quase 50 anos em Rond\u00f4nia, est\u00e1 h\u00e1 quatro meses sem receber os valores contratualmente devidos, totalizando cerca de R$ 6 milh\u00f5es em atraso. A crise j\u00e1 resultou na interrup\u00e7\u00e3o de servi\u00e7os, como o de oftalmologia, e \u00e9 agravada pela demora na libera\u00e7\u00e3o de emendas parlamentares.<\/p>\n","protected":false},"excerpt":{"rendered":"<p>Parlamentar cobra provid\u00eancias para evitar paralisa\u00e7\u00e3o do hospital Santa Marcelina. Preocupada com a amea\u00e7a de interrup\u00e7\u00e3o dos servi\u00e7os do Hospital Santa Marcelina, a deputada estadual Cl\u00e1udia de Jesus (PT) cobrou do Governo de Rond\u00f4nia informa\u00e7\u00f5es e medidas urgentes para regularizar os repasses.<\/p>\n","protected":false},"author":1,"featured_media":0,"comment_status":"closed","ping_status":"open","sticky":false,"template":"","format":"standard","meta":{"_exactmetrics_skip_tracking":false,"_exactmetrics_sitenote_active":false,"_exactmetrics_sitenote_note":"","_exactmetrics_sitenote_category":0,"jetpack_post_was_ever_published":false,"_jetpack_newsletter_access":"","_jetpack_dont_email_post_to_subs":false,"_jetpack_newsletter_tier_id":0,"_jetpack_memberships_contains_paywalled_content":false,"_jetpack_memberships_contains_paid_content":false,"footnotes":"","jetpack_publicize_message":"","jetpack_publicize_feature_enabled":true,"jetpack_social_post_already_shared":true,"jetpack_social_options":{"image_generator_settings":{"template":"highway","enabled":false},"version":2}},"categories":[1],"tags":[],"class_list":["post-37625","post","type-post","status-publish","format-standard","hentry","category-notas"],"jetpack_publicize_connections":[],"jetpack_sharing_enabled":true,"jetpack_featured_media_url":"","jetpack_shortlink":"https:\/\/wp.me\/p7wKYW-9MR","jetpack-related-posts":[],"_links":{"self":[{"href":"http:\/\/blogdalucianaoliveira.com.br\/blog\/wp-json\/wp\/v2\/posts\/37625","targetHints":{"allow":["GET"]}}],"collection":[{"href":"http:\/\/blogdalucianaoliveira.com.br\/blog\/wp-json\/wp\/v2\/posts"}],"about":[{"href":"http:\/\/blogdalucianaoliveira.com.br\/blog\/wp-json\/wp\/v2\/types\/post"}],"author":[{"embeddable":true,"href":"http:\/\/blogdalucianaoliveira.com.br\/blog\/wp-json\/wp\/v2\/users\/1"}],"replies":[{"embeddable":true,"href":"http:\/\/blogdalucianaoliveira.com.br\/blog\/wp-json\/wp\/v2\/comments?post=37625"}],"version-history":[{"count":1,"href":"http:\/\/blogdalucianaoliveira.com.br\/blog\/wp-json\/wp\/v2\/posts\/37625\/revisions"}],"predecessor-version":[{"id":37628,"href":"http:\/\/blogdalucianaoliveira.com.br\/blog\/wp-json\/wp\/v2\/posts\/37625\/revisions\/37628"}],"wp:attachment":[{"href":"http:\/\/blogdalucianaoliveira.com.br\/blog\/wp-json\/wp\/v2\/media?parent=37625"}],"wp:term":[{"taxonomy":"category","embeddable":true,"href":"http:\/\/blogdalucianaoliveira.com.br\/blog\/wp-json\/wp\/v2\/categories?post=37625"},{"taxonomy":"post_tag","embeddable":true,"href":"http:\/\/blogdalucianaoliveira.com.br\/blog\/wp-json\/wp\/v2\/tags?post=37625"}],"curies":[{"name":"wp","href":"https:\/\/api.w.org\/{rel}","templated":true}]}}