{"id":37651,"date":"2025-10-11T11:31:41","date_gmt":"2025-10-11T15:31:41","guid":{"rendered":"https:\/\/blogdalucianaoliveira.com.br\/blog\/?p=37651"},"modified":"2025-10-11T11:31:41","modified_gmt":"2025-10-11T15:31:41","slug":"o-mundo-de-ponta-cabeca-analistas-internacionais-veem-necrose-do-nobel-apos-premio-a-maria-corina","status":"publish","type":"post","link":"http:\/\/blogdalucianaoliveira.com.br\/blog\/2025\/10\/11\/o-mundo-de-ponta-cabeca-analistas-internacionais-veem-necrose-do-nobel-apos-premio-a-maria-corina\/","title":{"rendered":"O mundo de ponta-cabe\u00e7a: analistas internacionais veem necrose do Nobel ap\u00f3s pr\u00eamio a Maria Corina"},"content":{"rendered":"<p><img data-recalc-dims=\"1\" loading=\"lazy\" decoding=\"async\" data-attachment-id=\"37652\" data-permalink=\"http:\/\/blogdalucianaoliveira.com.br\/blog\/2025\/10\/11\/o-mundo-de-ponta-cabeca-analistas-internacionais-veem-necrose-do-nobel-apos-premio-a-maria-corina\/img_8333-2\/\" data-orig-file=\"https:\/\/i0.wp.com\/blogdalucianaoliveira.com.br\/blog\/wp-content\/uploads\/2025\/10\/IMG_8333.webp?fit=500%2C240\" data-orig-size=\"500,240\" data-comments-opened=\"0\" data-image-meta=\"{&quot;aperture&quot;:&quot;0&quot;,&quot;credit&quot;:&quot;&quot;,&quot;camera&quot;:&quot;&quot;,&quot;caption&quot;:&quot;&quot;,&quot;created_timestamp&quot;:&quot;0&quot;,&quot;copyright&quot;:&quot;&quot;,&quot;focal_length&quot;:&quot;0&quot;,&quot;iso&quot;:&quot;0&quot;,&quot;shutter_speed&quot;:&quot;0&quot;,&quot;title&quot;:&quot;&quot;,&quot;orientation&quot;:&quot;0&quot;}\" data-image-title=\"IMG_8333\" data-image-description=\"\" data-image-caption=\"\" data-medium-file=\"https:\/\/i0.wp.com\/blogdalucianaoliveira.com.br\/blog\/wp-content\/uploads\/2025\/10\/IMG_8333.webp?fit=300%2C144\" data-large-file=\"https:\/\/i0.wp.com\/blogdalucianaoliveira.com.br\/blog\/wp-content\/uploads\/2025\/10\/IMG_8333.webp?fit=500%2C240\" class=\"alignnone size-medium wp-image-37652\" src=\"https:\/\/i0.wp.com\/blogdalucianaoliveira.com.br\/blog\/wp-content\/uploads\/2025\/10\/IMG_8333.webp?resize=300%2C144\" alt=\"\" width=\"300\" height=\"144\" srcset=\"https:\/\/i0.wp.com\/blogdalucianaoliveira.com.br\/blog\/wp-content\/uploads\/2025\/10\/IMG_8333.webp?resize=300%2C144 300w, https:\/\/i0.wp.com\/blogdalucianaoliveira.com.br\/blog\/wp-content\/uploads\/2025\/10\/IMG_8333.webp?w=500 500w\" sizes=\"auto, (max-width: 300px) 100vw, 300px\" \/><\/p>\n<h2 class=\"article__lead\">Concess\u00e3o do Nobel da Paz \u00e0 l\u00edder venezuelana de extrema direita provoca rep\u00fadio global e \u00e9 classificada como s\u00edmbolo da decad\u00eancia do comit\u00ea noruegu\u00eas<\/h2>\n<p><!--more--><\/p>\n<p><b>247 \u2013 <\/b>De acordo com <a href=\"https:\/\/www.telesurtv.net\/rechazan-nobel-de-la-paz-maria-corina-machado\/\" target=\"_blank\" rel=\"noopener noreferrer nofollow\">reportagem<\/a> da <b>TeleSur<\/b>, a decis\u00e3o do Comit\u00ea Noruegu\u00eas de conceder o <b>Pr\u00eamio Nobel da Paz de 2025<\/b> \u00e0 venezuelana <b>Mar\u00eda Corina Machado<\/b>, figura da extrema direita e cr\u00edtica feroz do governo bolivariano, foi recebida com forte rejei\u00e7\u00e3o em diversos pa\u00edses. L\u00edderes pol\u00edticos, intelectuais e movimentos sociais classificaram a escolha como um esc\u00e2ndalo moral e um sintoma do desmonte \u00e9tico da diplomacia ocidental.<\/p>\n<p>Machado \u00e9 conhecida por seu <b>apoio ao governo de Benjam\u00edn Netanyahu<\/b> durante o genoc\u00eddio na Faixa de Gaza e por ter <b>defendido reiteradamente uma interven\u00e7\u00e3o militar na Venezuela<\/b>. Sua premia\u00e7\u00e3o ocorre em meio a um cen\u00e1rio de guerras em m\u00faltiplas regi\u00f5es do planeta, tens\u00f5es militares no Caribe e o controverso \u201cplano de paz\u201d do <b>presidente dos Estados Unidos, Donald Trump<\/b>, para a Palestina \u2014 descrito por analistas como um projeto de deslocamento e exterm\u00ednio disfar\u00e7ado de acordo pol\u00edtico.<\/p>\n<h2>\u201cNecrose de um Nobel\u201d: o mundo ao avesso<\/h2>\n<p>O jornalista espanhol <b>Ignacio Ramonet<\/b> definiu o epis\u00f3dio como uma \u201c<b>necrose de um Nobel<\/b>\u201d, refletindo a degrada\u00e7\u00e3o do sentido original do pr\u00eamio.<\/p>\n<blockquote><p>\u00a0\u201cOutorgar o pr\u00eamio da paz a quem n\u00e3o cessou de reclamar invas\u00f5es militares, golpes de Estado, guarimbas e guerras \u00e9 uma aberra\u00e7\u00e3o mais do atual desorden internacional. \u00c9 o mundo ao avesso. \u00c9 fazer realidade a distopia de Orwell em <i>1984<\/i>, na qual a verdade \u00e9 a mentira e a paz \u00e9 a guerra. Triste Nobel putrefato\u201d, afirmou Ramonet.<\/p><\/blockquote>\n<p>A frase \u201c<b>o mundo ao avesso<\/b>\u201d se tornou o s\u00edmbolo da indigna\u00e7\u00e3o de quem v\u00ea no pr\u00eamio uma rendi\u00e7\u00e3o \u00e0 l\u00f3gica imperialista e \u00e0 manipula\u00e7\u00e3o pol\u00edtica global.<\/p>\n<h2>Cr\u00edticas de Cuba, Honduras e Argentina<\/h2>\n<p>O <b>presidente de Cuba<\/b>, <b>Miguel D\u00edaz-Canel Berm\u00fadez<\/b>, declarou que \u201c<b>a politiza\u00e7\u00e3o, parcializa\u00e7\u00e3o e desprest\u00edgio do Comit\u00ea Noruegu\u00eas do Nobel da Paz alcan\u00e7aram limites insuspeitados<\/b>\u201d. Ele classificou como \u201c<b>vergonhoso<\/b>\u201d o pr\u00eamio concedido a \u201c<b>uma pessoa que instiga a interven\u00e7\u00e3o militar em sua p\u00e1tria<\/b>\u201d, considerando o gesto uma \u201c<b>manobra pol\u00edtica para enfraquecer o movimento bolivariano<\/b>\u201d.<\/p>\n<p>Na mesma linha, o <b>ex-presidente de Honduras<\/b>, <b>Manuel Zelaya Rosales<\/b>, reagiu com dureza:<\/p>\n<blockquote><p>\u00a0\u201cO Nobel da Paz concedido a Mar\u00eda Corina Machado \u00e9 uma afronta \u00e0 hist\u00f3ria e aos povos que lutam por sua soberania. Premiar uma golpista, aliada das elites financeiras e dos interesses estrangeiros, \u00e9 converter o s\u00edmbolo da paz em um instrumento do colonialismo moderno.\u201d<\/p><\/blockquote>\n<p>Zelaya acrescentou que \u201c<b>nunca h\u00e1 paz quando se premia quem promove san\u00e7\u00f5es, bloqueios e guerras econ\u00f4micas contra o pr\u00f3prio povo<\/b>\u201d.<\/p>\n<p>O argentino <b>Adolfo P\u00e9rez Esquivel<\/b>, vencedor do <b>Nobel da Paz em 1980<\/b>, tamb\u00e9m manifestou indigna\u00e7\u00e3o:<\/p>\n<blockquote><p>\u00a0\u201cCorina Machado faz parte da pol\u00edtica dos Estados Unidos contra o governo venezuelano. Ela n\u00e3o recebeu o pr\u00eamio por ter trabalhado pela paz e pelo povo da Venezuela. Preocupa-me que o Comit\u00ea do Nobel tenha tomado essa decis\u00e3o.\u201d<\/p><\/blockquote>\n<h2>\u201cNada de pac\u00edfico em suas ideias\u201d, denuncia Codepink<\/h2>\n<p>A coordenadora de campanhas da organiza\u00e7\u00e3o norte-americana <b>Codepink<\/b>, <b>Michelle Ellner<\/b>, ironizou a decis\u00e3o e denunciou sua gravidade:<\/p>\n<blockquote><p>\u00a0\u201cQuando vi a manchete \u2018Mar\u00eda Corina Machado ganha o Pr\u00eamio da Paz\u2019, quase ri do absurdo. Mas n\u00e3o o fiz, porque n\u00e3o h\u00e1 nada de engra\u00e7ado em premiar algu\u00e9m cujas pol\u00edticas causaram tanto sofrimento. Qualquer um que conhe\u00e7a suas ideias sabe que n\u00e3o h\u00e1 nada remotamente pac\u00edfico em suas pol\u00edticas.\u201d<\/p><\/blockquote>\n<p>Ellner afirmou que a pol\u00edtica venezuelana integra \u201c<b>uma alian\u00e7a global entre o fascismo, o sionismo e o neoliberalismo<\/b>\u201d, que \u201c<b>justifica a domina\u00e7\u00e3o com o discurso da democracia e da paz<\/b>\u201d.<br \/>\nSegundo ela, \u201c<b>na Venezuela, essa alian\u00e7a significou golpes de Estado, san\u00e7\u00f5es e privatiza\u00e7\u00f5es; em Gaza, significa genoc\u00eddio e a elimina\u00e7\u00e3o de um povo<\/b>\u201d.<\/p>\n<blockquote><p>\u00a0\u201cA ideologia \u00e9 a mesma: a cren\u00e7a de que algumas vidas s\u00e3o descart\u00e1veis, que a soberania \u00e9 negoci\u00e1vel e que a viol\u00eancia pode ser vendida como ordem\u201d, concluiu.<\/p><\/blockquote>\n<h2>Repercuss\u00e3o at\u00e9 em Washington<\/h2>\n<p>A controv\u00e9rsia foi t\u00e3o ampla que at\u00e9 <b>Richard Grenell<\/b>, enviado especial do governo dos Estados Unidos para a Venezuela, criticou a decis\u00e3o.<\/p>\n<blockquote><p>\u00a0\u201cO Pr\u00eamio Nobel morreu h\u00e1 anos\u201d, escreveu em suas redes sociais, ecoando a percep\u00e7\u00e3o de que a distin\u00e7\u00e3o perdeu seu prest\u00edgio e se transformou em um instrumento pol\u00edtico.<\/p><\/blockquote>\n<h2>Um s\u00edmbolo de decad\u00eancia global<\/h2>\n<p>Para observadores latino-americanos, a premia\u00e7\u00e3o de Mar\u00eda Corina Machado simboliza <b>a instrumentaliza\u00e7\u00e3o da paz como arma ideol\u00f3gica<\/b>. Ao reconhecer uma figura que apoiou bloqueios, golpes e san\u00e7\u00f5es contra seu pr\u00f3prio pa\u00eds, o comit\u00ea noruegu\u00eas teria, segundo cr\u00edticos, se alinhado \u00e0 narrativa imperial que busca enfraquecer os governos soberanos da regi\u00e3o.<\/p>\n<article class=\"article__full\">\n<div class=\"article__text article_speakable\">\n<div data-cy=\"articleBody\">\n<p>A decis\u00e3o tamb\u00e9m reaviva o debate sobre a <b>crise moral das institui\u00e7\u00f5es ocidentais<\/b>, que transformam valores universais \u2014 como a paz, a democracia e os direitos humanos \u2014 em ret\u00f3rica seletiva para justificar guerras e inger\u00eancias externas.<\/p>\n<\/div>\n<\/div>\n<\/article>\n","protected":false},"excerpt":{"rendered":"<p>Concess\u00e3o do Nobel da Paz \u00e0 l\u00edder venezuelana de extrema direita provoca rep\u00fadio global e \u00e9 classificada como s\u00edmbolo da decad\u00eancia do comit\u00ea noruegu\u00eas<\/p>\n","protected":false},"author":1,"featured_media":0,"comment_status":"closed","ping_status":"open","sticky":false,"template":"","format":"standard","meta":{"_exactmetrics_skip_tracking":false,"_exactmetrics_sitenote_active":false,"_exactmetrics_sitenote_note":"","_exactmetrics_sitenote_category":0,"jetpack_post_was_ever_published":false,"_jetpack_newsletter_access":"","_jetpack_dont_email_post_to_subs":false,"_jetpack_newsletter_tier_id":0,"_jetpack_memberships_contains_paywalled_content":false,"_jetpack_memberships_contains_paid_content":false,"footnotes":"","jetpack_publicize_message":"","jetpack_publicize_feature_enabled":true,"jetpack_social_post_already_shared":true,"jetpack_social_options":{"image_generator_settings":{"template":"highway","enabled":false},"version":2}},"categories":[1],"tags":[1521,1522,1526],"class_list":["post-37651","post","type-post","status-publish","format-standard","hentry","category-notas","tag-corina","tag-nobel","tag-paz"],"jetpack_publicize_connections":[],"jetpack_sharing_enabled":true,"jetpack_featured_media_url":"","jetpack_shortlink":"https:\/\/wp.me\/p7wKYW-9Nh","jetpack-related-posts":[],"_links":{"self":[{"href":"http:\/\/blogdalucianaoliveira.com.br\/blog\/wp-json\/wp\/v2\/posts\/37651","targetHints":{"allow":["GET"]}}],"collection":[{"href":"http:\/\/blogdalucianaoliveira.com.br\/blog\/wp-json\/wp\/v2\/posts"}],"about":[{"href":"http:\/\/blogdalucianaoliveira.com.br\/blog\/wp-json\/wp\/v2\/types\/post"}],"author":[{"embeddable":true,"href":"http:\/\/blogdalucianaoliveira.com.br\/blog\/wp-json\/wp\/v2\/users\/1"}],"replies":[{"embeddable":true,"href":"http:\/\/blogdalucianaoliveira.com.br\/blog\/wp-json\/wp\/v2\/comments?post=37651"}],"version-history":[{"count":1,"href":"http:\/\/blogdalucianaoliveira.com.br\/blog\/wp-json\/wp\/v2\/posts\/37651\/revisions"}],"predecessor-version":[{"id":37653,"href":"http:\/\/blogdalucianaoliveira.com.br\/blog\/wp-json\/wp\/v2\/posts\/37651\/revisions\/37653"}],"wp:attachment":[{"href":"http:\/\/blogdalucianaoliveira.com.br\/blog\/wp-json\/wp\/v2\/media?parent=37651"}],"wp:term":[{"taxonomy":"category","embeddable":true,"href":"http:\/\/blogdalucianaoliveira.com.br\/blog\/wp-json\/wp\/v2\/categories?post=37651"},{"taxonomy":"post_tag","embeddable":true,"href":"http:\/\/blogdalucianaoliveira.com.br\/blog\/wp-json\/wp\/v2\/tags?post=37651"}],"curies":[{"name":"wp","href":"https:\/\/api.w.org\/{rel}","templated":true}]}}