{"id":37654,"date":"2025-10-13T09:47:01","date_gmt":"2025-10-13T13:47:01","guid":{"rendered":"https:\/\/blogdalucianaoliveira.com.br\/blog\/?p=37654"},"modified":"2025-10-13T10:06:05","modified_gmt":"2025-10-13T14:06:05","slug":"claudia-de-jesus-convida-para-lancamento-da-ponte-binacional-brasil-bolivia","status":"publish","type":"post","link":"http:\/\/blogdalucianaoliveira.com.br\/blog\/2025\/10\/13\/claudia-de-jesus-convida-para-lancamento-da-ponte-binacional-brasil-bolivia\/","title":{"rendered":"Cl\u00e1udia de Jesus convida para lan\u00e7amento da ponte binacional Brasil-Bol\u00edvia em Guajar\u00e1-Mirim"},"content":{"rendered":"<p><img data-recalc-dims=\"1\" loading=\"lazy\" decoding=\"async\" data-attachment-id=\"37657\" data-permalink=\"http:\/\/blogdalucianaoliveira.com.br\/blog\/2025\/10\/13\/claudia-de-jesus-convida-para-lancamento-da-ponte-binacional-brasil-bolivia\/img_8413\/\" data-orig-file=\"https:\/\/i0.wp.com\/blogdalucianaoliveira.com.br\/blog\/wp-content\/uploads\/2025\/10\/IMG_8413.jpeg?fit=1179%2C1441\" data-orig-size=\"1179,1441\" data-comments-opened=\"0\" data-image-meta=\"{&quot;aperture&quot;:&quot;0&quot;,&quot;credit&quot;:&quot;&quot;,&quot;camera&quot;:&quot;&quot;,&quot;caption&quot;:&quot;&quot;,&quot;created_timestamp&quot;:&quot;0&quot;,&quot;copyright&quot;:&quot;&quot;,&quot;focal_length&quot;:&quot;0&quot;,&quot;iso&quot;:&quot;0&quot;,&quot;shutter_speed&quot;:&quot;0&quot;,&quot;title&quot;:&quot;&quot;,&quot;orientation&quot;:&quot;1&quot;}\" data-image-title=\"IMG_8413\" data-image-description=\"\" data-image-caption=\"\" data-medium-file=\"https:\/\/i0.wp.com\/blogdalucianaoliveira.com.br\/blog\/wp-content\/uploads\/2025\/10\/IMG_8413.jpeg?fit=245%2C300\" data-large-file=\"https:\/\/i0.wp.com\/blogdalucianaoliveira.com.br\/blog\/wp-content\/uploads\/2025\/10\/IMG_8413.jpeg?fit=600%2C733\" class=\"size-medium wp-image-37657 alignleft\" src=\"https:\/\/i0.wp.com\/blogdalucianaoliveira.com.br\/blog\/wp-content\/uploads\/2025\/10\/IMG_8413.jpeg?resize=245%2C300\" alt=\"\" width=\"245\" height=\"300\" srcset=\"https:\/\/i0.wp.com\/blogdalucianaoliveira.com.br\/blog\/wp-content\/uploads\/2025\/10\/IMG_8413.jpeg?resize=245%2C300 245w, https:\/\/i0.wp.com\/blogdalucianaoliveira.com.br\/blog\/wp-content\/uploads\/2025\/10\/IMG_8413.jpeg?resize=838%2C1024 838w, https:\/\/i0.wp.com\/blogdalucianaoliveira.com.br\/blog\/wp-content\/uploads\/2025\/10\/IMG_8413.jpeg?resize=768%2C939 768w, https:\/\/i0.wp.com\/blogdalucianaoliveira.com.br\/blog\/wp-content\/uploads\/2025\/10\/IMG_8413.jpeg?w=1179 1179w\" sizes=\"auto, (max-width: 245px) 100vw, 245px\" \/><\/p>\n<p class=\"p1\"><span class=\"s1\">O evento acontece na pr\u00f3xima sexta-feira, 17, no Campus da Universidade Federal de Rond\u00f4nia, em Guajar\u00e1-Mirim, a partir das 14 horas. <\/span>Cl\u00e1udia de Jesus considera o momento \u00a0um marco hist\u00f3rico para o estado e a integra\u00e7\u00e3o com a Bol\u00edvia.<!--more--><\/p>\n<p class=\"p1\"><span class=\"s1\">\u201cSer\u00e1 uma oportunidade importante para todos e todas entenderem os etapas de constru\u00e7\u00e3o da ponte e os benef\u00edcios que essa obra \u00a0trar\u00e1 para a regi\u00e3o da fronteira e para todo o estado\u201d, ressaltou a deputada. <\/span><\/p>\n<p class=\"p1\"><span class=\"s1\">A ordem de servi\u00e7o para o in\u00edcio das etapas de constru\u00e7\u00e3o da ponte foi assinada pelo presidente Luiz In\u00e1cio Lula da Silva, em Porto Velho, com a presen\u00e7a de ministros, parlamentares e do presidente da Bol\u00edvia Luiz Arce.<\/span><\/p>\n<p><img data-recalc-dims=\"1\" loading=\"lazy\" decoding=\"async\" data-attachment-id=\"37655\" data-permalink=\"http:\/\/blogdalucianaoliveira.com.br\/blog\/2025\/10\/13\/claudia-de-jesus-convida-para-lancamento-da-ponte-binacional-brasil-bolivia\/img_8414\/\" data-orig-file=\"https:\/\/i0.wp.com\/blogdalucianaoliveira.com.br\/blog\/wp-content\/uploads\/2025\/10\/IMG_8414.jpeg?fit=1080%2C680\" data-orig-size=\"1080,680\" data-comments-opened=\"0\" data-image-meta=\"{&quot;aperture&quot;:&quot;0&quot;,&quot;credit&quot;:&quot;&quot;,&quot;camera&quot;:&quot;&quot;,&quot;caption&quot;:&quot;&quot;,&quot;created_timestamp&quot;:&quot;0&quot;,&quot;copyright&quot;:&quot;&quot;,&quot;focal_length&quot;:&quot;0&quot;,&quot;iso&quot;:&quot;0&quot;,&quot;shutter_speed&quot;:&quot;0&quot;,&quot;title&quot;:&quot;&quot;,&quot;orientation&quot;:&quot;0&quot;}\" data-image-title=\"IMG_8414\" data-image-description=\"\" data-image-caption=\"\" data-medium-file=\"https:\/\/i0.wp.com\/blogdalucianaoliveira.com.br\/blog\/wp-content\/uploads\/2025\/10\/IMG_8414.jpeg?fit=300%2C189\" data-large-file=\"https:\/\/i0.wp.com\/blogdalucianaoliveira.com.br\/blog\/wp-content\/uploads\/2025\/10\/IMG_8414.jpeg?fit=600%2C378\" class=\"alignnone size-medium wp-image-37655\" src=\"https:\/\/i0.wp.com\/blogdalucianaoliveira.com.br\/blog\/wp-content\/uploads\/2025\/10\/IMG_8414.jpeg?resize=300%2C189\" alt=\"\" width=\"300\" height=\"189\" srcset=\"https:\/\/i0.wp.com\/blogdalucianaoliveira.com.br\/blog\/wp-content\/uploads\/2025\/10\/IMG_8414.jpeg?resize=300%2C189 300w, https:\/\/i0.wp.com\/blogdalucianaoliveira.com.br\/blog\/wp-content\/uploads\/2025\/10\/IMG_8414.jpeg?resize=1024%2C645 1024w, https:\/\/i0.wp.com\/blogdalucianaoliveira.com.br\/blog\/wp-content\/uploads\/2025\/10\/IMG_8414.jpeg?resize=768%2C484 768w, https:\/\/i0.wp.com\/blogdalucianaoliveira.com.br\/blog\/wp-content\/uploads\/2025\/10\/IMG_8414.jpeg?resize=476%2C300 476w, https:\/\/i0.wp.com\/blogdalucianaoliveira.com.br\/blog\/wp-content\/uploads\/2025\/10\/IMG_8414.jpeg?w=1080 1080w\" sizes=\"auto, (max-width: 300px) 100vw, 300px\" \/><\/p>\n<p class=\"p1\"><span class=\"s1\">A ponte que ser\u00e1 erguida sobre o rio Mamor\u00e9 ligando as cidades de Guajar\u00e1-Mirim e Guayaramer\u00edn, ter\u00e1 mais de um quil\u00f4metro de extens\u00e3o e dois complexos de fronteira.\u00a0<\/span><\/p>\n<p class=\"p1\"><span class=\"s1\">Ser\u00e3o mais de 420 milh\u00f5es de reais em investimentos do governo federal. A ponte ser\u00e1 toda constru\u00edda com recursos do Novo PAC. <\/span><\/p>\n<p class=\"p1\"><span class=\"s1\">Na fronteira circulam cerca de 1500 pessoas por dia e 20 mil toneladas de mercadorias entre exporta\u00e7\u00f5es e importa\u00e7\u00f5es, ao longo do ano.\u00a0<\/span><\/p>\n<p><img data-recalc-dims=\"1\" loading=\"lazy\" decoding=\"async\" data-attachment-id=\"37656\" data-permalink=\"http:\/\/blogdalucianaoliveira.com.br\/blog\/2025\/10\/13\/claudia-de-jesus-convida-para-lancamento-da-ponte-binacional-brasil-bolivia\/img_8415\/\" data-orig-file=\"https:\/\/i0.wp.com\/blogdalucianaoliveira.com.br\/blog\/wp-content\/uploads\/2025\/10\/IMG_8415.jpeg?fit=1001%2C578\" data-orig-size=\"1001,578\" data-comments-opened=\"0\" data-image-meta=\"{&quot;aperture&quot;:&quot;0&quot;,&quot;credit&quot;:&quot;&quot;,&quot;camera&quot;:&quot;&quot;,&quot;caption&quot;:&quot;&quot;,&quot;created_timestamp&quot;:&quot;0&quot;,&quot;copyright&quot;:&quot;&quot;,&quot;focal_length&quot;:&quot;0&quot;,&quot;iso&quot;:&quot;0&quot;,&quot;shutter_speed&quot;:&quot;0&quot;,&quot;title&quot;:&quot;&quot;,&quot;orientation&quot;:&quot;1&quot;}\" data-image-title=\"IMG_8415\" data-image-description=\"\" data-image-caption=\"\" data-medium-file=\"https:\/\/i0.wp.com\/blogdalucianaoliveira.com.br\/blog\/wp-content\/uploads\/2025\/10\/IMG_8415.jpeg?fit=300%2C173\" data-large-file=\"https:\/\/i0.wp.com\/blogdalucianaoliveira.com.br\/blog\/wp-content\/uploads\/2025\/10\/IMG_8415.jpeg?fit=600%2C346\" class=\"alignnone size-medium wp-image-37656\" src=\"https:\/\/i0.wp.com\/blogdalucianaoliveira.com.br\/blog\/wp-content\/uploads\/2025\/10\/IMG_8415.jpeg?resize=300%2C173\" alt=\"\" width=\"300\" height=\"173\" srcset=\"https:\/\/i0.wp.com\/blogdalucianaoliveira.com.br\/blog\/wp-content\/uploads\/2025\/10\/IMG_8415.jpeg?resize=300%2C173 300w, https:\/\/i0.wp.com\/blogdalucianaoliveira.com.br\/blog\/wp-content\/uploads\/2025\/10\/IMG_8415.jpeg?resize=768%2C443 768w, https:\/\/i0.wp.com\/blogdalucianaoliveira.com.br\/blog\/wp-content\/uploads\/2025\/10\/IMG_8415.jpeg?resize=520%2C300 520w, https:\/\/i0.wp.com\/blogdalucianaoliveira.com.br\/blog\/wp-content\/uploads\/2025\/10\/IMG_8415.jpeg?w=1001 1001w\" sizes=\"auto, (max-width: 300px) 100vw, 300px\" \/><\/p>\n<p class=\"p1\"><span class=\"s1\">Guajar\u00e1-Mirim vai entrar no eixo da chamada nova rota da seda, iniciativa global da China de integra\u00e7\u00e3o comercial e de infraestrutura. Rond\u00f4nia entrar\u00e1 no mapa de reconfigura\u00e7\u00e3o das novas rotas log\u00edsticas.<\/span><\/p>\n<p class=\"p1\"><span class=\"s1\">O evento de lan\u00e7amento contar\u00e1 com a presen\u00e7a de autoridades, parlamentares e empres\u00e1rios.<\/span><\/p>\n<p class=\"p1\"><span class=\"s1\">\u201cEssa \u00e9 uma obra que vai facilitar a circula\u00e7\u00e3o de pessoas e mercadorias do Brasil e da Bol\u00edvia. A isso vai fortalecer o transporte, o com\u00e9rcio, o emprego e o turismo na regi\u00e3o\u201d, disse Cl\u00e1udia.<\/span><\/p>\n<p>&nbsp;<\/p>\n","protected":false},"excerpt":{"rendered":"<p>O evento acontece na pr\u00f3xima sexta-feira, 17, no Campus da Universidade Federal de Rond\u00f4nia, em Guajar\u00e1-Mirim, a partir das 14 horas. Cl\u00e1udia de Jesus considera o momento \u00a0um marco hist\u00f3rico para o estado e a integra\u00e7\u00e3o com a Bol\u00edvia.<\/p>\n","protected":false},"author":1,"featured_media":0,"comment_status":"closed","ping_status":"open","sticky":false,"template":"","format":"standard","meta":{"_exactmetrics_skip_tracking":false,"_exactmetrics_sitenote_active":false,"_exactmetrics_sitenote_note":"","_exactmetrics_sitenote_category":0,"jetpack_post_was_ever_published":false,"_jetpack_newsletter_access":"","_jetpack_dont_email_post_to_subs":false,"_jetpack_newsletter_tier_id":0,"_jetpack_memberships_contains_paywalled_content":false,"_jetpack_memberships_contains_paid_content":false,"footnotes":"","jetpack_publicize_message":"","jetpack_publicize_feature_enabled":true,"jetpack_social_post_already_shared":true,"jetpack_social_options":{"image_generator_settings":{"template":"highway","enabled":false},"version":2}},"categories":[1],"tags":[883,1429,1430],"class_list":["post-37654","post","type-post","status-publish","format-standard","hentry","category-notas","tag-brasil-bolivia","tag-deputada-claudia-de-jesus","tag-ponte-binacional"],"jetpack_publicize_connections":[],"jetpack_sharing_enabled":true,"jetpack_featured_media_url":"","jetpack_shortlink":"https:\/\/wp.me\/p7wKYW-9Nk","jetpack-related-posts":[],"_links":{"self":[{"href":"http:\/\/blogdalucianaoliveira.com.br\/blog\/wp-json\/wp\/v2\/posts\/37654","targetHints":{"allow":["GET"]}}],"collection":[{"href":"http:\/\/blogdalucianaoliveira.com.br\/blog\/wp-json\/wp\/v2\/posts"}],"about":[{"href":"http:\/\/blogdalucianaoliveira.com.br\/blog\/wp-json\/wp\/v2\/types\/post"}],"author":[{"embeddable":true,"href":"http:\/\/blogdalucianaoliveira.com.br\/blog\/wp-json\/wp\/v2\/users\/1"}],"replies":[{"embeddable":true,"href":"http:\/\/blogdalucianaoliveira.com.br\/blog\/wp-json\/wp\/v2\/comments?post=37654"}],"version-history":[{"count":7,"href":"http:\/\/blogdalucianaoliveira.com.br\/blog\/wp-json\/wp\/v2\/posts\/37654\/revisions"}],"predecessor-version":[{"id":37664,"href":"http:\/\/blogdalucianaoliveira.com.br\/blog\/wp-json\/wp\/v2\/posts\/37654\/revisions\/37664"}],"wp:attachment":[{"href":"http:\/\/blogdalucianaoliveira.com.br\/blog\/wp-json\/wp\/v2\/media?parent=37654"}],"wp:term":[{"taxonomy":"category","embeddable":true,"href":"http:\/\/blogdalucianaoliveira.com.br\/blog\/wp-json\/wp\/v2\/categories?post=37654"},{"taxonomy":"post_tag","embeddable":true,"href":"http:\/\/blogdalucianaoliveira.com.br\/blog\/wp-json\/wp\/v2\/tags?post=37654"}],"curies":[{"name":"wp","href":"https:\/\/api.w.org\/{rel}","templated":true}]}}