{"id":37665,"date":"2025-10-13T11:35:53","date_gmt":"2025-10-13T15:35:53","guid":{"rendered":"https:\/\/blogdalucianaoliveira.com.br\/blog\/?p=37665"},"modified":"2025-10-13T11:35:53","modified_gmt":"2025-10-13T15:35:53","slug":"troca-de-prisioneiros-hamas-entrega-20-israelenses-e-2-mil-palestinos-deixam-prisoes-de-israel-154-para-exilio-forcado","status":"publish","type":"post","link":"http:\/\/blogdalucianaoliveira.com.br\/blog\/2025\/10\/13\/troca-de-prisioneiros-hamas-entrega-20-israelenses-e-2-mil-palestinos-deixam-prisoes-de-israel-154-para-exilio-forcado\/","title":{"rendered":"Troca de prisioneiros: Hamas entrega 20 israelenses e 2 mil palestinos deixam pris\u00f5es de Israel, 154 para ex\u00edlio for\u00e7ado"},"content":{"rendered":"<p><img data-recalc-dims=\"1\" loading=\"lazy\" decoding=\"async\" data-attachment-id=\"37666\" data-permalink=\"http:\/\/blogdalucianaoliveira.com.br\/blog\/2025\/10\/13\/troca-de-prisioneiros-hamas-entrega-20-israelenses-e-2-mil-palestinos-deixam-prisoes-de-israel-154-para-exilio-forcado\/img_8417\/\" data-orig-file=\"https:\/\/i0.wp.com\/blogdalucianaoliveira.com.br\/blog\/wp-content\/uploads\/2025\/10\/IMG_8417.webp?fit=750%2C536\" data-orig-size=\"750,536\" data-comments-opened=\"0\" data-image-meta=\"{&quot;aperture&quot;:&quot;0&quot;,&quot;credit&quot;:&quot;&quot;,&quot;camera&quot;:&quot;&quot;,&quot;caption&quot;:&quot;&quot;,&quot;created_timestamp&quot;:&quot;0&quot;,&quot;copyright&quot;:&quot;&quot;,&quot;focal_length&quot;:&quot;0&quot;,&quot;iso&quot;:&quot;0&quot;,&quot;shutter_speed&quot;:&quot;0&quot;,&quot;title&quot;:&quot;&quot;,&quot;orientation&quot;:&quot;0&quot;}\" data-image-title=\"IMG_8417\" data-image-description=\"\" data-image-caption=\"\" data-medium-file=\"https:\/\/i0.wp.com\/blogdalucianaoliveira.com.br\/blog\/wp-content\/uploads\/2025\/10\/IMG_8417.webp?fit=300%2C214\" data-large-file=\"https:\/\/i0.wp.com\/blogdalucianaoliveira.com.br\/blog\/wp-content\/uploads\/2025\/10\/IMG_8417.webp?fit=600%2C429\" class=\"alignnone size-medium wp-image-37666\" src=\"https:\/\/i0.wp.com\/blogdalucianaoliveira.com.br\/blog\/wp-content\/uploads\/2025\/10\/IMG_8417.webp?resize=300%2C214\" alt=\"\" width=\"300\" height=\"214\" srcset=\"https:\/\/i0.wp.com\/blogdalucianaoliveira.com.br\/blog\/wp-content\/uploads\/2025\/10\/IMG_8417.webp?resize=300%2C214 300w, https:\/\/i0.wp.com\/blogdalucianaoliveira.com.br\/blog\/wp-content\/uploads\/2025\/10\/IMG_8417.webp?resize=420%2C300 420w, https:\/\/i0.wp.com\/blogdalucianaoliveira.com.br\/blog\/wp-content\/uploads\/2025\/10\/IMG_8417.webp?w=750 750w\" sizes=\"auto, (max-width: 300px) 100vw, 300px\" \/><\/p>\n<h2 class=\"jeg_post_subtitle\">Expuls\u00e3o de palestinos viola direito internacional e os impede de se reunirem com suas fam\u00edlias<\/h2>\n<p><!--more--><\/p>\n<p>Brasil de Fato &#8211; O Hamas libertou nesta segunda-feira (15) todos os 20 prisioneiros israelenses vivos que mantinha na Faixa de Gaza, com a liberta\u00e7\u00e3o de <a href=\"https:\/\/www.brasildefato.com.br\/2025\/10\/06\/sede-fome-extrema-e-tortura-palestino-denuncia-como-e-ser-prisioneiro-politico-em-israel\/\" target=\"_blank\" rel=\"noopener noreferrer\">cerca de 2 mil prisioneiros palestinos por Israel<\/a> em andamento, enquanto ambos os lados cumprem as condi\u00e7\u00f5es do acordo de cessar-fogo.<\/p>\n<p>Os preparativos para a liberta\u00e7\u00e3o de <a href=\"https:\/\/www.brasildefato.com.br\/2025\/10\/06\/sede-fome-extrema-e-tortura-palestino-denuncia-como-e-ser-prisioneiro-politico-em-israel\/\" target=\"_blank\" rel=\"noopener noreferrer\">prisioneiros palestinos mantidos em pris\u00f5es israelenses<\/a> progrediam, com \u00f4nibus sendo vistos do lado de fora da pris\u00e3o militar de Ofer, na Cisjord\u00e2nia ocupada. Um porta-voz do gabinete do primeiro-ministro Benjamin Netanyahu disse que os prisioneiros seriam libertados assim que Israel recebesse a confirma\u00e7\u00e3o de que todos os ref\u00e9ns vivos estivessem em territ\u00f3rio israelense.<\/p>\n<p>Os prisioneiros israelenses estavam em boas condi\u00e7\u00f5es, caminhando sozinhos, sem assist\u00eancia, segundo a imprensa no local. Israel, entretanto, n\u00e3o espera que a repatria\u00e7\u00e3o dos corpos dos 28 prisioneiros restantes seja conclu\u00edda na segunda-feira, apesar do prazo de 72 horas acordado no acordo.<\/p>\n<div class=\"jeg_ad jeg_ad_article jnews_content_inline_ads  \">\n<div class=\"ads-wrapper align-center \">\n<div class=\"ads_shortcode\">\n<div class=\"ads-region-container\" data-slot=\"artigos-leaderboard-incontent-1-mobile\" data-region=\"br\" data-slot-name=\"artigos-leaderboard-incontent-1-mobile-br\">\n<div id=\"div-gpt-ad-artigos-mobile_rectangle_mobile_1\" class=\"ad-slot\"><\/div>\n<\/div>\n<\/div>\n<\/div>\n<\/div>\n<p>Mas familiares de muitos dos prisioneiros palestinos libertados por Israel sob um acordo de troca dizem que sua t\u00e3o esperada liberdade \u00e9 agridoce ap\u00f3s saberem que seus entes queridos seriam deportados para terceiros pa\u00edses.<\/p>\n<h4 class=\"wp-block-heading\">Ex\u00edlio ilegal para palestinos<\/h4>\n<p>Pelo menos 154 prisioneiros palestinos libertados na segunda-feira como parte da troca por prisioneiros israelenses mantidos em Gaza ser\u00e3o for\u00e7ados ao ex\u00edlio por Israel, informou o Escrit\u00f3rio de Imprensa dos Prisioneiros Palestinos. Os que ser\u00e3o deportados fazem parte de um grupo maior de palestinos libertados por Israel \u2013 250 pessoas detidas em pris\u00f5es israelenses, al\u00e9m de cerca de 1,7 mil palestinos capturados na Faixa de Gaza durante dois anos de genoc\u00eddio, muitos dos quais foram \u201cdesaparecidos \u00e0 for\u00e7a\u201d, segundo as Na\u00e7\u00f5es Unidas.<\/p>\n<div class=\"jeg_ad jeg_ad_article jnews_content_inline_2_ads  \">\n<div class=\"ads-wrapper align-center \">\n<div class=\"ads_shortcode\">\n<div class=\"ads-region-container\" data-slot=\"artigos-leaderboard-incontent-2-mobile\" data-region=\"br\" data-slot-name=\"artigos-leaderboard-incontent-2-mobile-br\">\n<div id=\"div-gpt-ad-artigos-mobile_rectangle_mobile_2\" class=\"ad-slot\"><\/div>\n<\/div>\n<\/div>\n<\/div>\n<\/div>\n<p>Ainda n\u00e3o h\u00e1 detalhes sobre para onde os palestinos libertados ser\u00e3o enviados, mas em uma liberta\u00e7\u00e3o anterior de prisioneiros em janeiro, dezenas de detidos foram deportados para pa\u00edses da regi\u00e3o, incluindo Tun\u00edsia, Arg\u00e9lia e Turquia. Especialistas ouvidos pela <em>Al Jazeera<\/em>disseram que o ex\u00edlio for\u00e7ado viola os direitos de cidadania dos prisioneiros libertados e \u00e9 uma demonstra\u00e7\u00e3o da duplicidade de crit\u00e9rios que cerca os acordos de troca. \u201c\u00c9 evidente que \u00e9 ilegal\u201d, disse Tamer Qarmout, professor associado de pol\u00edticas p\u00fablicas no Instituto de Estudos de P\u00f3s-Gradua\u00e7\u00e3o de Doha.<\/p>\n<p>\u201c\u00c9 ilegal porque s\u00e3o cidad\u00e3os da Palestina. Eles n\u00e3o t\u00eam outras cidadanias. Saem de uma pris\u00e3o pequena, mas s\u00e3o enviados para uma pris\u00e3o maior, longe de sua sociedade, para novos pa\u00edses nos quais enfrentar\u00e3o grandes restri\u00e7\u00f5es. \u00c9 desumano.\u201d<\/p>\n<div class=\"jeg_ad jeg_ad_article jnews_content_inline_3_ads  \">\n<div class=\"ads-wrapper align-center \">\n<div class=\"ads_shortcode\">\n<div class=\"ads-region-container\" data-slot=\"artigos-leaderboard-incontent-3-mobile\" data-region=\"br\" data-slot-name=\"artigos-leaderboard-incontent-3-mobile-br\">\n<div id=\"div-gpt-ad-artigos-mobile_rectangle_mobile_3\" class=\"ad-slot\"><\/div>\n<\/div>\n<\/div>\n<\/div>\n<\/div>\n<p>Muitas fam\u00edlias palestinas foram surpreendidas com a not\u00edcia de \u00faltima hora. O ex\u00edlio significa que as fam\u00edlias n\u00e3o v\u00e3o conseguir viajar para o exterior para encontr\u00e1-los, devido ao controle israelense das fronteiras. \u00c0 Al Jazeera, Qarmout disse que as deporta\u00e7\u00f5es visam privar o Hamas e outros grupos palestinos de reivindicar qualquer ganho simb\u00f3lico com a troca e afastar os prisioneiros deportados de qualquer envolvimento em atividades pol\u00edticas ou de outra natureza.<\/p>\n<p>\u201cO ex\u00edlio significa o fim do futuro pol\u00edtico deles\u201d, disse ele. \u201cNos pa\u00edses para onde forem, enfrentar\u00e3o restri\u00e7\u00f5es extremas, de modo que n\u00e3o poder\u00e3o atuar em nenhuma frente relacionada ao conflito.\u201d<\/p>\n<p>Ele afirmou que as deporta\u00e7\u00f5es equivalem ao deslocamento for\u00e7ado dos prisioneiros libertados e \u00e0 puni\u00e7\u00e3o coletiva de suas fam\u00edlias, que seriam separadas de seus entes queridos exilados ou for\u00e7adas a deixar sua terra natal se Israel lhes permitisse viajar para se juntar a eles.<\/p>\n<p>\u201c\u00c9 uma situa\u00e7\u00e3o vantajosa para Israel\u201d, disse ele, contrastando suas experi\u00eancias com as dos prisioneiros israelenses libertados, que poder\u00e3o retomar suas vidas em Israel.<\/p>\n<p>&nbsp;<\/p>\n<p>&nbsp;<\/p>\n","protected":false},"excerpt":{"rendered":"<p>Expuls\u00e3o de palestinos viola direito internacional e os impede de se reunirem com suas fam\u00edlias<\/p>\n","protected":false},"author":1,"featured_media":0,"comment_status":"closed","ping_status":"open","sticky":false,"template":"","format":"standard","meta":{"_exactmetrics_skip_tracking":false,"_exactmetrics_sitenote_active":false,"_exactmetrics_sitenote_note":"","_exactmetrics_sitenote_category":0,"jetpack_post_was_ever_published":false,"_jetpack_newsletter_access":"","_jetpack_dont_email_post_to_subs":false,"_jetpack_newsletter_tier_id":0,"_jetpack_memberships_contains_paywalled_content":false,"_jetpack_memberships_contains_paid_content":false,"footnotes":"","jetpack_publicize_message":"","jetpack_publicize_feature_enabled":true,"jetpack_social_post_already_shared":true,"jetpack_social_options":{"image_generator_settings":{"template":"highway","enabled":false},"version":2}},"categories":[1],"tags":[218,1527,1528],"class_list":["post-37665","post","type-post","status-publish","format-standard","hentry","category-notas","tag-israel","tag-palestinos","tag-prisioneiros"],"jetpack_publicize_connections":[],"jetpack_sharing_enabled":true,"jetpack_featured_media_url":"","jetpack_shortlink":"https:\/\/wp.me\/p7wKYW-9Nv","jetpack-related-posts":[],"_links":{"self":[{"href":"http:\/\/blogdalucianaoliveira.com.br\/blog\/wp-json\/wp\/v2\/posts\/37665","targetHints":{"allow":["GET"]}}],"collection":[{"href":"http:\/\/blogdalucianaoliveira.com.br\/blog\/wp-json\/wp\/v2\/posts"}],"about":[{"href":"http:\/\/blogdalucianaoliveira.com.br\/blog\/wp-json\/wp\/v2\/types\/post"}],"author":[{"embeddable":true,"href":"http:\/\/blogdalucianaoliveira.com.br\/blog\/wp-json\/wp\/v2\/users\/1"}],"replies":[{"embeddable":true,"href":"http:\/\/blogdalucianaoliveira.com.br\/blog\/wp-json\/wp\/v2\/comments?post=37665"}],"version-history":[{"count":1,"href":"http:\/\/blogdalucianaoliveira.com.br\/blog\/wp-json\/wp\/v2\/posts\/37665\/revisions"}],"predecessor-version":[{"id":37667,"href":"http:\/\/blogdalucianaoliveira.com.br\/blog\/wp-json\/wp\/v2\/posts\/37665\/revisions\/37667"}],"wp:attachment":[{"href":"http:\/\/blogdalucianaoliveira.com.br\/blog\/wp-json\/wp\/v2\/media?parent=37665"}],"wp:term":[{"taxonomy":"category","embeddable":true,"href":"http:\/\/blogdalucianaoliveira.com.br\/blog\/wp-json\/wp\/v2\/categories?post=37665"},{"taxonomy":"post_tag","embeddable":true,"href":"http:\/\/blogdalucianaoliveira.com.br\/blog\/wp-json\/wp\/v2\/tags?post=37665"}],"curies":[{"name":"wp","href":"https:\/\/api.w.org\/{rel}","templated":true}]}}