{"id":37668,"date":"2025-10-13T11:45:21","date_gmt":"2025-10-13T15:45:21","guid":{"rendered":"https:\/\/blogdalucianaoliveira.com.br\/blog\/?p=37668"},"modified":"2025-10-13T11:45:21","modified_gmt":"2025-10-13T15:45:21","slug":"fome-e-irma-da-guerra-diz-lula-no-forum-mundial-da-alimentacao","status":"publish","type":"post","link":"http:\/\/blogdalucianaoliveira.com.br\/blog\/2025\/10\/13\/fome-e-irma-da-guerra-diz-lula-no-forum-mundial-da-alimentacao\/","title":{"rendered":"Fome \u00e9 irm\u00e3 da guerra, diz Lula no F\u00f3rum Mundial da Alimenta\u00e7\u00e3o"},"content":{"rendered":"<p><img data-recalc-dims=\"1\" loading=\"lazy\" decoding=\"async\" data-attachment-id=\"37669\" data-permalink=\"http:\/\/blogdalucianaoliveira.com.br\/blog\/2025\/10\/13\/fome-e-irma-da-guerra-diz-lula-no-forum-mundial-da-alimentacao\/img_8418\/\" data-orig-file=\"https:\/\/i0.wp.com\/blogdalucianaoliveira.com.br\/blog\/wp-content\/uploads\/2025\/10\/IMG_8418.webp?fit=1170%2C700\" data-orig-size=\"1170,700\" data-comments-opened=\"0\" data-image-meta=\"{&quot;aperture&quot;:&quot;0&quot;,&quot;credit&quot;:&quot;&quot;,&quot;camera&quot;:&quot;&quot;,&quot;caption&quot;:&quot;&quot;,&quot;created_timestamp&quot;:&quot;0&quot;,&quot;copyright&quot;:&quot;&quot;,&quot;focal_length&quot;:&quot;0&quot;,&quot;iso&quot;:&quot;0&quot;,&quot;shutter_speed&quot;:&quot;0&quot;,&quot;title&quot;:&quot;&quot;,&quot;orientation&quot;:&quot;0&quot;}\" data-image-title=\"IMG_8418\" data-image-description=\"\" data-image-caption=\"\" data-medium-file=\"https:\/\/i0.wp.com\/blogdalucianaoliveira.com.br\/blog\/wp-content\/uploads\/2025\/10\/IMG_8418.webp?fit=300%2C179\" data-large-file=\"https:\/\/i0.wp.com\/blogdalucianaoliveira.com.br\/blog\/wp-content\/uploads\/2025\/10\/IMG_8418.webp?fit=600%2C359\" class=\"alignnone size-medium wp-image-37669\" src=\"https:\/\/i0.wp.com\/blogdalucianaoliveira.com.br\/blog\/wp-content\/uploads\/2025\/10\/IMG_8418.webp?resize=300%2C179\" alt=\"\" width=\"300\" height=\"179\" srcset=\"https:\/\/i0.wp.com\/blogdalucianaoliveira.com.br\/blog\/wp-content\/uploads\/2025\/10\/IMG_8418.webp?resize=300%2C179 300w, https:\/\/i0.wp.com\/blogdalucianaoliveira.com.br\/blog\/wp-content\/uploads\/2025\/10\/IMG_8418.webp?resize=1024%2C613 1024w, https:\/\/i0.wp.com\/blogdalucianaoliveira.com.br\/blog\/wp-content\/uploads\/2025\/10\/IMG_8418.webp?resize=768%2C459 768w, https:\/\/i0.wp.com\/blogdalucianaoliveira.com.br\/blog\/wp-content\/uploads\/2025\/10\/IMG_8418.webp?resize=501%2C300 501w, https:\/\/i0.wp.com\/blogdalucianaoliveira.com.br\/blog\/wp-content\/uploads\/2025\/10\/IMG_8418.webp?w=1170 1170w\" sizes=\"auto, (max-width: 300px) 100vw, 300px\" \/><\/p>\n<p>Lula fez discurso em evento promovido pela FAO em Roma<!--more--><\/p>\n<p>Ag\u00eancia Brasil, por PAULA LABOISSI\u00c8RE -Ao participar da abertura do F\u00f3rum Mundial da Alimenta\u00e7\u00e3o, em Roma, o presidente Luiz In\u00e1cio Lula da Silva disse nesta segunda-feira (13) que \u201ca fome \u00e9 irm\u00e3 da guerra\u201d. \u201cSeja ela travada com armas e bombas ou com tarifas e subs\u00eddios\u201d.<img data-recalc-dims=\"1\" decoding=\"async\" src=\"https:\/\/i0.wp.com\/agenciabrasil.ebc.com.br\/ebc.png?w=600&#038;ssl=1\" \/><img data-recalc-dims=\"1\" decoding=\"async\" src=\"https:\/\/i0.wp.com\/agenciabrasil.ebc.com.br\/ebc.gif?w=600&#038;ssl=1\" \/><\/p>\n<p>\u201cConflitos armados, al\u00e9m do sofrimento humano e da destrui\u00e7\u00e3o da infraestrutura, desorganizam cadeias de insumos e alimentos. Barreiras e pol\u00edticas protecionistas de pa\u00edses ricos desestruturam a produ\u00e7\u00e3o agr\u00edcola no mundo em desenvolvimento.\u201d<\/p>\n<p>\u201cDa trag\u00e9dia em Gaza \u00e0 paralisia da Organiza\u00e7\u00e3o Mundial do Com\u00e9rcio, a fome tornou-se sintonia do abandono das regras e das institui\u00e7\u00f5es multilaterais\u201d, completou o presidente brasileiro em seu discurso.<\/p>\n<p>Segundo Lula, o\u00a0acesso a alimentos continua sendo um recurso de poder. &#8220;N\u00e3o h\u00e1 como dissociar a fome das desigualdades que dividem ricos e pobres, homens e mulheres, na\u00e7\u00f5es desenvolvidas e na\u00e7\u00f5es em desenvolvimento.&#8221;<\/p>\n<p>O presidente brasileiro destacou que o mundo produz comida suficiente para alimentar uma vez e meia a popula\u00e7\u00e3o mundial.\u00a0Ainda assim, 673 milh\u00f5es de pessoas est\u00e3o em situa\u00e7\u00e3o de inseguran\u00e7a alimentar.<\/p>\n<p>Lula ressaltou ainda o an\u00fancio da\u00a0FAO de que o\u00a0<a href=\"https:\/\/agenciabrasil.ebc.com.br\/internacional\/noticia\/2025-07\/brasil-sai-do-mapa-da-fome-indica-relatorio-onu\" target=\"_blank\" rel=\"noopener\">Brasil voltou a\u00a0sair\u00a0do Mapa da Fome<\/a>.<\/p>\n<blockquote><p>&#8220;Em 2024, alcan\u00e7amos a<a href=\"https:\/\/agenciabrasil.ebc.com.br\/direitos-humanos\/noticia\/2025-10\/numero-de-lares-com-inseguranca-alimentar-grave-cai-199-no-brasil\" target=\"_blank\" rel=\"noopener\"> menor propor\u00e7\u00e3o de domic\u00edlios em situa\u00e7\u00e3o de inseguran\u00e7a alimentar grave da nossa hist\u00f3ria<\/a>. Registramos, ainda, a menor propor\u00e7\u00e3o de domic\u00edlios com crian\u00e7as menores de 5 anos em situa\u00e7\u00e3o de inseguran\u00e7a alimentar grave desde 2004. Estamos interrompendo o ciclo de exclus\u00e3o. Um pa\u00eds soberano \u00e9 um pa\u00eds capaz de alimentar seu povo.&#8221;<\/p><\/blockquote>\n<h2>Multilateralismo<\/h2>\n<p>Lula comentou que o\u00a0Brasil tem orgulho de fazer parte da hist\u00f3ria\u00a0dos 80 anos da Organiza\u00e7\u00e3o das Na\u00e7\u00f5es Unidas para Agricultura e Alimenta\u00e7\u00e3o (FAO, na sigla em ingl\u00eas) e seu trabalho junto ao Programa Mundial de Alimentos e ao Fundo Internacional para o Desenvolvimento da Agricultura.<\/p>\n<p>\u201cN\u00e3o deixa d\u00favidas de que o mundo seria um lugar pior sem o multilateralismo\u201d, disse. \u201cGra\u00e7as \u00e0 FAO, um n\u00famero crescente de pa\u00edses reconheceu o direito \u00e0 alimenta\u00e7\u00e3o em sua legisla\u00e7\u00e3o\u201d, completou.<\/p>\n<p>O presidente lembrou que, h\u00e1 10 anos, participava das comemora\u00e7\u00f5es dos 70 anos da entidade. \u201cMuito mudou neste per\u00edodo. Viv\u00edamos ent\u00e3o o entusiasmo da ado\u00e7\u00e3o da agenda 2030. O mundo havia se unido em torno de objetivos comuns e caminhava rumo \u00e0 um futuro promissor\u201d.<\/p>\n<p>\u201cHoje, tanto nossa capacidade de agir coletivamente quanto o otimismo que nos animava est\u00e3o abalados. Os desafios se aprofundaram, mas n\u00e3o temos alternativa sen\u00e3o persistir. Enquanto houver fome, a FAO permanecer\u00e1 indispens\u00e1vel.\u201d<\/p>\n","protected":false},"excerpt":{"rendered":"<p>Lula fez discurso em evento promovido pela FAO em Roma<\/p>\n","protected":false},"author":1,"featured_media":0,"comment_status":"closed","ping_status":"open","sticky":false,"template":"","format":"standard","meta":{"_exactmetrics_skip_tracking":false,"_exactmetrics_sitenote_active":false,"_exactmetrics_sitenote_note":"","_exactmetrics_sitenote_category":0,"jetpack_post_was_ever_published":false,"_jetpack_newsletter_access":"","_jetpack_dont_email_post_to_subs":false,"_jetpack_newsletter_tier_id":0,"_jetpack_memberships_contains_paywalled_content":false,"_jetpack_memberships_contains_paid_content":false,"footnotes":"","jetpack_publicize_message":"","jetpack_publicize_feature_enabled":true,"jetpack_social_post_already_shared":true,"jetpack_social_options":{"image_generator_settings":{"template":"highway","enabled":false},"version":2}},"categories":[1],"tags":[541,78,1529],"class_list":["post-37668","post","type-post","status-publish","format-standard","hentry","category-notas","tag-fome","tag-lula","tag-roma"],"jetpack_publicize_connections":[],"jetpack_sharing_enabled":true,"jetpack_featured_media_url":"","jetpack_shortlink":"https:\/\/wp.me\/p7wKYW-9Ny","jetpack-related-posts":[],"_links":{"self":[{"href":"http:\/\/blogdalucianaoliveira.com.br\/blog\/wp-json\/wp\/v2\/posts\/37668","targetHints":{"allow":["GET"]}}],"collection":[{"href":"http:\/\/blogdalucianaoliveira.com.br\/blog\/wp-json\/wp\/v2\/posts"}],"about":[{"href":"http:\/\/blogdalucianaoliveira.com.br\/blog\/wp-json\/wp\/v2\/types\/post"}],"author":[{"embeddable":true,"href":"http:\/\/blogdalucianaoliveira.com.br\/blog\/wp-json\/wp\/v2\/users\/1"}],"replies":[{"embeddable":true,"href":"http:\/\/blogdalucianaoliveira.com.br\/blog\/wp-json\/wp\/v2\/comments?post=37668"}],"version-history":[{"count":1,"href":"http:\/\/blogdalucianaoliveira.com.br\/blog\/wp-json\/wp\/v2\/posts\/37668\/revisions"}],"predecessor-version":[{"id":37670,"href":"http:\/\/blogdalucianaoliveira.com.br\/blog\/wp-json\/wp\/v2\/posts\/37668\/revisions\/37670"}],"wp:attachment":[{"href":"http:\/\/blogdalucianaoliveira.com.br\/blog\/wp-json\/wp\/v2\/media?parent=37668"}],"wp:term":[{"taxonomy":"category","embeddable":true,"href":"http:\/\/blogdalucianaoliveira.com.br\/blog\/wp-json\/wp\/v2\/categories?post=37668"},{"taxonomy":"post_tag","embeddable":true,"href":"http:\/\/blogdalucianaoliveira.com.br\/blog\/wp-json\/wp\/v2\/tags?post=37668"}],"curies":[{"name":"wp","href":"https:\/\/api.w.org\/{rel}","templated":true}]}}