{"id":37676,"date":"2025-10-14T15:04:25","date_gmt":"2025-10-14T19:04:25","guid":{"rendered":"https:\/\/blogdalucianaoliveira.com.br\/blog\/?p=37676"},"modified":"2025-10-14T15:04:25","modified_gmt":"2025-10-14T19:04:25","slug":"recuperacao-da-ro-257-entre-ariquemes-e-5o-bec-e-solicitada-por-claudia-de-jesus","status":"publish","type":"post","link":"http:\/\/blogdalucianaoliveira.com.br\/blog\/2025\/10\/14\/recuperacao-da-ro-257-entre-ariquemes-e-5o-bec-e-solicitada-por-claudia-de-jesus\/","title":{"rendered":"Recupera\u00e7\u00e3o da RO-257 entre Ariquemes e 5\u00ba BEC \u00e9 solicitada por Cl\u00e1udia de Jesus"},"content":{"rendered":"<p><img data-recalc-dims=\"1\" loading=\"lazy\" decoding=\"async\" data-attachment-id=\"37677\" data-permalink=\"http:\/\/blogdalucianaoliveira.com.br\/blog\/2025\/10\/14\/recuperacao-da-ro-257-entre-ariquemes-e-5o-bec-e-solicitada-por-claudia-de-jesus\/img_8472\/\" data-orig-file=\"https:\/\/i0.wp.com\/blogdalucianaoliveira.com.br\/blog\/wp-content\/uploads\/2025\/10\/IMG_8472.jpeg?fit=1620%2C1080\" data-orig-size=\"1620,1080\" data-comments-opened=\"0\" data-image-meta=\"{&quot;aperture&quot;:&quot;5.6&quot;,&quot;credit&quot;:&quot;&quot;,&quot;camera&quot;:&quot;Canon EOS Rebel SL3&quot;,&quot;caption&quot;:&quot;&quot;,&quot;created_timestamp&quot;:&quot;1760368880&quot;,&quot;copyright&quot;:&quot;&quot;,&quot;focal_length&quot;:&quot;48&quot;,&quot;iso&quot;:&quot;3200&quot;,&quot;shutter_speed&quot;:&quot;0.005&quot;,&quot;title&quot;:&quot;&quot;,&quot;orientation&quot;:&quot;1&quot;}\" data-image-title=\"IMG_8472\" data-image-description=\"\" data-image-caption=\"\" data-medium-file=\"https:\/\/i0.wp.com\/blogdalucianaoliveira.com.br\/blog\/wp-content\/uploads\/2025\/10\/IMG_8472.jpeg?fit=300%2C200\" data-large-file=\"https:\/\/i0.wp.com\/blogdalucianaoliveira.com.br\/blog\/wp-content\/uploads\/2025\/10\/IMG_8472.jpeg?fit=600%2C400\" class=\"alignnone size-medium wp-image-37677\" src=\"https:\/\/i0.wp.com\/blogdalucianaoliveira.com.br\/blog\/wp-content\/uploads\/2025\/10\/IMG_8472.jpeg?resize=300%2C200\" alt=\"\" width=\"300\" height=\"200\" srcset=\"https:\/\/i0.wp.com\/blogdalucianaoliveira.com.br\/blog\/wp-content\/uploads\/2025\/10\/IMG_8472.jpeg?resize=300%2C200 300w, https:\/\/i0.wp.com\/blogdalucianaoliveira.com.br\/blog\/wp-content\/uploads\/2025\/10\/IMG_8472.jpeg?resize=1024%2C683 1024w, https:\/\/i0.wp.com\/blogdalucianaoliveira.com.br\/blog\/wp-content\/uploads\/2025\/10\/IMG_8472.jpeg?resize=768%2C512 768w, https:\/\/i0.wp.com\/blogdalucianaoliveira.com.br\/blog\/wp-content\/uploads\/2025\/10\/IMG_8472.jpeg?resize=1536%2C1024 1536w, https:\/\/i0.wp.com\/blogdalucianaoliveira.com.br\/blog\/wp-content\/uploads\/2025\/10\/IMG_8472.jpeg?resize=450%2C300 450w, https:\/\/i0.wp.com\/blogdalucianaoliveira.com.br\/blog\/wp-content\/uploads\/2025\/10\/IMG_8472.jpeg?w=1620 1620w, https:\/\/i0.wp.com\/blogdalucianaoliveira.com.br\/blog\/wp-content\/uploads\/2025\/10\/IMG_8472.jpeg?w=1200 1200w\" sizes=\"auto, (max-width: 300px) 100vw, 300px\" \/><\/p>\n<p><strong>Indica\u00e7\u00e3o destaca log\u00edstica da rodovia que liga Ariquemes a Machadinho do Oeste<\/strong><!--more--><\/p>\n<p>A deputada estadual Cl\u00e1udia de Jesus (PT) apresentou indica\u00e7\u00e3o ao Departamento Estadual de Estradas de Rodagem e Transportes (DER) solicitando a recupera\u00e7\u00e3o asf\u00e1ltica da RO-257, rodovia que liga os munic\u00edpios de Ariquemes e Machadinho do Oeste. O pedido d\u00e1 \u00eanfase ao trecho compreendido entre Ariquemes e o Distrito do 5\u00ba BEC, que se encontra em estado mais cr\u00edtico de conserva\u00e7\u00e3o.<\/p>\n<p>Cl\u00e1udia de Jesus destacou que a RO-257 \u00e9 uma rota estrat\u00e9gica para o escoamento da produ\u00e7\u00e3o agr\u00edcola e pecu\u00e1ria da regi\u00e3o, al\u00e9m de ser corredor log\u00edstico fundamental para o transporte de pessoas e mercadorias entre os munic\u00edpios do Vale do Jamari e demais regi\u00f5es do Estado.<\/p>\n<p>\u201cO estado de deteriora\u00e7\u00e3o da rodovia tem causado transtornos \u00e0 popula\u00e7\u00e3o, aumento no tempo de deslocamento e riscos constantes de acidentes. A recupera\u00e7\u00e3o desse trecho \u00e9 urgente para garantir seguran\u00e7a e melhorar o escoamento da produ\u00e7\u00e3o local\u201d, afirmou a parlamentar.<\/p>\n","protected":false},"excerpt":{"rendered":"<p>Indica\u00e7\u00e3o destaca log\u00edstica da rodovia que liga Ariquemes a Machadinho do Oeste<\/p>\n","protected":false},"author":1,"featured_media":0,"comment_status":"closed","ping_status":"open","sticky":false,"template":"","format":"standard","meta":{"_exactmetrics_skip_tracking":false,"_exactmetrics_sitenote_active":false,"_exactmetrics_sitenote_note":"","_exactmetrics_sitenote_category":0,"jetpack_post_was_ever_published":false,"_jetpack_newsletter_access":"","_jetpack_dont_email_post_to_subs":false,"_jetpack_newsletter_tier_id":0,"_jetpack_memberships_contains_paywalled_content":false,"_jetpack_memberships_contains_paid_content":false,"footnotes":"","jetpack_publicize_message":"","jetpack_publicize_feature_enabled":true,"jetpack_social_post_already_shared":true,"jetpack_social_options":{"image_generator_settings":{"template":"highway","enabled":false},"version":2}},"categories":[1],"tags":[1429,956,1530],"class_list":["post-37676","post","type-post","status-publish","format-standard","hentry","category-notas","tag-deputada-claudia-de-jesus","tag-recuperacao","tag-rodovia"],"jetpack_publicize_connections":[],"jetpack_sharing_enabled":true,"jetpack_featured_media_url":"","jetpack_shortlink":"https:\/\/wp.me\/p7wKYW-9NG","jetpack-related-posts":[],"_links":{"self":[{"href":"http:\/\/blogdalucianaoliveira.com.br\/blog\/wp-json\/wp\/v2\/posts\/37676","targetHints":{"allow":["GET"]}}],"collection":[{"href":"http:\/\/blogdalucianaoliveira.com.br\/blog\/wp-json\/wp\/v2\/posts"}],"about":[{"href":"http:\/\/blogdalucianaoliveira.com.br\/blog\/wp-json\/wp\/v2\/types\/post"}],"author":[{"embeddable":true,"href":"http:\/\/blogdalucianaoliveira.com.br\/blog\/wp-json\/wp\/v2\/users\/1"}],"replies":[{"embeddable":true,"href":"http:\/\/blogdalucianaoliveira.com.br\/blog\/wp-json\/wp\/v2\/comments?post=37676"}],"version-history":[{"count":1,"href":"http:\/\/blogdalucianaoliveira.com.br\/blog\/wp-json\/wp\/v2\/posts\/37676\/revisions"}],"predecessor-version":[{"id":37678,"href":"http:\/\/blogdalucianaoliveira.com.br\/blog\/wp-json\/wp\/v2\/posts\/37676\/revisions\/37678"}],"wp:attachment":[{"href":"http:\/\/blogdalucianaoliveira.com.br\/blog\/wp-json\/wp\/v2\/media?parent=37676"}],"wp:term":[{"taxonomy":"category","embeddable":true,"href":"http:\/\/blogdalucianaoliveira.com.br\/blog\/wp-json\/wp\/v2\/categories?post=37676"},{"taxonomy":"post_tag","embeddable":true,"href":"http:\/\/blogdalucianaoliveira.com.br\/blog\/wp-json\/wp\/v2\/tags?post=37676"}],"curies":[{"name":"wp","href":"https:\/\/api.w.org\/{rel}","templated":true}]}}