{"id":37683,"date":"2025-10-15T11:30:01","date_gmt":"2025-10-15T15:30:01","guid":{"rendered":"https:\/\/blogdalucianaoliveira.com.br\/blog\/?p=37683"},"modified":"2025-10-15T11:30:01","modified_gmt":"2025-10-15T15:30:01","slug":"ifood-firma-nova-parceria-com-governo-federal-para-valorizacao-dos-professores","status":"publish","type":"post","link":"http:\/\/blogdalucianaoliveira.com.br\/blog\/2025\/10\/15\/ifood-firma-nova-parceria-com-governo-federal-para-valorizacao-dos-professores\/","title":{"rendered":"iFood firma nova parceria com governo federal para valoriza\u00e7\u00e3o dos professores"},"content":{"rendered":"<p><img data-recalc-dims=\"1\" loading=\"lazy\" decoding=\"async\" data-attachment-id=\"37684\" data-permalink=\"http:\/\/blogdalucianaoliveira.com.br\/blog\/2025\/10\/15\/ifood-firma-nova-parceria-com-governo-federal-para-valorizacao-dos-professores\/img_8487-2\/\" data-orig-file=\"https:\/\/i0.wp.com\/blogdalucianaoliveira.com.br\/blog\/wp-content\/uploads\/2025\/10\/IMG_8487.webp?fit=500%2C240\" data-orig-size=\"500,240\" data-comments-opened=\"0\" data-image-meta=\"{&quot;aperture&quot;:&quot;0&quot;,&quot;credit&quot;:&quot;&quot;,&quot;camera&quot;:&quot;&quot;,&quot;caption&quot;:&quot;&quot;,&quot;created_timestamp&quot;:&quot;0&quot;,&quot;copyright&quot;:&quot;&quot;,&quot;focal_length&quot;:&quot;0&quot;,&quot;iso&quot;:&quot;0&quot;,&quot;shutter_speed&quot;:&quot;0&quot;,&quot;title&quot;:&quot;&quot;,&quot;orientation&quot;:&quot;0&quot;}\" data-image-title=\"IMG_8487\" data-image-description=\"\" data-image-caption=\"\" data-medium-file=\"https:\/\/i0.wp.com\/blogdalucianaoliveira.com.br\/blog\/wp-content\/uploads\/2025\/10\/IMG_8487.webp?fit=300%2C144\" data-large-file=\"https:\/\/i0.wp.com\/blogdalucianaoliveira.com.br\/blog\/wp-content\/uploads\/2025\/10\/IMG_8487.webp?fit=500%2C240\" class=\"alignnone size-medium wp-image-37684\" src=\"https:\/\/i0.wp.com\/blogdalucianaoliveira.com.br\/blog\/wp-content\/uploads\/2025\/10\/IMG_8487.webp?resize=300%2C144\" alt=\"\" width=\"300\" height=\"144\" srcset=\"https:\/\/i0.wp.com\/blogdalucianaoliveira.com.br\/blog\/wp-content\/uploads\/2025\/10\/IMG_8487.webp?resize=300%2C144 300w, https:\/\/i0.wp.com\/blogdalucianaoliveira.com.br\/blog\/wp-content\/uploads\/2025\/10\/IMG_8487.webp?w=500 500w\" sizes=\"auto, (max-width: 300px) 100vw, 300px\" \/><\/p>\n<p><b>247<\/b> &#8211; Em celebra\u00e7\u00e3o ao Dia do Professor, iFood assinou uma parceria com o Minist\u00e9rio da Educa\u00e7\u00e3o nesta quarta-feira (15) para oferecer descontos a 2,7 milh\u00f5es de professores por meio do Clube iFood em todo o Brasil.<!--more--><\/p>\n<p>Com a presen\u00e7a do presidente Luiz In\u00e1cio Lula da Silva e do ministro da Educa\u00e7\u00e3o, Camilo Santana, a empresa, representada pelo CEO Diego Barreto e pelo diretor de Pol\u00edticas P\u00fablicas, Jo\u00e3o Sabino, aderiu ao programa #T\u00f4ComProf, parte do pacote de iniciativas Mais Professores para o Brasil, que re\u00fane a\u00e7\u00f5es integradas para promover a valoriza\u00e7\u00e3o e a qualifica\u00e7\u00e3o do magist\u00e9rio da educa\u00e7\u00e3o b\u00e1sica e o incentivo \u00e0 doc\u00eancia no Brasil.<\/p>\n<p>Agora, professores portadores da Carteira Nacional Docente do Brasil (CNDB) ter\u00e3o acesso a vantagens exclusivas para a categoria no Clube iFood, como cupons de desconto no app e at\u00e9 25% em viagens na Decolar.<\/p>\n<p>\u00c9 a segunda parceria firmada este ano entre o iFood e o governo federal. Em agosto, a empresa assinou um Acordo de Coopera\u00e7\u00e3o com o Minist\u00e9rio da Sa\u00fade para a divulga\u00e7\u00e3o de campanhas de sa\u00fade p\u00fablica nos canais oficiais. O objetivo do acordo \u00e9 ampliar o alcance das mensagens do Minist\u00e9rio da Sa\u00fade sobre temas de interesse geral, como vacina\u00e7\u00e3o e cuidados com a sa\u00fade, al\u00e9m de a\u00e7\u00f5es de sa\u00fade do SUS em pontos de apoio para entregadores.<\/p>\n<p>&nbsp;<\/p>\n","protected":false},"excerpt":{"rendered":"<p>247 &#8211; Em celebra\u00e7\u00e3o ao Dia do Professor, iFood assinou uma parceria com o Minist\u00e9rio da Educa\u00e7\u00e3o nesta quarta-feira (15) para oferecer descontos a 2,7 milh\u00f5es de professores por meio do Clube iFood em todo o Brasil.<\/p>\n","protected":false},"author":1,"featured_media":0,"comment_status":"closed","ping_status":"open","sticky":false,"template":"","format":"standard","meta":{"_exactmetrics_skip_tracking":false,"_exactmetrics_sitenote_active":false,"_exactmetrics_sitenote_note":"","_exactmetrics_sitenote_category":0,"jetpack_post_was_ever_published":false,"_jetpack_newsletter_access":"","_jetpack_dont_email_post_to_subs":false,"_jetpack_newsletter_tier_id":0,"_jetpack_memberships_contains_paywalled_content":false,"_jetpack_memberships_contains_paid_content":false,"footnotes":"","jetpack_publicize_message":"","jetpack_publicize_feature_enabled":true,"jetpack_social_post_already_shared":true,"jetpack_social_options":{"image_generator_settings":{"template":"highway","enabled":false},"version":2}},"categories":[1],"tags":[],"class_list":["post-37683","post","type-post","status-publish","format-standard","hentry","category-notas"],"jetpack_publicize_connections":[],"jetpack_sharing_enabled":true,"jetpack_featured_media_url":"","jetpack_shortlink":"https:\/\/wp.me\/p7wKYW-9NN","jetpack-related-posts":[],"_links":{"self":[{"href":"http:\/\/blogdalucianaoliveira.com.br\/blog\/wp-json\/wp\/v2\/posts\/37683","targetHints":{"allow":["GET"]}}],"collection":[{"href":"http:\/\/blogdalucianaoliveira.com.br\/blog\/wp-json\/wp\/v2\/posts"}],"about":[{"href":"http:\/\/blogdalucianaoliveira.com.br\/blog\/wp-json\/wp\/v2\/types\/post"}],"author":[{"embeddable":true,"href":"http:\/\/blogdalucianaoliveira.com.br\/blog\/wp-json\/wp\/v2\/users\/1"}],"replies":[{"embeddable":true,"href":"http:\/\/blogdalucianaoliveira.com.br\/blog\/wp-json\/wp\/v2\/comments?post=37683"}],"version-history":[{"count":1,"href":"http:\/\/blogdalucianaoliveira.com.br\/blog\/wp-json\/wp\/v2\/posts\/37683\/revisions"}],"predecessor-version":[{"id":37685,"href":"http:\/\/blogdalucianaoliveira.com.br\/blog\/wp-json\/wp\/v2\/posts\/37683\/revisions\/37685"}],"wp:attachment":[{"href":"http:\/\/blogdalucianaoliveira.com.br\/blog\/wp-json\/wp\/v2\/media?parent=37683"}],"wp:term":[{"taxonomy":"category","embeddable":true,"href":"http:\/\/blogdalucianaoliveira.com.br\/blog\/wp-json\/wp\/v2\/categories?post=37683"},{"taxonomy":"post_tag","embeddable":true,"href":"http:\/\/blogdalucianaoliveira.com.br\/blog\/wp-json\/wp\/v2\/tags?post=37683"}],"curies":[{"name":"wp","href":"https:\/\/api.w.org\/{rel}","templated":true}]}}