{"id":37686,"date":"2025-10-15T11:37:18","date_gmt":"2025-10-15T15:37:18","guid":{"rendered":"https:\/\/blogdalucianaoliveira.com.br\/blog\/?p=37686"},"modified":"2025-10-15T12:13:59","modified_gmt":"2025-10-15T16:13:59","slug":"sionismo-cristao-por-que-evangelicos-empunham-a-bandeira-de-israel","status":"publish","type":"post","link":"http:\/\/blogdalucianaoliveira.com.br\/blog\/2025\/10\/15\/sionismo-cristao-por-que-evangelicos-empunham-a-bandeira-de-israel\/","title":{"rendered":"Sionismo crist\u00e3o: por que evang\u00e9licos empunham a bandeira de Israel?"},"content":{"rendered":"<p><img data-recalc-dims=\"1\" loading=\"lazy\" decoding=\"async\" data-attachment-id=\"37687\" data-permalink=\"http:\/\/blogdalucianaoliveira.com.br\/blog\/2025\/10\/15\/sionismo-cristao-por-que-evangelicos-empunham-a-bandeira-de-israel\/img_8488-2\/\" data-orig-file=\"https:\/\/i0.wp.com\/blogdalucianaoliveira.com.br\/blog\/wp-content\/uploads\/2025\/10\/IMG_8488.webp?fit=800%2C450\" data-orig-size=\"800,450\" data-comments-opened=\"0\" data-image-meta=\"{&quot;aperture&quot;:&quot;0&quot;,&quot;credit&quot;:&quot;&quot;,&quot;camera&quot;:&quot;&quot;,&quot;caption&quot;:&quot;&quot;,&quot;created_timestamp&quot;:&quot;0&quot;,&quot;copyright&quot;:&quot;&quot;,&quot;focal_length&quot;:&quot;0&quot;,&quot;iso&quot;:&quot;0&quot;,&quot;shutter_speed&quot;:&quot;0&quot;,&quot;title&quot;:&quot;&quot;,&quot;orientation&quot;:&quot;0&quot;}\" data-image-title=\"IMG_8488\" data-image-description=\"\" data-image-caption=\"\" data-medium-file=\"https:\/\/i0.wp.com\/blogdalucianaoliveira.com.br\/blog\/wp-content\/uploads\/2025\/10\/IMG_8488.webp?fit=300%2C169\" data-large-file=\"https:\/\/i0.wp.com\/blogdalucianaoliveira.com.br\/blog\/wp-content\/uploads\/2025\/10\/IMG_8488.webp?fit=600%2C338\" class=\"alignnone size-medium wp-image-37687\" src=\"https:\/\/i0.wp.com\/blogdalucianaoliveira.com.br\/blog\/wp-content\/uploads\/2025\/10\/IMG_8488.webp?resize=300%2C169\" alt=\"\" width=\"300\" height=\"169\" srcset=\"https:\/\/i0.wp.com\/blogdalucianaoliveira.com.br\/blog\/wp-content\/uploads\/2025\/10\/IMG_8488.webp?resize=300%2C169 300w, https:\/\/i0.wp.com\/blogdalucianaoliveira.com.br\/blog\/wp-content\/uploads\/2025\/10\/IMG_8488.webp?resize=768%2C432 768w, https:\/\/i0.wp.com\/blogdalucianaoliveira.com.br\/blog\/wp-content\/uploads\/2025\/10\/IMG_8488.webp?resize=533%2C300 533w, https:\/\/i0.wp.com\/blogdalucianaoliveira.com.br\/blog\/wp-content\/uploads\/2025\/10\/IMG_8488.webp?w=800 800w\" sizes=\"auto, (max-width: 300px) 100vw, 300px\" \/><\/p>\n<div class=\"bbc-19j92fr ebmt73l0\" dir=\"ltr\">\n<p class=\"bbc-hhl7in e17g058b0\" dir=\"ltr\">Imagem comum em manifesta\u00e7\u00f5es pol\u00edticas no <a class=\"focusIndicatorReducedWidth bbc-n8oauk e1p3sufg0\" href=\"https:\/\/www.bbc.com\/portuguese\/topics\/cz74k717pw5t\">Brasil<\/a> recente, crist\u00e3os balan\u00e7ando a <a class=\"focusIndicatorReducedWidth bbc-n8oauk e1p3sufg0\" href=\"https:\/\/www.bbc.com\/portuguese\/brasil-52579809\">bandeira de Israel<\/a> \u2014 Estado-na\u00e7\u00e3o do <a class=\"focusIndicatorReducedWidth bbc-n8oauk e1p3sufg0\" href=\"https:\/\/www.bbc.com\/portuguese\/geral-63011899\">povo judeu<\/a> \u2014 podem soar como algo contradit\u00f3rio ou discrepante.<\/p>\n<\/div>\n<p><!--more--><\/p>\n<div class=\"bbc-19j92fr ebmt73l0\" dir=\"ltr\">\n<p class=\"bbc-hhl7in e17g058b0\" dir=\"ltr\">BBC &#8211; Para especialistas, contudo, esta converg\u00eancia ideol\u00f3gica de base religiosa tem nome: \u00e9 o <a class=\"focusIndicatorReducedWidth bbc-n8oauk e1p3sufg0\" href=\"https:\/\/www.bbc.com\/portuguese\/articles\/crg0q5vl08yo\">sionismo<\/a> crist\u00e3o.<\/p>\n<\/div>\n<div class=\"bbc-19j92fr ebmt73l0\" dir=\"ltr\">\n<p class=\"bbc-hhl7in e17g058b0\" dir=\"ltr\">Trata-se de uma vis\u00e3o fundamentalista que, por fiar-se nos textos b\u00edblicos do Antigo Testamento \u2014 comuns ao juda\u00edsmo e ao cristianismo \u2014 que exaltam o povo judeu como o escolhido por Deus para a Terra Prometida, no Oriente M\u00e9dio, advoga em prol dos israelenses.<\/p>\n<\/div>\n<div class=\"bbc-19j92fr ebmt73l0\" dir=\"ltr\">\n<p class=\"bbc-hhl7in e17g058b0\" dir=\"ltr\">&#8220;Os sionistas crist\u00e3os est\u00e3o fundamentados na cren\u00e7a de que o povo judeu tem o direito de possuir e habitar [aquela] a terra por concess\u00e3o divina, uma vez que ela teria sido prometida por Deus e isso est\u00e1 registrado na B\u00edblia hebraica&#8221;, diz \u00e0 BBC News Brasil a te\u00f3loga e soci\u00f3loga Brenda Carranza.<\/p>\n<p dir=\"ltr\">Ela \u00e9 professora de Antropologia da Religi\u00e3o na Universidade Estadual de Campinas (Unicamp) e pesquisadora no grupo Sionismo Crist\u00e3o no Sul Global.<\/p>\n<div class=\"bbc-19j92fr ebmt73l0\" dir=\"ltr\">\n<p class=\"bbc-hhl7in e17g058b0\" dir=\"ltr\">&#8220;Quando pensamos no mundo evang\u00e9lico pr\u00f3-Israel, temos de ter claro que estamos falando de uma a\u00e7\u00e3o interdenominacional&#8221;, completa ela.<\/p>\n<\/div>\n<div class=\"bbc-19j92fr ebmt73l0\" dir=\"ltr\">\n<p class=\"bbc-hhl7in e17g058b0\" dir=\"ltr\">&#8220;Isso significa que h\u00e1 [entre eles] membros de v\u00e1rias igrejas protestantes, sejam as evang\u00e9licas tradicionais hist\u00f3ricas, sejam as pentecostais e neopentecostais.&#8221;<br \/>\nA soci\u00f3loga Maria das Dores Campos Machado, autora do livro Pol\u00edtica e Religi\u00e3o e professora aposentada na Universidade Federal do Rio de Janeiro (UFRJ), diz \u00e0 BBC News Brasil que &#8220;o sionismo crist\u00e3o \u00e9 um movimento ideol\u00f3gico transnacional que tem uma dimens\u00e3o religiosa e outra dimens\u00e3o pol\u00edtica&#8221;.<\/p>\n<div class=\"bbc-19j92fr ebmt73l0\" dir=\"ltr\">\n<p class=\"bbc-hhl7in e17g058b0\" dir=\"ltr\">&#8220;\u00c9 um movimento que mobiliza atores sociais crist\u00e3os, mas a maioria \u00e9 evang\u00e9lica, em apoio a Israel&#8221;, afirma.<\/p>\n<\/div>\n<div class=\"bbc-19j92fr ebmt73l0\" dir=\"ltr\">\n<p class=\"bbc-hhl7in e17g058b0\" dir=\"ltr\">Esse apoio crist\u00e3o a Israel \u00e9 fundamentado pela ideia conhecida de dispensacionalismo.<\/p>\n<\/div>\n<div class=\"bbc-19j92fr ebmt73l0\" dir=\"ltr\">\n<p class=\"bbc-hhl7in e17g058b0\" dir=\"ltr\">Trata-se de uma cosmovis\u00e3o b\u00edblica que, em seu sistema teol\u00f3gico, pressup\u00f5e que a B\u00edblia deve ser lida e interpretada literalmente, para que as profecias sobre Israel se refiram a um futuro cumprimento literal e terrestre para a na\u00e7\u00e3o de Israel.<\/p>\n<\/div>\n<div class=\"bbc-19j92fr ebmt73l0\" dir=\"ltr\">\n<p class=\"bbc-hhl7in e17g058b0\" dir=\"ltr\">&#8220;Se no in\u00edcio do s\u00e9culo 20 o pensamento dispensacionalista justificava esse apoio, com a expectativa de que o retorno dos judeus \u00e0 Terra Santa era uma fase imprescind\u00edvel para a segunda vinda de Cristo, o desenvolvimento de novas teologias [\u2026] iria fornecer novas ideias para o apoio ao Estado de Israel nas mais diversas situa\u00e7\u00f5es&#8221;, diz Machado.<\/p>\n<\/div>\n<div class=\"bbc-19j92fr ebmt73l0\" dir=\"ltr\">\n<p class=\"bbc-hhl7in e17g058b0\" dir=\"ltr\">&#8220;Nesse sentido, \u00e9 um apoio com base em ideias religiosas, mas que tem consequ\u00eancias pol\u00edticas.&#8221;<\/p>\n<\/div>\n<div class=\"bbc-19j92fr ebmt73l0\" dir=\"ltr\">\n<p class=\"bbc-hhl7in e17g058b0\" dir=\"ltr\">Professor na Universidade Presbiteriana Mackenzie, o historiador e te\u00f3logo Gerson Leite de Moraes entende que essa leitura de que &#8220;Israel de hoje \u00e9 a Igreja&#8221;, no sentido de &#8220;povo de Deus&#8221;, \u00e9 uma interpreta\u00e7\u00e3o que &#8220;contraria todo o Novo Testamento&#8221;.<\/p>\n<\/div>\n<div class=\"bbc-19j92fr ebmt73l0\" dir=\"ltr\">\n<p class=\"bbc-hhl7in e17g058b0\" dir=\"ltr\">&#8220;Mas do ponto de vista hist\u00f3rico, o sionismo crist\u00e3o nasce gra\u00e7as a essa interpreta\u00e7\u00e3o que se encontra com o fundamentalismo religioso do s\u00e9culo 20 e ganha uma roupagem pol\u00edtica pr\u00e1tica com a ascens\u00e3o da extrema-direita no mundo&#8221;, afirma \u00e0 BBC News Brasil.<\/p>\n<\/div>\n<figure class=\"bbc-1qn0xuy\">\n<div class=\"bbc-1gbs0ve\">\n<p><img data-recalc-dims=\"1\" loading=\"lazy\" decoding=\"async\" class=\"bbc-139onq\" src=\"https:\/\/i0.wp.com\/ichef.bbci.co.uk\/ace\/ws\/640\/cpsprodpb\/b65b\/live\/eed7b4e0-7f5f-11f0-ab3e-bd52082cd0ae.jpg.webp?resize=600%2C465&#038;ssl=1\" sizes=\"auto, (min-width: 1008px) 760px, 100vw\" srcset=\"https:\/\/ichef.bbci.co.uk\/ace\/ws\/240\/cpsprodpb\/b65b\/live\/eed7b4e0-7f5f-11f0-ab3e-bd52082cd0ae.jpg.webp 240w, https:\/\/ichef.bbci.co.uk\/ace\/ws\/320\/cpsprodpb\/b65b\/live\/eed7b4e0-7f5f-11f0-ab3e-bd52082cd0ae.jpg.webp 320w, https:\/\/ichef.bbci.co.uk\/ace\/ws\/480\/cpsprodpb\/b65b\/live\/eed7b4e0-7f5f-11f0-ab3e-bd52082cd0ae.jpg.webp 480w, https:\/\/ichef.bbci.co.uk\/ace\/ws\/624\/cpsprodpb\/b65b\/live\/eed7b4e0-7f5f-11f0-ab3e-bd52082cd0ae.jpg.webp 624w, https:\/\/ichef.bbci.co.uk\/ace\/ws\/800\/cpsprodpb\/b65b\/live\/eed7b4e0-7f5f-11f0-ab3e-bd52082cd0ae.jpg.webp 800w\" alt=\"Ato em apoio ao ex-presidente da Rep\u00fablica Jair Bolsonaro na Avenida Paulista, em 29 de junho de 2025. S\u00e3o vistas bandeiras do Brasil, EUA e Israel. \" width=\"600\" height=\"465\" \/><\/p>\n<p class=\"bbc-by8ykd\" role=\"text\"><span class=\"bbc-m04vo2\">CR\u00c9DITO, <\/span><span lang=\"en-GB\">ROVENA ROSA\/AG\u00caNCIA BRASIL<\/span><\/p>\n<\/div><figcaption class=\"bbc-15f1ujd\" dir=\"ltr\"><span role=\"text\"><span class=\"bbc-m04vo2\">Legenda da foto, <\/span><span data-testid=\"caption-paragraph\">Ato em apoio ao ex-presidente da Rep\u00fablica Jair Bolsonaro na Avenida Paulista, em 29 de junho de 2025<\/span><\/span><\/figcaption><\/figure>\n<div class=\"bbc-19j92fr ebmt73l0\" dir=\"ltr\">\n<h2 id=\"Legitimidade-divina\" class=\"bbc-1lgzob2 eglt09e0\" tabindex=\"-1\">&#8216;Legitimidade divina&#8217;<\/h2>\n<\/div>\n<div class=\"bbc-19j92fr ebmt73l0\" dir=\"ltr\">\n<p class=\"bbc-hhl7in e17g058b0\" dir=\"ltr\">Carranza entende esse grupo como um movimento pol\u00edtico, &#8220;porque ele est\u00e1 ligado a uma causa pol\u00edtica de sionismo&#8221;.<\/p>\n<\/div>\n<div class=\"bbc-19j92fr ebmt73l0\" dir=\"ltr\">\n<p class=\"bbc-hhl7in e17g058b0\" dir=\"ltr\">Afinal, para esses militantes, Israel tem o leg\u00edtimo direito, por ordem &#8220;divina&#8221;, de ocupar o territ\u00f3rio, a despeito de muitos debates contempor\u00e2neos sobre a necessidade ou n\u00e3o de que a \u00e1rea seja dividida com outras popula\u00e7\u00f5es, como a na\u00e7\u00e3o palestina.<\/p>\n<\/div>\n<div class=\"bbc-19j92fr ebmt73l0\" dir=\"ltr\">\n<p class=\"bbc-hhl7in e17g058b0\" dir=\"ltr\">&#8220;O sionismo e o sionismo crist\u00e3o t\u00eam origem b\u00edblica: \u00e9 a cren\u00e7a religiosa do retorno \u00e0 cidade de Davi, atrelada a uma terra, a Terra Prometida&#8221;, diz a soci\u00f3loga Carranza.<\/p>\n<\/div>\n<div class=\"bbc-19j92fr ebmt73l0\" dir=\"ltr\">\n<p class=\"bbc-hhl7in e17g058b0\" dir=\"ltr\">O sionismo nasceu em meados do s\u00e9culo 19 e acabou constituindo a base que justificou a cria\u00e7\u00e3o do Estado de Israel em 1947. V\u00edtimas de antissemitismo cr\u00f4nico, judeus principalmente do centro e do leste europeu passaram a se articular em busca de um retorno \u00e0 terra a qual historicamente estavam ligados.<\/p>\n<\/div>\n<div class=\"bbc-19j92fr ebmt73l0\" dir=\"ltr\">\n<p class=\"bbc-hhl7in e17g058b0\" dir=\"ltr\">O termo foi cunhado em um debate p\u00fablico ocorrido em Viena em janeiro de 1892. Si\u00e3o remete ao nome de uma das colinas que cercam a Terra Santa \u2014 durante o reinado de David, antigo rei de Israel, o nome se tornou sin\u00f4nimo de Jerusal\u00e9m. Por isso, em textos b\u00edblicos, muitas vezes os israelitas s\u00e3o chamados de &#8220;filhos de Si\u00e3o&#8221;.<\/p>\n<\/div>\n<div class=\"bbc-19j92fr ebmt73l0\" dir=\"ltr\">\n<p class=\"bbc-hhl7in e17g058b0\" dir=\"ltr\">Do fim do s\u00e9culo 19 at\u00e9 o in\u00edcio da Segunda Guerra Mundial, houve 21 congressos sionistas para discutir a cria\u00e7\u00e3o de Israel. &#8220;O que n\u00e3o h\u00e1 consenso nem entre os sionistas, nem entre os sionistas crist\u00e3os, nem mesmo entre o povo judaico, \u00e9 a maneira como se faz essa apropria\u00e7\u00e3o territorial geogr\u00e1fica do territ\u00f3rio palestino&#8221;, ressalta Carranza. &#8220;Ali n\u00e3o vivem s\u00f3 pessoas que representam o povo judaico. Vivem \u00e1rabes mu\u00e7ulmanos, \u00e1rabes crist\u00e3os evang\u00e9licos e \u00e1rabes crist\u00e3os cat\u00f3licos.&#8221;<\/p>\n<\/div>\n<div class=\"bbc-19j92fr ebmt73l0\" dir=\"ltr\">\n<p class=\"bbc-hhl7in e17g058b0\" dir=\"ltr\">Machado lembra que este \u00e9 o principal problema: desconsiderar as demais popula\u00e7\u00f5es. &#8220;[O sionismo crist\u00e3o] \u00e9 um sentido preso a um passado m\u00edtico que \u00e9 bastante problem\u00e1tico, pois exclui ou desconsidera os palestinos&#8221;, comenta ela.<\/p>\n<\/div>\n<div class=\"bbc-19j92fr ebmt73l0\" dir=\"ltr\">\n<p class=\"bbc-hhl7in e17g058b0\" dir=\"ltr\">Para pesquisadores como Carranza, o principal ponto de diferen\u00e7a entre os sionistas e os sionistas crist\u00e3os est\u00e1 no embasamento. Porque enquanto os sionistas partem da base hist\u00f3rica \u2014 ainda que uma base profundamente amalgamada pela religiosidade \u2014, os sionistas crist\u00e3os s\u00e3o em prol do Estado judaico por motiva\u00e7\u00e3o &#8220;claramente religiosa&#8221;.<\/p>\n<\/div>\n<div class=\"bbc-19j92fr ebmt73l0\" dir=\"ltr\">\n<p class=\"bbc-hhl7in e17g058b0\" dir=\"ltr\">&#8220;Os sionistas crist\u00e3os n\u00e3o adotam uma perspectiva hist\u00f3rica&#8221;, argumenta Machado. &#8220;A cria\u00e7\u00e3o do moderno estado de Israel \u00e9 vista como um sinal de que a profecia esta se cumprindo e como uma fase imprescind\u00edvel para o retorno de Jesus Cristo. Para eles, o Estado de Israel se confunde com o imagin\u00e1rio b\u00edblico. Os interesses contempor\u00e2neos dos israelenses e a geopol\u00edtica de Israel n\u00e3o s\u00e3o analisados do ponto de vista hist\u00f3rico e\/ou social, mas como posi\u00e7\u00f5es leg\u00edtimas a serem referendadas.&#8221;<\/p>\n<\/div>\n<div class=\"bbc-19j92fr ebmt73l0\" dir=\"ltr\">\n<p class=\"bbc-hhl7in e17g058b0\" dir=\"ltr\">Nesse sentido, o retorno \u00e0 chamada Terra Prometida tem contornos, portanto, de uma realiza\u00e7\u00e3o de uma promessa divina.<\/p>\n<\/div>\n<div class=\"bbc-19j92fr ebmt73l0\" dir=\"ltr\">\n<p class=\"bbc-hhl7in e17g058b0\" dir=\"ltr\">Historicamente, o hoje chamado sionismo crist\u00e3o se tornou mais forte no meio protestante \u2014 uma ideia que se propagou nas reformas religiosas do s\u00e9culo 16.<\/p>\n<\/div>\n<div class=\"bbc-19j92fr ebmt73l0\" dir=\"ltr\">\n<p class=\"bbc-hhl7in e17g058b0\" dir=\"ltr\">&#8220;Todo protestante tem uma simpatia natural por Israel porque ele [o religioso protestante] \u00e9 um leitor da B\u00edblia e, ao ler a B\u00edblia, ele se encontra com os s\u00edmbolos judaicos, com a hist\u00f3ria dos judeus&#8221;, contextualiza Moraes.<\/p>\n<\/div>\n<div class=\"bbc-19j92fr ebmt73l0\" dir=\"ltr\">\n<p class=\"bbc-hhl7in e17g058b0\" dir=\"ltr\">Quando a B\u00edblia passou a ser traduzida para as l\u00ednguas vern\u00e1culas, permitindo que fi\u00e9is lessem as escrituras por conta pr\u00f3pria, interpreta\u00e7\u00f5es antes restritas a c\u00edrculos eruditos come\u00e7aram a ganhar o p\u00fablico.<\/p>\n<\/div>\n<div class=\"bbc-19j92fr ebmt73l0\" dir=\"ltr\">\n<p class=\"bbc-hhl7in e17g058b0\" dir=\"ltr\">Entre os puritanos ingleses, por exemplo, uma leitura literal das profecias do Antigo Testamento ganhou for\u00e7a: a convic\u00e7\u00e3o de que os judeus, um dia, voltariam \u00e0 Terra Prometida. Para muitos, esse retorno n\u00e3o seria apenas um evento hist\u00f3rico, mas uma condi\u00e7\u00e3o necess\u00e1ria para a segunda vinda de Cristo.<\/p>\n<\/div>\n<div class=\"bbc-19j92fr ebmt73l0\" dir=\"ltr\">\n<p class=\"bbc-hhl7in e17g058b0\" dir=\"ltr\">Essa cren\u00e7a contrastava com a vis\u00e3o predominante por s\u00e9culos no cristianismo, conhecida como teologia da substitui\u00e7\u00e3o, segundo a qual a Igreja \u2014 ou seja, a pr\u00f3pria comunidade crist\u00e3 \u2014 teria assumido o lugar de Israel como povo eleito de Deus.<\/p>\n<\/div>\n<div class=\"bbc-19j92fr ebmt73l0\" dir=\"ltr\">\n<p class=\"bbc-hhl7in e17g058b0\" dir=\"ltr\">Os puritanos, contudo, enxergavam as passagens b\u00edblicas de maneira diferente. E, \u00e0 medida que suas ideias se espalharam, um novo cap\u00edtulo se abriu: o que come\u00e7ou como especula\u00e7\u00e3o teol\u00f3gica foi, pouco a pouco, incorporado a agendas pol\u00edticas.<\/p>\n<\/div>\n<div class=\"bbc-19j92fr ebmt73l0\" dir=\"ltr\">\n<p class=\"bbc-hhl7in e17g058b0\" dir=\"ltr\">Ou seja, se o sionismo judaico, impulsionado por pensadores como Theodor Herzl (1860-1904), encontrava motiva\u00e7\u00e3o na busca por seguran\u00e7a diante do antissemitismo e de s\u00e9culos de persegui\u00e7\u00e3o, para crist\u00e3os sionistas, o objetivo tinha um car\u00e1ter de preparar o palco para os acontecimentos descritos no Apocalipse, com o retorno de Cristo.<\/p>\n<\/div>\n<div class=\"bbc-19j92fr ebmt73l0\" dir=\"ltr\">\n<p class=\"bbc-hhl7in e17g058b0\" dir=\"ltr\">Essa converg\u00eancia de interesses levou \u00e0 colabora\u00e7\u00e3o pr\u00e1tica, apesar de agendas distintas. No fim das contas, ambos os movimentos se fortaleceram mutuamente e contribu\u00edram para a funda\u00e7\u00e3o do Estado de Israel em 1947.<\/p>\n<\/div>\n<div class=\"bbc-19j92fr ebmt73l0\" dir=\"ltr\">\n<p class=\"bbc-hhl7in e17g058b0\" dir=\"ltr\">&#8220;Esse movimento que iniciou com a defesa dos protestantes ingleses para a cria\u00e7\u00e3o do Estado de Israel, foi se transformando ao longo do tempo e na expans\u00e3o para o continente americano. Tanto as bases teol\u00f3gicas desse apoio quanto as rela\u00e7\u00f5es com os judeus foram mudando ao longo do s\u00e9culo 20, com os evang\u00e9licos norte-americanos tornando-se importantes aliados do Estado criado em 1947&#8221;, explica Machado.<\/p>\n<\/div>\n<div class=\"bbc-19j92fr ebmt73l0\" dir=\"ltr\">\n<p class=\"bbc-hhl7in e17g058b0\" dir=\"ltr\">A professora aposentada observa que embora tamb\u00e9m existam cat\u00f3licos sionistas, eles s\u00e3o minoria dentre os crist\u00e3os que defendem Israel. &#8220;E n\u00e3o s\u00e3o t\u00e3o ativos politicamente como os evang\u00e9licos&#8221;, compara. &#8220;No Brasil, os sionistas crist\u00e3os est\u00e3o vinculados \u00e0s igrejas batistas e \u00e0s igrejas pentecostais, mas no parlamento encontramos pol\u00edticos cat\u00f3licos defensores do moderno Estado de Israel.&#8221;<\/p>\n<\/div>\n<div class=\"bbc-19j92fr ebmt73l0\" dir=\"ltr\">\n<h2 id=\"Governos-de-direita\" class=\"bbc-1lgzob2 eglt09e0\" tabindex=\"-1\">Governos de direita<\/h2>\n<\/div>\n<div class=\"bbc-19j92fr ebmt73l0\" dir=\"ltr\">\n<p class=\"bbc-hhl7in e17g058b0\" dir=\"ltr\">Carranza explica que ap\u00f3s 1967, com a Guerra dos Seis Dias, &#8220;cada vez mais governos de direita&#8221; passaram a governar Israel.<\/p>\n<\/div>\n<div class=\"bbc-19j92fr ebmt73l0\" dir=\"ltr\">\n<p class=\"bbc-hhl7in e17g058b0\" dir=\"ltr\">Gradualmente, apontam seus estudos, a ideia de &#8220;habitar&#8221; novamente a Terra Prometida passou significar &#8220;uma busca incessante da legitima\u00e7\u00e3o religiosa com o verbo possuir&#8221;. E os discursos religiosos acabaram se vinculando a ideias conservadoras, &#8220;de direita&#8221;, nessa toada sionista que agrega crist\u00e3os, pontua a pesquisadora.<\/p>\n<\/div>\n<div class=\"bbc-19j92fr ebmt73l0\" dir=\"ltr\">\n<p class=\"bbc-hhl7in e17g058b0\" dir=\"ltr\">&#8220;Manter o elo religioso \u00e9 do interesse da Israel contempor\u00e2nea&#8221;, avalia Carranza. &#8220;Sobretudo a extrema-direita tem um fervor religioso [sobre a quest\u00e3o], com a ocupa\u00e7\u00e3o da Terra Prometida legitimada religiosamente por um mandato divino.&#8221;<\/p>\n<\/div>\n<div class=\"bbc-19j92fr ebmt73l0\" dir=\"ltr\">\n<p class=\"bbc-hhl7in e17g058b0\" dir=\"ltr\">A\u00ed \u00e9 que entram os crist\u00e3os, sobretudo os evang\u00e9licos. &#8220;Porque est\u00e1 escrito na B\u00edblia&#8221;, frisa Carranza.<\/p>\n<\/div>\n<div class=\"bbc-19j92fr ebmt73l0\" dir=\"ltr\">\n<p class=\"bbc-hhl7in e17g058b0\" dir=\"ltr\">No cap\u00edtulo 51 do livro de Isa\u00edas, profeta que teria vivido no s\u00e9culo 8\u00ba a.C., est\u00e1 prevista essa restaura\u00e7\u00e3o de Israel.<\/p>\n<\/div>\n<div class=\"bbc-19j92fr ebmt73l0\" dir=\"ltr\">\n<p class=\"bbc-hhl7in e17g058b0\" dir=\"ltr\">&#8220;Assim, voltar\u00e3o os resgatados do Senhor e vir\u00e3o a Si\u00e3o com j\u00fabilo, e perp\u00e9tua alegria haver\u00e1 sobre a sua cabe\u00e7a; gozo e alegria alcan\u00e7ar\u00e3o, a tristeza e o gemido fugir\u00e3o&#8221;, afirma o texto sagrado.<\/p>\n<\/div>\n<div class=\"bbc-19j92fr ebmt73l0\" dir=\"ltr\">\n<p class=\"bbc-hhl7in e17g058b0\" dir=\"ltr\">&#8220;Porque eu sou o Senhor, teu Deus, que fende o mar, e bramem as suas ondas. Senhor dos Ex\u00e9rcitos \u00e9 o seu nome. E ponho as minhas palavras na tua boca e te cubro com a sombra da minha m\u00e3o, para plantar os c\u00e9us, e para fundar a terra, e para dizer a Si\u00e3o: Tu \u00e9s o meu povo&#8221;, prossegue.<\/p>\n<\/div>\n<div class=\"bbc-19j92fr ebmt73l0\" dir=\"ltr\">\n<p class=\"bbc-hhl7in e17g058b0\" dir=\"ltr\">Conforme explica Carranza, isso faz com que crist\u00e3os fundamentalistas entendam que &#8220;quem aben\u00e7oa Israel&#8221; \u2014 o Estado atual, visto como o cumprimento dessa profecia \u2014, mesmo n\u00e3o sendo judeu, &#8220;se beneficia dessas b\u00ean\u00e7\u00e3os&#8221;.<\/p>\n<\/div>\n<div class=\"bbc-19j92fr ebmt73l0\" dir=\"ltr\">\n<p class=\"bbc-hhl7in e17g058b0\" dir=\"ltr\">Por extens\u00e3o, a pesquisadora diz que h\u00e1 esse entendimento no meio crist\u00e3o de que &#8220;eles [os israelenses] merecem o apoio porque s\u00e3o um povo escolhido por Deus&#8221;.<\/p>\n<\/div>\n<div class=\"bbc-19j92fr ebmt73l0\" dir=\"ltr\">\n<p class=\"bbc-hhl7in e17g058b0\" dir=\"ltr\">&#8220;[Esses crist\u00e3os] entendem que se &#8216;amaldi\u00e7oarem&#8217; o governo [atual] de Israel, ser\u00e3o punidos por Deus por n\u00e3o amar o seu povo escolhido&#8221;, afirma. &#8220;H\u00e1 a\u00ed uma teologia imensa restaurativa. O fundamental \u00e9 que teologicamente o sionismo crist\u00e3o \u00e9 fundamental para manter vivo e efervescente o apoio a Israel, seja no imagin\u00e1rio b\u00edblico, no apoio ao &#8216;povo escolhido&#8217;, seja a partir da experi\u00eancia geopol\u00edtica do atual Estado de Israel, atualmente comandado por um governo de extrema-direita.&#8221;<\/p>\n<\/div>\n<div class=\"bbc-19j92fr ebmt73l0\" dir=\"ltr\">\n<p class=\"bbc-hhl7in e17g058b0\" dir=\"ltr\">&#8220;Estamos falando de uma tend\u00eancia geopol\u00edtica internacional que tenta influenciar pol\u00edticas para garantir a preserva\u00e7\u00e3o do Estado de Israel, como ele atualmente se encontra, isso \u00e9 territorialmente e, independentemente do imagin\u00e1rio b\u00edblico, a manuten\u00e7\u00e3o a partir de uma perspectiva de extrema-direita, expansionista&#8221;, acrescenta a soci\u00f3loga Carranza. &#8220;Ocupar o territ\u00f3rio tem uma teologia, mas tem tamb\u00e9m um projeto de poder colonizador e um projeto de expans\u00e3o territorial.&#8221;<\/p>\n<\/div>\n<div class=\"bbc-19j92fr ebmt73l0\" dir=\"ltr\">\n<p class=\"bbc-hhl7in e17g058b0\" dir=\"ltr\">Machado diz que &#8220;a extrema-direita mobiliza segmentos religiosos crist\u00e3os em v\u00e1rios pa\u00edses&#8221; e, no Brasil, evang\u00e9licos pentecostais est\u00e3o entre os principais agentes &#8220;respons\u00e1veis pela difus\u00e3o de bandeiras de Israel em eventos pol\u00edticos&#8221;.<\/p>\n<\/div>\n<div class=\"bbc-19j92fr ebmt73l0\" dir=\"ltr\">\n<p class=\"bbc-hhl7in e17g058b0\" dir=\"ltr\">&#8220;Os pol\u00edticos que n\u00e3o evang\u00e9licos, [por sua vez,] usam a bandeira de Israel para se aproximar do segmento religioso e ampliar sua base de apoio&#8221;, diz.<\/p>\n<\/div>\n<div class=\"bbc-19j92fr ebmt73l0\" dir=\"ltr\">\n<p class=\"bbc-hhl7in e17g058b0\" dir=\"ltr\">Moraes afirma que &#8220;olhar para Israel da B\u00edblia e pensar que \u00e9 a mesma Israel de hoje&#8221; \u00e9 um tipo de leitura que &#8220;s\u00f3 interessa do ponto de vista pol\u00edtico&#8221;.<\/p>\n<\/div>\n<\/div>\n<\/div>\n","protected":false},"excerpt":{"rendered":"<p>Imagem comum em manifesta\u00e7\u00f5es pol\u00edticas no Brasil recente, crist\u00e3os balan\u00e7ando a bandeira de Israel \u2014 Estado-na\u00e7\u00e3o do povo judeu \u2014 podem soar como algo contradit\u00f3rio ou discrepante.<\/p>\n","protected":false},"author":1,"featured_media":0,"comment_status":"closed","ping_status":"open","sticky":false,"template":"","format":"standard","meta":{"_exactmetrics_skip_tracking":false,"_exactmetrics_sitenote_active":false,"_exactmetrics_sitenote_note":"","_exactmetrics_sitenote_category":0,"jetpack_post_was_ever_published":false,"_jetpack_newsletter_access":"","_jetpack_dont_email_post_to_subs":false,"_jetpack_newsletter_tier_id":0,"_jetpack_memberships_contains_paywalled_content":false,"_jetpack_memberships_contains_paid_content":false,"footnotes":"","jetpack_publicize_message":"","jetpack_publicize_feature_enabled":true,"jetpack_social_post_already_shared":true,"jetpack_social_options":{"image_generator_settings":{"template":"highway","enabled":false},"version":2}},"categories":[1],"tags":[1532,1014],"class_list":["post-37686","post","type-post","status-publish","format-standard","hentry","category-notas","tag-cristao","tag-sionismo"],"jetpack_publicize_connections":[],"jetpack_sharing_enabled":true,"jetpack_featured_media_url":"","jetpack_shortlink":"https:\/\/wp.me\/p7wKYW-9NQ","jetpack-related-posts":[],"_links":{"self":[{"href":"http:\/\/blogdalucianaoliveira.com.br\/blog\/wp-json\/wp\/v2\/posts\/37686","targetHints":{"allow":["GET"]}}],"collection":[{"href":"http:\/\/blogdalucianaoliveira.com.br\/blog\/wp-json\/wp\/v2\/posts"}],"about":[{"href":"http:\/\/blogdalucianaoliveira.com.br\/blog\/wp-json\/wp\/v2\/types\/post"}],"author":[{"embeddable":true,"href":"http:\/\/blogdalucianaoliveira.com.br\/blog\/wp-json\/wp\/v2\/users\/1"}],"replies":[{"embeddable":true,"href":"http:\/\/blogdalucianaoliveira.com.br\/blog\/wp-json\/wp\/v2\/comments?post=37686"}],"version-history":[{"count":2,"href":"http:\/\/blogdalucianaoliveira.com.br\/blog\/wp-json\/wp\/v2\/posts\/37686\/revisions"}],"predecessor-version":[{"id":37689,"href":"http:\/\/blogdalucianaoliveira.com.br\/blog\/wp-json\/wp\/v2\/posts\/37686\/revisions\/37689"}],"wp:attachment":[{"href":"http:\/\/blogdalucianaoliveira.com.br\/blog\/wp-json\/wp\/v2\/media?parent=37686"}],"wp:term":[{"taxonomy":"category","embeddable":true,"href":"http:\/\/blogdalucianaoliveira.com.br\/blog\/wp-json\/wp\/v2\/categories?post=37686"},{"taxonomy":"post_tag","embeddable":true,"href":"http:\/\/blogdalucianaoliveira.com.br\/blog\/wp-json\/wp\/v2\/tags?post=37686"}],"curies":[{"name":"wp","href":"https:\/\/api.w.org\/{rel}","templated":true}]}}