{"id":37690,"date":"2025-10-15T16:42:53","date_gmt":"2025-10-15T20:42:53","guid":{"rendered":"https:\/\/blogdalucianaoliveira.com.br\/blog\/?p=37690"},"modified":"2025-10-15T16:42:53","modified_gmt":"2025-10-15T20:42:53","slug":"destaque-rondonia-lidera-crescimento-do-consumo-de-agrotoxicos-na-amazonia-legal-revela-estudo","status":"publish","type":"post","link":"http:\/\/blogdalucianaoliveira.com.br\/blog\/2025\/10\/15\/destaque-rondonia-lidera-crescimento-do-consumo-de-agrotoxicos-na-amazonia-legal-revela-estudo\/","title":{"rendered":"DESTAQUE ROND\u00d4NIA LIDERA CRESCIMENTO DO CONSUMO DE AGROT\u00d3XICOS NA AMAZ\u00d4NIA LEGAL, REVELA ESTUDO"},"content":{"rendered":"<h3 class=\"zox-post-cat\"><img data-recalc-dims=\"1\" loading=\"lazy\" decoding=\"async\" data-attachment-id=\"37691\" data-permalink=\"http:\/\/blogdalucianaoliveira.com.br\/blog\/2025\/10\/15\/destaque-rondonia-lidera-crescimento-do-consumo-de-agrotoxicos-na-amazonia-legal-revela-estudo\/img_8503\/\" data-orig-file=\"https:\/\/i0.wp.com\/blogdalucianaoliveira.com.br\/blog\/wp-content\/uploads\/2025\/10\/IMG_8503.jpeg?fit=650%2C420\" data-orig-size=\"650,420\" data-comments-opened=\"0\" data-image-meta=\"{&quot;aperture&quot;:&quot;0&quot;,&quot;credit&quot;:&quot;&quot;,&quot;camera&quot;:&quot;&quot;,&quot;caption&quot;:&quot;&quot;,&quot;created_timestamp&quot;:&quot;0&quot;,&quot;copyright&quot;:&quot;&quot;,&quot;focal_length&quot;:&quot;0&quot;,&quot;iso&quot;:&quot;0&quot;,&quot;shutter_speed&quot;:&quot;0&quot;,&quot;title&quot;:&quot;&quot;,&quot;orientation&quot;:&quot;0&quot;}\" data-image-title=\"IMG_8503\" data-image-description=\"\" data-image-caption=\"\" data-medium-file=\"https:\/\/i0.wp.com\/blogdalucianaoliveira.com.br\/blog\/wp-content\/uploads\/2025\/10\/IMG_8503.jpeg?fit=300%2C194\" data-large-file=\"https:\/\/i0.wp.com\/blogdalucianaoliveira.com.br\/blog\/wp-content\/uploads\/2025\/10\/IMG_8503.jpeg?fit=600%2C388\" class=\"alignnone size-medium wp-image-37691\" src=\"https:\/\/i0.wp.com\/blogdalucianaoliveira.com.br\/blog\/wp-content\/uploads\/2025\/10\/IMG_8503.jpeg?resize=300%2C194\" alt=\"\" width=\"300\" height=\"194\" srcset=\"https:\/\/i0.wp.com\/blogdalucianaoliveira.com.br\/blog\/wp-content\/uploads\/2025\/10\/IMG_8503.jpeg?resize=300%2C194 300w, https:\/\/i0.wp.com\/blogdalucianaoliveira.com.br\/blog\/wp-content\/uploads\/2025\/10\/IMG_8503.jpeg?resize=464%2C300 464w, https:\/\/i0.wp.com\/blogdalucianaoliveira.com.br\/blog\/wp-content\/uploads\/2025\/10\/IMG_8503.jpeg?w=650 650w\" sizes=\"auto, (max-width: 300px) 100vw, 300px\" \/><\/h3>\n<p>Pesquisa mostra aumento de mais de 900% no uso de defensivos agr\u00edcolas no estado entre 2009 e 2023; avan\u00e7o do desmatamento e expans\u00e3o da soja est\u00e3o entre as principais causas<!--more--><\/p>\n<div class=\"zox-post-body left zoxrel zox100\">\n<p class=\"amp-wp-7d27179\" data-amp-original-style=\"text-align: justify;\"><strong>Conecta, reda\u00e7\u00e3o<\/strong> &#8211; Um estudo publicado na <em>Revista Observatorio de la Econom\u00eda Latinoamericana<\/em> aponta que <strong>Rond\u00f4nia \u00e9 o estado da Amaz\u00f4nia Legal com um dos maiores crescimentos no consumo de agrot\u00f3xicos no Brasil<\/strong>.<br \/>\nEm 14 anos, o volume de produtos qu\u00edmicos agr\u00edcolas saltou de <strong>1.654 toneladas em 2009 para 18.165 toneladas em 2023<\/strong>, um aumento superior a <strong>900%<\/strong>.<\/p>\n<p class=\"amp-wp-7d27179\" data-amp-original-style=\"text-align: justify;\">De acordo com o levantamento, a <strong>taxa composta de crescimento anual (CAGR)<\/strong> do estado \u00e9 de <strong>17,35%<\/strong>, quase <strong>tr\u00eas vezes maior que a m\u00e9dia nacional (6,94%)<\/strong>.<\/p>\n<div id=\"attachment_5306\" class=\"wp-caption alignnone amp-wp-05acb6f\" data-amp-original-style=\"width: 760px\"><img data-recalc-dims=\"1\" decoding=\"async\" class=\"i-amphtml-fill-content i-amphtml-replaced-content\" src=\"https:\/\/i0.wp.com\/www.portalconectanews.com.br\/wp-content\/uploads\/2025\/10\/OIP-8.webp?w=600&#038;ssl=1\" sizes=\"auto, (max-width: 750px) 100vw, 750px\" srcset=\"https:\/\/www.portalconectanews.com.br\/wp-content\/uploads\/2025\/10\/OIP-8.webp 750w, https:\/\/www.portalconectanews.com.br\/wp-content\/uploads\/2025\/10\/OIP-8-300x172.webp 300w\" alt=\"\" aria-describedby=\"caption-attachment-5306\" \/><\/p>\n<p id=\"caption-attachment-5306\" class=\"wp-caption-text\">Manuseio de produtos agr\u00edcolas estudos apontam necessidade de capacita\u00e7\u00e3o e controle no uso de agrot\u00f3xicos para evitar contamina\u00e7\u00f5es.<\/p>\n<\/div>\n<p class=\"amp-wp-7d27179\" data-amp-original-style=\"text-align: justify;\">Entre os produtos mais utilizados est\u00e3o o <strong>glifosato<\/strong>(herbicida aplicado em lavouras de soja e milho), o <strong>2,4-D<\/strong> (usado em pastagens) e o <strong>Carbendazim<\/strong>(fungicida empregado no controle de doen\u00e7as agr\u00edcolas).<\/p>\n<p class=\"amp-wp-7d27179\" data-amp-original-style=\"text-align: justify;\">A pesquisa foi conduzida por tr\u00eas cientistas com atua\u00e7\u00e3o em Rond\u00f4nia:<\/p>\n<ul class=\"amp-wp-7d27179\" data-amp-original-style=\"text-align: justify;\">\n<li><strong>Dr. C\u00e9sar Luiz da Silva Guimar\u00e3es<\/strong>, do <strong>Instituto Brasileiro do Meio Ambiente e dos Recursos Naturais Renov\u00e1veis (IBAMA)<\/strong>, em Porto Velho;<\/li>\n<li><strong>Dra. Viviane Pereira Bacarin<\/strong>, do <strong>Instituto de Ensino Superior de Rond\u00f4nia (IESUR)<\/strong>, em Ariquemes;<\/li>\n<li><strong>Dr. Andreimar Martins Soares<\/strong>, da <strong>Funda\u00e7\u00e3o Oswaldo Cruz (Fiocruz Rond\u00f4nia)<\/strong>.<\/li>\n<\/ul>\n<p class=\"amp-wp-7d27179\" data-amp-original-style=\"text-align: justify;\">O grupo analisou dados oficiais do <strong>IBAMA<\/strong>, <strong>IBGE<\/strong> e <strong>MAPA<\/strong>, comparando o uso de agrot\u00f3xicos em nove estados brasileiros entre 2009 e 2023. Segundo o Dr. Guimar\u00e3es, Rond\u00f4nia se tornou um <strong>\u201camortecedor de impactos ambientais\u201d<\/strong> dentro da Amaz\u00f4nia, refletindo os efeitos diretos da expans\u00e3o da fronteira agr\u00edcola.<\/p>\n<p class=\"amp-wp-7d27179\" data-amp-original-style=\"text-align: justify;\">\u201cO estado perdeu cerca de 29% de sua cobertura original entre 1994 e 2023. O desmatamento e o avan\u00e7o da pecu\u00e1ria e da agricultura t\u00eam impulsionado tanto a perda florestal quanto o consumo de defensivos\u201d, explicou o pesquisador.<\/p>\n<div id=\"attachment_5307\" class=\"wp-caption alignnone amp-wp-9f44ab3\" data-amp-original-style=\"width: 778px\"><img data-recalc-dims=\"1\" decoding=\"async\" class=\"i-amphtml-fill-content i-amphtml-replaced-content\" src=\"https:\/\/i0.wp.com\/www.portalconectanews.com.br\/wp-content\/uploads\/2025\/10\/Brasil-lidera-consumo-de-agrotoxicos-incluindo-defensivos-proibidos-na-Europa-especialistas-defendem-legislacao-global-e-politica-de-reducao-de-uso-nacional-768x512-1.jpg?w=600&#038;ssl=1\" sizes=\"auto, (max-width: 768px) 100vw, 768px\" srcset=\"https:\/\/www.portalconectanews.com.br\/wp-content\/uploads\/2025\/10\/Brasil-lidera-consumo-de-agrotoxicos-incluindo-defensivos-proibidos-na-Europa-especialistas-defendem-legislacao-global-e-politica-de-reducao-de-uso-nacional-768x512-1.jpg 768w, https:\/\/www.portalconectanews.com.br\/wp-content\/uploads\/2025\/10\/Brasil-lidera-consumo-de-agrotoxicos-incluindo-defensivos-proibidos-na-Europa-especialistas-defendem-legislacao-global-e-politica-de-reducao-de-uso-nacional-768x512-1-300x200.jpg 300w\" alt=\"Expans\u00e3o agr\u00edcola impulsiona uso de agrot\u00f3xicos em Rond\u00f4nia, refletindo o avan\u00e7o da fronteira agropecu\u00e1ria na Amaz\u00f4nia.\" aria-describedby=\"caption-attachment-5307\" \/><\/p>\n<p id=\"caption-attachment-5307\" class=\"wp-caption-text\">Expans\u00e3o agr\u00edcola impulsiona uso de agrot\u00f3xicos em Rond\u00f4nia, refletindo o avan\u00e7o da fronteira agropecu\u00e1ria na Amaz\u00f4nia.<\/p>\n<\/div>\n<p class=\"amp-wp-7d27179\" data-amp-original-style=\"text-align: justify;\">O levantamento mostra que, entre os estados da Amaz\u00f4nia Legal, <strong>Rond\u00f4nia, Acre e Par\u00e1<\/strong>registraram as maiores taxas de crescimento no uso de agrot\u00f3xicos.<br \/>\nOs pesquisadores alertam que essa tend\u00eancia acompanha o avan\u00e7o da fronteira agr\u00edcola na regi\u00e3o conhecida como <strong>AMACRO<\/strong>, que re\u00fane o <strong>sul do Amazonas, o Acre e Rond\u00f4nia<\/strong>, e tem sido apontada como o \u201cnovo arco do desmatamento\u201d.<\/p>\n<table>\n<thead>\n<tr>\n<td><strong>Estado<\/strong><\/td>\n<td><strong>Crescimento Anual (CAGR)<\/strong><\/td>\n<td><strong>Situa\u00e7\u00e3o<\/strong><\/td>\n<\/tr>\n<\/thead>\n<tbody>\n<tr>\n<td><strong>Par\u00e1<\/strong><\/td>\n<td>22,74%<\/td>\n<td>Maior crescimento do pa\u00eds<\/td>\n<\/tr>\n<tr>\n<td><strong>Acre<\/strong><\/td>\n<td>20,28%<\/td>\n<td>Segundo maior aumento<\/td>\n<\/tr>\n<tr>\n<td><strong>Rond\u00f4nia<\/strong><\/td>\n<td>17,35%<\/td>\n<td>Terceiro maior aumento<\/td>\n<\/tr>\n<tr>\n<td><strong>Amazonas<\/strong><\/td>\n<td>12,38%<\/td>\n<td>Crescimento expressivo<\/td>\n<\/tr>\n<tr>\n<td><strong>Mato Grosso<\/strong><\/td>\n<td>10,12%<\/td>\n<td>Acima da m\u00e9dia nacional<\/td>\n<\/tr>\n<tr>\n<td><strong>M\u00e9dia Brasil<\/strong><\/td>\n<td><strong>6,94%<\/strong><\/td>\n<td>\u2014<\/td>\n<\/tr>\n<\/tbody>\n<\/table>\n<p class=\"amp-wp-7d27179\" data-amp-original-style=\"text-align: justify;\">Fonte: <em>IBAMA \u2013 PAMGIA \/ Revista Observatorio de la Econom\u00eda Latinoamericana (2025)<\/em><\/p>\n<p class=\"amp-wp-7d27179\" data-amp-original-style=\"text-align: justify;\">O estudo alerta para os riscos ambientais e de sa\u00fade relacionados ao uso crescente de pesticidas.<br \/>\nA contamina\u00e7\u00e3o de <strong>solos, rios e len\u00e7\u00f3is fre\u00e1ticos<\/strong>, al\u00e9m da <strong>exposi\u00e7\u00e3o de trabalhadores rurais<\/strong>, s\u00e3o apontadas como amea\u00e7as diretas \u00e0 sa\u00fade p\u00fablica.<\/p>\n<p class=\"amp-wp-7d27179\" data-amp-original-style=\"text-align: justify;\">\u201cA depend\u00eancia qu\u00edmica da agricultura moderna amea\u00e7a a biodiversidade e a seguran\u00e7a alimentar. \u00c9 urgente investir em pol\u00edticas de incentivo \u00e0 agroecologia e \u00e0 educa\u00e7\u00e3o ambiental\u201d, afirmou <strong>Dra. Viviane Bacarin<\/strong>, coautora do trabalho.<\/p>\n<p class=\"amp-wp-7d27179\" data-amp-original-style=\"text-align: justify;\">Pesquisas citadas pelos autores relacionam a exposi\u00e7\u00e3o prolongada a produtos como o <strong>glifosato<\/strong>e o <strong>2,4-D<\/strong> a <strong>problemas neurol\u00f3gicos, reprodutivos e hormonais<\/strong>, al\u00e9m de <strong>maior incid\u00eancia de c\u00e2ncer<\/strong>em comunidades agr\u00edcolas.<\/p>\n<p class=\"amp-wp-7d27179\" data-amp-original-style=\"text-align: justify;\">Os autores defendem a ado\u00e7\u00e3o de <strong>pol\u00edticas p\u00fablicas mais rigorosas e sustent\u00e1veis<\/strong>. Entre as recomenda\u00e7\u00f5es est\u00e3o:<\/p>\n<ul class=\"amp-wp-7d27179\" data-amp-original-style=\"text-align: justify;\">\n<li>Incentivar a <strong>agricultura familiar e org\u00e2nica<\/strong>;<\/li>\n<li>Fortalecer a <strong>fiscaliza\u00e7\u00e3o ambiental e sanit\u00e1ria<\/strong>;<\/li>\n<li>Investir em <strong>pesquisa e tecnologias agr\u00edcolas menos t\u00f3xicas<\/strong>;<\/li>\n<li>Promover <strong>campanhas de conscientiza\u00e7\u00e3o sobre os riscos dos agrot\u00f3xicos<\/strong>.<\/li>\n<\/ul>\n<p class=\"amp-wp-7d27179\" data-amp-original-style=\"text-align: justify;\">\u201cA transi\u00e7\u00e3o para uma agricultura sustent\u00e1vel \u00e9 essencial para proteger a sa\u00fade das pessoas e o equil\u00edbrio ambiental da Amaz\u00f4nia\u201d, concluiu <strong>Dr. Andreimar Martins Soares<\/strong>, da Fiocruz Rond\u00f4nia.<\/p>\n<div id=\"attachment_5308\" class=\"wp-caption alignnone amp-wp-38b5a4b\" data-amp-original-style=\"width: 650px\"><img data-recalc-dims=\"1\" decoding=\"async\" class=\"i-amphtml-fill-content i-amphtml-replaced-content\" src=\"https:\/\/i0.wp.com\/www.portalconectanews.com.br\/wp-content\/uploads\/2025\/10\/agrohomemverdeglobo.jpg?w=600&#038;ssl=1\" sizes=\"auto, (max-width: 640px) 100vw, 640px\" srcset=\"https:\/\/www.portalconectanews.com.br\/wp-content\/uploads\/2025\/10\/agrohomemverdeglobo.jpg 640w, https:\/\/www.portalconectanews.com.br\/wp-content\/uploads\/2025\/10\/agrohomemverdeglobo-300x169.jpg 300w, https:\/\/www.portalconectanews.com.br\/wp-content\/uploads\/2025\/10\/agrohomemverdeglobo-600x337.jpg 600w\" alt=\"\" aria-describedby=\"caption-attachment-5308\" \/><\/p>\n<p id=\"caption-attachment-5308\" class=\"wp-caption-text\">Rond\u00f4nia registrou aumento expressivo no uso de herbicidas e fungicidas nos \u00faltimos anos.<\/p>\n<\/div>\n<p class=\"amp-wp-7d27179\" data-amp-original-style=\"text-align: justify;\"><strong>DADOS EM DESTAQUE (2009\u20132023)<\/strong><\/p>\n<ul class=\"amp-wp-7d27179\" data-amp-original-style=\"text-align: justify;\">\n<li><strong>Rond\u00f4nia:<\/strong> +17,35% ao ano \/ de 1.654 t para 18.165 t<\/li>\n<li><strong>Par\u00e1:<\/strong> +22,74% ao ano \/ de 515 t para 4.517 t<\/li>\n<li><strong>Acre:<\/strong> +20,28% ao ano \/ de 100 t para 918 t<\/li>\n<li><strong>Brasil:<\/strong> +6,94% ao ano<\/li>\n<li><strong>Principais produtos:<\/strong> Glifosato, 2,4-D e Carbendazim<\/li>\n<\/ul>\n<p class=\"amp-wp-7d27179\" data-amp-original-style=\"text-align: justify;\">Os resultados confirmam uma tend\u00eancia preocupante: <strong>a Amaz\u00f4nia vem se tornando o novo epicentro do consumo de agrot\u00f3xicos no Brasil<\/strong>.<\/p>\n<p class=\"amp-wp-7d27179\" data-amp-original-style=\"text-align: justify;\">Em Rond\u00f4nia, a press\u00e3o pelo aumento da produtividade agr\u00edcola tem elevado os impactos ambientais e colocado em risco a sa\u00fade de milhares de pessoas. O estudo refor\u00e7a a necessidade urgente de <strong>repensar o modelo de produ\u00e7\u00e3o agr\u00edcola<\/strong>, apostando em <strong>sustentabilidade, inova\u00e7\u00e3o e responsabilidade ambiental<\/strong>.<\/p>\n<\/div>\n<div class=\"zox-post-body-bot left zoxrel zox100\">\n<div class=\"zox-post-body-width\">\n<div class=\"zox-post-tags left zoxrel zox100\"><\/div>\n<\/div>\n<\/div>\n","protected":false},"excerpt":{"rendered":"<p>Pesquisa mostra aumento de mais de 900% no uso de defensivos agr\u00edcolas no estado entre 2009 e 2023; avan\u00e7o do desmatamento e expans\u00e3o da soja est\u00e3o entre as principais causas<\/p>\n","protected":false},"author":1,"featured_media":0,"comment_status":"closed","ping_status":"open","sticky":false,"template":"","format":"standard","meta":{"_exactmetrics_skip_tracking":false,"_exactmetrics_sitenote_active":false,"_exactmetrics_sitenote_note":"","_exactmetrics_sitenote_category":0,"jetpack_post_was_ever_published":false,"_jetpack_newsletter_access":"","_jetpack_dont_email_post_to_subs":false,"_jetpack_newsletter_tier_id":0,"_jetpack_memberships_contains_paywalled_content":false,"_jetpack_memberships_contains_paid_content":false,"footnotes":"","jetpack_publicize_message":"","jetpack_publicize_feature_enabled":true,"jetpack_social_post_already_shared":true,"jetpack_social_options":{"image_generator_settings":{"template":"highway","enabled":false},"version":2}},"categories":[1],"tags":[251,1066,7],"class_list":["post-37690","post","type-post","status-publish","format-standard","hentry","category-notas","tag-agronegocio","tag-agrotoxicos","tag-rondonia"],"jetpack_publicize_connections":[],"jetpack_sharing_enabled":true,"jetpack_featured_media_url":"","jetpack_shortlink":"https:\/\/wp.me\/p7wKYW-9NU","jetpack-related-posts":[],"_links":{"self":[{"href":"http:\/\/blogdalucianaoliveira.com.br\/blog\/wp-json\/wp\/v2\/posts\/37690","targetHints":{"allow":["GET"]}}],"collection":[{"href":"http:\/\/blogdalucianaoliveira.com.br\/blog\/wp-json\/wp\/v2\/posts"}],"about":[{"href":"http:\/\/blogdalucianaoliveira.com.br\/blog\/wp-json\/wp\/v2\/types\/post"}],"author":[{"embeddable":true,"href":"http:\/\/blogdalucianaoliveira.com.br\/blog\/wp-json\/wp\/v2\/users\/1"}],"replies":[{"embeddable":true,"href":"http:\/\/blogdalucianaoliveira.com.br\/blog\/wp-json\/wp\/v2\/comments?post=37690"}],"version-history":[{"count":1,"href":"http:\/\/blogdalucianaoliveira.com.br\/blog\/wp-json\/wp\/v2\/posts\/37690\/revisions"}],"predecessor-version":[{"id":37692,"href":"http:\/\/blogdalucianaoliveira.com.br\/blog\/wp-json\/wp\/v2\/posts\/37690\/revisions\/37692"}],"wp:attachment":[{"href":"http:\/\/blogdalucianaoliveira.com.br\/blog\/wp-json\/wp\/v2\/media?parent=37690"}],"wp:term":[{"taxonomy":"category","embeddable":true,"href":"http:\/\/blogdalucianaoliveira.com.br\/blog\/wp-json\/wp\/v2\/categories?post=37690"},{"taxonomy":"post_tag","embeddable":true,"href":"http:\/\/blogdalucianaoliveira.com.br\/blog\/wp-json\/wp\/v2\/tags?post=37690"}],"curies":[{"name":"wp","href":"https:\/\/api.w.org\/{rel}","templated":true}]}}