{"id":37698,"date":"2025-10-20T13:40:46","date_gmt":"2025-10-20T17:40:46","guid":{"rendered":"https:\/\/blogdalucianaoliveira.com.br\/blog\/?p=37698"},"modified":"2025-10-20T13:41:40","modified_gmt":"2025-10-20T17:41:40","slug":"stf-vai-julgar-possivel-omissao-do-congresso-ao-nao-regulamentar-imposto-sobre-grandes-fortunas","status":"publish","type":"post","link":"http:\/\/blogdalucianaoliveira.com.br\/blog\/2025\/10\/20\/stf-vai-julgar-possivel-omissao-do-congresso-ao-nao-regulamentar-imposto-sobre-grandes-fortunas\/","title":{"rendered":"STF vai julgar poss\u00edvel omiss\u00e3o do Congresso ao n\u00e3o regulamentar imposto sobre grandes fortunas"},"content":{"rendered":"<p><img data-recalc-dims=\"1\" loading=\"lazy\" decoding=\"async\" data-attachment-id=\"37699\" data-permalink=\"http:\/\/blogdalucianaoliveira.com.br\/blog\/2025\/10\/20\/stf-vai-julgar-possivel-omissao-do-congresso-ao-nao-regulamentar-imposto-sobre-grandes-fortunas\/img_8896\/\" data-orig-file=\"https:\/\/i0.wp.com\/blogdalucianaoliveira.com.br\/blog\/wp-content\/uploads\/2025\/10\/IMG_8896.webp?fit=1140%2C815\" data-orig-size=\"1140,815\" data-comments-opened=\"0\" data-image-meta=\"{&quot;aperture&quot;:&quot;0&quot;,&quot;credit&quot;:&quot;&quot;,&quot;camera&quot;:&quot;&quot;,&quot;caption&quot;:&quot;&quot;,&quot;created_timestamp&quot;:&quot;0&quot;,&quot;copyright&quot;:&quot;&quot;,&quot;focal_length&quot;:&quot;0&quot;,&quot;iso&quot;:&quot;0&quot;,&quot;shutter_speed&quot;:&quot;0&quot;,&quot;title&quot;:&quot;&quot;,&quot;orientation&quot;:&quot;0&quot;}\" data-image-title=\"IMG_8896\" data-image-description=\"\" data-image-caption=\"\" data-medium-file=\"https:\/\/i0.wp.com\/blogdalucianaoliveira.com.br\/blog\/wp-content\/uploads\/2025\/10\/IMG_8896.webp?fit=300%2C214\" data-large-file=\"https:\/\/i0.wp.com\/blogdalucianaoliveira.com.br\/blog\/wp-content\/uploads\/2025\/10\/IMG_8896.webp?fit=600%2C429\" class=\"alignnone size-medium wp-image-37699\" src=\"https:\/\/i0.wp.com\/blogdalucianaoliveira.com.br\/blog\/wp-content\/uploads\/2025\/10\/IMG_8896.webp?resize=300%2C214\" alt=\"\" width=\"300\" height=\"214\" srcset=\"https:\/\/i0.wp.com\/blogdalucianaoliveira.com.br\/blog\/wp-content\/uploads\/2025\/10\/IMG_8896.webp?resize=300%2C214 300w, https:\/\/i0.wp.com\/blogdalucianaoliveira.com.br\/blog\/wp-content\/uploads\/2025\/10\/IMG_8896.webp?resize=1024%2C732 1024w, https:\/\/i0.wp.com\/blogdalucianaoliveira.com.br\/blog\/wp-content\/uploads\/2025\/10\/IMG_8896.webp?resize=768%2C549 768w, https:\/\/i0.wp.com\/blogdalucianaoliveira.com.br\/blog\/wp-content\/uploads\/2025\/10\/IMG_8896.webp?resize=420%2C300 420w, https:\/\/i0.wp.com\/blogdalucianaoliveira.com.br\/blog\/wp-content\/uploads\/2025\/10\/IMG_8896.webp?w=1140 1140w\" sizes=\"auto, (max-width: 300px) 100vw, 300px\" \/><\/p>\n<h2 class=\"jeg_post_subtitle\">Tamb\u00e9m est\u00e1 na pauta isen\u00e7\u00e3o fiscal a agrot\u00f3xicos, desonera\u00e7\u00e3o da folha de pagamento, al\u00e9m do julgamento do golpe<\/h2>\n<p><!--more--><\/p>\n<p>Brasil de Fato &#8211; O presidente do Supremo Tribunal Federal, <a href=\"https:\/\/www.brasildefato.com.br\/2025\/09\/28\/edson-fachin-toma-posse-na-presidencia-do-stf-e-moraes-sera-seu-vice\/\" target=\"_blank\" rel=\"noopener noreferrer\">Edson Fachin<\/a>, pautou para a pr\u00f3xima quinta-feira (23) uma a\u00e7\u00e3o movida pelo <a href=\"https:\/\/www.brasildefato.com.br\/2025\/09\/27\/presidenta-do-psol-tem-visto-cancelado-pelos-estados-unidos\/\" target=\"_blank\" rel=\"noopener noreferrer\">Partido Socialismo e Liberdade (Psol)<\/a>, que aponta uma poss\u00edvel omiss\u00e3o do Legislativo ao n\u00e3o criar uma lei que regulamente o Imposto sobre Grandes Fortunas (IGF), previsto na Constitui\u00e7\u00e3o de 1988.<\/p>\n<p>O texto constitucional atribui \u00e0 Uni\u00e3o a cria\u00e7\u00e3o do imposto, mas sua implementa\u00e7\u00e3o depende de regulamenta\u00e7\u00e3o do Congresso Nacional, no estabelecimento das al\u00edquotas, incid\u00eancias e limites.<\/p>\n<div class=\"jeg_ad jeg_ad_article jnews_content_inline_ads \">\n<div class=\"ads-wrapper align-center \">\n<div class=\"ads_shortcode\">\n<div class=\"ads-region-container\" data-slot=\"artigos-leaderboard-incontent-1-mobile\" data-region=\"br\" data-slot-name=\"artigos-leaderboard-incontent-1-mobile-br\">\n<div id=\"div-gpt-ad-artigos-mobile_rectangle_mobile_1\" class=\"ad-slot\"><\/div>\n<\/div>\n<\/div>\n<\/div>\n<\/div>\n<p>Na A\u00e7\u00e3o Direta de Inconstitucionalidade por Omiss\u00e3o (ADO) 55, o Psol pede que o STF reconhe\u00e7a a omiss\u00e3o legislativa e cobre do Legislativo que tome provid\u00eancias para elaborar a norma, em cumprimento ao dever constitucional.<\/p>\n<p>O ex-ministro Marco Aur\u00e9lio Mello, j\u00e1 aposentado, foi o relator original da a\u00e7\u00e3o e votou pelo reconhecimento da omiss\u00e3o.<\/p>\n<div class=\"jeg_ad jeg_ad_article jnews_content_inline_2_ads \">\n<div class=\"ads-wrapper align-center \">\n<div class=\"ads_shortcode\">\n<div class=\"ads-region-container\" data-slot=\"artigos-leaderboard-incontent-2-mobile\" data-region=\"br\" data-slot-name=\"artigos-leaderboard-incontent-2-mobile-br\">\n<div id=\"div-gpt-ad-artigos-mobile_rectangle_mobile_2\" class=\"ad-slot\"><\/div>\n<\/div>\n<\/div>\n<\/div>\n<\/div>\n<h4 class=\"wp-block-heading\">Reonera\u00e7\u00e3o da folha<\/h4>\n<p>O plen\u00e1rio virtual do STF vai julgar at\u00e9 a pr\u00f3xima sexta-feira (24) a prorroga\u00e7\u00e3o da desonera\u00e7\u00e3o da folha de pagamento para 17 setores da economia e munic\u00edpios, aprovada pelo Congresso Nacional, a contragosto do governo. Segundo a Advocacia-Geral da Uni\u00e3o (AGU), caso a medida siga vigente, gerar\u00e1 um rombo de R$ 20,23 bilh\u00f5es para os cofres p\u00fablicos somente em 2025.<\/p>\n<p>Pela lei aprovada (Lei 14.784\/2023) a <a href=\"https:\/\/www.brasildefato.com.br\/2024\/09\/12\/haddad-celebra-reoneracao-da-folha-e-diz-que-empresas-com-lobby-nao-podem-mais-ser-beneficiadas\/\" target=\"_blank\" rel=\"noopener noreferrer\">reonera\u00e7\u00e3o gradual da folha<\/a> ocorreria entre 2025 e 2027. Caso o STF decida pela inconstitucionalidade da norma, os contribuintes seriam reonerados de maneira imediata, passando a pagar 20% sobre a folha de sal\u00e1rios, percentual comum \u00e0s demais empresas que n\u00e3o s\u00e3o beneficiadas pela lei. O relator \u00e9 o ministro Cristiano Zanin, que votou por manter a reonera\u00e7\u00e3o da forma como foi aprovada pelo Congresso.<\/p>\n<div class=\"jeg_ad jeg_ad_article jnews_content_inline_3_ads \">\n<div class=\"ads-wrapper align-center \">\n<div class=\"ads_shortcode\">\n<div class=\"ads-region-container\" data-slot=\"artigos-leaderboard-incontent-3-mobile\" data-region=\"br\" data-slot-name=\"artigos-leaderboard-incontent-3-mobile-br\">\n<div id=\"div-gpt-ad-artigos-mobile_rectangle_mobile_3\" class=\"ad-slot\"><\/div>\n<\/div>\n<\/div>\n<\/div>\n<\/div>\n<h4 class=\"wp-block-heading\">Isen\u00e7\u00e3o fiscal a agrot\u00f3xicos segue na pauta<\/h4>\n<p>Segue na pauta do plen\u00e1rio do Supremo as a\u00e7\u00f5es Diretas de Inconstitucionalidade (ADIs) 5553 e 7755, que questionam regras do Conv\u00eanio 100\/1997 do Conselho Nacional de Pol\u00edtica Fazend\u00e1ria (Confaz), que reduziram em 60% a base de c\u00e1lculo do Imposto sobre Circula\u00e7\u00e3o de Mercadorias e Servi\u00e7os (ICMS) <a href=\"https:\/\/www.brasildefato.com.br\/podcast\/reporter-sus\/2024\/12\/19\/isencoes-fiscais-para-agrotoxicos-deixam-fatura-para-a-saude-da-populacao-e-o-sus\/\" target=\"_blank\" rel=\"noopener noreferrer\">para os agrot\u00f3xicos<\/a>.<\/p>\n<p>O ministro relator votou pela inconstitucionalidade das cl\u00e1usulas 1\u00aa, inciso 1 e 2, e 3 do Conv\u00eanio 100\/1997 do Conselho Nacional de Pol\u00edtica Fazend\u00e1ria (Confaz) e da fixa\u00e7\u00e3o da al\u00edquota zero para os agrot\u00f3xicos indicados na Tabela de Incid\u00eancia do Imposto sobre Produtos Industrializados (Tipi) do Decreto 8.950\/2016.<\/p>\n<p>\u201cPara que haja concess\u00e3o de qualquer incentivo, os benef\u00edcios devem ser voltados a pr\u00e1ticas consideradas menos poluentes e mais ben\u00e9ficas \u00e0 fauna, \u00e0 flora e a toda a coletividade\u201d, ressaltou Fachin em seu voto.<\/p>\n<p>O tema gera divis\u00f5es no governo. Enquanto o Minist\u00e9rio da Agricultura e Pecu\u00e1ria defende a manuten\u00e7\u00e3o da <a href=\"https:\/\/www.brasildefato.com.br\/2024\/12\/06\/quase-r-30-bilhoes-beneficios-fiscais-ajudam-a-sustentar-lucro-do-agronegocio-e-danos-causados-por-agrotoxicos-entenda\/\" target=\"_blank\" rel=\"noopener noreferrer\">pol\u00edtica de incentivos a ind\u00fastria dos agrot\u00f3xicos<\/a>, os Minist\u00e9rios da Sa\u00fade e do Meio Ambiente advogam pela limita\u00e7\u00e3o das isen\u00e7\u00f5es. <a href=\"https:\/\/www.brasildefato.com.br\/2024\/11\/05\/contrariando-lula-ministerio-da-agricultura-vai-ao-stf-defender-o-uso-de-agrotoxicos\/\" target=\"_blank\" rel=\"noopener noreferrer\">As posi\u00e7\u00f5es foram manifestas durante audi\u00eancia p\u00fablica<\/a> realizada pelo ministro relator.<\/p>\n<h4 class=\"wp-block-heading\">Segue o julgamento do golpe<\/h4>\n<p>A Primeira Turma do STF d\u00e1 continuidade ao <a href=\"https:\/\/www.brasildefato.com.br\/2025\/10\/15\/stf-joga-luz-sobre-mentiras-da-extrema-direita-e-consolida-nova-etapa-da-defesa-da-democracia-avalia-jurista\/\" target=\"_blank\" rel=\"noopener noreferrer\">julgamento do N\u00facleo 4 da a\u00e7\u00e3o penal <\/a>que apura a tentativa de golpe de Estado no Brasil. Os sete r\u00e9us s\u00e3o acusados pela PGR de espalhar not\u00edcias falsas sobre a confiabilidade das urnas eletr\u00f4nicas e atacar institui\u00e7\u00f5es e autoridades.<\/p>\n<p>As sess\u00f5es est\u00e3o marcadas para a ter\u00e7a (21) e a quarta-feira (22). O julgamento foi iniciado no dia 14 de outubro, e suspenso ap\u00f3s a apresenta\u00e7\u00e3o da acusa\u00e7\u00e3o e defesa. Ser\u00e1 retomado, portanto, com o voto do relator, ministro Alexandre de Moraes, seguido pelos ministros Cristiano Zanin, Luiz Fux, C\u00e1rmen L\u00facia, e o presidente da Turma, Fl\u00e1vio Dino.<\/p>\n<p>A PGR pediu a condena\u00e7\u00e3o dos sete r\u00e9us pelos crimes de organiza\u00e7\u00e3o criminosa, golpe de Estado, aboli\u00e7\u00e3o violenta do <a href=\"https:\/\/www.brasildefato.com.br\/2018\/11\/28\/artigo-or-o-estado-democratico-de-direito-e-o-judiciario\/\" target=\"_blank\" rel=\"noopener noreferrer\">Estado Democr\u00e1tico de Direito<\/a>, dano qualificado pela viol\u00eancia, grave amea\u00e7a e deteriora\u00e7\u00e3o de patrim\u00f4nio tombado. Os r\u00e9us alegam inoc\u00eancia.<\/p>\n","protected":false},"excerpt":{"rendered":"<p>Tamb\u00e9m est\u00e1 na pauta isen\u00e7\u00e3o fiscal a agrot\u00f3xicos, desonera\u00e7\u00e3o da folha de pagamento, al\u00e9m do julgamento do golpe<\/p>\n","protected":false},"author":1,"featured_media":0,"comment_status":"closed","ping_status":"open","sticky":false,"template":"","format":"standard","meta":{"_exactmetrics_skip_tracking":false,"_exactmetrics_sitenote_active":false,"_exactmetrics_sitenote_note":"","_exactmetrics_sitenote_category":0,"jetpack_post_was_ever_published":false,"_jetpack_newsletter_access":"","_jetpack_dont_email_post_to_subs":false,"_jetpack_newsletter_tier_id":0,"_jetpack_memberships_contains_paywalled_content":false,"_jetpack_memberships_contains_paid_content":false,"footnotes":"","jetpack_publicize_message":"","jetpack_publicize_feature_enabled":true,"jetpack_social_post_already_shared":true,"jetpack_social_options":{"image_generator_settings":{"template":"highway","enabled":false},"version":2}},"categories":[1],"tags":[],"class_list":["post-37698","post","type-post","status-publish","format-standard","hentry","category-notas"],"jetpack_publicize_connections":[],"jetpack_sharing_enabled":true,"jetpack_featured_media_url":"","jetpack_shortlink":"https:\/\/wp.me\/p7wKYW-9O2","jetpack-related-posts":[],"_links":{"self":[{"href":"http:\/\/blogdalucianaoliveira.com.br\/blog\/wp-json\/wp\/v2\/posts\/37698","targetHints":{"allow":["GET"]}}],"collection":[{"href":"http:\/\/blogdalucianaoliveira.com.br\/blog\/wp-json\/wp\/v2\/posts"}],"about":[{"href":"http:\/\/blogdalucianaoliveira.com.br\/blog\/wp-json\/wp\/v2\/types\/post"}],"author":[{"embeddable":true,"href":"http:\/\/blogdalucianaoliveira.com.br\/blog\/wp-json\/wp\/v2\/users\/1"}],"replies":[{"embeddable":true,"href":"http:\/\/blogdalucianaoliveira.com.br\/blog\/wp-json\/wp\/v2\/comments?post=37698"}],"version-history":[{"count":2,"href":"http:\/\/blogdalucianaoliveira.com.br\/blog\/wp-json\/wp\/v2\/posts\/37698\/revisions"}],"predecessor-version":[{"id":37701,"href":"http:\/\/blogdalucianaoliveira.com.br\/blog\/wp-json\/wp\/v2\/posts\/37698\/revisions\/37701"}],"wp:attachment":[{"href":"http:\/\/blogdalucianaoliveira.com.br\/blog\/wp-json\/wp\/v2\/media?parent=37698"}],"wp:term":[{"taxonomy":"category","embeddable":true,"href":"http:\/\/blogdalucianaoliveira.com.br\/blog\/wp-json\/wp\/v2\/categories?post=37698"},{"taxonomy":"post_tag","embeddable":true,"href":"http:\/\/blogdalucianaoliveira.com.br\/blog\/wp-json\/wp\/v2\/tags?post=37698"}],"curies":[{"name":"wp","href":"https:\/\/api.w.org\/{rel}","templated":true}]}}