{"id":37705,"date":"2025-10-20T18:18:39","date_gmt":"2025-10-20T22:18:39","guid":{"rendered":"https:\/\/blogdalucianaoliveira.com.br\/blog\/?p=37705"},"modified":"2025-10-20T18:18:39","modified_gmt":"2025-10-20T22:18:39","slug":"falta-de-medico-legista-em-nova-mamore-motiva-requerimento-de-claudia-de-jesus","status":"publish","type":"post","link":"http:\/\/blogdalucianaoliveira.com.br\/blog\/2025\/10\/20\/falta-de-medico-legista-em-nova-mamore-motiva-requerimento-de-claudia-de-jesus\/","title":{"rendered":"Falta de m\u00e9dico legista em Nova Mamor\u00e9 motiva requerimento de Cl\u00e1udia de Jesus"},"content":{"rendered":"<p><img data-recalc-dims=\"1\" loading=\"lazy\" decoding=\"async\" data-attachment-id=\"37707\" data-permalink=\"http:\/\/blogdalucianaoliveira.com.br\/blog\/2025\/10\/20\/falta-de-medico-legista-em-nova-mamore-motiva-requerimento-de-claudia-de-jesus\/img_8907\/\" data-orig-file=\"https:\/\/i0.wp.com\/blogdalucianaoliveira.com.br\/blog\/wp-content\/uploads\/2025\/10\/IMG_8907.jpeg?fit=1620%2C1080\" data-orig-size=\"1620,1080\" data-comments-opened=\"0\" data-image-meta=\"{&quot;aperture&quot;:&quot;5&quot;,&quot;credit&quot;:&quot;&quot;,&quot;camera&quot;:&quot;Canon EOS Rebel SL3&quot;,&quot;caption&quot;:&quot;&quot;,&quot;created_timestamp&quot;:&quot;1760796810&quot;,&quot;copyright&quot;:&quot;&quot;,&quot;focal_length&quot;:&quot;44&quot;,&quot;iso&quot;:&quot;1000&quot;,&quot;shutter_speed&quot;:&quot;0.00625&quot;,&quot;title&quot;:&quot;&quot;,&quot;orientation&quot;:&quot;1&quot;}\" data-image-title=\"IMG_8907\" data-image-description=\"\" data-image-caption=\"\" data-medium-file=\"https:\/\/i0.wp.com\/blogdalucianaoliveira.com.br\/blog\/wp-content\/uploads\/2025\/10\/IMG_8907.jpeg?fit=300%2C200\" data-large-file=\"https:\/\/i0.wp.com\/blogdalucianaoliveira.com.br\/blog\/wp-content\/uploads\/2025\/10\/IMG_8907.jpeg?fit=600%2C400\" class=\"alignnone size-medium wp-image-37707\" src=\"https:\/\/i0.wp.com\/blogdalucianaoliveira.com.br\/blog\/wp-content\/uploads\/2025\/10\/IMG_8907.jpeg?resize=300%2C200\" alt=\"\" width=\"300\" height=\"200\" srcset=\"https:\/\/i0.wp.com\/blogdalucianaoliveira.com.br\/blog\/wp-content\/uploads\/2025\/10\/IMG_8907.jpeg?resize=300%2C200 300w, https:\/\/i0.wp.com\/blogdalucianaoliveira.com.br\/blog\/wp-content\/uploads\/2025\/10\/IMG_8907.jpeg?resize=1024%2C683 1024w, https:\/\/i0.wp.com\/blogdalucianaoliveira.com.br\/blog\/wp-content\/uploads\/2025\/10\/IMG_8907.jpeg?resize=768%2C512 768w, https:\/\/i0.wp.com\/blogdalucianaoliveira.com.br\/blog\/wp-content\/uploads\/2025\/10\/IMG_8907.jpeg?resize=1536%2C1024 1536w, https:\/\/i0.wp.com\/blogdalucianaoliveira.com.br\/blog\/wp-content\/uploads\/2025\/10\/IMG_8907.jpeg?resize=450%2C300 450w, https:\/\/i0.wp.com\/blogdalucianaoliveira.com.br\/blog\/wp-content\/uploads\/2025\/10\/IMG_8907.jpeg?w=1620 1620w, https:\/\/i0.wp.com\/blogdalucianaoliveira.com.br\/blog\/wp-content\/uploads\/2025\/10\/IMG_8907.jpeg?w=1200 1200w\" sizes=\"auto, (max-width: 300px) 100vw, 300px\" \/><\/p>\n<p><strong><br \/>\nParlamentar pede cronograma e medidas para garantir atendimento pericial no munic\u00edpio<\/strong><!--more--><\/p>\n<p>Preocupada com a falta de atendimento pericial em Nova Mamor\u00e9, a deputada estadual Cl\u00e1udia de Jesus (PT) apresentou requerimento \u00e0 Secretaria de Estado da Seguran\u00e7a, Defesa e Cidadania (Sesdec) solicitando informa\u00e7\u00f5es sobre as medidas adotadas para a contrata\u00e7\u00e3o de um m\u00e9dico legista e pedindo urg\u00eancia na efetiva\u00e7\u00e3o do contrato.<\/p>\n<p>De acordo com a parlamentar, a aus\u00eancia de um m\u00e9dico legista no munic\u00edpio tem causado s\u00e9rios transtornos \u00e0 popula\u00e7\u00e3o. Atualmente, os corpos precisam ser encaminhados para Porto Velho, o que gera atraso em procedimentos e grande sofrimento para as fam\u00edlias que n\u00e3o conseguem acompanhar o vel\u00f3rio e prestar as \u00faltimas homenagens.<\/p>\n<p>\u201c\u00c9 triste que as fam\u00edlias de Nova Mamor\u00e9 precisem enfrentar, al\u00e9m da dor da perda, a ang\u00fastia de esperar horas ou at\u00e9 dias pelo retorno de seus entes queridos. Um m\u00e9dico legista no munic\u00edpio \u00e9 uma quest\u00e3o de dignidade, respeito e efici\u00eancia no atendimento \u00e0 popula\u00e7\u00e3o. O Estado precisa agir com urg\u00eancia para resolver essa situa\u00e7\u00e3o\u201d, afirmou Cl\u00e1udia de Jesus.<\/p>\n","protected":false},"excerpt":{"rendered":"<p>Parlamentar pede cronograma e medidas para garantir atendimento pericial no munic\u00edpio<\/p>\n","protected":false},"author":1,"featured_media":0,"comment_status":"closed","ping_status":"open","sticky":false,"template":"","format":"standard","meta":{"_exactmetrics_skip_tracking":false,"_exactmetrics_sitenote_active":false,"_exactmetrics_sitenote_note":"","_exactmetrics_sitenote_category":0,"jetpack_post_was_ever_published":false,"_jetpack_newsletter_access":"","_jetpack_dont_email_post_to_subs":false,"_jetpack_newsletter_tier_id":0,"_jetpack_memberships_contains_paywalled_content":false,"_jetpack_memberships_contains_paid_content":false,"footnotes":"","jetpack_publicize_message":"","jetpack_publicize_feature_enabled":true,"jetpack_social_post_already_shared":true,"jetpack_social_options":{"image_generator_settings":{"template":"highway","enabled":false},"version":2}},"categories":[1],"tags":[1429,1536,1537],"class_list":["post-37705","post","type-post","status-publish","format-standard","hentry","category-notas","tag-deputada-claudia-de-jesus","tag-medicos","tag-nova-mamore"],"jetpack_publicize_connections":[],"jetpack_sharing_enabled":true,"jetpack_featured_media_url":"","jetpack_shortlink":"https:\/\/wp.me\/p7wKYW-9O9","jetpack-related-posts":[],"_links":{"self":[{"href":"http:\/\/blogdalucianaoliveira.com.br\/blog\/wp-json\/wp\/v2\/posts\/37705","targetHints":{"allow":["GET"]}}],"collection":[{"href":"http:\/\/blogdalucianaoliveira.com.br\/blog\/wp-json\/wp\/v2\/posts"}],"about":[{"href":"http:\/\/blogdalucianaoliveira.com.br\/blog\/wp-json\/wp\/v2\/types\/post"}],"author":[{"embeddable":true,"href":"http:\/\/blogdalucianaoliveira.com.br\/blog\/wp-json\/wp\/v2\/users\/1"}],"replies":[{"embeddable":true,"href":"http:\/\/blogdalucianaoliveira.com.br\/blog\/wp-json\/wp\/v2\/comments?post=37705"}],"version-history":[{"count":1,"href":"http:\/\/blogdalucianaoliveira.com.br\/blog\/wp-json\/wp\/v2\/posts\/37705\/revisions"}],"predecessor-version":[{"id":37708,"href":"http:\/\/blogdalucianaoliveira.com.br\/blog\/wp-json\/wp\/v2\/posts\/37705\/revisions\/37708"}],"wp:attachment":[{"href":"http:\/\/blogdalucianaoliveira.com.br\/blog\/wp-json\/wp\/v2\/media?parent=37705"}],"wp:term":[{"taxonomy":"category","embeddable":true,"href":"http:\/\/blogdalucianaoliveira.com.br\/blog\/wp-json\/wp\/v2\/categories?post=37705"},{"taxonomy":"post_tag","embeddable":true,"href":"http:\/\/blogdalucianaoliveira.com.br\/blog\/wp-json\/wp\/v2\/tags?post=37705"}],"curies":[{"name":"wp","href":"https:\/\/api.w.org\/{rel}","templated":true}]}}