{"id":37713,"date":"2025-10-21T08:58:34","date_gmt":"2025-10-21T12:58:34","guid":{"rendered":"https:\/\/blogdalucianaoliveira.com.br\/blog\/?p=37713"},"modified":"2025-10-21T08:58:34","modified_gmt":"2025-10-21T12:58:34","slug":"ibp-diz-que-licenca-na-margem-equatorial-fortalece-soberania-energetica-e-desenvolvimento-no-norte","status":"publish","type":"post","link":"http:\/\/blogdalucianaoliveira.com.br\/blog\/2025\/10\/21\/ibp-diz-que-licenca-na-margem-equatorial-fortalece-soberania-energetica-e-desenvolvimento-no-norte\/","title":{"rendered":"IBP diz que licen\u00e7a na Margem Equatorial fortalece soberania energ\u00e9tica e desenvolvimento no Norte"},"content":{"rendered":"<p><img data-recalc-dims=\"1\" loading=\"lazy\" decoding=\"async\" data-attachment-id=\"37714\" data-permalink=\"http:\/\/blogdalucianaoliveira.com.br\/blog\/2025\/10\/21\/ibp-diz-que-licenca-na-margem-equatorial-fortalece-soberania-energetica-e-desenvolvimento-no-norte\/img_8917\/\" data-orig-file=\"https:\/\/i0.wp.com\/blogdalucianaoliveira.com.br\/blog\/wp-content\/uploads\/2025\/10\/IMG_8917.webp?fit=500%2C240\" data-orig-size=\"500,240\" data-comments-opened=\"0\" data-image-meta=\"{&quot;aperture&quot;:&quot;0&quot;,&quot;credit&quot;:&quot;&quot;,&quot;camera&quot;:&quot;&quot;,&quot;caption&quot;:&quot;&quot;,&quot;created_timestamp&quot;:&quot;0&quot;,&quot;copyright&quot;:&quot;&quot;,&quot;focal_length&quot;:&quot;0&quot;,&quot;iso&quot;:&quot;0&quot;,&quot;shutter_speed&quot;:&quot;0&quot;,&quot;title&quot;:&quot;&quot;,&quot;orientation&quot;:&quot;0&quot;}\" data-image-title=\"IMG_8917\" data-image-description=\"\" data-image-caption=\"\" data-medium-file=\"https:\/\/i0.wp.com\/blogdalucianaoliveira.com.br\/blog\/wp-content\/uploads\/2025\/10\/IMG_8917.webp?fit=300%2C144\" data-large-file=\"https:\/\/i0.wp.com\/blogdalucianaoliveira.com.br\/blog\/wp-content\/uploads\/2025\/10\/IMG_8917.webp?fit=500%2C240\" class=\"alignnone size-medium wp-image-37714\" src=\"https:\/\/i0.wp.com\/blogdalucianaoliveira.com.br\/blog\/wp-content\/uploads\/2025\/10\/IMG_8917.webp?resize=300%2C144\" alt=\"\" width=\"300\" height=\"144\" srcset=\"https:\/\/i0.wp.com\/blogdalucianaoliveira.com.br\/blog\/wp-content\/uploads\/2025\/10\/IMG_8917.webp?resize=300%2C144 300w, https:\/\/i0.wp.com\/blogdalucianaoliveira.com.br\/blog\/wp-content\/uploads\/2025\/10\/IMG_8917.webp?w=500 500w\" sizes=\"auto, (max-width: 300px) 100vw, 300px\" \/><\/p>\n<h2 class=\"article__lead\">Roberto Ardenghy afirma que decis\u00e3o permitir\u00e1 conhecer potencial das reservas e gerar emprego, renda e arrecada\u00e7\u00e3o para o pa\u00eds<\/h2>\n<p><!--more--><\/p>\n<p><b>247 \u2013 <\/b>O Instituto Brasileiro de Petr\u00f3leo e G\u00e1s (IBP) divulgou nota em que comemora a autoriza\u00e7\u00e3o do Ibama para que a Petrobras realize a perfura\u00e7\u00e3o do po\u00e7o explorat\u00f3rio FZA-M-059, na Margem Equatorial, pr\u00f3ximo \u00e0 costa do Amap\u00e1. A manifesta\u00e7\u00e3o da entidade foi publicada nesta segunda-feira (20), ap\u00f3s o an\u00fancio oficial do governo federal e da Petrobras.<\/p>\n<p><b>\u201cEsta \u00e9 uma decis\u00e3o importante que permitir\u00e1 ao pa\u00eds conhecer melhor o potencial de suas reservas, apoiando a seguran\u00e7a energ\u00e9tica e o desenvolvimento socioecon\u00f4mico da Regi\u00e3o Norte\u201d<\/b>, afirmou o presidente do IBP, Roberto Ardenghy.<\/p>\n<h2><b>Nova fronteira energ\u00e9tica e risco de decl\u00ednio das reservas<\/b><\/h2>\n<p>Segundo o IBP, a licen\u00e7a representa um passo estrat\u00e9gico para o Brasil diante do decl\u00ednio natural esperado das principais \u00e1reas produtoras do pa\u00eds \u2014 as bacias de Campos e Santos \u2014 a partir da d\u00e9cada de 2030. A entidade cita estudo da Empresa de Pesquisa Energ\u00e9tica (EPE) segundo o qual a reposi\u00e7\u00e3o de reservas \u00e9 uma necessidade estrat\u00e9gica para evitar perda de capacidade produtiva.<\/p>\n<p>A Margem Equatorial \u00e9 considerada uma das principais fronteiras de explora\u00e7\u00e3o de petr\u00f3leo no mundo, com potencial estimado pela Ag\u00eancia Nacional do Petr\u00f3leo (ANP) em <b>30 bilh\u00f5es de barris de \u00f3leo equivalente<\/b>.<\/p>\n<h2><b>Gera\u00e7\u00e3o de empregos, renda e royalties<\/b><\/h2>\n<p>Ardenghy destacou que a confirma\u00e7\u00e3o da viabilidade econ\u00f4mica da regi\u00e3o poder\u00e1 trazer benef\u00edcios expressivos ao pa\u00eds. De acordo com o IBP, o avan\u00e7o das atividades de explora\u00e7\u00e3o trar\u00e1 gera\u00e7\u00e3o de empregos, renda e aumento da arrecada\u00e7\u00e3o p\u00fablica.<\/p>\n<p>A entidade menciona que o setor de \u00f3leo e g\u00e1s j\u00e1 responde por cerca de <b>17% do PIB industrial brasileiro<\/b>, movimentando cerca de <b>R$ 300 bilh\u00f5es por ano em royalties, tributos e participa\u00e7\u00f5es especiais<\/b> \u2014 recursos que podem ser destinados a pol\u00edticas p\u00fablicas em \u00e1reas essenciais como sa\u00fade, educa\u00e7\u00e3o e infraestrutura.<\/p>\n<p>O IBP tamb\u00e9m projeta investimentos de <b>US$ 165 bilh\u00f5es<\/b> no setor e manuten\u00e7\u00e3o de quase <b>400 mil postos de trabalho at\u00e9 2034<\/b>.<\/p>\n<h2><b>Licenciamento com responsabilidade ambiental<\/b><\/h2>\n<p>Na nota, o Instituto afirmou que a abertura de novas fronteiras n\u00e3o significa retrocesso ambiental e defendeu a atua\u00e7\u00e3o respons\u00e1vel da ind\u00fastria. <b>\u201cO desenvolvimento destas atividades deve ocorrer sempre com total seguran\u00e7a e respeito ao meio ambiente\u201d<\/b>, diz o texto.<br \/>\nArdenghy ressaltou que a ind\u00fastria de \u00f3leo e g\u00e1s brasileira tem <b>\u201chist\u00f3rico robusto de opera\u00e7\u00f5es seguras, seguindo todos os requisitos t\u00e9cnicos e ambientais exigidos pelos \u00f3rg\u00e3os reguladores, reconhecido internacionalmente\u201d<\/b>.<\/p>\n","protected":false},"excerpt":{"rendered":"<p>Roberto Ardenghy afirma que decis\u00e3o permitir\u00e1 conhecer potencial das reservas e gerar emprego, renda e arrecada\u00e7\u00e3o para o pa\u00eds<\/p>\n","protected":false},"author":1,"featured_media":0,"comment_status":"closed","ping_status":"open","sticky":false,"template":"","format":"standard","meta":{"_exactmetrics_skip_tracking":false,"_exactmetrics_sitenote_active":false,"_exactmetrics_sitenote_note":"","_exactmetrics_sitenote_category":0,"jetpack_post_was_ever_published":false,"_jetpack_newsletter_access":"","_jetpack_dont_email_post_to_subs":false,"_jetpack_newsletter_tier_id":0,"_jetpack_memberships_contains_paywalled_content":false,"_jetpack_memberships_contains_paid_content":false,"footnotes":"","jetpack_publicize_message":"","jetpack_publicize_feature_enabled":true,"jetpack_social_post_already_shared":true,"jetpack_social_options":{"image_generator_settings":{"template":"highway","enabled":false},"version":2}},"categories":[1],"tags":[1533,198,108,1534],"class_list":["post-37713","post","type-post","status-publish","format-standard","hentry","category-notas","tag-amapa","tag-exploracao","tag-petrobras","tag-petroleo"],"jetpack_publicize_connections":[],"jetpack_sharing_enabled":true,"jetpack_featured_media_url":"","jetpack_shortlink":"https:\/\/wp.me\/p7wKYW-9Oh","jetpack-related-posts":[],"_links":{"self":[{"href":"http:\/\/blogdalucianaoliveira.com.br\/blog\/wp-json\/wp\/v2\/posts\/37713","targetHints":{"allow":["GET"]}}],"collection":[{"href":"http:\/\/blogdalucianaoliveira.com.br\/blog\/wp-json\/wp\/v2\/posts"}],"about":[{"href":"http:\/\/blogdalucianaoliveira.com.br\/blog\/wp-json\/wp\/v2\/types\/post"}],"author":[{"embeddable":true,"href":"http:\/\/blogdalucianaoliveira.com.br\/blog\/wp-json\/wp\/v2\/users\/1"}],"replies":[{"embeddable":true,"href":"http:\/\/blogdalucianaoliveira.com.br\/blog\/wp-json\/wp\/v2\/comments?post=37713"}],"version-history":[{"count":1,"href":"http:\/\/blogdalucianaoliveira.com.br\/blog\/wp-json\/wp\/v2\/posts\/37713\/revisions"}],"predecessor-version":[{"id":37715,"href":"http:\/\/blogdalucianaoliveira.com.br\/blog\/wp-json\/wp\/v2\/posts\/37713\/revisions\/37715"}],"wp:attachment":[{"href":"http:\/\/blogdalucianaoliveira.com.br\/blog\/wp-json\/wp\/v2\/media?parent=37713"}],"wp:term":[{"taxonomy":"category","embeddable":true,"href":"http:\/\/blogdalucianaoliveira.com.br\/blog\/wp-json\/wp\/v2\/categories?post=37713"},{"taxonomy":"post_tag","embeddable":true,"href":"http:\/\/blogdalucianaoliveira.com.br\/blog\/wp-json\/wp\/v2\/tags?post=37713"}],"curies":[{"name":"wp","href":"https:\/\/api.w.org\/{rel}","templated":true}]}}